{"id":2114805,"date":"2026-08-26T16:23:15","date_gmt":"2026-08-26T13:23:15","guid":{"rendered":"https:\/\/analyse.optim.biz\/?p=2114805"},"modified":"2026-08-26T16:23:15","modified_gmt":"2026-08-26T13:23:15","slug":"festival-de-amploare-la-babeni-intre-3-si-6-septembrie-parada-artisti-cunoscuti-si-o-delegatie-importanta-din-polonia-stefan-bizic-va-asteptam-cu-mare-drag","status":"publish","type":"post","link":"https:\/\/analyse.optim.biz\/?p=2114805","title":{"rendered":"Festival de amploare la B\u0103beni, \u00eentre 3 \u0219i 6 septembrie: parad\u0103, arti\u0219ti cunoscu\u021bi \u0219i o delega\u021bie important\u0103 din Polonia. \u0218tefan B\u00eez\u00eec: \u201eV\u0103 a\u0219tept\u0103m cu mare drag!\u201d"},"content":{"rendered":"<p>[analyse_image type=&#8221;featured&#8221; src=&#8221;https:\/\/www.impactreal.ro\/wp-content\/uploads\/2026\/08\/BABENI-2026bf08abb9fa15-1024&#215;596.png&#8221;]<\/p>\n<div class=\"single-news-content\">\n<div class=\"news-image\"><img loading=\"lazy\" decoding=\"async\" width=\"1644\" height=\"957\" src=\"https:\/\/www.impactreal.ro\/wp-content\/uploads\/2026\/08\/BABENI-2026bf08abb9fa15.png\" class=\"img-responsive wp-post-image\" alt=\"Festival de amploare la B\u0103beni, \u00eentre 3 \u0219i 6 septembrie: parad\u0103, arti\u0219ti cunoscu\u021bi \u0219i o delega\u021bie important\u0103 din Polonia. \u0218tefan B\u00eez\u00eec: \u201eV\u0103 a\u0219tept\u0103m cu mare drag!\u201d\"><\/div>\n<div class=\"news-detail clearfix\">\n<div class=\"entry-meta\"><span class=\"posted-date\"><a href=\"https:\/\/www.impactreal.ro\/2026\/08\/26\/festival-de-amploare-la-babeni-intre-3-si-6-septembrie-parada-artisti-cunoscuti-si-o-delegatie-importanta-din-polonia-stefan-bizic-va-asteptam-cu-mare-drag\/\" rel=\"bookmark\"><time class=\"entry-date published updated\" datetime=\"2026-08-26T19:23:15+03:00\">26 august 2026<\/time><\/a><\/span><span class=\"author vcard\"><a href=\"https:\/\/www.impactreal.ro\/author\/claudia-schiopu\/\">Claudia Schiopu<\/a><\/span><span class=\"cat-links\"><a href=\"https:\/\/www.impactreal.ro\/category\/actualitate\/\" rel=\"category tag\">Actual<\/a><a href=\"https:\/\/www.impactreal.ro\/category\/administratie\/\" rel=\"category tag\">Administra\u0163ie<\/a><a href=\"https:\/\/www.impactreal.ro\/category\/babeni\/\" rel=\"category tag\">Babeni<\/a><\/span><\/div>\n<div class=\"news-content editor-content-entry\">\n<p>Festivalul Folcloric \u201eLa Izvorul Dorului\u201d revine la B\u0103beni cu patru zile de spectacole, dans, \u00eentreceri sportive \u0219i parada portului popular. Edi\u021bia cu num\u0103rul 53 aduce arti\u0219ti cunoscu\u021bi, ansambluri din mai multe jude\u021be \u0219i o delega\u021bie numeroas\u0103 din comuna polonez\u0103 Zbuczyn.<\/p>\n<p>Din delega\u021bia polonez\u0103 fac parte primarul comunei Zbuczyn, Hubert Pasiak, Agnieszka Dziewulska, pre\u0219edintele Consiliului Local Zbuczyn, \u0219i Marek Furman, vicepre\u0219edintele aceluia\u0219i consiliu. La B\u0103beni vor ajunge consilieri locali, reprezentan\u021bi ai pompierilor, ai administra\u021biei, ai unor asocia\u021bii culturale \u0219i turistice, antreprenori \u0219i reprezentan\u021bi ai presei locale din Polonia. Printre invita\u021bi se afl\u0103 Dorota Prokurat, director al filialei Siedlce a Biroului Mare\u0219alului Voievodatului Mazovia din Var\u0219ovia.<\/p>\n<p><strong><u>Programul \u00eencepe joi, 3 septembrie<\/u><\/strong>, la Liceul \u201eGeorge \u021a\u0103rnea\u201d, cu Turneul de fotbal \u201eMemorial Preot Gheorghe Opri\u021bescu\u201d. La edi\u021bia a XXI-a particip\u0103 echipele AFC B\u0103beni, Oltenia R\u00e2mnicu V\u00e2lcea, Viitorul D\u0103e\u0219ti \u0219i Viitorul Horezu.<\/p>\n<p><strong><u>Vineri, 4 septembrie,<\/u><\/strong> tinerii sunt invita\u021bi la o sear\u0103 de dans cu DJ Adi. S\u00e2mb\u0103t\u0103, pe scen\u0103 vor urca Ansamblul Folcloric \u201eDor\u201d, soli\u0219tii \u0219i trupa de dansuri moderne ale Casei de Cultur\u0103 \u201eDrago\u0219 Vr\u00e2nceanu\u201d, Clubul de Karate AFC B\u0103beni, Alexandra Popescu, Trupa Ane Mary, What\u2019s Up \u0219i Codru\u021ba Filip. Programul serii va fi completat de DJ Adi \u0219i MC Bodo.<\/p>\n<p><strong><u>Parada portului popular deschide ziua de duminic\u0103<\/u><\/strong><\/p>\n<p><strong><u>Deschiderea oficial\u0103 a festivalului are loc duminic\u0103, 6 septembrie, de la ora 10.30.<\/u><\/strong> Urmeaz\u0103 parada portului popular \u0219i un microrecital sus\u021binut de Fanfara Jude\u021bean\u0103 \u201eConstantin Br\u00e2ncoveanu\u201d, dirijat\u0103 de Petri\u0219or Mirea.<\/p>\n<p>Programul continu\u0103 cu premierea cuplurilor care s\u0103rb\u0103toresc Nunta de Aur \u0219i a c\u00e2\u0219tig\u0103torilor Concursului Na\u021bional de Poezie \u201eDrago\u0219 Vr\u00e2nceanu\u201d, ajuns la edi\u021bia a XVII-a.<\/p>\n<p>De la ora 11.30, publicul va urm\u0103ri ansambluri \u0219i forma\u021bii din V\u00e2lcea, Gorj, Arge\u0219, Hunedoara, Sibiu \u0219i Alba. Seara va aduce recitaluri sus\u021binute de Rapsodia V\u00e2lcean\u0103, Ileana L\u0103ceanu, Constantin Enceanu, Alina B\u00eec\u0103 \u0219i forma\u021bia sa, ADDA \u0219i Mario Fresh.<\/p>\n<p>Festivalul se \u00eencheie la ora 23.30, cu un foc de artificii. Spectacolele vor fi prezentate de M\u0103d\u0103lina Mitu.<\/p>\n<p><em><u>Primarul ora\u0219ului B\u0103beni, \u0218tefan B\u00eez\u00eec, \u00eei invit\u0103 pe locuitori \u0219i pe oaspe\u021bi s\u0103 participe la evenimentele preg\u0103tite \u00een cele patru zile<\/u><\/em>: \u201e<strong>V\u0103 a\u0219tept\u0103m cu mare drag!\u201d<\/strong><\/p>\n<p>\u00a0<\/p>\n<p><img loading=\"lazy\" decoding=\"async\" class=\"alignnone size-medium wp-image-58431\" src=\"https:\/\/www.impactreal.ro\/wp-content\/uploads\/2026\/08\/babeni-2026-214x300.jpg\" alt width=\"214\" height=\"300\"><\/p>\n<p>\u00a0<\/p>\n<p>\u00a0<\/p>\n<p>\u00a0<\/p>\n<\/div>\n<\/div>\n<\/div>\n<div class=\"news-content editor-content-entry\">\n<p>Festivalul Folcloric \u201eLa Izvorul Dorului\u201d revine la B\u0103beni cu patru zile de spectacole, dans, \u00eentreceri sportive \u0219i parada portului popular. Edi\u021bia cu num\u0103rul 53 aduce arti\u0219ti cunoscu\u021bi, ansambluri din mai multe jude\u021be \u0219i o delega\u021bie numeroas\u0103 din comuna polonez\u0103 Zbuczyn.<\/p>\n<p>Din delega\u021bia polonez\u0103 fac parte primarul comunei Zbuczyn, Hubert Pasiak, Agnieszka Dziewulska, pre\u0219edintele Consiliului Local Zbuczyn, \u0219i Marek Furman, vicepre\u0219edintele aceluia\u0219i consiliu. La B\u0103beni vor ajunge consilieri locali, reprezentan\u021bi ai pompierilor, ai administra\u021biei, ai unor asocia\u021bii culturale \u0219i turistice, antreprenori \u0219i reprezentan\u021bi ai presei locale din Polonia. Printre invita\u021bi se afl\u0103 Dorota Prokurat, director al filialei Siedlce a Biroului Mare\u0219alului Voievodatului Mazovia din Var\u0219ovia.<\/p>\n<p><strong><u>Programul \u00eencepe joi, 3 septembrie<\/u><\/strong>, la Liceul \u201eGeorge \u021a\u0103rnea\u201d, cu Turneul de fotbal \u201eMemorial Preot Gheorghe Opri\u021bescu\u201d. La edi\u021bia a XXI-a particip\u0103 echipele AFC B\u0103beni, Oltenia R\u00e2mnicu V\u00e2lcea, Viitorul D\u0103e\u0219ti \u0219i Viitorul Horezu.<\/p>\n<p><strong><u>Vineri, 4 septembrie,<\/u><\/strong> tinerii sunt invita\u021bi la o sear\u0103 de dans cu DJ Adi. S\u00e2mb\u0103t\u0103, pe scen\u0103 vor urca Ansamblul Folcloric \u201eDor\u201d, soli\u0219tii \u0219i trupa de dansuri moderne ale Casei de Cultur\u0103 \u201eDrago\u0219 Vr\u00e2nceanu\u201d, Clubul de Karate AFC B\u0103beni, Alexandra Popescu, Trupa Ane Mary, What\u2019s Up \u0219i Codru\u021ba Filip. Programul serii va fi completat de DJ Adi \u0219i MC Bodo.<\/p>\n<p><strong><u>Parada portului popular deschide ziua de duminic\u0103<\/u><\/strong><\/p>\n<p><strong><u>Deschiderea oficial\u0103 a festivalului are loc duminic\u0103, 6 septembrie, de la ora 10.30.<\/u><\/strong> Urmeaz\u0103 parada portului popular \u0219i un microrecital sus\u021binut de Fanfara Jude\u021bean\u0103 \u201eConstantin Br\u00e2ncoveanu\u201d, dirijat\u0103 de Petri\u0219or Mirea.<\/p>\n<p>Programul continu\u0103 cu premierea cuplurilor care s\u0103rb\u0103toresc Nunta de Aur \u0219i a c\u00e2\u0219tig\u0103torilor Concursului Na\u021bional de Poezie \u201eDrago\u0219 Vr\u00e2nceanu\u201d, ajuns la edi\u021bia a XVII-a.<\/p>\n<p>De la ora 11.30, publicul va urm\u0103ri ansambluri \u0219i forma\u021bii din V\u00e2lcea, Gorj, Arge\u0219, Hunedoara, Sibiu \u0219i Alba. Seara va aduce recitaluri sus\u021binute de Rapsodia V\u00e2lcean\u0103, Ileana L\u0103ceanu, Constantin Enceanu, Alina B\u00eec\u0103 \u0219i forma\u021bia sa, ADDA \u0219i Mario Fresh.<\/p>\n<p>Festivalul se \u00eencheie la ora 23.30, cu un foc de artificii. Spectacolele vor fi prezentate de M\u0103d\u0103lina Mitu.<\/p>\n<p><em><u>Primarul ora\u0219ului B\u0103beni, \u0218tefan B\u00eez\u00eec, \u00eei invit\u0103 pe locuitori \u0219i pe oaspe\u021bi s\u0103 participe la evenimentele preg\u0103tite \u00een cele patru zile<\/u><\/em>: \u201e<strong>V\u0103 a\u0219tept\u0103m cu mare drag!\u201d<\/strong><\/p>\n<p>\u00a0<\/p>\n<p><img loading=\"lazy\" decoding=\"async\" class=\"alignnone size-medium wp-image-58431\" src=\"https:\/\/www.impactreal.ro\/wp-content\/uploads\/2026\/08\/babeni-2026-214x300.jpg\" alt width=\"214\" height=\"300\"><\/p>\n<p>\u00a0<\/p>\n<p>\u00a0<\/p>\n<p>\u00a0<\/p>\n<\/div>\n<div class=\"news-content editor-content-entry\">\n<p>Festivalul Folcloric \u201eLa Izvorul Dorului\u201d revine la B\u0103beni cu patru zile de spectacole, dans, \u00eentreceri sportive \u0219i parada portului popular. Edi\u021bia cu num\u0103rul 53 aduce arti\u0219ti cunoscu\u021bi, ansambluri din mai multe jude\u021be \u0219i o delega\u021bie numeroas\u0103 din comuna polonez\u0103 Zbuczyn.<\/p>\n<p>Din delega\u021bia polonez\u0103 fac parte primarul comunei Zbuczyn, Hubert Pasiak, Agnieszka Dziewulska, pre\u0219edintele Consiliului Local Zbuczyn, \u0219i Marek Furman, vicepre\u0219edintele aceluia\u0219i consiliu. La B\u0103beni vor ajunge consilieri locali, reprezentan\u021bi ai pompierilor, ai administra\u021biei, ai unor asocia\u021bii culturale \u0219i turistice, antreprenori \u0219i reprezentan\u021bi ai presei locale din Polonia. Printre invita\u021bi se afl\u0103 Dorota Prokurat, director al filialei Siedlce a Biroului Mare\u0219alului Voievodatului Mazovia din Var\u0219ovia.<\/p>\n<p><strong><u>Programul \u00eencepe joi, 3 septembrie<\/u><\/strong>, la Liceul \u201eGeorge \u021a\u0103rnea\u201d, cu Turneul de fotbal \u201eMemorial Preot Gheorghe Opri\u021bescu\u201d. La edi\u021bia a XXI-a particip\u0103 echipele AFC B\u0103beni, Oltenia R\u00e2mnicu V\u00e2lcea, Viitorul D\u0103e\u0219ti \u0219i Viitorul Horezu.<\/p>\n<p><strong><u>Vineri, 4 septembrie,<\/u><\/strong> tinerii sunt invita\u021bi la o sear\u0103 de dans cu DJ Adi. S\u00e2mb\u0103t\u0103, pe scen\u0103 vor urca Ansamblul Folcloric \u201eDor\u201d, soli\u0219tii \u0219i trupa de dansuri moderne ale Casei de Cultur\u0103 \u201eDrago\u0219 Vr\u00e2nceanu\u201d, Clubul de Karate AFC B\u0103beni, Alexandra Popescu, Trupa Ane Mary, What\u2019s Up \u0219i Codru\u021ba Filip. Programul serii va fi completat de DJ Adi \u0219i MC Bodo.<\/p>\n<p><strong><u>Parada portului popular deschide ziua de duminic\u0103<\/u><\/strong><\/p>\n<p><strong><u>Deschiderea oficial\u0103 a festivalului are loc duminic\u0103, 6 septembrie, de la ora 10.30.<\/u><\/strong> Urmeaz\u0103 parada portului popular \u0219i un microrecital sus\u021binut de Fanfara Jude\u021bean\u0103 \u201eConstantin Br\u00e2ncoveanu\u201d, dirijat\u0103 de Petri\u0219or Mirea.<\/p>\n<p>Programul continu\u0103 cu premierea cuplurilor care s\u0103rb\u0103toresc Nunta de Aur \u0219i a c\u00e2\u0219tig\u0103torilor Concursului Na\u021bional de Poezie \u201eDrago\u0219 Vr\u00e2nceanu\u201d, ajuns la edi\u021bia a XVII-a.<\/p>\n<p>De la ora 11.30, publicul va urm\u0103ri ansambluri \u0219i forma\u021bii din V\u00e2lcea, Gorj, Arge\u0219, Hunedoara, Sibiu \u0219i Alba. Seara va aduce recitaluri sus\u021binute de Rapsodia V\u00e2lcean\u0103, Ileana L\u0103ceanu, Constantin Enceanu, Alina B\u00eec\u0103 \u0219i forma\u021bia sa, ADDA \u0219i Mario Fresh.<\/p>\n<p>Festivalul se \u00eencheie la ora 23.30, cu un foc de artificii. Spectacolele vor fi prezentate de M\u0103d\u0103lina Mitu.<\/p>\n<p><em><u>Primarul ora\u0219ului B\u0103beni, \u0218tefan B\u00eez\u00eec, \u00eei invit\u0103 pe locuitori \u0219i pe oaspe\u021bi s\u0103 participe la evenimentele preg\u0103tite \u00een cele patru zile<\/u><\/em>: \u201e<strong>V\u0103 a\u0219tept\u0103m cu mare drag!\u201d<\/strong><\/p>\n<p>\u00a0<\/p>\n<p><img loading=\"lazy\" decoding=\"async\" class=\"alignnone size-medium wp-image-58431\" src=\"https:\/\/www.impactreal.ro\/wp-content\/uploads\/2026\/08\/babeni-2026-214x300.jpg\" alt width=\"214\" height=\"300\"><\/p>\n<p>\u00a0<\/p>\n<p>\u00a0<\/p>\n<p>\u00a0<\/p>\n<\/div>\n<p>[analyse_source url=&#8221;https:\/\/www.impactreal.ro\/2026\/08\/26\/festival-de-amploare-la-babeni-intre-3-si-6-septembrie-parada-artisti-cunoscuti-si-o-delegatie-importanta-din-polonia-stefan-bizic-va-asteptam-cu-mare-drag\/&#8221;]<\/p>\n","protected":false},"excerpt":{"rendered":"<p>[analyse_image type=&#8221;featured&#8221; src=&#8221;https:\/\/www.impactreal.ro\/wp-content\/uploads\/2026\/08\/BABENI-2026bf08abb9fa15-1024&#215;596.png&#8221;] 26 august 2026Claudia SchiopuActualAdministra\u0163ieBabeni Festivalul Folcloric \u201eLa Izvorul Dorului\u201d revine la B\u0103beni cu patru zile de spectacole, dans, \u00eentreceri sportive \u0219i parada portului popular. Edi\u021bia cu num\u0103rul 53 aduce arti\u0219ti cunoscu\u021bi, ansambluri din mai multe jude\u021be \u0219i o delega\u021bie numeroas\u0103 din comuna polonez\u0103 Zbuczyn. Din delega\u021bia polonez\u0103 fac parte primarul comunei Zbuczyn, [&hellip;]<\/p>\n","protected":false},"author":1,"featured_media":0,"comment_status":"open","ping_status":"","sticky":false,"template":"","format":"standard","meta":{"footnotes":""},"categories":[89],"tags":[226,212],"class_list":["post-2114805","post","type-post","status-publish","format-standard","hentry","category-romania","tag-crawlmanager","tag-impactreal-ro"],"_links":{"self":[{"href":"https:\/\/analyse.optim.biz\/index.php?rest_route=\/wp\/v2\/posts\/2114805","targetHints":{"allow":["GET"]}}],"collection":[{"href":"https:\/\/analyse.optim.biz\/index.php?rest_route=\/wp\/v2\/posts"}],"about":[{"href":"https:\/\/analyse.optim.biz\/index.php?rest_route=\/wp\/v2\/types\/post"}],"author":[{"embeddable":true,"href":"https:\/\/analyse.optim.biz\/index.php?rest_route=\/wp\/v2\/users\/1"}],"replies":[{"embeddable":true,"href":"https:\/\/analyse.optim.biz\/index.php?rest_route=%2Fwp%2Fv2%2Fcomments&post=2114805"}],"version-history":[{"count":0,"href":"https:\/\/analyse.optim.biz\/index.php?rest_route=\/wp\/v2\/posts\/2114805\/revisions"}],"wp:attachment":[{"href":"https:\/\/analyse.optim.biz\/index.php?rest_route=%2Fwp%2Fv2%2Fmedia&parent=2114805"}],"wp:term":[{"taxonomy":"category","embeddable":true,"href":"https:\/\/analyse.optim.biz\/index.php?rest_route=%2Fwp%2Fv2%2Fcategories&post=2114805"},{"taxonomy":"post_tag","embeddable":true,"href":"https:\/\/analyse.optim.biz\/index.php?rest_route=%2Fwp%2Fv2%2Ftags&post=2114805"}],"curies":[{"name":"wp","href":"https:\/\/api.w.org\/{rel}","templated":true}]}}