{"id":2114801,"date":"2026-08-26T17:27:18","date_gmt":"2026-08-26T14:27:18","guid":{"rendered":"https:\/\/analyse.optim.biz\/?p=2114801"},"modified":"2026-08-26T17:27:18","modified_gmt":"2026-08-26T14:27:18","slug":"primarul-din-galicea-cere-plecarea-lui-sorin-grindeanu-de-la-conducerea-partidului-dati-va-demisia-sunt-atat-de-multi-oameni-valorosi-in-psd","status":"publish","type":"post","link":"https:\/\/analyse.optim.biz\/?p=2114801","title":{"rendered":"Primarul din Galicea cere plecarea lui Sorin Grindeanu de la conducerea partidului: \u201eDa\u021bi-v\u0103 demisia! Sunt at\u00e2t de mul\u021bi oameni valoro\u0219i \u00een PSD\u201d"},"content":{"rendered":"<p>[analyse_image type=&#8221;featured&#8221; src=&#8221;https:\/\/www.impactreal.ro\/wp-content\/uploads\/2026\/08\/GALICEA-2026-1024&#215;683.png&#8221;]<\/p>\n<div class=\"single-news-content\">\n<div class=\"news-image\"><img loading=\"lazy\" decoding=\"async\" width=\"1536\" height=\"1024\" src=\"https:\/\/www.impactreal.ro\/wp-content\/uploads\/2026\/08\/GALICEA-2026.png\" class=\"img-responsive wp-post-image\" alt=\"Primarul din Galicea cere plecarea lui Sorin Grindeanu de la conducerea partidului: \u201eDa\u021bi-v\u0103 demisia! Sunt at\u00e2t de mul\u021bi oameni valoro\u0219i \u00een PSD\u201d\"><\/div>\n<div class=\"news-detail clearfix\">\n<div class=\"entry-meta\"><span class=\"posted-date\"><a href=\"https:\/\/www.impactreal.ro\/2026\/08\/26\/primarul-din-galicea-cere-plecarea-lui-sorin-grindeanu-de-la-conducerea-partidului-dati-va-demisia-sunt-atat-de-multi-oameni-valorosi-in-psd\/\" rel=\"bookmark\"><time class=\"entry-date published updated\" datetime=\"2026-08-26T20:27:18+03:00\">26 august 2026<\/time><\/a><\/span><span class=\"author vcard\"><a href=\"https:\/\/www.impactreal.ro\/author\/claudia-schiopu\/\">Claudia Schiopu<\/a><\/span><span class=\"cat-links\"><a href=\"https:\/\/www.impactreal.ro\/category\/actualitate\/\" rel=\"category tag\">Actual<\/a><a href=\"https:\/\/www.impactreal.ro\/category\/galicea\/\" rel=\"category tag\">Galicea<\/a><\/span><\/div>\n<div class=\"news-content editor-content-entry\">\n<p>Primarul comunei Galicea, Alexandru Florin M\u0103r\u0103cine, critic\u0103 reac\u021biile politice ap\u0103rute dup\u0103 promulgarea legii care afecteaz\u0103 o categorie de ale\u0219i locali. Acesta consider\u0103 c\u0103 unii politicieni judec\u0103 legile \u00een func\u021bie de partidul din care fac parte cei afecta\u021bi \u0219i \u00eei cere din nou demisia lui Sorin Grindeanu.<\/p>\n<p>Alexandru Florin M\u0103r\u0103cine sus\u021bine c\u0103 politicienii care se bucur\u0103 acum de efectele legii asupra adversarilor lor au avut o reac\u021bie total diferit\u0103 atunci c\u00e2nd o alt\u0103 lege l-a afectat pe propriul lider.<\/p>\n<p>\u201e<strong><em>Sunt unii care se bucur\u0103 de promulgarea unei legi ce afecteaz\u0103 o anumit\u0103 categorie de ale\u0219i locali, care nu sunt din partidul lor. Aceia\u0219i oameni, acum c\u00e2teva zile, pl\u00e2ngeau \u00een hohote c\u0103 o lege le afecteaz\u0103 \u0219eful. Curat murdar! Asta \u00eenseamn\u0103 \u00abcaracter\u00bb! Dac\u0103 este pentru mine, nu este bine. Dac\u0103 este pentru opozant, este bun\u0103! Cam asta este adev\u0103rata fa\u021b\u0103 a \u00abcinsti\u021bilor\u00bb!\u201d,<\/em><\/strong> afirm\u0103 primarul comunei Galicea.<\/p>\n<p>Alexandru Florin M\u0103r\u0103cine spune c\u0103 partidul are suficien\u021bi oameni bine preg\u0103ti\u021bi care ar putea prelua conducerea.<\/p>\n<p>\u201e<strong><em>Dar asta nu \u00eenseamn\u0103 c\u0103 \u00eencetez s\u0103-i cer demisia lui Grindeanu! Domnule pre\u0219edinte, da\u021bi-v\u0103 demisia! Ve\u021bi ie\u0219i mult mai onorabil f\u0103c\u00e2nd-o! Sunt at\u00e2t de mul\u021bi oameni valoro\u0219i \u00een partid. L\u0103sa\u021bi-i s\u0103 ne conduc\u0103! Avem nevoie de valoarea \u0219i probitatea moral\u0103 a acestora! Eu v\u0103 rog<\/em><\/strong>\u201d, este mesajul primarului PSD din Galicea, Alexandru Florin M\u0103r\u0103cine.<\/p>\n<\/div>\n<\/div>\n<\/div>\n<div class=\"news-content editor-content-entry\">\n<p>Primarul comunei Galicea, Alexandru Florin M\u0103r\u0103cine, critic\u0103 reac\u021biile politice ap\u0103rute dup\u0103 promulgarea legii care afecteaz\u0103 o categorie de ale\u0219i locali. Acesta consider\u0103 c\u0103 unii politicieni judec\u0103 legile \u00een func\u021bie de partidul din care fac parte cei afecta\u021bi \u0219i \u00eei cere din nou demisia lui Sorin Grindeanu.<\/p>\n<p>Alexandru Florin M\u0103r\u0103cine sus\u021bine c\u0103 politicienii care se bucur\u0103 acum de efectele legii asupra adversarilor lor au avut o reac\u021bie total diferit\u0103 atunci c\u00e2nd o alt\u0103 lege l-a afectat pe propriul lider.<\/p>\n<p>\u201e<strong><em>Sunt unii care se bucur\u0103 de promulgarea unei legi ce afecteaz\u0103 o anumit\u0103 categorie de ale\u0219i locali, care nu sunt din partidul lor. Aceia\u0219i oameni, acum c\u00e2teva zile, pl\u00e2ngeau \u00een hohote c\u0103 o lege le afecteaz\u0103 \u0219eful. Curat murdar! Asta \u00eenseamn\u0103 \u00abcaracter\u00bb! Dac\u0103 este pentru mine, nu este bine. Dac\u0103 este pentru opozant, este bun\u0103! Cam asta este adev\u0103rata fa\u021b\u0103 a \u00abcinsti\u021bilor\u00bb!\u201d,<\/em><\/strong> afirm\u0103 primarul comunei Galicea.<\/p>\n<p>Alexandru Florin M\u0103r\u0103cine spune c\u0103 partidul are suficien\u021bi oameni bine preg\u0103ti\u021bi care ar putea prelua conducerea.<\/p>\n<p>\u201e<strong><em>Dar asta nu \u00eenseamn\u0103 c\u0103 \u00eencetez s\u0103-i cer demisia lui Grindeanu! Domnule pre\u0219edinte, da\u021bi-v\u0103 demisia! Ve\u021bi ie\u0219i mult mai onorabil f\u0103c\u00e2nd-o! Sunt at\u00e2t de mul\u021bi oameni valoro\u0219i \u00een partid. L\u0103sa\u021bi-i s\u0103 ne conduc\u0103! Avem nevoie de valoarea \u0219i probitatea moral\u0103 a acestora! Eu v\u0103 rog<\/em><\/strong>\u201d, este mesajul primarului PSD din Galicea, Alexandru Florin M\u0103r\u0103cine.<\/p>\n<\/div>\n<div class=\"news-content editor-content-entry\">\n<p>Primarul comunei Galicea, Alexandru Florin M\u0103r\u0103cine, critic\u0103 reac\u021biile politice ap\u0103rute dup\u0103 promulgarea legii care afecteaz\u0103 o categorie de ale\u0219i locali. Acesta consider\u0103 c\u0103 unii politicieni judec\u0103 legile \u00een func\u021bie de partidul din care fac parte cei afecta\u021bi \u0219i \u00eei cere din nou demisia lui Sorin Grindeanu.<\/p>\n<p>Alexandru Florin M\u0103r\u0103cine sus\u021bine c\u0103 politicienii care se bucur\u0103 acum de efectele legii asupra adversarilor lor au avut o reac\u021bie total diferit\u0103 atunci c\u00e2nd o alt\u0103 lege l-a afectat pe propriul lider.<\/p>\n<p>\u201e<strong><em>Sunt unii care se bucur\u0103 de promulgarea unei legi ce afecteaz\u0103 o anumit\u0103 categorie de ale\u0219i locali, care nu sunt din partidul lor. Aceia\u0219i oameni, acum c\u00e2teva zile, pl\u00e2ngeau \u00een hohote c\u0103 o lege le afecteaz\u0103 \u0219eful. Curat murdar! Asta \u00eenseamn\u0103 \u00abcaracter\u00bb! Dac\u0103 este pentru mine, nu este bine. Dac\u0103 este pentru opozant, este bun\u0103! Cam asta este adev\u0103rata fa\u021b\u0103 a \u00abcinsti\u021bilor\u00bb!\u201d,<\/em><\/strong> afirm\u0103 primarul comunei Galicea.<\/p>\n<p>Alexandru Florin M\u0103r\u0103cine spune c\u0103 partidul are suficien\u021bi oameni bine preg\u0103ti\u021bi care ar putea prelua conducerea.<\/p>\n<p>\u201e<strong><em>Dar asta nu \u00eenseamn\u0103 c\u0103 \u00eencetez s\u0103-i cer demisia lui Grindeanu! Domnule pre\u0219edinte, da\u021bi-v\u0103 demisia! Ve\u021bi ie\u0219i mult mai onorabil f\u0103c\u00e2nd-o! Sunt at\u00e2t de mul\u021bi oameni valoro\u0219i \u00een partid. L\u0103sa\u021bi-i s\u0103 ne conduc\u0103! Avem nevoie de valoarea \u0219i probitatea moral\u0103 a acestora! Eu v\u0103 rog<\/em><\/strong>\u201d, este mesajul primarului PSD din Galicea, Alexandru Florin M\u0103r\u0103cine.<\/p>\n<\/div>\n<p>[analyse_source url=&#8221;https:\/\/www.impactreal.ro\/2026\/08\/26\/primarul-din-galicea-cere-plecarea-lui-sorin-grindeanu-de-la-conducerea-partidului-dati-va-demisia-sunt-atat-de-multi-oameni-valorosi-in-psd\/&#8221;]<\/p>\n","protected":false},"excerpt":{"rendered":"<p>[analyse_image type=&#8221;featured&#8221; src=&#8221;https:\/\/www.impactreal.ro\/wp-content\/uploads\/2026\/08\/GALICEA-2026-1024&#215;683.png&#8221;] 26 august 2026Claudia SchiopuActualGalicea Primarul comunei Galicea, Alexandru Florin M\u0103r\u0103cine, critic\u0103 reac\u021biile politice ap\u0103rute dup\u0103 promulgarea legii care afecteaz\u0103 o categorie de ale\u0219i locali. Acesta consider\u0103 c\u0103 unii politicieni judec\u0103 legile \u00een func\u021bie de partidul din care fac parte cei afecta\u021bi \u0219i \u00eei cere din nou demisia lui Sorin Grindeanu. Alexandru Florin [&hellip;]<\/p>\n","protected":false},"author":1,"featured_media":0,"comment_status":"open","ping_status":"","sticky":false,"template":"","format":"standard","meta":{"footnotes":""},"categories":[89],"tags":[226,212],"class_list":["post-2114801","post","type-post","status-publish","format-standard","hentry","category-romania","tag-crawlmanager","tag-impactreal-ro"],"_links":{"self":[{"href":"https:\/\/analyse.optim.biz\/index.php?rest_route=\/wp\/v2\/posts\/2114801","targetHints":{"allow":["GET"]}}],"collection":[{"href":"https:\/\/analyse.optim.biz\/index.php?rest_route=\/wp\/v2\/posts"}],"about":[{"href":"https:\/\/analyse.optim.biz\/index.php?rest_route=\/wp\/v2\/types\/post"}],"author":[{"embeddable":true,"href":"https:\/\/analyse.optim.biz\/index.php?rest_route=\/wp\/v2\/users\/1"}],"replies":[{"embeddable":true,"href":"https:\/\/analyse.optim.biz\/index.php?rest_route=%2Fwp%2Fv2%2Fcomments&post=2114801"}],"version-history":[{"count":0,"href":"https:\/\/analyse.optim.biz\/index.php?rest_route=\/wp\/v2\/posts\/2114801\/revisions"}],"wp:attachment":[{"href":"https:\/\/analyse.optim.biz\/index.php?rest_route=%2Fwp%2Fv2%2Fmedia&parent=2114801"}],"wp:term":[{"taxonomy":"category","embeddable":true,"href":"https:\/\/analyse.optim.biz\/index.php?rest_route=%2Fwp%2Fv2%2Fcategories&post=2114801"},{"taxonomy":"post_tag","embeddable":true,"href":"https:\/\/analyse.optim.biz\/index.php?rest_route=%2Fwp%2Fv2%2Ftags&post=2114801"}],"curies":[{"name":"wp","href":"https:\/\/api.w.org\/{rel}","templated":true}]}}