{"id":2114797,"date":"2026-08-24T15:48:47","date_gmt":"2026-08-24T12:48:47","guid":{"rendered":"https:\/\/analyse.optim.biz\/?p=2114797"},"modified":"2026-08-24T15:48:47","modified_gmt":"2026-08-24T12:48:47","slug":"cercetat-pentru-trafic-de-droguri-de-risc","status":"publish","type":"post","link":"https:\/\/analyse.optim.biz\/?p=2114797","title":{"rendered":"CERCETAT PENTRU TRAFIC DE DROGURI DE RISC"},"content":{"rendered":"<p>[analyse_image type=&#8221;featured&#8221; src=&#8221;https:\/\/infotulcea.ro\/wp-content\/uploads\/2026\/08\/ipj.jpeghttps:\/\/infotulcea.ro\/wp-content\/uploads\/2026\/08\/ipj.jpeg&#8221;]<\/p>\n<div id=\"content\" class=\"site-content container\">\n<div id=\"main-content-row\" class=\"tie-row main-content-row\">\n<div class=\"main-content tie-col-md-8 tie-col-xs-12\" role=\"main\">\n<article id=\"the-post\" class=\"container-wrapper post-content tie-standard\">\n<header class=\"entry-header-outer\">\n<nav id=\"breadcrumb\"><a href=\"https:\/\/infotulcea.ro\/\"> Home<\/a><em class=\"delimiter\">\/<\/em><a href=\"https:\/\/infotulcea.ro\/categorie\/comunicate\/\">Comunicate<\/a><em class=\"delimiter\">\/<\/em><span class=\"current\">CERCETAT PENTRU TRAFIC DE DROGURI DE RISC<\/span><\/nav>\n<div class=\"entry-header\"><span class=\"post-cat-wrap\"><a class=\"post-cat tie-cat-35\" href=\"https:\/\/infotulcea.ro\/categorie\/comunicate\/\">Comunicate<\/a><\/span><\/p>\n<h1 class=\"post-title entry-title\">\n\t\t\tCERCETAT PENTRU TRAFIC DE DROGURI DE RISC\t\t<\/h1>\n<div class=\"single-post-meta post-meta clearfix\"><span class=\"author-meta single-author no-avatars\"><span class=\"meta-item meta-author-wrapper meta-author-9\"><span class=\"meta-author\"><a href=\"https:\/\/infotulcea.ro\/author\/redactia-2\/\" class=\"author-name tie-icon\" title=\"Redactia\">Redactia<\/a><\/span><\/span><\/span><span class=\"date meta-item tie-icon\">24 august 2026<\/span><\/p>\n<div class=\"tie-alignright\"><span class=\"meta-comment tie-icon meta-item fa-before\">0<\/span><span class=\"meta-views meta-item \"> 271 <\/span><span class=\"meta-reading-time meta-item\"> 1 minute read<\/span><\/div>\n<\/div>\n<\/div>\n<\/header>\n<div class=\"entry-content entry clearfix\">\n<p><strong>Poli\u021bi\u0219tii Serviciului de Combatere a Criminalit\u0103\u0163ii Organizate Tulcea, \u00eempreun\u0103 cu procurorii Direc\u021biei de Investigare a Infrac\u021biunilor de Criminalitate Organizat\u0103 \u0219i Terorism \u2013 Biroul Teritorial Tulcea, au documentat activitatea infrac\u021bional\u0103 a unui b\u0103rbat, de 23 de ani, cercetat pentru s\u0103v\u00e2r\u0219irea infrac\u021biunii de trafic de droguri de risc.<\/strong><\/p>\n<p>Din actele de urm\u0103rire penal\u0103 a reie\u0219it faptul c\u0103, la anumite date, \u00een perioada octombrie 2023 \u2013 august 2026, acesta ar fi procurat, de\u021binut \u0219i v\u00e2ndut, \u00een municipiul Tulcea, diferite cantit\u0103\u021bi de canabis, cu 40 de lei, pentru un gram.<\/p>\n<p>De asemenea, la data de 23 august 2026, b\u0103rbatul a fost prins \u00een flagrant delict, \u00een localitatea Cataloi, \u00een timp ce ar fi de\u021binut \u0219i transportat aproximativ 200 de grame de canabis, destinate comercializ\u0103rii.<\/p>\n<p>Ulterior, a fost pus \u00een aplicare un mandat de perchezi\u021bie domiciliar\u0103, din locuin\u021ba acestuia fiind ridicate alte 190 de<source sizes=\"(max-width: 468px) 100vw, 468px\" type=\"image\/webp\" data-srcset=\"https:\/\/infotulcea.ro\/wp-content\/uploads\/2026\/08\/ipj-500x329.jpeg.webp 500w, https:\/\/infotulcea.ro\/wp-content\/uploads\/2026\/08\/ipj-1024x673.jpeg.webp 1024w, https:\/\/infotulcea.ro\/wp-content\/uploads\/2026\/08\/ipj-768x505.jpeg.webp 768w, https:\/\/infotulcea.ro\/wp-content\/uploads\/2026\/08\/ipj.jpeg.webp 1080w\" \/><\/p>\n<p><img loading=\"lazy\" decoding=\"async\" class=\" wp-image-40463 alignright\" src=\"https:\/\/infotulcea.ro\/wp-content\/uploads\/2026\/08\/ipj-500x329.jpeg\" alt width=\"468\" height=\"308\"> grame de drog de risc (canabis), alte doze de substan\u021b\u0103, aflate \u00een curs de expertizare, grindere, obiecte purt\u00e2nd urme de substan\u021b\u0103, precum \u0219i alte mijloace de prob\u0103.<\/p>\n<p>La data de 24 august 2026, procurorii Direc\u021biei de Investigare a Infrac\u021biunilor de Criminalitate Organizat\u0103 \u0219i Terorism \u2013 Biroul Teritorial Tulcea au dispus re\u021binerea b\u0103rbatului.<\/p>\n<p>Ast\u0103zi, a fost sesizat judec\u0103torul de drepturi \u0219i libert\u0103\u021bi din cadrul Tribunalului Tulcea cu propunere de arestare preventiv\u0103 a acestuia, pentru 30 de zile.<\/p>\n<p>Ac\u021biunea a beneficiat de sprijinul poli\u021bi\u0219tilor Serviciului Rutier \u0219i lupt\u0103torilor Serviciului pentru Ac\u021biuni Speciale din Inspectoratul de Poli\u021bie Jude\u021bean Tulcea.<\/p>\n<p>Preciz\u0103m faptul c\u0103, pe parcursul \u00eentregului proces penal, persoanele cercetate beneficiaz\u0103 de drepturile \u0219i garan\u021biile procesuale, prev\u0103zute de Codul de Procedur\u0103 Penal\u0103 precum \u0219i de prezum\u021bia de nevinov\u0103\u021bie.<\/p>\n<\/div>\n<div id=\"post-extra-info\">\n<div class=\"theiaStickySidebar\">\n<div class=\"single-post-meta post-meta clearfix\"><span class=\"author-meta single-author no-avatars\"><span class=\"meta-item meta-author-wrapper meta-author-9\"><span class=\"meta-author\"><a href=\"https:\/\/infotulcea.ro\/author\/redactia-2\/\" class=\"author-name tie-icon\" title=\"Redactia\">Redactia<\/a><\/span><\/span><\/span><span class=\"date meta-item tie-icon\">24 august 2026<\/span><\/p>\n<div class=\"tie-alignright\"><span class=\"meta-comment tie-icon meta-item fa-before\">0<\/span><span class=\"meta-views meta-item \"> 271 <\/span><span class=\"meta-reading-time meta-item\"> 1 minute read<\/span><\/div>\n<\/div>\n<\/div>\n<\/div>\n<div id=\"share-buttons-bottom\" class=\"share-buttons share-buttons-bottom\">\n<div class=\"share-links  icons-only\">\n<div class=\"share-title\"><span> Share<\/span><\/div>\n<p><a href=\"https:\/\/www.facebook.com\/sharer.php?u=https:\/\/infotulcea.ro\/cercetat-pentru-trafic-de-droguri-de-risc\/\" rel=\"external noopener nofollow\" title=\"Facebook\" target=\"_blank\" class=\"facebook-share-btn \" data-raw=\"https:\/\/www.facebook.com\/sharer.php?u={post_link}\"><span class=\"screen-reader-text\">Facebook<\/span><\/a><a href=\"https:\/\/twitter.com\/intent\/tweet?text=CERCETAT%20PENTRU%20TRAFIC%20DE%20DROGURI%20DE%20RISC&amp;url=https:\/\/infotulcea.ro\/cercetat-pentru-trafic-de-droguri-de-risc\/\" rel=\"external noopener nofollow\" title=\"X\" target=\"_blank\" class=\"twitter-share-btn \" data-raw=\"https:\/\/twitter.com\/intent\/tweet?text={post_title}&amp;url={post_link}\"><span class=\"screen-reader-text\">X<\/span><\/a><a href=\"https:\/\/api.whatsapp.com\/send?text=CERCETAT%20PENTRU%20TRAFIC%20DE%20DROGURI%20DE%20RISC%20https:\/\/infotulcea.ro\/cercetat-pentru-trafic-de-droguri-de-risc\/\" rel=\"external noopener nofollow\" title=\"WhatsApp\" target=\"_blank\" class=\"whatsapp-share-btn \" data-raw=\"https:\/\/api.whatsapp.com\/send?text={post_title}%20{post_link}\"><span class=\"screen-reader-text\">WhatsApp<\/span><\/a><a href=\"https:\/\/telegram.me\/share\/url?url=https:\/\/infotulcea.ro\/cercetat-pentru-trafic-de-droguri-de-risc\/&amp;text=CERCETAT%20PENTRU%20TRAFIC%20DE%20DROGURI%20DE%20RISC\" rel=\"external noopener nofollow\" title=\"Telegram\" target=\"_blank\" class=\"telegram-share-btn \" data-raw=\"https:\/\/telegram.me\/share\/url?url={post_link}&amp;text={post_title}\"><span class=\"screen-reader-text\">Telegram<\/span><\/a><a href=\"mailto:?subject=CERCETAT%20PENTRU%20TRAFIC%20DE%20DROGURI%20DE%20RISC&amp;body=https:\/\/infotulcea.ro\/cercetat-pentru-trafic-de-droguri-de-risc\/\" rel=\"external noopener nofollow\" title=\"Share via Email\" target=\"_blank\" class=\"email-share-btn \" data-raw=\"mailto:?subject={post_title}&amp;body={post_link}\"><span class=\"screen-reader-text\">Share via Email<\/span><\/a><a href=\"https:\/\/infotulcea.ro\/cercetat-pentru-trafic-de-droguri-de-risc\/\" rel=\"external noopener nofollow\" title=\"Print\" target=\"_blank\" class=\"print-share-btn \" data-raw=\"#\"><span class=\"screen-reader-text\">Print<\/span><\/a><\/div>\n<\/div>\n<\/article>\n<div class=\"post-components\">\n<div id=\"related-posts\" class=\"container-wrapper has-extra-post\">\n<div class=\"mag-box-title the-global-title\">\n<h3>Related Articles<\/h3>\n<\/div>\n<div class=\"related-posts-list\">\n<div class=\"related-item tie-standard\"><a aria-label=\"Parastasul Pira\u021bilor Nepomeni\u021bi de la Sulina a ajuns la a \u0219asea edi\u021bie!\" href=\"https:\/\/infotulcea.ro\/parastasul-piratilor-nepomeniti-de-la-sulina-a-ajuns-la-a-sasea-editie\/\" class=\"post-thumb\"><source type=\"image\/webp\" data-srcset=\"https:\/\/infotulcea.ro\/wp-content\/uploads\/2023\/04\/Update-cover-390x220.jpg.webp\" \/><img loading=\"lazy\" decoding=\"async\" width=\"390\" height=\"220\" src=\"https:\/\/infotulcea.ro\/wp-content\/uploads\/2023\/04\/Update-cover-390x220.jpg\" class=\"attachment-jannah-image-large size-jannah-image-large wp-post-image\" alt><\/a><\/p>\n<h3 class=\"post-title\"><a href=\"https:\/\/infotulcea.ro\/parastasul-piratilor-nepomeniti-de-la-sulina-a-ajuns-la-a-sasea-editie\/\">Parastasul Pira\u021bilor Nepomeni\u021bi de la Sulina a ajuns la a \u0219asea edi\u021bie!<\/a><\/h3>\n<div class=\"post-meta clearfix\"><span class=\"date meta-item tie-icon\">19 aprilie 2023<\/span><\/div>\n<\/div>\n<div class=\"related-item tie-standard\">\n<h3 class=\"post-title\"><a href=\"https:\/\/infotulcea.ro\/consiliul-concurentei-castiga-procesul-cu-fosta-companie-hp-romania\/\">CONSILIUL CONCUREN\u021aEI C\u00c2\u0218TIG\u0102 PROCESUL CU FOSTA COMPANIE  HP ROM\u00c2NIA<\/a><\/h3>\n<div class=\"post-meta clearfix\"><span class=\"date meta-item tie-icon\">15 iulie 2026<\/span><\/div>\n<\/div>\n<div class=\"related-item tie-standard\"><a aria-label=\"Descindere a Poli\u021biei \u0219i Poli\u021biei de Frontier\u0103 la Babadag: kilometri de plase monofilare confiscate!\" href=\"https:\/\/infotulcea.ro\/descindere-a-politiei-si-politiei-de-frontiera-la-babadag-kilometri-de-plase-monofilare-confiscate\/\" class=\"post-thumb\"><source type=\"image\/webp\" data-srcset=\"https:\/\/infotulcea.ro\/wp-content\/uploads\/2023\/07\/IMG-20230725-WA0012-390x220.jpg.webp\" \/><img loading=\"lazy\" decoding=\"async\" width=\"390\" height=\"220\" src=\"https:\/\/infotulcea.ro\/wp-content\/uploads\/2023\/07\/IMG-20230725-WA0012-390x220.jpg\" class=\"attachment-jannah-image-large size-jannah-image-large wp-post-image\" alt><\/a><\/p>\n<h3 class=\"post-title\"><a href=\"https:\/\/infotulcea.ro\/descindere-a-politiei-si-politiei-de-frontiera-la-babadag-kilometri-de-plase-monofilare-confiscate\/\">Descindere a Poli\u021biei \u0219i Poli\u021biei de Frontier\u0103 la Babadag: kilometri de plase monofilare confiscate!<\/a><\/h3>\n<div class=\"post-meta clearfix\"><span class=\"date meta-item tie-icon\">25 iulie 2023<\/span><\/div>\n<\/div>\n<div class=\"related-item tie-standard\"><a aria-label=\"\u0218i TU po\u021bi deveni POLI\u021aIST! \u00cencep \u00eenscrierile la \u015ecolile de Agen\u021bi de Poli\u021bie\" href=\"https:\/\/infotulcea.ro\/si-tu-poti-deveni-politist-incep-inscrierile-la-scolile-de-agenti-de-politie\/\" class=\"post-thumb\"><source type=\"image\/webp\" data-srcset=\"https:\/\/infotulcea.ro\/wp-content\/uploads\/2023\/10\/politisti-390x220.jpg.webp\" \/><img loading=\"lazy\" decoding=\"async\" width=\"390\" height=\"220\" src=\"https:\/\/infotulcea.ro\/wp-content\/uploads\/2023\/10\/politisti-390x220.jpg\" class=\"attachment-jannah-image-large size-jannah-image-large wp-post-image\" alt><\/a><\/p>\n<h3 class=\"post-title\"><a href=\"https:\/\/infotulcea.ro\/si-tu-poti-deveni-politist-incep-inscrierile-la-scolile-de-agenti-de-politie\/\">\u0218i TU po\u021bi deveni POLI\u021aIST! \u00cencep \u00eenscrierile la \u015ecolile de Agen\u021bi de Poli\u021bie<\/a><\/h3>\n<div class=\"post-meta clearfix\"><span class=\"date meta-item tie-icon\">20 octombrie 2023<\/span><\/div>\n<\/div>\n<\/div>\n<\/div>\n<div id=\"comments\" class=\"comments-area\">\n<div id=\"add-comment-block\" class=\"container-wrapper\">\n<div id=\"respond\" class=\"comment-respond\">\n<h3 id=\"reply-title\" class=\"comment-reply-title the-global-title\">Las\u0103 un r\u0103spuns <small><a rel=\"nofollow\" id=\"cancel-comment-reply-link\" href=\"https:\/\/infotulcea.ro\/cercetat-pentru-trafic-de-droguri-de-risc\/#respond\">Anuleaz\u0103 r\u0103spunsul<\/a><\/small><\/h3>\n<p class=\"comment-notes\"><span id=\"email-notes\">Adresa ta de email nu va fi publicat\u0103.<\/span><span class=\"required-field-message\">C\u00e2mpurile obligatorii sunt marcate cu <span class=\"required\">*<\/span><\/span><\/p>\n<\/div>\n<\/div>\n<\/div>\n<\/div>\n<\/div>\n<div id=\"check-also-box\" class=\"container-wrapper check-also-right\">\n<div class=\"widget-title the-global-title\">\n<div class=\"the-subtitle\">Check Also<\/div>\n<p><a href=\"https:\/\/infotulcea.ro\/cercetat-pentru-trafic-de-droguri-de-risc\/\" id=\"check-also-close\" class=\"remove\"><span class=\"screen-reader-text\">Close<\/span><\/a><\/div>\n<div class=\"widget posts-list-big-first has-first-big-post\">\n<ul class=\"posts-list-items\">\n<li class=\"widget-single-post-item widget-post-list tie-standard\">\n<div class=\"post-widget-thumbnail\"><a aria-label=\"Cu ma\u0219ina prin Jijila cu 1,13 mg\/l alcool pur \u00een aerul expirat!\" href=\"https:\/\/infotulcea.ro\/cu-masina-prin-jijila-cu-113-mg-l-alcool-pur-in-aerul-expirat\/\" class=\"post-thumb\"><span class=\"post-cat-wrap\"><span class=\"post-cat tie-cat-35\">Comunicate<\/span><\/span><img loading=\"lazy\" decoding=\"async\" width=\"390\" height=\"220\" src=\"https:\/\/infotulcea.ro\/wp-content\/uploads\/2020\/12\/alcootest-390x220.jpg\" class=\"attachment-jannah-image-large size-jannah-image-large wp-post-image lazyload\" alt><img loading=\"lazy\" decoding=\"async\" width=\"390\" height=\"220\" src=\"https:\/\/infotulcea.ro\/wp-content\/uploads\/2020\/12\/alcootest-390x220.jpg\" class=\"attachment-jannah-image-large size-jannah-image-large wp-post-image\" alt><\/a><\/div>\n<div class=\"post-widget-body \"><a class=\"post-title the-subtitle\" href=\"https:\/\/infotulcea.ro\/cu-masina-prin-jijila-cu-113-mg-l-alcool-pur-in-aerul-expirat\/\">Cu ma\u0219ina prin Jijila cu 1,13 mg\/l alcool pur \u00een aerul expirat!<\/a><\/p>\n<div class=\"post-meta\"><span class=\"date meta-item tie-icon\">30 ianuarie 2023<\/span><\/div>\n<\/div>\n<\/li>\n<\/ul>\n<\/div>\n<\/div>\n<aside class=\"sidebar tie-col-md-4 tie-col-xs-12 normal-side is-sticky\" aria-label=\"Primary Sidebar\">\n<div class=\"theiaStickySidebar\">\n<div id=\"media_image-19\" class=\"container-wrapper widget widget_media_image\"><a href=\"https:\/\/infotulcea.ro\/delta-dunarii-mai-accesibila-navrom-delta-creste-numarul-curselor-regulate-de-la-1-mai-2025\/\"><source sizes=\"(max-width: 500px) 100vw, 500px\" type=\"image\/webp\" data-srcset=\"https:\/\/infotulcea.ro\/wp-content\/uploads\/2025\/04\/navrom-delta-500x271.jpg.webp 500w, https:\/\/infotulcea.ro\/wp-content\/uploads\/2025\/04\/navrom-delta-1024x555.jpg.webp 1024w, https:\/\/infotulcea.ro\/wp-content\/uploads\/2025\/04\/navrom-delta-768x416.jpg.webp 768w, https:\/\/infotulcea.ro\/wp-content\/uploads\/2025\/04\/navrom-delta.jpg.webp 1080w\" \/><img loading=\"lazy\" decoding=\"async\" width=\"500\" height=\"271\" src=\"https:\/\/infotulcea.ro\/wp-content\/uploads\/2025\/04\/navrom-delta-500x271.jpg\" class=\"image wp-image-34487  attachment-medium size-medium\" alt><\/a><\/div>\n<div id=\"media_image-17\" class=\"container-wrapper widget widget_media_image\"><a href=\"https:\/\/www.facebook.com\/share\/p\/1DGAD1tLWN\/?mibextid=wwXIfr\" target=\"_blank\"><source sizes=\"(max-width: 500px) 100vw, 500px\" type=\"image\/webp\" data-srcset=\"https:\/\/infotulcea.ro\/wp-content\/uploads\/2026\/01\/IMG_1563-500x500.jpeg.webp 500w, https:\/\/infotulcea.ro\/wp-content\/uploads\/2026\/01\/IMG_1563-1024x1024.jpeg.webp 1024w, https:\/\/infotulcea.ro\/wp-content\/uploads\/2026\/01\/IMG_1563-250x250.jpeg.webp 250w, https:\/\/infotulcea.ro\/wp-content\/uploads\/2026\/01\/IMG_1563-768x768.jpeg.webp 768w, https:\/\/infotulcea.ro\/wp-content\/uploads\/2026\/01\/IMG_1563.jpeg.webp 1080w\" \/><img loading=\"lazy\" decoding=\"async\" width=\"500\" height=\"500\" src=\"https:\/\/infotulcea.ro\/wp-content\/uploads\/2026\/01\/IMG_1563-500x500.jpeg\" class=\"image wp-image-37932  attachment-medium size-medium\" alt title=\"Centrale pe lemne\"><\/a><\/div>\n<div id=\"media_image-18\" class=\"container-wrapper widget widget_media_image\"><a href=\"https:\/\/www.licitatia.ro\/site\/index-guest\"><img loading=\"lazy\" decoding=\"async\" width=\"500\" height=\"262\" src=\"https:\/\/infotulcea.ro\/wp-content\/uploads\/2025\/09\/licitatia-500x262.png\" class=\"image wp-image-36670  attachment-medium size-medium lazyload\" alt data-max-width=\"500\"><img loading=\"lazy\" decoding=\"async\" width=\"500\" height=\"262\" src=\"https:\/\/infotulcea.ro\/wp-content\/uploads\/2025\/09\/licitatia-500x262.png\" class=\"image wp-image-36670  attachment-medium size-medium\" alt><\/a><\/div>\n<div id=\"media_image-27\" class=\"container-wrapper widget widget_media_image\"><a href=\"https:\/\/www.centrale-lemne-liepsnele.ro\/\"><img loading=\"lazy\" decoding=\"async\" width=\"500\" height=\"500\" src=\"https:\/\/infotulcea.ro\/wp-content\/uploads\/2025\/09\/Centrale-pe-Lemne-Liepsnele-500x500.png\" class=\"image wp-image-36541  attachment-medium size-medium lazyload\" alt=\"Centrala pe lemne\" data-max-width=\"500\"><img loading=\"lazy\" decoding=\"async\" width=\"500\" height=\"500\" src=\"https:\/\/infotulcea.ro\/wp-content\/uploads\/2025\/09\/Centrale-pe-Lemne-Liepsnele-500x500.png\" class=\"image wp-image-36541  attachment-medium size-medium\" alt=\"Centrala pe lemne\"><\/a><\/div>\n<div id=\"media_image-28\" class=\"container-wrapper widget widget_media_image\"><a href=\"https:\/\/infotulcea.ro\/angajeaza-te-ro-platforma-ta-online-de-angajari-si-forta-de-munca\/\"><source sizes=\"(max-width: 500px) 100vw, 500px\" type=\"image\/webp\" data-srcset=\"https:\/\/infotulcea.ro\/wp-content\/uploads\/2025\/04\/banner-angajazate-1-500x305.jpg.webp 500w, https:\/\/infotulcea.ro\/wp-content\/uploads\/2025\/04\/banner-angajazate-1-1024x625.jpg.webp 1024w, https:\/\/infotulcea.ro\/wp-content\/uploads\/2025\/04\/banner-angajazate-1-768x469.jpg.webp 768w, https:\/\/infotulcea.ro\/wp-content\/uploads\/2025\/04\/banner-angajazate-1.jpg.webp 1080w\" \/><img loading=\"lazy\" decoding=\"async\" width=\"500\" height=\"305\" src=\"https:\/\/infotulcea.ro\/wp-content\/uploads\/2025\/04\/banner-angajazate-1-500x305.jpg\" class=\"image wp-image-34317  attachment-medium size-medium\" alt><\/a><\/div>\n<\/div>\n<\/aside>\n<\/div>\n<\/div>\n<div class=\"entry-content entry clearfix\">\n<p><strong>Poli\u021bi\u0219tii Serviciului de Combatere a Criminalit\u0103\u0163ii Organizate Tulcea, \u00eempreun\u0103 cu procurorii Direc\u021biei de Investigare a Infrac\u021biunilor de Criminalitate Organizat\u0103 \u0219i Terorism \u2013 Biroul Teritorial Tulcea, au documentat activitatea infrac\u021bional\u0103 a unui b\u0103rbat, de 23 de ani, cercetat pentru s\u0103v\u00e2r\u0219irea infrac\u021biunii de trafic de droguri de risc.<\/strong><\/p>\n<p>Din actele de urm\u0103rire penal\u0103 a reie\u0219it faptul c\u0103, la anumite date, \u00een perioada octombrie 2023 \u2013 august 2026, acesta ar fi procurat, de\u021binut \u0219i v\u00e2ndut, \u00een municipiul Tulcea, diferite cantit\u0103\u021bi de canabis, cu 40 de lei, pentru un gram.<\/p>\n<p>De asemenea, la data de 23 august 2026, b\u0103rbatul a fost prins \u00een flagrant delict, \u00een localitatea Cataloi, \u00een timp ce ar fi de\u021binut \u0219i transportat aproximativ 200 de grame de canabis, destinate comercializ\u0103rii.<\/p>\n<p>Ulterior, a fost pus \u00een aplicare un mandat de perchezi\u021bie domiciliar\u0103, din locuin\u021ba acestuia fiind ridicate alte 190 de<source sizes=\"(max-width: 468px) 100vw, 468px\" type=\"image\/webp\" data-srcset=\"https:\/\/infotulcea.ro\/wp-content\/uploads\/2026\/08\/ipj-500x329.jpeg.webp 500w, https:\/\/infotulcea.ro\/wp-content\/uploads\/2026\/08\/ipj-1024x673.jpeg.webp 1024w, https:\/\/infotulcea.ro\/wp-content\/uploads\/2026\/08\/ipj-768x505.jpeg.webp 768w, https:\/\/infotulcea.ro\/wp-content\/uploads\/2026\/08\/ipj.jpeg.webp 1080w\" \/><\/p>\n<p><img loading=\"lazy\" decoding=\"async\" class=\" wp-image-40463 alignright\" src=\"https:\/\/infotulcea.ro\/wp-content\/uploads\/2026\/08\/ipj-500x329.jpeg\" alt width=\"468\" height=\"308\"> grame de drog de risc (canabis), alte doze de substan\u021b\u0103, aflate \u00een curs de expertizare, grindere, obiecte purt\u00e2nd urme de substan\u021b\u0103, precum \u0219i alte mijloace de prob\u0103.<\/p>\n<p>La data de 24 august 2026, procurorii Direc\u021biei de Investigare a Infrac\u021biunilor de Criminalitate Organizat\u0103 \u0219i Terorism \u2013 Biroul Teritorial Tulcea au dispus re\u021binerea b\u0103rbatului.<\/p>\n<p>Ast\u0103zi, a fost sesizat judec\u0103torul de drepturi \u0219i libert\u0103\u021bi din cadrul Tribunalului Tulcea cu propunere de arestare preventiv\u0103 a acestuia, pentru 30 de zile.<\/p>\n<p>Ac\u021biunea a beneficiat de sprijinul poli\u021bi\u0219tilor Serviciului Rutier \u0219i lupt\u0103torilor Serviciului pentru Ac\u021biuni Speciale din Inspectoratul de Poli\u021bie Jude\u021bean Tulcea.<\/p>\n<p>Preciz\u0103m faptul c\u0103, pe parcursul \u00eentregului proces penal, persoanele cercetate beneficiaz\u0103 de drepturile \u0219i garan\u021biile procesuale, prev\u0103zute de Codul de Procedur\u0103 Penal\u0103 precum \u0219i de prezum\u021bia de nevinov\u0103\u021bie.<\/p>\n<\/div>\n<div class=\"articleBody\" data-key=\"articleBody\">Poli\u021bi\u0219tii Serviciului de Combatere a Criminalit\u0103\u0163ii Organizate Tulcea, \u00eempreun\u0103 cu procurorii Direc\u021biei de Investigare a Infrac\u021biunilor de Criminalitate Organizat\u0103 \u0219i Terorism \u2013 Biroul Teritorial Tulcea, au documentat activitatea infrac\u021bional\u0103 a unui b\u0103rbat, de 23 de ani, cercetat pentru s\u0103v\u00e2r\u0219irea infrac\u021biunii de trafic de droguri de risc.<\/p>\n<p>Din actele de urm\u0103rire penal\u0103 a reie\u0219it faptul c\u0103, la anumite date, \u00een perioada octombrie 2023 &#8211; august 2026, acesta ar fi procurat, de\u021binut \u0219i v\u00e2ndut, \u00een municipiul Tulcea, diferite cantit\u0103\u021bi de canabis, cu 40 de lei, pentru un gram.<\/p>\n<p>De asemenea, la data de 23 august 2026, b\u0103rbatul a fost prins \u00een flagrant delict, \u00een localitatea Cataloi, \u00een timp ce ar fi de\u021binut \u0219i transportat aproximativ 200 de grame de canabis, destinate comercializ\u0103rii.<\/p>\n<p>Ulterior, a fost pus \u00een aplicare un mandat de perchezi\u021bie domiciliar\u0103, din locuin\u021ba acestuia fiind ridicate alte 190 de grame de drog de risc (canabis), alte doze de substan\u021b\u0103, aflate \u00een curs de expertizare, grindere, obiecte purt\u00e2nd urme de substan\u021b\u0103, precum \u0219i alte mijloace de prob\u0103.<\/p>\n<p>La data de 24 august 2026, procurorii Direc\u021biei de Investigare a Infrac\u021biunilor de Criminalitate Organizat\u0103 \u0219i Terorism \u2013 Biroul Teritorial Tulcea au dispus re\u021binerea b\u0103rbatului.<\/p>\n<p>Ast\u0103zi, a fost sesizat judec\u0103torul de drepturi \u0219i libert\u0103\u021bi din cadrul Tribunalului Tulcea cu propunere de arestare preventiv\u0103 a acestuia, pentru 30 de zile.<\/p>\n<p>Ac\u021biunea a beneficiat de sprijinul poli\u021bi\u0219tilor Serviciului Rutier \u0219i lupt\u0103torilor Serviciului pentru Ac\u021biuni Speciale din Inspectoratul de Poli\u021bie Jude\u021bean Tulcea.<\/p>\n<p>Preciz\u0103m faptul c\u0103, pe parcursul \u00eentregului proces penal, persoanele cercetate beneficiaz\u0103 de drepturile \u0219i garan\u021biile procesuale, prev\u0103zute de Codul de Procedur\u0103 Penal\u0103 precum \u0219i de prezum\u021bia de nevinov\u0103\u021bie.<\/p><\/div>\n<p>[analyse_source url=&#8221;https:\/\/infotulcea.ro\/cercetat-pentru-trafic-de-droguri-de-risc\/&#8221;]<\/p>\n","protected":false},"excerpt":{"rendered":"<p>[analyse_image type=&#8221;featured&#8221; src=&#8221;https:\/\/infotulcea.ro\/wp-content\/uploads\/2026\/08\/ipj.jpeghttps:\/\/infotulcea.ro\/wp-content\/uploads\/2026\/08\/ipj.jpeg&#8221;] Home\/Comunicate\/CERCETAT PENTRU TRAFIC DE DROGURI DE RISC Comunicate CERCETAT PENTRU TRAFIC DE DROGURI DE RISC Redactia24 august 2026 0 271 1 minute read Poli\u021bi\u0219tii Serviciului de Combatere a Criminalit\u0103\u0163ii Organizate Tulcea, \u00eempreun\u0103 cu procurorii Direc\u021biei de Investigare a Infrac\u021biunilor de Criminalitate Organizat\u0103 \u0219i Terorism \u2013 Biroul Teritorial Tulcea, au documentat activitatea infrac\u021bional\u0103 [&hellip;]<\/p>\n","protected":false},"author":1,"featured_media":0,"comment_status":"open","ping_status":"","sticky":false,"template":"","format":"standard","meta":{"footnotes":""},"categories":[89],"tags":[226,221],"class_list":["post-2114797","post","type-post","status-publish","format-standard","hentry","category-romania","tag-crawlmanager","tag-infotulcea-ro"],"_links":{"self":[{"href":"https:\/\/analyse.optim.biz\/index.php?rest_route=\/wp\/v2\/posts\/2114797","targetHints":{"allow":["GET"]}}],"collection":[{"href":"https:\/\/analyse.optim.biz\/index.php?rest_route=\/wp\/v2\/posts"}],"about":[{"href":"https:\/\/analyse.optim.biz\/index.php?rest_route=\/wp\/v2\/types\/post"}],"author":[{"embeddable":true,"href":"https:\/\/analyse.optim.biz\/index.php?rest_route=\/wp\/v2\/users\/1"}],"replies":[{"embeddable":true,"href":"https:\/\/analyse.optim.biz\/index.php?rest_route=%2Fwp%2Fv2%2Fcomments&post=2114797"}],"version-history":[{"count":0,"href":"https:\/\/analyse.optim.biz\/index.php?rest_route=\/wp\/v2\/posts\/2114797\/revisions"}],"wp:attachment":[{"href":"https:\/\/analyse.optim.biz\/index.php?rest_route=%2Fwp%2Fv2%2Fmedia&parent=2114797"}],"wp:term":[{"taxonomy":"category","embeddable":true,"href":"https:\/\/analyse.optim.biz\/index.php?rest_route=%2Fwp%2Fv2%2Fcategories&post=2114797"},{"taxonomy":"post_tag","embeddable":true,"href":"https:\/\/analyse.optim.biz\/index.php?rest_route=%2Fwp%2Fv2%2Ftags&post=2114797"}],"curies":[{"name":"wp","href":"https:\/\/api.w.org\/{rel}","templated":true}]}}