{"id":2114795,"date":"2026-08-22T10:05:50","date_gmt":"2026-08-22T07:05:50","guid":{"rendered":"https:\/\/analyse.optim.biz\/?p=2114795"},"modified":"2026-08-22T10:05:50","modified_gmt":"2026-08-22T07:05:50","slug":"la-data-de-20-august-2026-politistii-din-cadrul-biroului-rutier-au-fost-sesizati-cu-privire-la-producerea-unui-accident-rutier-pe-strada-mahmudiei-din-municipiul-tulcea","status":"publish","type":"post","link":"https:\/\/analyse.optim.biz\/?p=2114795","title":{"rendered":"La data de 20 august 2026, poli\u021bi\u0219tii din cadrul Biroului Rutier au fost sesiza\u021bi cu privire la producerea unui accident rutier pe strada Mahmudiei, din municipiul Tulcea"},"content":{"rendered":"<p>[analyse_image type=&#8221;featured&#8221; src=&#8221;https:\/\/infotulcea.ro\/wp-content\/uploads\/2021\/11\/bulina.png&#8221;]<\/p>\n<div id=\"content\" class=\"site-content container\">\n<div id=\"main-content-row\" class=\"tie-row main-content-row\">\n<div class=\"main-content tie-col-md-8 tie-col-xs-12\" role=\"main\">\n<article id=\"the-post\" class=\"container-wrapper post-content tie-standard\">\n<header class=\"entry-header-outer\">\n<nav id=\"breadcrumb\"><a href=\"https:\/\/infotulcea.ro\/\"> Home<\/a><em class=\"delimiter\">\/<\/em><a href=\"https:\/\/infotulcea.ro\/categorie\/comunicate\/\">Comunicate<\/a><em class=\"delimiter\">\/<\/em><span class=\"current\">La data de 20 august 2026, poli\u021bi\u0219tii din cadrul Biroului Rutier au fost sesiza\u021bi cu privire la producerea unui accident rutier pe strada Mahmudiei, din municipiul Tulcea<\/span><\/nav>\n<div class=\"entry-header\"><span class=\"post-cat-wrap\"><a class=\"post-cat tie-cat-35\" href=\"https:\/\/infotulcea.ro\/categorie\/comunicate\/\">Comunicate<\/a><\/span><\/p>\n<h1 class=\"post-title entry-title\">\n\t\t\tLa data de 20 august 2026, poli\u021bi\u0219tii din cadrul Biroului Rutier au fost sesiza\u021bi cu privire la producerea unui accident rutier pe strada Mahmudiei, din municipiul Tulcea\t\t<\/h1>\n<div class=\"single-post-meta post-meta clearfix\"><span class=\"author-meta single-author no-avatars\"><span class=\"meta-item meta-author-wrapper meta-author-9\"><span class=\"meta-author\"><a href=\"https:\/\/infotulcea.ro\/author\/redactia-2\/\" class=\"author-name tie-icon\" title=\"Redactia\">Redactia<\/a><\/span><\/span><\/span><span class=\"date meta-item tie-icon\">22 august 2026<\/span><\/p>\n<div class=\"tie-alignright\"><span class=\"meta-comment tie-icon meta-item fa-before\">0<\/span><span class=\"meta-views meta-item \"> 105 <\/span><span class=\"meta-reading-time meta-item\"> Less than a minute<\/span><\/div>\n<\/div>\n<\/div>\n<\/header>\n<div class=\"entry-content entry clearfix\">\n<p><strong>.Din primele verific\u0103ri efectuate la fa\u021ba locului, s-a stabilit c\u0103 \u00een evenimentul rutier au fost implicate trei autoturisme, dintre care dou\u0103 se aflau \u00een deplasare, iar unul era sta\u021bionat.<\/strong><\/p>\n<p>\u00cen urma impactului, o persoan\u0103 a fost r\u0103nit\u0103.<\/p>\n<p>Din cercet\u0103rile preliminare a reie\u0219it c\u0103 accidentul s-ar fi produs pe fondul neasigur\u0103rii corespunz\u0103toare la schimbarea direc\u021biei de mers.<\/p>\n<p>Conduc\u0103torii auto implica\u021bi au fost testa\u021bi cu aparatul etilotest, rezultatele fiind negative.<\/p>\n<p>Totodat\u0103, ace\u0219tia de\u021bineau permise de conducere valabile.<\/p>\n<p>Poli\u021bi\u0219tii continu\u0103 cercet\u0103rile \u00een vederea stabilirii tuturor \u00eemprejur\u0103rilor \u0219i cauzelor producerii evenimentului rutier.<\/p>\n<\/div>\n<div id=\"post-extra-info\">\n<div class=\"theiaStickySidebar\">\n<div class=\"single-post-meta post-meta clearfix\"><span class=\"author-meta single-author no-avatars\"><span class=\"meta-item meta-author-wrapper meta-author-9\"><span class=\"meta-author\"><a href=\"https:\/\/infotulcea.ro\/author\/redactia-2\/\" class=\"author-name tie-icon\" title=\"Redactia\">Redactia<\/a><\/span><\/span><\/span><span class=\"date meta-item tie-icon\">22 august 2026<\/span><\/p>\n<div class=\"tie-alignright\"><span class=\"meta-comment tie-icon meta-item fa-before\">0<\/span><span class=\"meta-views meta-item \"> 105 <\/span><span class=\"meta-reading-time meta-item\"> Less than a minute<\/span><\/div>\n<\/div>\n<\/div>\n<\/div>\n<div id=\"share-buttons-bottom\" class=\"share-buttons share-buttons-bottom\">\n<div class=\"share-links  icons-only\">\n<div class=\"share-title\"><span> Share<\/span><\/div>\n<p><a href=\"https:\/\/www.facebook.com\/sharer.php?u=https:\/\/infotulcea.ro\/la-data-de-20-august-2026-politistii-din-cadrul-biroului-rutier-au-fost-sesizati-cu-privire-la-producerea-unui-accident-rutier-pe-strada-mahmudiei-din-municipiul-tulcea\/\" rel=\"external noopener nofollow\" title=\"Facebook\" target=\"_blank\" class=\"facebook-share-btn \" data-raw=\"https:\/\/www.facebook.com\/sharer.php?u={post_link}\"><span class=\"screen-reader-text\">Facebook<\/span><\/a><a href=\"https:\/\/twitter.com\/intent\/tweet?text=La%20data%20de%2020%20august%202026%2C%20poli%C8%9Bi%C8%99tii%20din%20cadrul%20Biroului%20Rutier%20au%20fost%20sesiza%C8%9Bi%20cu%20privire%20la%20producerea%20unui%20accident%20rutier%20pe%20strada%20Mahmudiei%2C%20din%20municipiul%20Tulcea&amp;url=https:\/\/infotulcea.ro\/la-data-de-20-august-2026-politistii-din-cadrul-biroului-rutier-au-fost-sesizati-cu-privire-la-producerea-unui-accident-rutier-pe-strada-mahmudiei-din-municipiul-tulcea\/\" rel=\"external noopener nofollow\" title=\"X\" target=\"_blank\" class=\"twitter-share-btn \" data-raw=\"https:\/\/twitter.com\/intent\/tweet?text={post_title}&amp;url={post_link}\"><span class=\"screen-reader-text\">X<\/span><\/a><a href=\"https:\/\/api.whatsapp.com\/send?text=La%20data%20de%2020%20august%202026%2C%20poli%C8%9Bi%C8%99tii%20din%20cadrul%20Biroului%20Rutier%20au%20fost%20sesiza%C8%9Bi%20cu%20privire%20la%20producerea%20unui%20accident%20rutier%20pe%20strada%20Mahmudiei%2C%20din%20municipiul%20Tulcea%20https:\/\/infotulcea.ro\/la-data-de-20-august-2026-politistii-din-cadrul-biroului-rutier-au-fost-sesizati-cu-privire-la-producerea-unui-accident-rutier-pe-strada-mahmudiei-din-municipiul-tulcea\/\" rel=\"external noopener nofollow\" title=\"WhatsApp\" target=\"_blank\" class=\"whatsapp-share-btn \" data-raw=\"https:\/\/api.whatsapp.com\/send?text={post_title}%20{post_link}\"><span class=\"screen-reader-text\">WhatsApp<\/span><\/a><a href=\"https:\/\/telegram.me\/share\/url?url=https:\/\/infotulcea.ro\/la-data-de-20-august-2026-politistii-din-cadrul-biroului-rutier-au-fost-sesizati-cu-privire-la-producerea-unui-accident-rutier-pe-strada-mahmudiei-din-municipiul-tulcea\/&amp;text=La%20data%20de%2020%20august%202026%2C%20poli%C8%9Bi%C8%99tii%20din%20cadrul%20Biroului%20Rutier%20au%20fost%20sesiza%C8%9Bi%20cu%20privire%20la%20producerea%20unui%20accident%20rutier%20pe%20strada%20Mahmudiei%2C%20din%20municipiul%20Tulcea\" rel=\"external noopener nofollow\" title=\"Telegram\" target=\"_blank\" class=\"telegram-share-btn \" data-raw=\"https:\/\/telegram.me\/share\/url?url={post_link}&amp;text={post_title}\"><span class=\"screen-reader-text\">Telegram<\/span><\/a><a href=\"mailto:?subject=La%20data%20de%2020%20august%202026%2C%20poli%C8%9Bi%C8%99tii%20din%20cadrul%20Biroului%20Rutier%20au%20fost%20sesiza%C8%9Bi%20cu%20privire%20la%20producerea%20unui%20accident%20rutier%20pe%20strada%20Mahmudiei%2C%20din%20municipiul%20Tulcea&amp;body=https:\/\/infotulcea.ro\/la-data-de-20-august-2026-politistii-din-cadrul-biroului-rutier-au-fost-sesizati-cu-privire-la-producerea-unui-accident-rutier-pe-strada-mahmudiei-din-municipiul-tulcea\/\" rel=\"external noopener nofollow\" title=\"Share via Email\" target=\"_blank\" class=\"email-share-btn \" data-raw=\"mailto:?subject={post_title}&amp;body={post_link}\"><span class=\"screen-reader-text\">Share via Email<\/span><\/a><a href=\"https:\/\/infotulcea.ro\/la-data-de-20-august-2026-politistii-din-cadrul-biroului-rutier-au-fost-sesizati-cu-privire-la-producerea-unui-accident-rutier-pe-strada-mahmudiei-din-municipiul-tulcea\/\" rel=\"external noopener nofollow\" title=\"Print\" target=\"_blank\" class=\"print-share-btn \" data-raw=\"#\"><span class=\"screen-reader-text\">Print<\/span><\/a><\/div>\n<\/div>\n<\/article>\n<div class=\"post-components\">\n<div id=\"related-posts\" class=\"container-wrapper has-extra-post\">\n<div class=\"mag-box-title the-global-title\">\n<h3>Related Articles<\/h3>\n<\/div>\n<div class=\"related-posts-list\">\n<div class=\"related-item tie-standard\"><a aria-label=\"Parastasul Pira\u021bilor Nepomeni\u021bi de la Sulina a ajuns la a \u0219asea edi\u021bie!\" href=\"https:\/\/infotulcea.ro\/parastasul-piratilor-nepomeniti-de-la-sulina-a-ajuns-la-a-sasea-editie\/\" class=\"post-thumb\"><source type=\"image\/webp\" data-srcset=\"https:\/\/infotulcea.ro\/wp-content\/uploads\/2023\/04\/Update-cover-390x220.jpg.webp\" \/><\/a><\/p>\n<h3 class=\"post-title\"><a href=\"https:\/\/infotulcea.ro\/parastasul-piratilor-nepomeniti-de-la-sulina-a-ajuns-la-a-sasea-editie\/\">Parastasul Pira\u021bilor Nepomeni\u021bi de la Sulina a ajuns la a \u0219asea edi\u021bie!<\/a><\/h3>\n<div class=\"post-meta clearfix\"><span class=\"date meta-item tie-icon\">19 aprilie 2023<\/span><\/div>\n<\/div>\n<div class=\"related-item tie-standard\"><a aria-label=\"Ast\u0103zi, pe Faleza Ivan Patzaichin din Tulcea se va g\u0103ti live bor\u0219 lipovenesc de Jurilovca\" href=\"https:\/\/infotulcea.ro\/astazi-pe-faleza-ivan-patzaichin-din-tulcea-se-va-gati-live-bors-lipovenesc-de-jurilovca\/\" class=\"post-thumb\"><source type=\"image\/webp\" data-srcset=\"https:\/\/infotulcea.ro\/wp-content\/uploads\/2023\/07\/1G8A2800-390x220.jpg.webp\" \/><img loading=\"lazy\" decoding=\"async\" width=\"390\" height=\"220\" src=\"https:\/\/infotulcea.ro\/wp-content\/uploads\/2023\/07\/1G8A2800-390x220.jpg\" class=\"attachment-jannah-image-large size-jannah-image-large wp-post-image\" alt><\/a><\/p>\n<h3 class=\"post-title\"><a href=\"https:\/\/infotulcea.ro\/astazi-pe-faleza-ivan-patzaichin-din-tulcea-se-va-gati-live-bors-lipovenesc-de-jurilovca\/\">Ast\u0103zi, pe Faleza Ivan Patzaichin din Tulcea se va g\u0103ti live bor\u0219 lipovenesc de Jurilovca<\/a><\/h3>\n<div class=\"post-meta clearfix\"><span class=\"date meta-item tie-icon\">29 iulie 2023<\/span><\/div>\n<\/div>\n<div class=\"related-item tie-standard\"><a aria-label=\"La volanul unei ma\u0219ini pe strada Isaccei \u0219i b\u0103ut \u0219i f\u0103r\u0103 permis!\" href=\"https:\/\/infotulcea.ro\/la-volanul-unei-masini-pe-strada-isaccei-si-baut-si-fara-permis\/\" class=\"post-thumb\"><img loading=\"lazy\" decoding=\"async\" width=\"390\" height=\"220\" src=\"https:\/\/infotulcea.ro\/wp-content\/uploads\/2020\/12\/alcootest-390x220.jpg\" class=\"attachment-jannah-image-large size-jannah-image-large wp-post-image lazyload\" alt><img loading=\"lazy\" decoding=\"async\" width=\"390\" height=\"220\" src=\"https:\/\/infotulcea.ro\/wp-content\/uploads\/2020\/12\/alcootest-390x220.jpg\" class=\"attachment-jannah-image-large size-jannah-image-large wp-post-image\" alt><\/a><\/p>\n<h3 class=\"post-title\"><a href=\"https:\/\/infotulcea.ro\/la-volanul-unei-masini-pe-strada-isaccei-si-baut-si-fara-permis\/\">La volanul unei ma\u0219ini pe strada Isaccei \u0219i b\u0103ut \u0219i f\u0103r\u0103 permis!<\/a><\/h3>\n<div class=\"post-meta clearfix\"><span class=\"date meta-item tie-icon\">6 ianuarie 2023<\/span><\/div>\n<\/div>\n<div class=\"related-item tie-standard\"><a aria-label=\"Carniprod Tulcea \u2013 Tradi\u021bie local\u0103, aceleasi retete consacrate \u0219i calitate certificat\u0103 interna\u021bional\" href=\"https:\/\/infotulcea.ro\/carniprod-tulcea-traditie-locala-aceleasi-retete-consacrate-si-calitate-certificata-international\/\" class=\"post-thumb\"><source type=\"image\/webp\" data-srcset=\"https:\/\/infotulcea.ro\/wp-content\/uploads\/2025\/09\/Imagine-1-productie-390x220.jpg.webp\" \/><img loading=\"lazy\" decoding=\"async\" width=\"390\" height=\"220\" src=\"https:\/\/infotulcea.ro\/wp-content\/uploads\/2025\/09\/Imagine-1-productie-390x220.jpg\" class=\"attachment-jannah-image-large size-jannah-image-large wp-post-image\" alt><\/a><\/p>\n<h3 class=\"post-title\"><a href=\"https:\/\/infotulcea.ro\/carniprod-tulcea-traditie-locala-aceleasi-retete-consacrate-si-calitate-certificata-international\/\">Carniprod Tulcea \u2013 Tradi\u021bie local\u0103, aceleasi retete consacrate \u0219i calitate certificat\u0103 interna\u021bional<\/a><\/h3>\n<div class=\"post-meta clearfix\"><span class=\"date meta-item tie-icon\">17 septembrie 2025<\/span><\/div>\n<\/div>\n<\/div>\n<\/div>\n<div id=\"comments\" class=\"comments-area\">\n<div id=\"add-comment-block\" class=\"container-wrapper\">\n<div id=\"respond\" class=\"comment-respond\">\n<h3 id=\"reply-title\" class=\"comment-reply-title the-global-title\">Las\u0103 un r\u0103spuns <small><a rel=\"nofollow\" id=\"cancel-comment-reply-link\" href=\"https:\/\/infotulcea.ro\/la-data-de-20-august-2026-politistii-din-cadrul-biroului-rutier-au-fost-sesizati-cu-privire-la-producerea-unui-accident-rutier-pe-strada-mahmudiei-din-municipiul-tulcea\/#respond\">Anuleaz\u0103 r\u0103spunsul<\/a><\/small><\/h3>\n<p class=\"comment-notes\"><span id=\"email-notes\">Adresa ta de email nu va fi publicat\u0103.<\/span><span class=\"required-field-message\">C\u00e2mpurile obligatorii sunt marcate cu <span class=\"required\">*<\/span><\/span><\/p>\n<\/div>\n<\/div>\n<\/div>\n<\/div>\n<\/div>\n<div id=\"check-also-box\" class=\"container-wrapper check-also-right\">\n<div class=\"widget-title the-global-title\">\n<div class=\"the-subtitle\">Check Also<\/div>\n<p><a href=\"https:\/\/infotulcea.ro\/la-data-de-20-august-2026-politistii-din-cadrul-biroului-rutier-au-fost-sesizati-cu-privire-la-producerea-unui-accident-rutier-pe-strada-mahmudiei-din-municipiul-tulcea\/\" id=\"check-also-close\" class=\"remove\"><span class=\"screen-reader-text\">Close<\/span><\/a><\/div>\n<div class=\"widget posts-list-big-first has-first-big-post\">\n<ul class=\"posts-list-items\">\n<li class=\"widget-single-post-item widget-post-list tie-standard\">\n<div class=\"post-widget-body no-small-thumbs\"><a class=\"post-title the-subtitle\" href=\"https:\/\/infotulcea.ro\/incendiu-la-un-apartament-din-municipiul-tulcea\/\">Incendiu la un apartament din municipiul Tulcea<\/a><\/p>\n<div class=\"post-meta\"><span class=\"date meta-item tie-icon\">11 august 2026<\/span><\/div>\n<\/div>\n<\/li>\n<\/ul>\n<\/div>\n<\/div>\n<aside class=\"sidebar tie-col-md-4 tie-col-xs-12 normal-side is-sticky\" aria-label=\"Primary Sidebar\">\n<div class=\"theiaStickySidebar\">\n<div id=\"media_image-19\" class=\"container-wrapper widget widget_media_image\"><a href=\"https:\/\/infotulcea.ro\/delta-dunarii-mai-accesibila-navrom-delta-creste-numarul-curselor-regulate-de-la-1-mai-2025\/\"><source sizes=\"(max-width: 500px) 100vw, 500px\" type=\"image\/webp\" data-srcset=\"https:\/\/infotulcea.ro\/wp-content\/uploads\/2025\/04\/navrom-delta-500x271.jpg.webp 500w, https:\/\/infotulcea.ro\/wp-content\/uploads\/2025\/04\/navrom-delta-1024x555.jpg.webp 1024w, https:\/\/infotulcea.ro\/wp-content\/uploads\/2025\/04\/navrom-delta-768x416.jpg.webp 768w, https:\/\/infotulcea.ro\/wp-content\/uploads\/2025\/04\/navrom-delta.jpg.webp 1080w\" \/><img loading=\"lazy\" decoding=\"async\" width=\"500\" height=\"271\" src=\"https:\/\/infotulcea.ro\/wp-content\/uploads\/2025\/04\/navrom-delta-500x271.jpg\" class=\"image wp-image-34487  attachment-medium size-medium\" alt><\/a><\/div>\n<div id=\"media_image-17\" class=\"container-wrapper widget widget_media_image\"><a href=\"https:\/\/www.facebook.com\/share\/p\/1DGAD1tLWN\/?mibextid=wwXIfr\" target=\"_blank\"><source sizes=\"(max-width: 500px) 100vw, 500px\" type=\"image\/webp\" data-srcset=\"https:\/\/infotulcea.ro\/wp-content\/uploads\/2026\/01\/IMG_1563-500x500.jpeg.webp 500w, https:\/\/infotulcea.ro\/wp-content\/uploads\/2026\/01\/IMG_1563-1024x1024.jpeg.webp 1024w, https:\/\/infotulcea.ro\/wp-content\/uploads\/2026\/01\/IMG_1563-250x250.jpeg.webp 250w, https:\/\/infotulcea.ro\/wp-content\/uploads\/2026\/01\/IMG_1563-768x768.jpeg.webp 768w, https:\/\/infotulcea.ro\/wp-content\/uploads\/2026\/01\/IMG_1563.jpeg.webp 1080w\" \/><img loading=\"lazy\" decoding=\"async\" width=\"500\" height=\"500\" src=\"https:\/\/infotulcea.ro\/wp-content\/uploads\/2026\/01\/IMG_1563-500x500.jpeg\" class=\"image wp-image-37932  attachment-medium size-medium\" alt title=\"Centrale pe lemne\"><\/a><\/div>\n<div id=\"media_image-18\" class=\"container-wrapper widget widget_media_image\"><a href=\"https:\/\/www.licitatia.ro\/site\/index-guest\"><img loading=\"lazy\" decoding=\"async\" width=\"500\" height=\"262\" src=\"https:\/\/infotulcea.ro\/wp-content\/uploads\/2025\/09\/licitatia-500x262.png\" class=\"image wp-image-36670  attachment-medium size-medium lazyload\" alt data-max-width=\"500\"><img loading=\"lazy\" decoding=\"async\" width=\"500\" height=\"262\" src=\"https:\/\/infotulcea.ro\/wp-content\/uploads\/2025\/09\/licitatia-500x262.png\" class=\"image wp-image-36670  attachment-medium size-medium\" alt><\/a><\/div>\n<div id=\"media_image-27\" class=\"container-wrapper widget widget_media_image\"><a href=\"https:\/\/www.centrale-lemne-liepsnele.ro\/\"><img loading=\"lazy\" decoding=\"async\" width=\"500\" height=\"500\" src=\"https:\/\/infotulcea.ro\/wp-content\/uploads\/2025\/09\/Centrale-pe-Lemne-Liepsnele-500x500.png\" class=\"image wp-image-36541  attachment-medium size-medium lazyload\" alt=\"Centrala pe lemne\" data-max-width=\"500\"><img loading=\"lazy\" decoding=\"async\" width=\"500\" height=\"500\" src=\"https:\/\/infotulcea.ro\/wp-content\/uploads\/2025\/09\/Centrale-pe-Lemne-Liepsnele-500x500.png\" class=\"image wp-image-36541  attachment-medium size-medium\" alt=\"Centrala pe lemne\"><\/a><\/div>\n<div id=\"media_image-28\" class=\"container-wrapper widget widget_media_image\"><a href=\"https:\/\/infotulcea.ro\/angajeaza-te-ro-platforma-ta-online-de-angajari-si-forta-de-munca\/\"><source sizes=\"(max-width: 500px) 100vw, 500px\" type=\"image\/webp\" data-srcset=\"https:\/\/infotulcea.ro\/wp-content\/uploads\/2025\/04\/banner-angajazate-1-500x305.jpg.webp 500w, https:\/\/infotulcea.ro\/wp-content\/uploads\/2025\/04\/banner-angajazate-1-1024x625.jpg.webp 1024w, https:\/\/infotulcea.ro\/wp-content\/uploads\/2025\/04\/banner-angajazate-1-768x469.jpg.webp 768w, https:\/\/infotulcea.ro\/wp-content\/uploads\/2025\/04\/banner-angajazate-1.jpg.webp 1080w\" \/><img loading=\"lazy\" decoding=\"async\" width=\"500\" height=\"305\" src=\"https:\/\/infotulcea.ro\/wp-content\/uploads\/2025\/04\/banner-angajazate-1-500x305.jpg\" class=\"image wp-image-34317  attachment-medium size-medium\" alt><\/a><\/div>\n<\/div>\n<\/aside>\n<\/div>\n<\/div>\n<div class=\"entry-content entry clearfix\">\n<p><strong>.Din primele verific\u0103ri efectuate la fa\u021ba locului, s-a stabilit c\u0103 \u00een evenimentul rutier au fost implicate trei autoturisme, dintre care dou\u0103 se aflau \u00een deplasare, iar unul era sta\u021bionat.<\/strong><\/p>\n<p>\u00cen urma impactului, o persoan\u0103 a fost r\u0103nit\u0103.<\/p>\n<p>Din cercet\u0103rile preliminare a reie\u0219it c\u0103 accidentul s-ar fi produs pe fondul neasigur\u0103rii corespunz\u0103toare la schimbarea direc\u021biei de mers.<\/p>\n<p>Conduc\u0103torii auto implica\u021bi au fost testa\u021bi cu aparatul etilotest, rezultatele fiind negative.<\/p>\n<p>Totodat\u0103, ace\u0219tia de\u021bineau permise de conducere valabile.<\/p>\n<p>Poli\u021bi\u0219tii continu\u0103 cercet\u0103rile \u00een vederea stabilirii tuturor \u00eemprejur\u0103rilor \u0219i cauzelor producerii evenimentului rutier.<\/p>\n<\/div>\n<div class=\"articleBody\" data-key=\"articleBody\">.Din primele verific\u0103ri efectuate la fa\u021ba locului, s-a stabilit c\u0103 \u00een evenimentul rutier au fost implicate trei autoturisme, dintre care dou\u0103 se aflau \u00een deplasare, iar unul era sta\u021bionat.<\/p>\n<p>\u00cen urma impactului, o persoan\u0103 a fost r\u0103nit\u0103.<\/p>\n<p>Din cercet\u0103rile preliminare a reie\u0219it c\u0103 accidentul s-ar fi produs pe fondul neasigur\u0103rii corespunz\u0103toare la schimbarea direc\u021biei de mers.<\/p>\n<p>Conduc\u0103torii auto implica\u021bi au fost testa\u021bi cu aparatul etilotest, rezultatele fiind negative.<\/p>\n<p>Totodat\u0103, ace\u0219tia de\u021bineau permise de conducere valabile.<\/p>\n<p>Poli\u021bi\u0219tii continu\u0103 cercet\u0103rile \u00een vederea stabilirii tuturor \u00eemprejur\u0103rilor \u0219i cauzelor producerii evenimentului rutier.<\/p><\/div>\n<p>[analyse_source url=&#8221;https:\/\/infotulcea.ro\/la-data-de-20-august-2026-politistii-din-cadrul-biroului-rutier-au-fost-sesizati-cu-privire-la-producerea-unui-accident-rutier-pe-strada-mahmudiei-din-municipiul-tulcea\/&#8221;]<\/p>\n","protected":false},"excerpt":{"rendered":"<p>[analyse_image type=&#8221;featured&#8221; src=&#8221;https:\/\/infotulcea.ro\/wp-content\/uploads\/2021\/11\/bulina.png&#8221;] Home\/Comunicate\/La data de 20 august 2026, poli\u021bi\u0219tii din cadrul Biroului Rutier au fost sesiza\u021bi cu privire la producerea unui accident rutier pe strada Mahmudiei, din municipiul Tulcea Comunicate La data de 20 august 2026, poli\u021bi\u0219tii din cadrul Biroului Rutier au fost sesiza\u021bi cu privire la producerea unui accident rutier pe strada Mahmudiei, [&hellip;]<\/p>\n","protected":false},"author":1,"featured_media":0,"comment_status":"open","ping_status":"","sticky":false,"template":"","format":"standard","meta":{"footnotes":""},"categories":[89],"tags":[226,221],"class_list":["post-2114795","post","type-post","status-publish","format-standard","hentry","category-romania","tag-crawlmanager","tag-infotulcea-ro"],"_links":{"self":[{"href":"https:\/\/analyse.optim.biz\/index.php?rest_route=\/wp\/v2\/posts\/2114795","targetHints":{"allow":["GET"]}}],"collection":[{"href":"https:\/\/analyse.optim.biz\/index.php?rest_route=\/wp\/v2\/posts"}],"about":[{"href":"https:\/\/analyse.optim.biz\/index.php?rest_route=\/wp\/v2\/types\/post"}],"author":[{"embeddable":true,"href":"https:\/\/analyse.optim.biz\/index.php?rest_route=\/wp\/v2\/users\/1"}],"replies":[{"embeddable":true,"href":"https:\/\/analyse.optim.biz\/index.php?rest_route=%2Fwp%2Fv2%2Fcomments&post=2114795"}],"version-history":[{"count":0,"href":"https:\/\/analyse.optim.biz\/index.php?rest_route=\/wp\/v2\/posts\/2114795\/revisions"}],"wp:attachment":[{"href":"https:\/\/analyse.optim.biz\/index.php?rest_route=%2Fwp%2Fv2%2Fmedia&parent=2114795"}],"wp:term":[{"taxonomy":"category","embeddable":true,"href":"https:\/\/analyse.optim.biz\/index.php?rest_route=%2Fwp%2Fv2%2Fcategories&post=2114795"},{"taxonomy":"post_tag","embeddable":true,"href":"https:\/\/analyse.optim.biz\/index.php?rest_route=%2Fwp%2Fv2%2Ftags&post=2114795"}],"curies":[{"name":"wp","href":"https:\/\/api.w.org\/{rel}","templated":true}]}}