{"id":2114791,"date":"2026-08-19T08:53:33","date_gmt":"2026-08-19T05:53:33","guid":{"rendered":"https:\/\/analyse.optim.biz\/?p=2114791"},"modified":"2026-08-19T08:53:33","modified_gmt":"2026-08-19T05:53:33","slug":"1269-de-persoane-si-au-gasit-un-loc-de-munca-cu-sprijinul-ajofm-tulcea","status":"publish","type":"post","link":"https:\/\/analyse.optim.biz\/?p=2114791","title":{"rendered":"1269 de persoane \u015fi-au g\u0103sit un loc de munc\u0103 cu sprijinul AJOFM Tulcea"},"content":{"rendered":"<p>[analyse_image type=&#8221;featured&#8221; src=&#8221;https:\/\/infotulcea.ro\/wp-content\/uploads\/2026\/08\/ajofm.pnghttps:\/\/infotulcea.ro\/wp-content\/uploads\/2026\/08\/ajofm.png&#8221;]<\/p>\n<div id=\"content\" class=\"site-content container\">\n<div id=\"main-content-row\" class=\"tie-row main-content-row\">\n<div class=\"main-content tie-col-md-8 tie-col-xs-12\" role=\"main\">\n<article id=\"the-post\" class=\"container-wrapper post-content tie-standard\">\n<header class=\"entry-header-outer\">\n<nav id=\"breadcrumb\"><a href=\"https:\/\/infotulcea.ro\/\"> Home<\/a><em class=\"delimiter\">\/<\/em><a href=\"https:\/\/infotulcea.ro\/categorie\/comunicate\/\">Comunicate<\/a><em class=\"delimiter\">\/<\/em><span class=\"current\">1269 de persoane \u015fi-au g\u0103sit un loc de munc\u0103 cu sprijinul AJOFM Tulcea<\/span><\/nav>\n<div class=\"entry-header\"><span class=\"post-cat-wrap\"><a class=\"post-cat tie-cat-35\" href=\"https:\/\/infotulcea.ro\/categorie\/comunicate\/\">Comunicate<\/a><\/span><\/p>\n<h1 class=\"post-title entry-title\">\n\t\t\t1269 de persoane \u015fi-au g\u0103sit un loc de munc\u0103 cu sprijinul AJOFM Tulcea\t\t<\/h1>\n<div class=\"single-post-meta post-meta clearfix\"><span class=\"author-meta single-author no-avatars\"><span class=\"meta-item meta-author-wrapper meta-author-9\"><span class=\"meta-author\"><a href=\"https:\/\/infotulcea.ro\/author\/redactia-2\/\" class=\"author-name tie-icon\" title=\"Redactia\">Redactia<\/a><\/span><\/span><\/span><span class=\"date meta-item tie-icon\">19 august 2026<\/span><\/p>\n<div class=\"tie-alignright\"><span class=\"meta-comment tie-icon meta-item fa-before\">0<\/span><span class=\"meta-views meta-item \"> 400 <\/span><span class=\"meta-reading-time meta-item\"> 1 minute read<\/span><\/div>\n<\/div>\n<\/div>\n<\/header>\n<div class=\"entry-content entry clearfix\">\n<p><strong>\u00cen primele 7 luni ale anului 2026, ca urmare a implement\u0103rii Programului Na\u0163ional de Ocupare<\/strong><br \/><strong>a For\u0163ei de Munc\u0103, prin intermediul AJOFM Tulcea au fost \u00eencadrate \u00een munc\u0103 1269 de<\/strong><br \/><strong>persoane, dintre care 674 de femei.<\/strong><br \/><strong>Din totalul persoanelor ocupate p\u00e2n\u0103 la data de referin\u021b\u0103, 675 au peste 45 de ani, 220 au<\/strong><br \/><strong>v\u00e2rsta cuprins\u0103 \u00eentre 35 \u0219i 45 de ani, 164 au \u00eentre 25 \u0219i 35 de ani, iar 210 sunt tineri sub 25 de<\/strong><br \/><strong>ani.<\/strong><br \/>\n\u00cen func\u0163ie de reziden\u0163\u0103, din totalul persoanelor \u00eencadrate \u00een munc\u0103, 478 provin din mediul<br \/>\nurban, iar 791 de persoane sunt din mediul rural.<br \/>\nDin punct de vedere al nivelului de preg\u0103tire al persoanelor pentru care s-a identificat un loc<br \/>\nde munc\u0103, cele mai multe persoane au studii liceale (432), urmate de cele cu studii<br \/>\ngimnaziale (406). Num\u0103rul celor cu studii profesionale este de 338, iar cei cu studii primare<br \/>\nsunt \u00een num\u0103r de 45.<br \/>\nDintre persoanele angajate \u00een perioada men\u0163ionat\u0103, prin intermediul AJOFM Tulcea,<img loading=\"lazy\" decoding=\"async\" class=\"wp-image-40431 alignright lazyload\" src=\"https:\/\/infotulcea.ro\/wp-content\/uploads\/2026\/08\/ajofm-500x333.png\" alt width=\"461\" height=\"307\" data-max-width=\"461\"><\/p>\n<p><img loading=\"lazy\" decoding=\"async\" class=\" wp-image-40431 alignright\" src=\"https:\/\/infotulcea.ro\/wp-content\/uploads\/2026\/08\/ajofm-500x333.png\" alt width=\"461\" height=\"307\"><br \/>\n130 de persoane au f\u0103cut parte din categoria persoanelor greu sau foarte greu ocupabile.<br \/>\nPreciz\u0103m c\u0103 \u00eencadrarea \u00eentr-o categorie de ocupabilitate se realizeaz\u0103 ca urmare a activit\u0103\u0163ii<br \/>\nde profilare a persoanelor \u00eenregistrate \u00een eviden\u0163ele noastre.<br \/>\nPentru integrarea pe pia\u0163a muncii, persoanele aflate \u00een c\u0103utarea unui loc de munc\u0103<br \/>\n\u00eenregistrate \u00een baza de date a agen\u0163iei teritoriale pentru ocuparea for\u0163ei de munc\u0103 \u00een a c\u0103rei<br \/>\nraz\u0103 au domiciliul sau re\u015fedin\u0163a beneficiaz\u0103 de pachete personalizate de m\u0103suri active<br \/>\nprev\u0103zute de Legea nr.76\/2002 privind sistemul asigur\u0103rilor pentru \u015fomaj \u015fi stimularea<br \/>\nocup\u0103rii for\u0163ei de munc\u0103, modificat\u0103 \u015fi completat\u0103.<br \/>\nAstfel, \u00een primele 7 luni al anului 2026, num\u0103rul persoanelor care au beneficiat de asisten\u0163\u0103<br \/>\npentru \u00eenregistrarea \u00een eviden\u0163\u0103 ca persoane aflate \u00een c\u0103utarea unui loc de munc\u0103, \u00een vederea<br \/>\nasigur\u0103rii protec\u0163iei sociale privind acordarea indemniza\u0163iei de \u015fomaj sau cuprinderea \u00een<br \/>\nm\u0103suri active, a fost de 2751 de persoane.<br \/>\nPentru mai multe informa\u021bii despre activitatea Agen\u021biei Jude\u021bene pentru Ocuparea For\u021bei de<br \/>\nMunc\u0103 Tulcea, pute\u021bi accesa https:\/\/www.anofm.ro\/tulcea\/.\n<\/div>\n<div id=\"post-extra-info\">\n<div class=\"theiaStickySidebar\">\n<div class=\"single-post-meta post-meta clearfix\"><span class=\"author-meta single-author no-avatars\"><span class=\"meta-item meta-author-wrapper meta-author-9\"><span class=\"meta-author\"><a href=\"https:\/\/infotulcea.ro\/author\/redactia-2\/\" class=\"author-name tie-icon\" title=\"Redactia\">Redactia<\/a><\/span><\/span><\/span><span class=\"date meta-item tie-icon\">19 august 2026<\/span><\/p>\n<div class=\"tie-alignright\"><span class=\"meta-comment tie-icon meta-item fa-before\">0<\/span><span class=\"meta-views meta-item \"> 400 <\/span><span class=\"meta-reading-time meta-item\"> 1 minute read<\/span><\/div>\n<\/div>\n<\/div>\n<\/div>\n<div id=\"share-buttons-bottom\" class=\"share-buttons share-buttons-bottom\">\n<div class=\"share-links  icons-only\">\n<div class=\"share-title\"><span> Share<\/span><\/div>\n<p><a href=\"https:\/\/www.facebook.com\/sharer.php?u=https:\/\/infotulcea.ro\/1269-de-persoane-si-au-gasit-un-loc-de-munca-cu-sprijinul-ajofm-tulcea\/\" rel=\"external noopener nofollow\" title=\"Facebook\" target=\"_blank\" class=\"facebook-share-btn \" data-raw=\"https:\/\/www.facebook.com\/sharer.php?u={post_link}\"><span class=\"screen-reader-text\">Facebook<\/span><\/a><a href=\"https:\/\/twitter.com\/intent\/tweet?text=1269%20de%20persoane%20%C5%9Fi-au%20g%C4%83sit%20un%20loc%20de%20munc%C4%83%20cu%20sprijinul%20AJOFM%20Tulcea&amp;url=https:\/\/infotulcea.ro\/1269-de-persoane-si-au-gasit-un-loc-de-munca-cu-sprijinul-ajofm-tulcea\/\" rel=\"external noopener nofollow\" title=\"X\" target=\"_blank\" class=\"twitter-share-btn \" data-raw=\"https:\/\/twitter.com\/intent\/tweet?text={post_title}&amp;url={post_link}\"><span class=\"screen-reader-text\">X<\/span><\/a><a href=\"https:\/\/api.whatsapp.com\/send?text=1269%20de%20persoane%20%C5%9Fi-au%20g%C4%83sit%20un%20loc%20de%20munc%C4%83%20cu%20sprijinul%20AJOFM%20Tulcea%20https:\/\/infotulcea.ro\/1269-de-persoane-si-au-gasit-un-loc-de-munca-cu-sprijinul-ajofm-tulcea\/\" rel=\"external noopener nofollow\" title=\"WhatsApp\" target=\"_blank\" class=\"whatsapp-share-btn \" data-raw=\"https:\/\/api.whatsapp.com\/send?text={post_title}%20{post_link}\"><span class=\"screen-reader-text\">WhatsApp<\/span><\/a><a href=\"https:\/\/telegram.me\/share\/url?url=https:\/\/infotulcea.ro\/1269-de-persoane-si-au-gasit-un-loc-de-munca-cu-sprijinul-ajofm-tulcea\/&amp;text=1269%20de%20persoane%20%C5%9Fi-au%20g%C4%83sit%20un%20loc%20de%20munc%C4%83%20cu%20sprijinul%20AJOFM%20Tulcea\" rel=\"external noopener nofollow\" title=\"Telegram\" target=\"_blank\" class=\"telegram-share-btn \" data-raw=\"https:\/\/telegram.me\/share\/url?url={post_link}&amp;text={post_title}\"><span class=\"screen-reader-text\">Telegram<\/span><\/a><a href=\"mailto:?subject=1269%20de%20persoane%20%C5%9Fi-au%20g%C4%83sit%20un%20loc%20de%20munc%C4%83%20cu%20sprijinul%20AJOFM%20Tulcea&amp;body=https:\/\/infotulcea.ro\/1269-de-persoane-si-au-gasit-un-loc-de-munca-cu-sprijinul-ajofm-tulcea\/\" rel=\"external noopener nofollow\" title=\"Share via Email\" target=\"_blank\" class=\"email-share-btn \" data-raw=\"mailto:?subject={post_title}&amp;body={post_link}\"><span class=\"screen-reader-text\">Share via Email<\/span><\/a><a href=\"https:\/\/infotulcea.ro\/1269-de-persoane-si-au-gasit-un-loc-de-munca-cu-sprijinul-ajofm-tulcea\/\" rel=\"external noopener nofollow\" title=\"Print\" target=\"_blank\" class=\"print-share-btn \" data-raw=\"#\"><span class=\"screen-reader-text\">Print<\/span><\/a><\/div>\n<\/div>\n<\/article>\n<div class=\"post-components\">\n<div id=\"related-posts\" class=\"container-wrapper has-extra-post\">\n<div class=\"mag-box-title the-global-title\">\n<h3>Related Articles<\/h3>\n<\/div>\n<div class=\"related-posts-list\">\n<div class=\"related-item tie-standard\"><a aria-label=\"S-au decontat concediile medicale p\u00e2n\u0103 la 28 ianuarie 2025!\" href=\"https:\/\/infotulcea.ro\/s-au-decontat-concediile-medicale-pana-la-28-ianuarie-2025\/\" class=\"post-thumb\"><source type=\"image\/webp\" data-srcset=\"https:\/\/infotulcea.ro\/wp-content\/uploads\/2025\/10\/decont-concedii-medicale-390x220.jpg.webp\" \/><img loading=\"lazy\" decoding=\"async\" width=\"390\" height=\"220\" src=\"https:\/\/infotulcea.ro\/wp-content\/uploads\/2025\/10\/decont-concedii-medicale-390x220.jpg\" class=\"attachment-jannah-image-large size-jannah-image-large wp-post-image\" alt><\/a><\/p>\n<h3 class=\"post-title\"><a href=\"https:\/\/infotulcea.ro\/s-au-decontat-concediile-medicale-pana-la-28-ianuarie-2025\/\">S-au decontat concediile medicale p\u00e2n\u0103 la 28 ianuarie 2025!<\/a><\/h3>\n<div class=\"post-meta clearfix\"><span class=\"date meta-item tie-icon\">31 octombrie 2025<\/span><\/div>\n<\/div>\n<div class=\"related-item tie-standard\"><a aria-label=\"Trimi\u0219i \u00een judecat\u0103 pentru ultraj asupra unui poli\u021bist local!\" href=\"https:\/\/infotulcea.ro\/trimisi-in-judecata-pentru-ultraj-asupra-unui-politist-local\/\" class=\"post-thumb\"><source type=\"image\/webp\" data-srcset=\"https:\/\/infotulcea.ro\/wp-content\/uploads\/2020\/08\/Tribunalul-si-Judecatoria-Tulcea-390x220.jpg.webp\" \/><img loading=\"lazy\" decoding=\"async\" width=\"390\" height=\"220\" src=\"https:\/\/infotulcea.ro\/wp-content\/uploads\/2020\/08\/Tribunalul-si-Judecatoria-Tulcea-390x220.jpg\" class=\"attachment-jannah-image-large size-jannah-image-large wp-post-image\" alt><\/a><\/p>\n<h3 class=\"post-title\"><a href=\"https:\/\/infotulcea.ro\/trimisi-in-judecata-pentru-ultraj-asupra-unui-politist-local\/\">Trimi\u0219i \u00een judecat\u0103 pentru ultraj asupra unui poli\u021bist local!<\/a><\/h3>\n<div class=\"post-meta clearfix\"><span class=\"date meta-item tie-icon\">27 decembrie 2022<\/span><\/div>\n<\/div>\n<div class=\"related-item tie-standard\"><a aria-label=\"\u0218ase \u201dnegri la munc\u0103\u201d depista\u021bi \u00een februarie! Amenzile ITM Tulcea, pe m\u0103sur\u0103\" href=\"https:\/\/infotulcea.ro\/sase-negri-la-munca-depistati-in-februarie-amenzile-itm-tulcea-pe-masura\/\" class=\"post-thumb\"><img loading=\"lazy\" decoding=\"async\" width=\"390\" height=\"220\" src=\"https:\/\/infotulcea.ro\/wp-content\/uploads\/2022\/02\/inspectia-muncii-390x220.jpg\" class=\"attachment-jannah-image-large size-jannah-image-large wp-post-image lazyload\" alt><img loading=\"lazy\" decoding=\"async\" width=\"390\" height=\"220\" src=\"https:\/\/infotulcea.ro\/wp-content\/uploads\/2022\/02\/inspectia-muncii-390x220.jpg\" class=\"attachment-jannah-image-large size-jannah-image-large wp-post-image\" alt><\/a><\/p>\n<h3 class=\"post-title\"><a href=\"https:\/\/infotulcea.ro\/sase-negri-la-munca-depistati-in-februarie-amenzile-itm-tulcea-pe-masura\/\">\u0218ase \u201dnegri la munc\u0103\u201d depista\u021bi \u00een februarie! Amenzile ITM Tulcea, pe m\u0103sur\u0103<\/a><\/h3>\n<div class=\"post-meta clearfix\"><span class=\"date meta-item tie-icon\">12 martie 2024<\/span><\/div>\n<\/div>\n<div class=\"related-item tie-standard\"><a aria-label=\"Lansarea proiectului DANUBIUS-RO-2 \u2013 un nou pas pentru cercetarea rom\u00e2neasc\u0103\" href=\"https:\/\/infotulcea.ro\/lansarea-proiectului-danubius-ro-2-un-nou-pas-pentru-cercetarea-romaneasca\/\" class=\"post-thumb\"><img loading=\"lazy\" decoding=\"async\" width=\"390\" height=\"220\" src=\"https:\/\/infotulcea.ro\/wp-content\/uploads\/2025\/11\/Danubius.jpeg-390x220.webp\" class=\"attachment-jannah-image-large size-jannah-image-large wp-post-image lazyload\" alt data-max-width=\"390\"><img loading=\"lazy\" decoding=\"async\" width=\"390\" height=\"220\" src=\"https:\/\/infotulcea.ro\/wp-content\/uploads\/2025\/11\/Danubius.jpeg-390x220.webp\" class=\"attachment-jannah-image-large size-jannah-image-large wp-post-image\" alt><\/a><\/p>\n<h3 class=\"post-title\"><a href=\"https:\/\/infotulcea.ro\/lansarea-proiectului-danubius-ro-2-un-nou-pas-pentru-cercetarea-romaneasca\/\">Lansarea proiectului DANUBIUS-RO-2 \u2013 un nou pas pentru cercetarea rom\u00e2neasc\u0103<\/a><\/h3>\n<div class=\"post-meta clearfix\"><span class=\"date meta-item tie-icon\">14 noiembrie 2025<\/span><\/div>\n<\/div>\n<\/div>\n<\/div>\n<div id=\"comments\" class=\"comments-area\">\n<div id=\"add-comment-block\" class=\"container-wrapper\">\n<div id=\"respond\" class=\"comment-respond\">\n<h3 id=\"reply-title\" class=\"comment-reply-title the-global-title\">Las\u0103 un r\u0103spuns <small><a rel=\"nofollow\" id=\"cancel-comment-reply-link\" href=\"https:\/\/infotulcea.ro\/1269-de-persoane-si-au-gasit-un-loc-de-munca-cu-sprijinul-ajofm-tulcea\/#respond\">Anuleaz\u0103 r\u0103spunsul<\/a><\/small><\/h3>\n<p class=\"comment-notes\"><span id=\"email-notes\">Adresa ta de email nu va fi publicat\u0103.<\/span><span class=\"required-field-message\">C\u00e2mpurile obligatorii sunt marcate cu <span class=\"required\">*<\/span><\/span><\/p>\n<\/div>\n<\/div>\n<\/div>\n<\/div>\n<\/div>\n<div id=\"check-also-box\" class=\"container-wrapper check-also-right\">\n<div class=\"widget-title the-global-title\">\n<div class=\"the-subtitle\">Check Also<\/div>\n<p><a href=\"https:\/\/infotulcea.ro\/1269-de-persoane-si-au-gasit-un-loc-de-munca-cu-sprijinul-ajofm-tulcea\/\" id=\"check-also-close\" class=\"remove\"><span class=\"screen-reader-text\">Close<\/span><\/a><\/div>\n<div class=\"widget posts-list-big-first has-first-big-post\">\n<ul class=\"posts-list-items\">\n<li class=\"widget-single-post-item widget-post-list tie-standard\">\n<div class=\"post-widget-thumbnail\"><a aria-label=\"Asocia\u021bia Voluntari pentru Tine: \u201eLa mul\u021bi ani, dragi copii!\u201d\" href=\"https:\/\/infotulcea.ro\/asociatia-voluntari-pentru-tine-la-multi-ani-dragi-copii\/\" class=\"post-thumb\"><span class=\"post-cat-wrap\"><span class=\"post-cat tie-cat-35\">Comunicate<\/span><\/span><source type=\"image\/webp\" data-srcset=\"https:\/\/infotulcea.ro\/wp-content\/uploads\/2023\/06\/voluntari-pentru-tine-390x220.jpg.webp\" \/><img loading=\"lazy\" decoding=\"async\" width=\"390\" height=\"220\" src=\"https:\/\/infotulcea.ro\/wp-content\/uploads\/2023\/06\/voluntari-pentru-tine-390x220.jpg\" class=\"attachment-jannah-image-large size-jannah-image-large wp-post-image\" alt><\/a><\/div>\n<div class=\"post-widget-body \"><a class=\"post-title the-subtitle\" href=\"https:\/\/infotulcea.ro\/asociatia-voluntari-pentru-tine-la-multi-ani-dragi-copii\/\">Asocia\u021bia Voluntari pentru Tine: \u201eLa mul\u021bi ani, dragi copii!\u201d<\/a><\/p>\n<div class=\"post-meta\"><span class=\"date meta-item tie-icon\">1 iunie 2023<\/span><\/div>\n<\/div>\n<\/li>\n<\/ul>\n<\/div>\n<\/div>\n<aside class=\"sidebar tie-col-md-4 tie-col-xs-12 normal-side is-sticky\" aria-label=\"Primary Sidebar\">\n<div class=\"theiaStickySidebar\">\n<div id=\"media_image-19\" class=\"container-wrapper widget widget_media_image\"><a href=\"https:\/\/infotulcea.ro\/delta-dunarii-mai-accesibila-navrom-delta-creste-numarul-curselor-regulate-de-la-1-mai-2025\/\"><source sizes=\"(max-width: 500px) 100vw, 500px\" type=\"image\/webp\" data-srcset=\"https:\/\/infotulcea.ro\/wp-content\/uploads\/2025\/04\/navrom-delta-500x271.jpg.webp 500w, https:\/\/infotulcea.ro\/wp-content\/uploads\/2025\/04\/navrom-delta-1024x555.jpg.webp 1024w, https:\/\/infotulcea.ro\/wp-content\/uploads\/2025\/04\/navrom-delta-768x416.jpg.webp 768w, https:\/\/infotulcea.ro\/wp-content\/uploads\/2025\/04\/navrom-delta.jpg.webp 1080w\" \/><img loading=\"lazy\" decoding=\"async\" width=\"500\" height=\"271\" src=\"https:\/\/infotulcea.ro\/wp-content\/uploads\/2025\/04\/navrom-delta-500x271.jpg\" class=\"image wp-image-34487  attachment-medium size-medium\" alt><\/a><\/div>\n<div id=\"media_image-17\" class=\"container-wrapper widget widget_media_image\"><a href=\"https:\/\/www.facebook.com\/share\/p\/1DGAD1tLWN\/?mibextid=wwXIfr\" target=\"_blank\"><source sizes=\"(max-width: 500px) 100vw, 500px\" type=\"image\/webp\" data-srcset=\"https:\/\/infotulcea.ro\/wp-content\/uploads\/2026\/01\/IMG_1563-500x500.jpeg.webp 500w, https:\/\/infotulcea.ro\/wp-content\/uploads\/2026\/01\/IMG_1563-1024x1024.jpeg.webp 1024w, https:\/\/infotulcea.ro\/wp-content\/uploads\/2026\/01\/IMG_1563-250x250.jpeg.webp 250w, https:\/\/infotulcea.ro\/wp-content\/uploads\/2026\/01\/IMG_1563-768x768.jpeg.webp 768w, https:\/\/infotulcea.ro\/wp-content\/uploads\/2026\/01\/IMG_1563.jpeg.webp 1080w\" \/><img loading=\"lazy\" decoding=\"async\" width=\"500\" height=\"500\" src=\"https:\/\/infotulcea.ro\/wp-content\/uploads\/2026\/01\/IMG_1563-500x500.jpeg\" class=\"image wp-image-37932  attachment-medium size-medium\" alt title=\"Centrale pe lemne\"><\/a><\/div>\n<div id=\"media_image-18\" class=\"container-wrapper widget widget_media_image\"><a href=\"https:\/\/www.licitatia.ro\/site\/index-guest\"><img loading=\"lazy\" decoding=\"async\" width=\"500\" height=\"262\" src=\"https:\/\/infotulcea.ro\/wp-content\/uploads\/2025\/09\/licitatia-500x262.png\" class=\"image wp-image-36670  attachment-medium size-medium lazyload\" alt data-max-width=\"500\"><img loading=\"lazy\" decoding=\"async\" width=\"500\" height=\"262\" src=\"https:\/\/infotulcea.ro\/wp-content\/uploads\/2025\/09\/licitatia-500x262.png\" class=\"image wp-image-36670  attachment-medium size-medium\" alt><\/a><\/div>\n<div id=\"media_image-27\" class=\"container-wrapper widget widget_media_image\"><a href=\"https:\/\/www.centrale-lemne-liepsnele.ro\/\"><img loading=\"lazy\" decoding=\"async\" width=\"500\" height=\"500\" src=\"https:\/\/infotulcea.ro\/wp-content\/uploads\/2025\/09\/Centrale-pe-Lemne-Liepsnele-500x500.png\" class=\"image wp-image-36541  attachment-medium size-medium lazyload\" alt=\"Centrala pe lemne\" data-max-width=\"500\"><img loading=\"lazy\" decoding=\"async\" width=\"500\" height=\"500\" src=\"https:\/\/infotulcea.ro\/wp-content\/uploads\/2025\/09\/Centrale-pe-Lemne-Liepsnele-500x500.png\" class=\"image wp-image-36541  attachment-medium size-medium\" alt=\"Centrala pe lemne\"><\/a><\/div>\n<div id=\"media_image-28\" class=\"container-wrapper widget widget_media_image\"><a href=\"https:\/\/infotulcea.ro\/angajeaza-te-ro-platforma-ta-online-de-angajari-si-forta-de-munca\/\"><source sizes=\"(max-width: 500px) 100vw, 500px\" type=\"image\/webp\" data-srcset=\"https:\/\/infotulcea.ro\/wp-content\/uploads\/2025\/04\/banner-angajazate-1-500x305.jpg.webp 500w, https:\/\/infotulcea.ro\/wp-content\/uploads\/2025\/04\/banner-angajazate-1-1024x625.jpg.webp 1024w, https:\/\/infotulcea.ro\/wp-content\/uploads\/2025\/04\/banner-angajazate-1-768x469.jpg.webp 768w, https:\/\/infotulcea.ro\/wp-content\/uploads\/2025\/04\/banner-angajazate-1.jpg.webp 1080w\" \/><img loading=\"lazy\" decoding=\"async\" width=\"500\" height=\"305\" src=\"https:\/\/infotulcea.ro\/wp-content\/uploads\/2025\/04\/banner-angajazate-1-500x305.jpg\" class=\"image wp-image-34317  attachment-medium size-medium\" alt><\/a><\/div>\n<\/div>\n<\/aside>\n<\/div>\n<\/div>\n<div class=\"entry-content entry clearfix\">\n<p><strong>\u00cen primele 7 luni ale anului 2026, ca urmare a implement\u0103rii Programului Na\u0163ional de Ocupare<\/strong><br \/><strong>a For\u0163ei de Munc\u0103, prin intermediul AJOFM Tulcea au fost \u00eencadrate \u00een munc\u0103 1269 de<\/strong><br \/><strong>persoane, dintre care 674 de femei.<\/strong><br \/><strong>Din totalul persoanelor ocupate p\u00e2n\u0103 la data de referin\u021b\u0103, 675 au peste 45 de ani, 220 au<\/strong><br \/><strong>v\u00e2rsta cuprins\u0103 \u00eentre 35 \u0219i 45 de ani, 164 au \u00eentre 25 \u0219i 35 de ani, iar 210 sunt tineri sub 25 de<\/strong><br \/><strong>ani.<\/strong><br \/>\n\u00cen func\u0163ie de reziden\u0163\u0103, din totalul persoanelor \u00eencadrate \u00een munc\u0103, 478 provin din mediul<br \/>\nurban, iar 791 de persoane sunt din mediul rural.<br \/>\nDin punct de vedere al nivelului de preg\u0103tire al persoanelor pentru care s-a identificat un loc<br \/>\nde munc\u0103, cele mai multe persoane au studii liceale (432), urmate de cele cu studii<br \/>\ngimnaziale (406). Num\u0103rul celor cu studii profesionale este de 338, iar cei cu studii primare<br \/>\nsunt \u00een num\u0103r de 45.<br \/>\nDintre persoanele angajate \u00een perioada men\u0163ionat\u0103, prin intermediul AJOFM Tulcea,<img loading=\"lazy\" decoding=\"async\" class=\"wp-image-40431 alignright lazyload\" src=\"https:\/\/infotulcea.ro\/wp-content\/uploads\/2026\/08\/ajofm-500x333.png\" alt width=\"461\" height=\"307\" data-max-width=\"461\"><\/p>\n<p><img loading=\"lazy\" decoding=\"async\" class=\" wp-image-40431 alignright\" src=\"https:\/\/infotulcea.ro\/wp-content\/uploads\/2026\/08\/ajofm-500x333.png\" alt width=\"461\" height=\"307\"><br \/>\n130 de persoane au f\u0103cut parte din categoria persoanelor greu sau foarte greu ocupabile.<br \/>\nPreciz\u0103m c\u0103 \u00eencadrarea \u00eentr-o categorie de ocupabilitate se realizeaz\u0103 ca urmare a activit\u0103\u0163ii<br \/>\nde profilare a persoanelor \u00eenregistrate \u00een eviden\u0163ele noastre.<br \/>\nPentru integrarea pe pia\u0163a muncii, persoanele aflate \u00een c\u0103utarea unui loc de munc\u0103<br \/>\n\u00eenregistrate \u00een baza de date a agen\u0163iei teritoriale pentru ocuparea for\u0163ei de munc\u0103 \u00een a c\u0103rei<br \/>\nraz\u0103 au domiciliul sau re\u015fedin\u0163a beneficiaz\u0103 de pachete personalizate de m\u0103suri active<br \/>\nprev\u0103zute de Legea nr.76\/2002 privind sistemul asigur\u0103rilor pentru \u015fomaj \u015fi stimularea<br \/>\nocup\u0103rii for\u0163ei de munc\u0103, modificat\u0103 \u015fi completat\u0103.<br \/>\nAstfel, \u00een primele 7 luni al anului 2026, num\u0103rul persoanelor care au beneficiat de asisten\u0163\u0103<br \/>\npentru \u00eenregistrarea \u00een eviden\u0163\u0103 ca persoane aflate \u00een c\u0103utarea unui loc de munc\u0103, \u00een vederea<br \/>\nasigur\u0103rii protec\u0163iei sociale privind acordarea indemniza\u0163iei de \u015fomaj sau cuprinderea \u00een<br \/>\nm\u0103suri active, a fost de 2751 de persoane.<br \/>\nPentru mai multe informa\u021bii despre activitatea Agen\u021biei Jude\u021bene pentru Ocuparea For\u021bei de<br \/>\nMunc\u0103 Tulcea, pute\u021bi accesa https:\/\/www.anofm.ro\/tulcea\/.\n<\/div>\n<div class=\"articleBody\" data-key=\"articleBody\">\u00cen primele 7 luni ale anului 2026, ca urmare a implement\u0103rii Programului Na\u0163ional de Ocupare<br \/>\na For\u0163ei de Munc\u0103, prin intermediul AJOFM Tulcea au fost \u00eencadrate \u00een munc\u0103 1269 de<br \/>\npersoane, dintre care 674 de femei.<br \/>\nDin totalul persoanelor ocupate p\u00e2n\u0103 la data de referin\u021b\u0103, 675 au peste 45 de ani, 220 au<br \/>\nv\u00e2rsta cuprins\u0103 \u00eentre 35 \u0219i 45 de ani, 164 au \u00eentre 25 \u0219i 35 de ani, iar 210 sunt tineri sub 25 de<br \/>\nani.<br \/>\n\u00cen func\u0163ie de reziden\u0163\u0103, din totalul persoanelor \u00eencadrate \u00een munc\u0103, 478 provin din mediul<br \/>\nurban, iar 791 de persoane sunt din mediul rural.<br \/>\nDin punct de vedere al nivelului de preg\u0103tire al persoanelor pentru care s-a identificat un loc<br \/>\nde munc\u0103, cele mai multe persoane au studii liceale (432), urmate de cele cu studii<br \/>\ngimnaziale (406). Num\u0103rul celor cu studii profesionale este de 338, iar cei cu studii primare<br \/>\nsunt \u00een num\u0103r de 45.<br \/>\nDintre persoanele angajate \u00een perioada men\u0163ionat\u0103, prin intermediul AJOFM Tulcea,<br \/>\n130 de persoane au f\u0103cut parte din categoria persoanelor greu sau foarte greu ocupabile.<br \/>\nPreciz\u0103m c\u0103 \u00eencadrarea \u00eentr-o categorie de ocupabilitate se realizeaz\u0103 ca urmare a activit\u0103\u0163ii<br \/>\nde profilare a persoanelor \u00eenregistrate \u00een eviden\u0163ele noastre.<br \/>\nPentru integrarea pe pia\u0163a muncii, persoanele aflate \u00een c\u0103utarea unui loc de munc\u0103<br \/>\n\u00eenregistrate \u00een baza de date a agen\u0163iei teritoriale pentru ocuparea for\u0163ei de munc\u0103 \u00een a c\u0103rei<br \/>\nraz\u0103 au domiciliul sau re\u015fedin\u0163a beneficiaz\u0103 de pachete personalizate de m\u0103suri active<br \/>\nprev\u0103zute de Legea nr.76\/2002 privind sistemul asigur\u0103rilor pentru \u015fomaj \u015fi stimularea<br \/>\nocup\u0103rii for\u0163ei de munc\u0103, modificat\u0103 \u015fi completat\u0103.<br \/>\nAstfel, \u00een primele 7 luni al anului 2026, num\u0103rul persoanelor care au beneficiat de asisten\u0163\u0103<br \/>\npentru \u00eenregistrarea \u00een eviden\u0163\u0103 ca persoane aflate \u00een c\u0103utarea unui loc de munc\u0103, \u00een vederea<br \/>\nasigur\u0103rii protec\u0163iei sociale privind acordarea indemniza\u0163iei de \u015fomaj sau cuprinderea \u00een<br \/>\nm\u0103suri active, a fost de 2751 de persoane.<br \/>\nPentru mai multe informa\u021bii despre activitatea Agen\u021biei Jude\u021bene pentru Ocuparea For\u021bei de<br \/>\nMunc\u0103 Tulcea, pute\u021bi accesa https:\/\/www.anofm.ro\/tulcea\/.<\/div>\n<p>[analyse_source url=&#8221;https:\/\/infotulcea.ro\/1269-de-persoane-si-au-gasit-un-loc-de-munca-cu-sprijinul-ajofm-tulcea\/&#8221;]<\/p>\n","protected":false},"excerpt":{"rendered":"<p>[analyse_image type=&#8221;featured&#8221; src=&#8221;https:\/\/infotulcea.ro\/wp-content\/uploads\/2026\/08\/ajofm.pnghttps:\/\/infotulcea.ro\/wp-content\/uploads\/2026\/08\/ajofm.png&#8221;] Home\/Comunicate\/1269 de persoane \u015fi-au g\u0103sit un loc de munc\u0103 cu sprijinul AJOFM Tulcea Comunicate 1269 de persoane \u015fi-au g\u0103sit un loc de munc\u0103 cu sprijinul AJOFM Tulcea Redactia19 august 2026 0 400 1 minute read \u00cen primele 7 luni ale anului 2026, ca urmare a implement\u0103rii Programului Na\u0163ional de Ocuparea For\u0163ei de [&hellip;]<\/p>\n","protected":false},"author":1,"featured_media":0,"comment_status":"open","ping_status":"","sticky":false,"template":"","format":"standard","meta":{"footnotes":""},"categories":[89],"tags":[226,221],"class_list":["post-2114791","post","type-post","status-publish","format-standard","hentry","category-romania","tag-crawlmanager","tag-infotulcea-ro"],"_links":{"self":[{"href":"https:\/\/analyse.optim.biz\/index.php?rest_route=\/wp\/v2\/posts\/2114791","targetHints":{"allow":["GET"]}}],"collection":[{"href":"https:\/\/analyse.optim.biz\/index.php?rest_route=\/wp\/v2\/posts"}],"about":[{"href":"https:\/\/analyse.optim.biz\/index.php?rest_route=\/wp\/v2\/types\/post"}],"author":[{"embeddable":true,"href":"https:\/\/analyse.optim.biz\/index.php?rest_route=\/wp\/v2\/users\/1"}],"replies":[{"embeddable":true,"href":"https:\/\/analyse.optim.biz\/index.php?rest_route=%2Fwp%2Fv2%2Fcomments&post=2114791"}],"version-history":[{"count":0,"href":"https:\/\/analyse.optim.biz\/index.php?rest_route=\/wp\/v2\/posts\/2114791\/revisions"}],"wp:attachment":[{"href":"https:\/\/analyse.optim.biz\/index.php?rest_route=%2Fwp%2Fv2%2Fmedia&parent=2114791"}],"wp:term":[{"taxonomy":"category","embeddable":true,"href":"https:\/\/analyse.optim.biz\/index.php?rest_route=%2Fwp%2Fv2%2Fcategories&post=2114791"},{"taxonomy":"post_tag","embeddable":true,"href":"https:\/\/analyse.optim.biz\/index.php?rest_route=%2Fwp%2Fv2%2Ftags&post=2114791"}],"curies":[{"name":"wp","href":"https:\/\/api.w.org\/{rel}","templated":true}]}}