{"id":2114790,"date":"2026-08-18T11:03:05","date_gmt":"2026-08-18T08:03:05","guid":{"rendered":"https:\/\/analyse.optim.biz\/?p=2114790"},"modified":"2026-08-18T11:03:05","modified_gmt":"2026-08-18T08:03:05","slug":"consiliul-consultativ-al-tinerilor-privind-clima-si-mediul-tinerii-implicati-in-deciziile-de-mediu","status":"publish","type":"post","link":"https:\/\/analyse.optim.biz\/?p=2114790","title":{"rendered":"Consiliul Consultativ al Tinerilor privind Clima \u0219i Mediul: tinerii, implica\u021bi \u00een deciziile de mediu"},"content":{"rendered":"<p>[analyse_image type=&#8221;featured&#8221; src=&#8221;https:\/\/infotulcea.ro\/wp-content\/uploads\/2026\/08\/apel-national.pnghttps:\/\/infotulcea.ro\/wp-content\/uploads\/2026\/08\/apel-national.png&#8221;]<\/p>\n<div id=\"content\" class=\"site-content container\">\n<div id=\"main-content-row\" class=\"tie-row main-content-row\">\n<div class=\"main-content tie-col-md-8 tie-col-xs-12\" role=\"main\">\n<article id=\"the-post\" class=\"container-wrapper post-content tie-standard\">\n<header class=\"entry-header-outer\">\n<nav id=\"breadcrumb\"><a href=\"https:\/\/infotulcea.ro\/\"> Home<\/a><em class=\"delimiter\">\/<\/em><a href=\"https:\/\/infotulcea.ro\/categorie\/comunicate\/\">Comunicate<\/a><em class=\"delimiter\">\/<\/em><span class=\"current\">Consiliul Consultativ al Tinerilor privind Clima \u0219i Mediul: tinerii, implica\u021bi \u00een deciziile de mediu<\/span><\/nav>\n<div class=\"entry-header\"><span class=\"post-cat-wrap\"><a class=\"post-cat tie-cat-35\" href=\"https:\/\/infotulcea.ro\/categorie\/comunicate\/\">Comunicate<\/a><\/span><\/p>\n<h1 class=\"post-title entry-title\">\n\t\t\tConsiliul Consultativ al Tinerilor privind Clima \u0219i Mediul: tinerii, implica\u021bi \u00een deciziile de mediu\t\t<\/h1>\n<div class=\"single-post-meta post-meta clearfix\"><span class=\"author-meta single-author no-avatars\"><span class=\"meta-item meta-author-wrapper meta-author-9\"><span class=\"meta-author\"><a href=\"https:\/\/infotulcea.ro\/author\/redactia-2\/\" class=\"author-name tie-icon\" title=\"Redactia\">Redactia<\/a><\/span><\/span><\/span><span class=\"date meta-item tie-icon\">18 august 2026<\/span><\/p>\n<div class=\"tie-alignright\"><span class=\"meta-comment tie-icon meta-item fa-before\">0<\/span><span class=\"meta-views meta-item \"> 303 <\/span><span class=\"meta-reading-time meta-item\"> 1 minute read<\/span><\/div>\n<\/div>\n<\/div>\n<\/header>\n<div class=\"entry-content entry clearfix\">\n<p class=\"isSelectedEnd\"><strong>Ministerul Mediului, Apelor \u0219i P\u0103durilor, Platforma Tinerilor pentru Sustenabilitate \u0219i UNICEF \u00een Rom\u00e2nia lanseaz\u0103 procesul de selec\u021bie pentru Consiliul Consultativ al Tinerilor privind Clima \u0219i Mediul (CCT-CM), un mecanism prin care copiii \u0219i tinerii vor putea contribui la elaborarea politicilor publice din domeniul mediului \u0219i schimb\u0103rilor climatice.<\/strong><\/p>\n<p class=\"isSelectedEnd\">Consiliul va avea <strong>20 de membri<\/strong>, cu v\u00e2rste cuprinse \u00eentre <strong>14 \u0219i 35 de ani<\/strong>, selecta\u021bi din diferite regiuni \u0219i medii sociale din Rom\u00e2nia. CCT-CM va oferi un cadru constant pentru dialog, consultare \u0219i formularea de recomand\u0103ri privind teme precum schimb\u0103rile climatice, biodiversitatea, poluarea, gestionarea de\u0219eurilor, educa\u021bia de mediu \u0219i participarea public\u0103.<\/p>\n<p class=\"isSelectedEnd\">O component\u0103 important\u0103 a activit\u0103\u021bii va fi <strong>comunicarea bazat\u0103 pe \u0219tiin\u021b\u0103, verificarea surselor \u0219i combaterea dezinform\u0103rii<\/strong>. Membrii Consiliului vor putea participa la consult\u0103ri cu institu\u021bii \u0219i exper\u021bi, analiza unor probleme de actualitate, formula recomand\u0103ri de politic\u0103 public\u0103 \u0219i contribui la realizarea unor materiale de informare.<img loading=\"lazy\" decoding=\"async\" class=\"wp-image-40416 aligncenter lazyload\" src=\"https:\/\/infotulcea.ro\/wp-content\/uploads\/2026\/08\/apel-national-500x185.png\" alt width=\"649\" height=\"240\" data-max-width=\"649\"><\/p>\n<p><img loading=\"lazy\" decoding=\"async\" class=\" wp-image-40416 aligncenter\" src=\"https:\/\/infotulcea.ro\/wp-content\/uploads\/2026\/08\/apel-national-500x185.png\" alt width=\"649\" height=\"240\"><\/p>\n<h2>Cine poate aplica<\/h2>\n<p class=\"isSelectedEnd\">Pot candida tineri cu v\u00e2rste \u00eentre <strong>14 \u0219i 35 de ani<\/strong>, care locuiesc \u00een Rom\u00e2nia \u0219i sunt interesa\u021bi de clim\u0103, mediu, participare civic\u0103, comunicare sau educa\u021bie.<\/p>\n<p class=\"isSelectedEnd\">Nu este necesar\u0103 experien\u021ba profesional\u0103 anterioar\u0103 \u00een domeniu. Selec\u021bia va \u021bine cont de motiva\u021bie, capacitatea de analiz\u0103 \u0219i argumentare, g\u00e2ndirea critic\u0103, interesul pentru verificarea informa\u021biilor, disponibilitatea de implicare \u0219i capacitatea de colaborare.<\/p>\n<p class=\"isSelectedEnd\">Componen\u021ba Consiliului va urm\u0103ri reprezentarea c\u00e2t mai divers\u0103 a tinerilor, inclusiv din mediul urban \u0219i rural \u0219i din regiuni \u0219i categorii de v\u00e2rst\u0103 diferite.<\/p>\n<h2>Calendarul selec\u021biei<\/h2>\n<ul data-spread=\"false\">\n<li><strong>31 august 2026, ora 23:59<\/strong> \u2013 termenul-limit\u0103 pentru depunerea aplica\u021biilor;<\/li>\n<li><strong>1\u20134 septembrie<\/strong> \u2013 evaluarea aplica\u021biilor;<\/li>\n<li><strong>8\u201311 septembrie<\/strong> \u2013 interviurile pentru candida\u021bii selecta\u021bi pe lista scurt\u0103;<\/li>\n<li><strong>12 septembrie<\/strong> \u2013 anun\u021barea celor 20 de membri;<\/li>\n<li><strong>14\u201318 septembrie<\/strong> \u2013 prima \u00eent\u00e2lnire fizic\u0103 a Consiliului.<\/li>\n<\/ul>\n<p class=\"isSelectedEnd\">Cheltuielile pentru participarea la prima \u00eent\u00e2lnire, inclusiv transportul \u0219i cazarea pentru participan\u021bii din afara localit\u0103\u021bii, vor fi suportate de organizatori.<\/p>\n<p class=\"isSelectedEnd\">Formularul de \u00eenscriere este disponibil la: <a href=\"https:\/\/forms.gle\/GMhjKeGhEvFaF1db8\" data-rich-text-autolink>https:\/\/forms.gle\/GMhjKeGhEvFaF1db8<\/a><\/p>\n<p>CCT-CM este dezvoltat prin colaborarea dintre Ministerul Mediului, Apelor \u0219i P\u0103durilor, Platforma Tinerilor pentru Sustenabilitate \u0219i UNICEF \u00een Rom\u00e2nia.<\/p>\n<\/div>\n<div id=\"post-extra-info\">\n<div class=\"theiaStickySidebar\">\n<div class=\"single-post-meta post-meta clearfix\"><span class=\"author-meta single-author no-avatars\"><span class=\"meta-item meta-author-wrapper meta-author-9\"><span class=\"meta-author\"><a href=\"https:\/\/infotulcea.ro\/author\/redactia-2\/\" class=\"author-name tie-icon\" title=\"Redactia\">Redactia<\/a><\/span><\/span><\/span><span class=\"date meta-item tie-icon\">18 august 2026<\/span><\/p>\n<div class=\"tie-alignright\"><span class=\"meta-comment tie-icon meta-item fa-before\">0<\/span><span class=\"meta-views meta-item \"> 303 <\/span><span class=\"meta-reading-time meta-item\"> 1 minute read<\/span><\/div>\n<\/div>\n<\/div>\n<\/div>\n<div id=\"share-buttons-bottom\" class=\"share-buttons share-buttons-bottom\">\n<div class=\"share-links  icons-only\">\n<div class=\"share-title\"><span> Share<\/span><\/div>\n<p><a href=\"https:\/\/www.facebook.com\/sharer.php?u=https:\/\/infotulcea.ro\/consiliul-consultativ-al-tinerilor-privind-clima-si-mediul-tinerii-implicati-in-deciziile-de-mediu\/\" rel=\"external noopener nofollow\" title=\"Facebook\" target=\"_blank\" class=\"facebook-share-btn \" data-raw=\"https:\/\/www.facebook.com\/sharer.php?u={post_link}\"><span class=\"screen-reader-text\">Facebook<\/span><\/a><a href=\"https:\/\/twitter.com\/intent\/tweet?text=Consiliul%20Consultativ%20al%20Tinerilor%20privind%20Clima%20%C8%99i%20Mediul%3A%20tinerii%2C%20implica%C8%9Bi%20%C3%AEn%20deciziile%20de%20mediu&amp;url=https:\/\/infotulcea.ro\/consiliul-consultativ-al-tinerilor-privind-clima-si-mediul-tinerii-implicati-in-deciziile-de-mediu\/\" rel=\"external noopener nofollow\" title=\"X\" target=\"_blank\" class=\"twitter-share-btn \" data-raw=\"https:\/\/twitter.com\/intent\/tweet?text={post_title}&amp;url={post_link}\"><span class=\"screen-reader-text\">X<\/span><\/a><a href=\"https:\/\/api.whatsapp.com\/send?text=Consiliul%20Consultativ%20al%20Tinerilor%20privind%20Clima%20%C8%99i%20Mediul%3A%20tinerii%2C%20implica%C8%9Bi%20%C3%AEn%20deciziile%20de%20mediu%20https:\/\/infotulcea.ro\/consiliul-consultativ-al-tinerilor-privind-clima-si-mediul-tinerii-implicati-in-deciziile-de-mediu\/\" rel=\"external noopener nofollow\" title=\"WhatsApp\" target=\"_blank\" class=\"whatsapp-share-btn \" data-raw=\"https:\/\/api.whatsapp.com\/send?text={post_title}%20{post_link}\"><span class=\"screen-reader-text\">WhatsApp<\/span><\/a><a href=\"https:\/\/telegram.me\/share\/url?url=https:\/\/infotulcea.ro\/consiliul-consultativ-al-tinerilor-privind-clima-si-mediul-tinerii-implicati-in-deciziile-de-mediu\/&amp;text=Consiliul%20Consultativ%20al%20Tinerilor%20privind%20Clima%20%C8%99i%20Mediul%3A%20tinerii%2C%20implica%C8%9Bi%20%C3%AEn%20deciziile%20de%20mediu\" rel=\"external noopener nofollow\" title=\"Telegram\" target=\"_blank\" class=\"telegram-share-btn \" data-raw=\"https:\/\/telegram.me\/share\/url?url={post_link}&amp;text={post_title}\"><span class=\"screen-reader-text\">Telegram<\/span><\/a><a href=\"mailto:?subject=Consiliul%20Consultativ%20al%20Tinerilor%20privind%20Clima%20%C8%99i%20Mediul%3A%20tinerii%2C%20implica%C8%9Bi%20%C3%AEn%20deciziile%20de%20mediu&amp;body=https:\/\/infotulcea.ro\/consiliul-consultativ-al-tinerilor-privind-clima-si-mediul-tinerii-implicati-in-deciziile-de-mediu\/\" rel=\"external noopener nofollow\" title=\"Share via Email\" target=\"_blank\" class=\"email-share-btn \" data-raw=\"mailto:?subject={post_title}&amp;body={post_link}\"><span class=\"screen-reader-text\">Share via Email<\/span><\/a><a href=\"https:\/\/infotulcea.ro\/consiliul-consultativ-al-tinerilor-privind-clima-si-mediul-tinerii-implicati-in-deciziile-de-mediu\/\" rel=\"external noopener nofollow\" title=\"Print\" target=\"_blank\" class=\"print-share-btn \" data-raw=\"#\"><span class=\"screen-reader-text\">Print<\/span><\/a><\/div>\n<\/div>\n<\/article>\n<div class=\"post-components\">\n<div id=\"related-posts\" class=\"container-wrapper has-extra-post\">\n<div class=\"mag-box-title the-global-title\">\n<h3>Related Articles<\/h3>\n<\/div>\n<div class=\"related-posts-list\">\n<div class=\"related-item tie-standard\"><a aria-label=\"Apel c\u0103tre fermierii tulceni: PROTEST \u00ceN VAMA ISACCEA \u2013 vineri, 7 aprilie 2023, ora 12!\" href=\"https:\/\/infotulcea.ro\/apel-catre-fermierii-tulceni-protest-in-vama-isaccea-vineri-7-aprilie-2023-ora-12\/\" class=\"post-thumb\"><source sizes=\"(max-width: 390px) 100vw, 390px\" type=\"image\/webp\" data-srcset=\"https:\/\/infotulcea.ro\/wp-content\/uploads\/2023\/04\/tractoare-390x220.jpeg.webp 390w, https:\/\/infotulcea.ro\/wp-content\/uploads\/2023\/04\/tractoare-300x169.jpeg.webp 300w, https:\/\/infotulcea.ro\/wp-content\/uploads\/2023\/04\/tractoare.jpeg.webp 637w\" \/><img loading=\"lazy\" decoding=\"async\" width=\"390\" height=\"220\" src=\"https:\/\/infotulcea.ro\/wp-content\/uploads\/2023\/04\/tractoare-390x220.jpeg\" class=\"attachment-jannah-image-large size-jannah-image-large wp-post-image\" alt><\/a><\/p>\n<h3 class=\"post-title\"><a href=\"https:\/\/infotulcea.ro\/apel-catre-fermierii-tulceni-protest-in-vama-isaccea-vineri-7-aprilie-2023-ora-12\/\">Apel c\u0103tre fermierii tulceni: PROTEST \u00ceN VAMA ISACCEA \u2013 vineri, 7 aprilie 2023, ora 12!<\/a><\/h3>\n<div class=\"post-meta clearfix\"><span class=\"date meta-item tie-icon\">5 aprilie 2023<\/span><\/div>\n<\/div>\n<div class=\"related-item tie-standard\"><a aria-label=\"Peste o mie de tulceni s-au asigurat \u00een baza depunerii Declara\u021biei Unice (212)!\" href=\"https:\/\/infotulcea.ro\/peste-o-mie-de-tulceni-s-au-asigurat-in-baza-depunerii-declaratiei-unice-212\/\" class=\"post-thumb\"><source type=\"image\/webp\" data-srcset=\"https:\/\/infotulcea.ro\/wp-content\/uploads\/2025\/05\/cas-tulcea-390x220.jpg.webp\" \/><img loading=\"lazy\" decoding=\"async\" width=\"390\" height=\"220\" src=\"https:\/\/infotulcea.ro\/wp-content\/uploads\/2025\/05\/cas-tulcea-390x220.jpg\" class=\"attachment-jannah-image-large size-jannah-image-large wp-post-image\" alt><\/a><\/p>\n<h3 class=\"post-title\"><a href=\"https:\/\/infotulcea.ro\/peste-o-mie-de-tulceni-s-au-asigurat-in-baza-depunerii-declaratiei-unice-212\/\">Peste o mie de tulceni s-au asigurat \u00een baza depunerii Declara\u021biei Unice (212)!<\/a><\/h3>\n<div class=\"post-meta clearfix\"><span class=\"date meta-item tie-icon\">19 septembrie 2025<\/span><\/div>\n<\/div>\n<div class=\"related-item tie-standard\">\n<h3 class=\"post-title\"><a href=\"https:\/\/infotulcea.ro\/inspectoratul-teritorial-de-munca-tulcea-a-desfasurat-in-luna-mai-2026-140-actiuni-de-control\/\">Inspectoratul Teritorial de Munc\u0103 Tulcea a desf\u0103\u015furat, \u00een luna mai 2026, 140 ac\u0163iuni de control<\/a><\/h3>\n<div class=\"post-meta clearfix\"><span class=\"date meta-item tie-icon\">19 iunie 2026<\/span><\/div>\n<\/div>\n<div class=\"related-item tie-standard\"><a aria-label=\"DANUBE DELTA CUP INTERNATIONAL \u2013 2026 \u00a0\u00a0\u00a0\u00a0\u00a0\u00a0\u00a0\u00a0\u00a0\u00a0\u00a0\u00a0\u00a0\u00a0\u00a0\u00a0\u00a0\u00a0\u00a0 EDITIA A 12 \u2013A\" href=\"https:\/\/infotulcea.ro\/danube-delta-cup-international-2026-editia-a-12-a\/\" class=\"post-thumb\"><source sizes=\"(max-width: 390px) 100vw, 390px\" type=\"image\/webp\" data-srcset=\"https:\/\/infotulcea.ro\/wp-content\/uploads\/2026\/06\/panuta-2-390x220.jpeg.webp 390w, https:\/\/infotulcea.ro\/wp-content\/uploads\/2026\/06\/panuta-2-500x281.jpeg.webp 500w, https:\/\/infotulcea.ro\/wp-content\/uploads\/2026\/06\/panuta-2-1024x576.jpeg.webp 1024w, https:\/\/infotulcea.ro\/wp-content\/uploads\/2026\/06\/panuta-2-768x432.jpeg.webp 768w, https:\/\/infotulcea.ro\/wp-content\/uploads\/2026\/06\/panuta-2.jpeg.webp 1080w\" \/><img loading=\"lazy\" decoding=\"async\" width=\"390\" height=\"220\" src=\"https:\/\/infotulcea.ro\/wp-content\/uploads\/2026\/06\/panuta-2-390x220.jpeg\" class=\"attachment-jannah-image-large size-jannah-image-large wp-post-image\" alt><\/a><\/p>\n<h3 class=\"post-title\"><a href=\"https:\/\/infotulcea.ro\/danube-delta-cup-international-2026-editia-a-12-a\/\">DANUBE DELTA CUP INTERNATIONAL \u2013 2026 \u00a0\u00a0\u00a0\u00a0\u00a0\u00a0\u00a0\u00a0\u00a0\u00a0\u00a0\u00a0\u00a0\u00a0\u00a0\u00a0\u00a0\u00a0\u00a0 EDITIA A 12 \u2013A<\/a><\/h3>\n<div class=\"post-meta clearfix\"><span class=\"date meta-item tie-icon\">1 iunie 2026<\/span><\/div>\n<\/div>\n<\/div>\n<\/div>\n<div id=\"comments\" class=\"comments-area\">\n<div id=\"add-comment-block\" class=\"container-wrapper\">\n<div id=\"respond\" class=\"comment-respond\">\n<h3 id=\"reply-title\" class=\"comment-reply-title the-global-title\">Las\u0103 un r\u0103spuns <small><a rel=\"nofollow\" id=\"cancel-comment-reply-link\" href=\"https:\/\/infotulcea.ro\/consiliul-consultativ-al-tinerilor-privind-clima-si-mediul-tinerii-implicati-in-deciziile-de-mediu\/#respond\">Anuleaz\u0103 r\u0103spunsul<\/a><\/small><\/h3>\n<p class=\"comment-notes\"><span id=\"email-notes\">Adresa ta de email nu va fi publicat\u0103.<\/span><span class=\"required-field-message\">C\u00e2mpurile obligatorii sunt marcate cu <span class=\"required\">*<\/span><\/span><\/p>\n<\/div>\n<\/div>\n<\/div>\n<\/div>\n<\/div>\n<div id=\"check-also-box\" class=\"container-wrapper check-also-right\">\n<div class=\"widget-title the-global-title\">\n<div class=\"the-subtitle\">Check Also<\/div>\n<p><a href=\"https:\/\/infotulcea.ro\/consiliul-consultativ-al-tinerilor-privind-clima-si-mediul-tinerii-implicati-in-deciziile-de-mediu\/\" id=\"check-also-close\" class=\"remove\"><span class=\"screen-reader-text\">Close<\/span><\/a><\/div>\n<div class=\"widget posts-list-big-first has-first-big-post\">\n<ul class=\"posts-list-items\">\n<li class=\"widget-single-post-item widget-post-list tie-standard\">\n<div class=\"post-widget-thumbnail\"><a aria-label=\"Pe\u0219te f\u0103r\u0103 documente descoperit \u00eentr-o ma\u0219in\u0103 a unui b\u0103rbat din Buz\u0103u!\" href=\"https:\/\/infotulcea.ro\/peste-fara-documente-descoperit-intr-o-masina-a-unui-barbat-din-buzau\/\" class=\"post-thumb\"><span class=\"post-cat-wrap\"><span class=\"post-cat tie-cat-35\">Comunicate<\/span><\/span><source type=\"image\/webp\" data-srcset=\"https:\/\/infotulcea.ro\/wp-content\/uploads\/2023\/02\/IMG-20230224-WA0000-390x220.jpg.webp\" \/><img loading=\"lazy\" decoding=\"async\" width=\"390\" height=\"220\" src=\"https:\/\/infotulcea.ro\/wp-content\/uploads\/2023\/02\/IMG-20230224-WA0000-390x220.jpg\" class=\"attachment-jannah-image-large size-jannah-image-large wp-post-image\" alt><\/a><\/div>\n<div class=\"post-widget-body \"><a class=\"post-title the-subtitle\" href=\"https:\/\/infotulcea.ro\/peste-fara-documente-descoperit-intr-o-masina-a-unui-barbat-din-buzau\/\">Pe\u0219te f\u0103r\u0103 documente descoperit \u00eentr-o ma\u0219in\u0103 a unui b\u0103rbat din Buz\u0103u!<\/a><\/p>\n<div class=\"post-meta\"><span class=\"date meta-item tie-icon\">24 februarie 2023<\/span><\/div>\n<\/div>\n<\/li>\n<\/ul>\n<\/div>\n<\/div>\n<aside class=\"sidebar tie-col-md-4 tie-col-xs-12 normal-side is-sticky\" aria-label=\"Primary Sidebar\">\n<div class=\"theiaStickySidebar\">\n<div id=\"media_image-19\" class=\"container-wrapper widget widget_media_image\"><a href=\"https:\/\/infotulcea.ro\/delta-dunarii-mai-accesibila-navrom-delta-creste-numarul-curselor-regulate-de-la-1-mai-2025\/\"><source sizes=\"(max-width: 500px) 100vw, 500px\" type=\"image\/webp\" data-srcset=\"https:\/\/infotulcea.ro\/wp-content\/uploads\/2025\/04\/navrom-delta-500x271.jpg.webp 500w, https:\/\/infotulcea.ro\/wp-content\/uploads\/2025\/04\/navrom-delta-1024x555.jpg.webp 1024w, https:\/\/infotulcea.ro\/wp-content\/uploads\/2025\/04\/navrom-delta-768x416.jpg.webp 768w, https:\/\/infotulcea.ro\/wp-content\/uploads\/2025\/04\/navrom-delta.jpg.webp 1080w\" \/><img loading=\"lazy\" decoding=\"async\" width=\"500\" height=\"271\" src=\"https:\/\/infotulcea.ro\/wp-content\/uploads\/2025\/04\/navrom-delta-500x271.jpg\" class=\"image wp-image-34487  attachment-medium size-medium\" alt><\/a><\/div>\n<div id=\"media_image-17\" class=\"container-wrapper widget widget_media_image\"><a href=\"https:\/\/www.facebook.com\/share\/p\/1DGAD1tLWN\/?mibextid=wwXIfr\" target=\"_blank\"><source sizes=\"(max-width: 500px) 100vw, 500px\" type=\"image\/webp\" data-srcset=\"https:\/\/infotulcea.ro\/wp-content\/uploads\/2026\/01\/IMG_1563-500x500.jpeg.webp 500w, https:\/\/infotulcea.ro\/wp-content\/uploads\/2026\/01\/IMG_1563-1024x1024.jpeg.webp 1024w, https:\/\/infotulcea.ro\/wp-content\/uploads\/2026\/01\/IMG_1563-250x250.jpeg.webp 250w, https:\/\/infotulcea.ro\/wp-content\/uploads\/2026\/01\/IMG_1563-768x768.jpeg.webp 768w, https:\/\/infotulcea.ro\/wp-content\/uploads\/2026\/01\/IMG_1563.jpeg.webp 1080w\" \/><img loading=\"lazy\" decoding=\"async\" width=\"500\" height=\"500\" src=\"https:\/\/infotulcea.ro\/wp-content\/uploads\/2026\/01\/IMG_1563-500x500.jpeg\" class=\"image wp-image-37932  attachment-medium size-medium\" alt title=\"Centrale pe lemne\"><\/a><\/div>\n<div id=\"media_image-18\" class=\"container-wrapper widget widget_media_image\"><a href=\"https:\/\/www.licitatia.ro\/site\/index-guest\"><img loading=\"lazy\" decoding=\"async\" width=\"500\" height=\"262\" src=\"https:\/\/infotulcea.ro\/wp-content\/uploads\/2025\/09\/licitatia-500x262.png\" class=\"image wp-image-36670  attachment-medium size-medium lazyload\" alt data-max-width=\"500\"><img loading=\"lazy\" decoding=\"async\" width=\"500\" height=\"262\" src=\"https:\/\/infotulcea.ro\/wp-content\/uploads\/2025\/09\/licitatia-500x262.png\" class=\"image wp-image-36670  attachment-medium size-medium\" alt><\/a><\/div>\n<div id=\"media_image-27\" class=\"container-wrapper widget widget_media_image\"><a href=\"https:\/\/www.centrale-lemne-liepsnele.ro\/\"><img loading=\"lazy\" decoding=\"async\" width=\"500\" height=\"500\" src=\"https:\/\/infotulcea.ro\/wp-content\/uploads\/2025\/09\/Centrale-pe-Lemne-Liepsnele-500x500.png\" class=\"image wp-image-36541  attachment-medium size-medium lazyload\" alt=\"Centrala pe lemne\" data-max-width=\"500\"><img loading=\"lazy\" decoding=\"async\" width=\"500\" height=\"500\" src=\"https:\/\/infotulcea.ro\/wp-content\/uploads\/2025\/09\/Centrale-pe-Lemne-Liepsnele-500x500.png\" class=\"image wp-image-36541  attachment-medium size-medium\" alt=\"Centrala pe lemne\"><\/a><\/div>\n<div id=\"media_image-28\" class=\"container-wrapper widget widget_media_image\"><a href=\"https:\/\/infotulcea.ro\/angajeaza-te-ro-platforma-ta-online-de-angajari-si-forta-de-munca\/\"><source sizes=\"(max-width: 500px) 100vw, 500px\" type=\"image\/webp\" data-srcset=\"https:\/\/infotulcea.ro\/wp-content\/uploads\/2025\/04\/banner-angajazate-1-500x305.jpg.webp 500w, https:\/\/infotulcea.ro\/wp-content\/uploads\/2025\/04\/banner-angajazate-1-1024x625.jpg.webp 1024w, https:\/\/infotulcea.ro\/wp-content\/uploads\/2025\/04\/banner-angajazate-1-768x469.jpg.webp 768w, https:\/\/infotulcea.ro\/wp-content\/uploads\/2025\/04\/banner-angajazate-1.jpg.webp 1080w\" \/><img loading=\"lazy\" decoding=\"async\" width=\"500\" height=\"305\" src=\"https:\/\/infotulcea.ro\/wp-content\/uploads\/2025\/04\/banner-angajazate-1-500x305.jpg\" class=\"image wp-image-34317  attachment-medium size-medium\" alt><\/a><\/div>\n<\/div>\n<\/aside>\n<\/div>\n<\/div>\n<div class=\"entry-content entry clearfix\">\n<p class=\"isSelectedEnd\"><strong>Ministerul Mediului, Apelor \u0219i P\u0103durilor, Platforma Tinerilor pentru Sustenabilitate \u0219i UNICEF \u00een Rom\u00e2nia lanseaz\u0103 procesul de selec\u021bie pentru Consiliul Consultativ al Tinerilor privind Clima \u0219i Mediul (CCT-CM), un mecanism prin care copiii \u0219i tinerii vor putea contribui la elaborarea politicilor publice din domeniul mediului \u0219i schimb\u0103rilor climatice.<\/strong><\/p>\n<p class=\"isSelectedEnd\">Consiliul va avea <strong>20 de membri<\/strong>, cu v\u00e2rste cuprinse \u00eentre <strong>14 \u0219i 35 de ani<\/strong>, selecta\u021bi din diferite regiuni \u0219i medii sociale din Rom\u00e2nia. CCT-CM va oferi un cadru constant pentru dialog, consultare \u0219i formularea de recomand\u0103ri privind teme precum schimb\u0103rile climatice, biodiversitatea, poluarea, gestionarea de\u0219eurilor, educa\u021bia de mediu \u0219i participarea public\u0103.<\/p>\n<p class=\"isSelectedEnd\">O component\u0103 important\u0103 a activit\u0103\u021bii va fi <strong>comunicarea bazat\u0103 pe \u0219tiin\u021b\u0103, verificarea surselor \u0219i combaterea dezinform\u0103rii<\/strong>. Membrii Consiliului vor putea participa la consult\u0103ri cu institu\u021bii \u0219i exper\u021bi, analiza unor probleme de actualitate, formula recomand\u0103ri de politic\u0103 public\u0103 \u0219i contribui la realizarea unor materiale de informare.<img loading=\"lazy\" decoding=\"async\" class=\"wp-image-40416 aligncenter lazyload\" src=\"https:\/\/infotulcea.ro\/wp-content\/uploads\/2026\/08\/apel-national-500x185.png\" alt width=\"649\" height=\"240\" data-max-width=\"649\"><\/p>\n<p><img loading=\"lazy\" decoding=\"async\" class=\" wp-image-40416 aligncenter\" src=\"https:\/\/infotulcea.ro\/wp-content\/uploads\/2026\/08\/apel-national-500x185.png\" alt width=\"649\" height=\"240\"><\/p>\n<h2>Cine poate aplica<\/h2>\n<p class=\"isSelectedEnd\">Pot candida tineri cu v\u00e2rste \u00eentre <strong>14 \u0219i 35 de ani<\/strong>, care locuiesc \u00een Rom\u00e2nia \u0219i sunt interesa\u021bi de clim\u0103, mediu, participare civic\u0103, comunicare sau educa\u021bie.<\/p>\n<p class=\"isSelectedEnd\">Nu este necesar\u0103 experien\u021ba profesional\u0103 anterioar\u0103 \u00een domeniu. Selec\u021bia va \u021bine cont de motiva\u021bie, capacitatea de analiz\u0103 \u0219i argumentare, g\u00e2ndirea critic\u0103, interesul pentru verificarea informa\u021biilor, disponibilitatea de implicare \u0219i capacitatea de colaborare.<\/p>\n<p class=\"isSelectedEnd\">Componen\u021ba Consiliului va urm\u0103ri reprezentarea c\u00e2t mai divers\u0103 a tinerilor, inclusiv din mediul urban \u0219i rural \u0219i din regiuni \u0219i categorii de v\u00e2rst\u0103 diferite.<\/p>\n<h2>Calendarul selec\u021biei<\/h2>\n<ul data-spread=\"false\">\n<li><strong>31 august 2026, ora 23:59<\/strong> \u2013 termenul-limit\u0103 pentru depunerea aplica\u021biilor;<\/li>\n<li><strong>1\u20134 septembrie<\/strong> \u2013 evaluarea aplica\u021biilor;<\/li>\n<li><strong>8\u201311 septembrie<\/strong> \u2013 interviurile pentru candida\u021bii selecta\u021bi pe lista scurt\u0103;<\/li>\n<li><strong>12 septembrie<\/strong> \u2013 anun\u021barea celor 20 de membri;<\/li>\n<li><strong>14\u201318 septembrie<\/strong> \u2013 prima \u00eent\u00e2lnire fizic\u0103 a Consiliului.<\/li>\n<\/ul>\n<p class=\"isSelectedEnd\">Cheltuielile pentru participarea la prima \u00eent\u00e2lnire, inclusiv transportul \u0219i cazarea pentru participan\u021bii din afara localit\u0103\u021bii, vor fi suportate de organizatori.<\/p>\n<p class=\"isSelectedEnd\">Formularul de \u00eenscriere este disponibil la: <a href=\"https:\/\/forms.gle\/GMhjKeGhEvFaF1db8\" data-rich-text-autolink>https:\/\/forms.gle\/GMhjKeGhEvFaF1db8<\/a><\/p>\n<p>CCT-CM este dezvoltat prin colaborarea dintre Ministerul Mediului, Apelor \u0219i P\u0103durilor, Platforma Tinerilor pentru Sustenabilitate \u0219i UNICEF \u00een Rom\u00e2nia.<\/p>\n<\/div>\n<div class=\"articleBody\" data-key=\"articleBody\">Ministerul Mediului, Apelor \u0219i P\u0103durilor, Platforma Tinerilor pentru Sustenabilitate \u0219i UNICEF \u00een Rom\u00e2nia lanseaz\u0103 procesul de selec\u021bie pentru Consiliul Consultativ al Tinerilor privind Clima \u0219i Mediul (CCT-CM), un mecanism prin care copiii \u0219i tinerii vor putea contribui la elaborarea politicilor publice din domeniul mediului \u0219i schimb\u0103rilor climatice.<br \/>\nConsiliul va avea 20 de membri, cu v\u00e2rste cuprinse \u00eentre 14 \u0219i 35 de ani, selecta\u021bi din diferite regiuni \u0219i medii sociale din Rom\u00e2nia. CCT-CM va oferi un cadru constant pentru dialog, consultare \u0219i formularea de recomand\u0103ri privind teme precum schimb\u0103rile climatice, biodiversitatea, poluarea, gestionarea de\u0219eurilor, educa\u021bia de mediu \u0219i participarea public\u0103.<br \/>\nO component\u0103 important\u0103 a activit\u0103\u021bii va fi comunicarea bazat\u0103 pe \u0219tiin\u021b\u0103, verificarea surselor \u0219i combaterea dezinform\u0103rii. Membrii Consiliului vor putea participa la consult\u0103ri cu institu\u021bii \u0219i exper\u021bi, analiza unor probleme de actualitate, formula recomand\u0103ri de politic\u0103 public\u0103 \u0219i contribui la realizarea unor materiale de informare.<\/p>\n<p>Cine poate aplica<br \/>\nPot candida tineri cu v\u00e2rste \u00eentre 14 \u0219i 35 de ani, care locuiesc \u00een Rom\u00e2nia \u0219i sunt interesa\u021bi de clim\u0103, mediu, participare civic\u0103, comunicare sau educa\u021bie.<br \/>\nNu este necesar\u0103 experien\u021ba profesional\u0103 anterioar\u0103 \u00een domeniu. Selec\u021bia va \u021bine cont de motiva\u021bie, capacitatea de analiz\u0103 \u0219i argumentare, g\u00e2ndirea critic\u0103, interesul pentru verificarea informa\u021biilor, disponibilitatea de implicare \u0219i capacitatea de colaborare.<br \/>\nComponen\u021ba Consiliului va urm\u0103ri reprezentarea c\u00e2t mai divers\u0103 a tinerilor, inclusiv din mediul urban \u0219i rural \u0219i din regiuni \u0219i categorii de v\u00e2rst\u0103 diferite.<\/p>\n<p>Calendarul selec\u021biei<\/p>\n<p> \t31 august 2026, ora 23:59 \u2013 termenul-limit\u0103 pentru depunerea aplica\u021biilor;<br \/>\n \t1\u20134 septembrie \u2013 evaluarea aplica\u021biilor;<br \/>\n \t8\u201311 septembrie \u2013 interviurile pentru candida\u021bii selecta\u021bi pe lista scurt\u0103;<br \/>\n \t12 septembrie \u2013 anun\u021barea celor 20 de membri;<br \/>\n \t14\u201318 septembrie \u2013 prima \u00eent\u00e2lnire fizic\u0103 a Consiliului.<\/p>\n<p>Cheltuielile pentru participarea la prima \u00eent\u00e2lnire, inclusiv transportul \u0219i cazarea pentru participan\u021bii din afara localit\u0103\u021bii, vor fi suportate de organizatori.<br \/>\nFormularul de \u00eenscriere este disponibil la: https:\/\/forms.gle\/GMhjKeGhEvFaF1db8<br \/>\nCCT-CM este dezvoltat prin colaborarea dintre Ministerul Mediului, Apelor \u0219i P\u0103durilor, Platforma Tinerilor pentru Sustenabilitate \u0219i UNICEF \u00een Rom\u00e2nia.<\/p><\/div>\n<p>[analyse_source url=&#8221;https:\/\/infotulcea.ro\/consiliul-consultativ-al-tinerilor-privind-clima-si-mediul-tinerii-implicati-in-deciziile-de-mediu\/&#8221;]<\/p>\n","protected":false},"excerpt":{"rendered":"<p>[analyse_image type=&#8221;featured&#8221; src=&#8221;https:\/\/infotulcea.ro\/wp-content\/uploads\/2026\/08\/apel-national.pnghttps:\/\/infotulcea.ro\/wp-content\/uploads\/2026\/08\/apel-national.png&#8221;] Home\/Comunicate\/Consiliul Consultativ al Tinerilor privind Clima \u0219i Mediul: tinerii, implica\u021bi \u00een deciziile de mediu Comunicate Consiliul Consultativ al Tinerilor privind Clima \u0219i Mediul: tinerii, implica\u021bi \u00een deciziile de mediu Redactia18 august 2026 0 303 1 minute read Ministerul Mediului, Apelor \u0219i P\u0103durilor, Platforma Tinerilor pentru Sustenabilitate \u0219i UNICEF \u00een Rom\u00e2nia lanseaz\u0103 procesul [&hellip;]<\/p>\n","protected":false},"author":1,"featured_media":0,"comment_status":"open","ping_status":"","sticky":false,"template":"","format":"standard","meta":{"footnotes":""},"categories":[89],"tags":[226,221],"class_list":["post-2114790","post","type-post","status-publish","format-standard","hentry","category-romania","tag-crawlmanager","tag-infotulcea-ro"],"_links":{"self":[{"href":"https:\/\/analyse.optim.biz\/index.php?rest_route=\/wp\/v2\/posts\/2114790","targetHints":{"allow":["GET"]}}],"collection":[{"href":"https:\/\/analyse.optim.biz\/index.php?rest_route=\/wp\/v2\/posts"}],"about":[{"href":"https:\/\/analyse.optim.biz\/index.php?rest_route=\/wp\/v2\/types\/post"}],"author":[{"embeddable":true,"href":"https:\/\/analyse.optim.biz\/index.php?rest_route=\/wp\/v2\/users\/1"}],"replies":[{"embeddable":true,"href":"https:\/\/analyse.optim.biz\/index.php?rest_route=%2Fwp%2Fv2%2Fcomments&post=2114790"}],"version-history":[{"count":0,"href":"https:\/\/analyse.optim.biz\/index.php?rest_route=\/wp\/v2\/posts\/2114790\/revisions"}],"wp:attachment":[{"href":"https:\/\/analyse.optim.biz\/index.php?rest_route=%2Fwp%2Fv2%2Fmedia&parent=2114790"}],"wp:term":[{"taxonomy":"category","embeddable":true,"href":"https:\/\/analyse.optim.biz\/index.php?rest_route=%2Fwp%2Fv2%2Fcategories&post=2114790"},{"taxonomy":"post_tag","embeddable":true,"href":"https:\/\/analyse.optim.biz\/index.php?rest_route=%2Fwp%2Fv2%2Ftags&post=2114790"}],"curies":[{"name":"wp","href":"https:\/\/api.w.org\/{rel}","templated":true}]}}