{"id":2114788,"date":"2026-08-22T10:10:18","date_gmt":"2026-08-22T07:10:18","guid":{"rendered":"https:\/\/analyse.optim.biz\/?p=2114788"},"modified":"2026-08-22T10:10:18","modified_gmt":"2026-08-22T07:10:18","slug":"palatul-parlamentului-in-culorile-ucrainei","status":"publish","type":"post","link":"https:\/\/analyse.optim.biz\/?p=2114788","title":{"rendered":"Palatul Parlamentului, \u00een culorile Ucrainei"},"content":{"rendered":"<p>[analyse_image type=&#8221;featured&#8221; src=&#8221;https:\/\/infotulcea.ro\/wp-content\/uploads\/2026\/08\/ucr.pnghttps:\/\/infotulcea.ro\/wp-content\/uploads\/2026\/08\/ucr.png&#8221;]<\/p>\n<div id=\"content\" class=\"site-content container\">\n<div id=\"main-content-row\" class=\"tie-row main-content-row\">\n<div class=\"main-content tie-col-md-8 tie-col-xs-12\" role=\"main\">\n<article id=\"the-post\" class=\"container-wrapper post-content tie-standard\">\n<header class=\"entry-header-outer\">\n<nav id=\"breadcrumb\"><a href=\"https:\/\/infotulcea.ro\/\"> Home<\/a><em class=\"delimiter\">\/<\/em><a href=\"https:\/\/infotulcea.ro\/categorie\/comunicate\/\">Comunicate<\/a><em class=\"delimiter\">\/<\/em><span class=\"current\">Palatul Parlamentului, \u00een culorile Ucrainei<\/span><\/nav>\n<div class=\"entry-header\"><span class=\"post-cat-wrap\"><a class=\"post-cat tie-cat-35\" href=\"https:\/\/infotulcea.ro\/categorie\/comunicate\/\">Comunicate<\/a><\/span><\/p>\n<h1 class=\"post-title entry-title\">\n\t\t\tPalatul Parlamentului, \u00een culorile Ucrainei\t\t<\/h1>\n<div class=\"single-post-meta post-meta clearfix\"><span class=\"author-meta single-author no-avatars\"><span class=\"meta-item meta-author-wrapper meta-author-9\"><span class=\"meta-author\"><a href=\"https:\/\/infotulcea.ro\/author\/redactia-2\/\" class=\"author-name tie-icon\" title=\"Redactia\">Redactia<\/a><\/span><\/span><\/span><span class=\"date meta-item tie-icon\">22 august 2026<\/span><\/p>\n<div class=\"tie-alignright\"><span class=\"meta-comment tie-icon meta-item fa-before\">0<\/span><span class=\"meta-views meta-item \"> 618 <\/span><span class=\"meta-reading-time meta-item\"> Less than a minute<\/span><\/div>\n<\/div>\n<\/div>\n<\/header>\n<div class=\"entry-content entry clearfix\">\n<p class=\"isSelectedEnd\"><strong>Fa\u021bada principal\u0103 a Palatului Parlamentului va fi iluminat\u0103, luni, 24 august, \u00een intervalul orar 21.00\u201323.00, \u00een culorile drapelului ucrainean, pentru a marca Ziua Drapelului de Stat al Ucrainei, celebrat\u0103 la 23 august, \u0219i Ziua Independen\u021bei Ucrainei, s\u0103rb\u0103torit\u0103 la 24 august.<\/strong><\/p>\n<p class=\"isSelectedEnd\">Tot luni, drapelul Ucrainei va fi arborat \u00een fa\u021ba Parlamentului Rom\u00e2niei, ca gest simbolic de solidaritate \u0219i sprijin<img loading=\"lazy\" decoding=\"async\" class=\"wp-image-40449 alignright lazyload\" src=\"https:\/\/infotulcea.ro\/wp-content\/uploads\/2026\/08\/ucr-500x333.png\" alt width=\"398\" height=\"265\" data-max-width=\"398\"><\/p>\n<p><img loading=\"lazy\" decoding=\"async\" class=\" wp-image-40449 alignright\" src=\"https:\/\/infotulcea.ro\/wp-content\/uploads\/2026\/08\/ucr-500x333.png\" alt width=\"398\" height=\"265\"> pentru poporul ucrainean.<\/p>\n<p>Prin acest demers, Rom\u00e2nia transmite un mesaj de sus\u021binere fa\u021b\u0103 de statul vecin, greu \u00eencercat de r\u0103zboiul declan\u0219at de Federa\u021bia Rus\u0103. Iluminarea Palatului Parlamentului \u00een culorile Ucrainei reprezint\u0103, totodat\u0103, un semn al solidarit\u0103\u021bii Rom\u00e2niei cu Ucraina \u0219i al sprijinului pentru independen\u021ba, suveranitatea \u0219i integritatea sa teritorial\u0103.<\/p>\n<p>\u00a0<\/p>\n<\/div>\n<div id=\"post-extra-info\">\n<div class=\"theiaStickySidebar\">\n<div class=\"single-post-meta post-meta clearfix\"><span class=\"author-meta single-author no-avatars\"><span class=\"meta-item meta-author-wrapper meta-author-9\"><span class=\"meta-author\"><a href=\"https:\/\/infotulcea.ro\/author\/redactia-2\/\" class=\"author-name tie-icon\" title=\"Redactia\">Redactia<\/a><\/span><\/span><\/span><span class=\"date meta-item tie-icon\">22 august 2026<\/span><\/p>\n<div class=\"tie-alignright\"><span class=\"meta-comment tie-icon meta-item fa-before\">0<\/span><span class=\"meta-views meta-item \"> 618 <\/span><span class=\"meta-reading-time meta-item\"> Less than a minute<\/span><\/div>\n<\/div>\n<\/div>\n<\/div>\n<div id=\"share-buttons-bottom\" class=\"share-buttons share-buttons-bottom\">\n<div class=\"share-links  icons-only\">\n<div class=\"share-title\"><span> Share<\/span><\/div>\n<p><a href=\"https:\/\/www.facebook.com\/sharer.php?u=https:\/\/infotulcea.ro\/palatul-parlamentului-in-culorile-ucrainei\/\" rel=\"external noopener nofollow\" title=\"Facebook\" target=\"_blank\" class=\"facebook-share-btn \" data-raw=\"https:\/\/www.facebook.com\/sharer.php?u={post_link}\"><span class=\"screen-reader-text\">Facebook<\/span><\/a><a href=\"https:\/\/twitter.com\/intent\/tweet?text=Palatul%20Parlamentului%2C%20%C3%AEn%20culorile%20Ucrainei&amp;url=https:\/\/infotulcea.ro\/palatul-parlamentului-in-culorile-ucrainei\/\" rel=\"external noopener nofollow\" title=\"X\" target=\"_blank\" class=\"twitter-share-btn \" data-raw=\"https:\/\/twitter.com\/intent\/tweet?text={post_title}&amp;url={post_link}\"><span class=\"screen-reader-text\">X<\/span><\/a><a href=\"https:\/\/api.whatsapp.com\/send?text=Palatul%20Parlamentului%2C%20%C3%AEn%20culorile%20Ucrainei%20https:\/\/infotulcea.ro\/palatul-parlamentului-in-culorile-ucrainei\/\" rel=\"external noopener nofollow\" title=\"WhatsApp\" target=\"_blank\" class=\"whatsapp-share-btn \" data-raw=\"https:\/\/api.whatsapp.com\/send?text={post_title}%20{post_link}\"><span class=\"screen-reader-text\">WhatsApp<\/span><\/a><a href=\"https:\/\/telegram.me\/share\/url?url=https:\/\/infotulcea.ro\/palatul-parlamentului-in-culorile-ucrainei\/&amp;text=Palatul%20Parlamentului%2C%20%C3%AEn%20culorile%20Ucrainei\" rel=\"external noopener nofollow\" title=\"Telegram\" target=\"_blank\" class=\"telegram-share-btn \" data-raw=\"https:\/\/telegram.me\/share\/url?url={post_link}&amp;text={post_title}\"><span class=\"screen-reader-text\">Telegram<\/span><\/a><a href=\"mailto:?subject=Palatul%20Parlamentului%2C%20%C3%AEn%20culorile%20Ucrainei&amp;body=https:\/\/infotulcea.ro\/palatul-parlamentului-in-culorile-ucrainei\/\" rel=\"external noopener nofollow\" title=\"Share via Email\" target=\"_blank\" class=\"email-share-btn \" data-raw=\"mailto:?subject={post_title}&amp;body={post_link}\"><span class=\"screen-reader-text\">Share via Email<\/span><\/a><a href=\"https:\/\/infotulcea.ro\/palatul-parlamentului-in-culorile-ucrainei\/\" rel=\"external noopener nofollow\" title=\"Print\" target=\"_blank\" class=\"print-share-btn \" data-raw=\"#\"><span class=\"screen-reader-text\">Print<\/span><\/a><\/div>\n<\/div>\n<\/article>\n<div class=\"post-components\">\n<div id=\"related-posts\" class=\"container-wrapper has-extra-post\">\n<div class=\"mag-box-title the-global-title\">\n<h3>Related Articles<\/h3>\n<\/div>\n<div class=\"related-posts-list\">\n<div class=\"related-item tie-standard\"><a aria-label=\"Eveniment caritabil de Ziua Copilului: \u201eRace for Grace\u201d \u2013 Alearg\u0103, simte, ajut\u0103!\" href=\"https:\/\/infotulcea.ro\/eveniment-caritabil-de-ziua-copilului-race-for-grace-alearga-simte-ajuta\/\" class=\"post-thumb\"><source type=\"image\/webp\" data-srcset=\"https:\/\/infotulcea.ro\/wp-content\/uploads\/2025\/05\/race4-390x220.jpg.webp\" \/><img loading=\"lazy\" decoding=\"async\" width=\"390\" height=\"220\" src=\"https:\/\/infotulcea.ro\/wp-content\/uploads\/2025\/05\/race4-390x220.jpg\" class=\"attachment-jannah-image-large size-jannah-image-large wp-post-image\" alt><\/a><\/p>\n<h3 class=\"post-title\"><a href=\"https:\/\/infotulcea.ro\/eveniment-caritabil-de-ziua-copilului-race-for-grace-alearga-simte-ajuta\/\">Eveniment caritabil de Ziua Copilului: \u201eRace for Grace\u201d \u2013 Alearg\u0103, simte, ajut\u0103!<\/a><\/h3>\n<div class=\"post-meta clearfix\"><span class=\"date meta-item tie-icon\">28 mai 2025<\/span><\/div>\n<\/div>\n<div class=\"related-item tie-standard\"><a aria-label=\"Braconieri prin\u0219i de poli\u021bi\u0219tii de frontier\u0103 la S\u0103lcieni, Grindu \u0219i Murighiol\" href=\"https:\/\/infotulcea.ro\/braconieri-prinsi-de-politistii-de-frontiera-la-salcieni-grindu-si-murighiol\/\" class=\"post-thumb\"><source type=\"image\/webp\" data-srcset=\"https:\/\/infotulcea.ro\/wp-content\/uploads\/2023\/05\/braconaj-390x220.jpg.webp\" \/><img loading=\"lazy\" decoding=\"async\" width=\"390\" height=\"220\" src=\"https:\/\/infotulcea.ro\/wp-content\/uploads\/2023\/05\/braconaj-390x220.jpg\" class=\"attachment-jannah-image-large size-jannah-image-large wp-post-image\" alt><\/a><\/p>\n<h3 class=\"post-title\"><a href=\"https:\/\/infotulcea.ro\/braconieri-prinsi-de-politistii-de-frontiera-la-salcieni-grindu-si-murighiol\/\">Braconieri prin\u0219i de poli\u021bi\u0219tii de frontier\u0103 la S\u0103lcieni, Grindu \u0219i Murighiol<\/a><\/h3>\n<div class=\"post-meta clearfix\"><span class=\"date meta-item tie-icon\">2 mai 2023<\/span><\/div>\n<\/div>\n<div class=\"related-item tie-standard\"><a aria-label=\"Aten\u021bie conduc\u0103tori de ambarca\u021biuni: Nivel foarte sc\u0103zut al cotelor apelor!\" href=\"https:\/\/infotulcea.ro\/atentie-conducatori-de-ambarcatiuni-nivel-foarte-scazut-al-cotelor-apelor\/\" class=\"post-thumb\"><source sizes=\"(max-width: 390px) 100vw, 390px\" type=\"image\/webp\" data-srcset=\"https:\/\/infotulcea.ro\/wp-content\/uploads\/2025\/06\/ARBDD-pag-1-390x220.jpg.webp 390w, https:\/\/infotulcea.ro\/wp-content\/uploads\/2025\/06\/ARBDD-pag-1-500x281.jpg.webp 500w, https:\/\/infotulcea.ro\/wp-content\/uploads\/2025\/06\/ARBDD-pag-1-1024x576.jpg.webp 1024w, https:\/\/infotulcea.ro\/wp-content\/uploads\/2025\/06\/ARBDD-pag-1-768x432.jpg.webp 768w, https:\/\/infotulcea.ro\/wp-content\/uploads\/2025\/06\/ARBDD-pag-1.jpg.webp 1080w\" \/><img loading=\"lazy\" decoding=\"async\" width=\"390\" height=\"220\" src=\"https:\/\/infotulcea.ro\/wp-content\/uploads\/2025\/06\/ARBDD-pag-1-390x220.jpg\" class=\"attachment-jannah-image-large size-jannah-image-large wp-post-image\" alt><\/a><\/p>\n<h3 class=\"post-title\"><a href=\"https:\/\/infotulcea.ro\/atentie-conducatori-de-ambarcatiuni-nivel-foarte-scazut-al-cotelor-apelor\/\">Aten\u021bie conduc\u0103tori de ambarca\u021biuni: Nivel foarte sc\u0103zut al cotelor apelor!<\/a><\/h3>\n<div class=\"post-meta clearfix\"><span class=\"date meta-item tie-icon\">15 iulie 2025<\/span><\/div>\n<\/div>\n<div class=\"related-item tie-standard\"><a aria-label=\"B\u0103rbat de 40 de ani din M\u0103cin dat DISP\u0102RUT!\" href=\"https:\/\/infotulcea.ro\/barbat-de-40-de-ani-din-macin-dat-disparut\/\" class=\"post-thumb\"><source type=\"image\/webp\" data-srcset=\"https:\/\/infotulcea.ro\/wp-content\/uploads\/2023\/01\/disparutul-390x220.jpg.webp\" \/><img loading=\"lazy\" decoding=\"async\" width=\"390\" height=\"220\" src=\"https:\/\/infotulcea.ro\/wp-content\/uploads\/2023\/01\/disparutul-390x220.jpg\" class=\"attachment-jannah-image-large size-jannah-image-large wp-post-image\" alt><\/a><\/p>\n<h3 class=\"post-title\"><a href=\"https:\/\/infotulcea.ro\/barbat-de-40-de-ani-din-macin-dat-disparut\/\">B\u0103rbat de 40 de ani din M\u0103cin dat DISP\u0102RUT!<\/a><\/h3>\n<div class=\"post-meta clearfix\"><span class=\"date meta-item tie-icon\">3 ianuarie 2023<\/span><\/div>\n<\/div>\n<\/div>\n<\/div>\n<div id=\"comments\" class=\"comments-area\">\n<div id=\"add-comment-block\" class=\"container-wrapper\">\n<div id=\"respond\" class=\"comment-respond\">\n<h3 id=\"reply-title\" class=\"comment-reply-title the-global-title\">Las\u0103 un r\u0103spuns <small><a rel=\"nofollow\" id=\"cancel-comment-reply-link\" href=\"https:\/\/infotulcea.ro\/palatul-parlamentului-in-culorile-ucrainei\/#respond\">Anuleaz\u0103 r\u0103spunsul<\/a><\/small><\/h3>\n<p class=\"comment-notes\"><span id=\"email-notes\">Adresa ta de email nu va fi publicat\u0103.<\/span><span class=\"required-field-message\">C\u00e2mpurile obligatorii sunt marcate cu <span class=\"required\">*<\/span><\/span><\/p>\n<\/div>\n<\/div>\n<\/div>\n<\/div>\n<\/div>\n<div id=\"check-also-box\" class=\"container-wrapper check-also-right\">\n<div class=\"widget-title the-global-title\">\n<div class=\"the-subtitle\">Check Also<\/div>\n<p><a href=\"https:\/\/infotulcea.ro\/palatul-parlamentului-in-culorile-ucrainei\/\" id=\"check-also-close\" class=\"remove\"><span class=\"screen-reader-text\">Close<\/span><\/a><\/div>\n<div class=\"widget posts-list-big-first has-first-big-post\">\n<ul class=\"posts-list-items\">\n<li class=\"widget-single-post-item widget-post-list tie-standard\">\n<div class=\"post-widget-thumbnail\"><a aria-label=\"Danube Delta Cup, la a zecea edi\u021bie\" href=\"https:\/\/infotulcea.ro\/danube-delta-cup-la-a-zecea-editie\/\" class=\"post-thumb\"><span class=\"post-cat-wrap\"><span class=\"post-cat tie-cat-35\">Comunicate<\/span><\/span><source sizes=\"(max-width: 390px) 100vw, 390px\" type=\"image\/webp\" data-srcset=\"https:\/\/infotulcea.ro\/wp-content\/uploads\/2024\/06\/delta-cup-390x220.jpg.webp 390w, https:\/\/infotulcea.ro\/wp-content\/uploads\/2024\/06\/delta-cup-500x281.jpg.webp 500w, https:\/\/infotulcea.ro\/wp-content\/uploads\/2024\/06\/delta-cup-1024x575.jpg.webp 1024w, https:\/\/infotulcea.ro\/wp-content\/uploads\/2024\/06\/delta-cup-768x431.jpg.webp 768w, https:\/\/infotulcea.ro\/wp-content\/uploads\/2024\/06\/delta-cup.jpg.webp 1080w\" \/><img loading=\"lazy\" decoding=\"async\" width=\"390\" height=\"220\" src=\"https:\/\/infotulcea.ro\/wp-content\/uploads\/2024\/06\/delta-cup-390x220.jpg\" class=\"attachment-jannah-image-large size-jannah-image-large wp-post-image\" alt><\/a><\/div>\n<div class=\"post-widget-body \"><a class=\"post-title the-subtitle\" href=\"https:\/\/infotulcea.ro\/danube-delta-cup-la-a-zecea-editie\/\">Danube Delta Cup, la a zecea edi\u021bie<\/a><\/p>\n<div class=\"post-meta\"><span class=\"date meta-item tie-icon\">13 iunie 2024<\/span><\/div>\n<\/div>\n<\/li>\n<\/ul>\n<\/div>\n<\/div>\n<aside class=\"sidebar tie-col-md-4 tie-col-xs-12 normal-side is-sticky\" aria-label=\"Primary Sidebar\">\n<div class=\"theiaStickySidebar\">\n<div id=\"media_image-19\" class=\"container-wrapper widget widget_media_image\"><a href=\"https:\/\/infotulcea.ro\/delta-dunarii-mai-accesibila-navrom-delta-creste-numarul-curselor-regulate-de-la-1-mai-2025\/\"><source sizes=\"(max-width: 500px) 100vw, 500px\" type=\"image\/webp\" data-srcset=\"https:\/\/infotulcea.ro\/wp-content\/uploads\/2025\/04\/navrom-delta-500x271.jpg.webp 500w, https:\/\/infotulcea.ro\/wp-content\/uploads\/2025\/04\/navrom-delta-1024x555.jpg.webp 1024w, https:\/\/infotulcea.ro\/wp-content\/uploads\/2025\/04\/navrom-delta-768x416.jpg.webp 768w, https:\/\/infotulcea.ro\/wp-content\/uploads\/2025\/04\/navrom-delta.jpg.webp 1080w\" \/><img loading=\"lazy\" decoding=\"async\" width=\"500\" height=\"271\" src=\"https:\/\/infotulcea.ro\/wp-content\/uploads\/2025\/04\/navrom-delta-500x271.jpg\" class=\"image wp-image-34487  attachment-medium size-medium\" alt><\/a><\/div>\n<div id=\"media_image-17\" class=\"container-wrapper widget widget_media_image\"><a href=\"https:\/\/www.facebook.com\/share\/p\/1DGAD1tLWN\/?mibextid=wwXIfr\" target=\"_blank\"><source sizes=\"(max-width: 500px) 100vw, 500px\" type=\"image\/webp\" data-srcset=\"https:\/\/infotulcea.ro\/wp-content\/uploads\/2026\/01\/IMG_1563-500x500.jpeg.webp 500w, https:\/\/infotulcea.ro\/wp-content\/uploads\/2026\/01\/IMG_1563-1024x1024.jpeg.webp 1024w, https:\/\/infotulcea.ro\/wp-content\/uploads\/2026\/01\/IMG_1563-250x250.jpeg.webp 250w, https:\/\/infotulcea.ro\/wp-content\/uploads\/2026\/01\/IMG_1563-768x768.jpeg.webp 768w, https:\/\/infotulcea.ro\/wp-content\/uploads\/2026\/01\/IMG_1563.jpeg.webp 1080w\" \/><img loading=\"lazy\" decoding=\"async\" width=\"500\" height=\"500\" src=\"https:\/\/infotulcea.ro\/wp-content\/uploads\/2026\/01\/IMG_1563-500x500.jpeg\" class=\"image wp-image-37932  attachment-medium size-medium\" alt title=\"Centrale pe lemne\"><\/a><\/div>\n<div id=\"media_image-18\" class=\"container-wrapper widget widget_media_image\"><a href=\"https:\/\/www.licitatia.ro\/site\/index-guest\"><img loading=\"lazy\" decoding=\"async\" width=\"500\" height=\"262\" src=\"https:\/\/infotulcea.ro\/wp-content\/uploads\/2025\/09\/licitatia-500x262.png\" class=\"image wp-image-36670  attachment-medium size-medium lazyload\" alt data-max-width=\"500\"><img loading=\"lazy\" decoding=\"async\" width=\"500\" height=\"262\" src=\"https:\/\/infotulcea.ro\/wp-content\/uploads\/2025\/09\/licitatia-500x262.png\" class=\"image wp-image-36670  attachment-medium size-medium\" alt><\/a><\/div>\n<div id=\"media_image-27\" class=\"container-wrapper widget widget_media_image\"><a href=\"https:\/\/www.centrale-lemne-liepsnele.ro\/\"><img loading=\"lazy\" decoding=\"async\" width=\"500\" height=\"500\" src=\"https:\/\/infotulcea.ro\/wp-content\/uploads\/2025\/09\/Centrale-pe-Lemne-Liepsnele-500x500.png\" class=\"image wp-image-36541  attachment-medium size-medium lazyload\" alt=\"Centrala pe lemne\" data-max-width=\"500\"><img loading=\"lazy\" decoding=\"async\" width=\"500\" height=\"500\" src=\"https:\/\/infotulcea.ro\/wp-content\/uploads\/2025\/09\/Centrale-pe-Lemne-Liepsnele-500x500.png\" class=\"image wp-image-36541  attachment-medium size-medium\" alt=\"Centrala pe lemne\"><\/a><\/div>\n<div id=\"media_image-28\" class=\"container-wrapper widget widget_media_image\"><a href=\"https:\/\/infotulcea.ro\/angajeaza-te-ro-platforma-ta-online-de-angajari-si-forta-de-munca\/\"><source sizes=\"(max-width: 500px) 100vw, 500px\" type=\"image\/webp\" data-srcset=\"https:\/\/infotulcea.ro\/wp-content\/uploads\/2025\/04\/banner-angajazate-1-500x305.jpg.webp 500w, https:\/\/infotulcea.ro\/wp-content\/uploads\/2025\/04\/banner-angajazate-1-1024x625.jpg.webp 1024w, https:\/\/infotulcea.ro\/wp-content\/uploads\/2025\/04\/banner-angajazate-1-768x469.jpg.webp 768w, https:\/\/infotulcea.ro\/wp-content\/uploads\/2025\/04\/banner-angajazate-1.jpg.webp 1080w\" \/><img loading=\"lazy\" decoding=\"async\" width=\"500\" height=\"305\" src=\"https:\/\/infotulcea.ro\/wp-content\/uploads\/2025\/04\/banner-angajazate-1-500x305.jpg\" class=\"image wp-image-34317  attachment-medium size-medium\" alt><\/a><\/div>\n<\/div>\n<\/aside>\n<\/div>\n<\/div>\n<div class=\"entry-content entry clearfix\">\n<p class=\"isSelectedEnd\"><strong>Fa\u021bada principal\u0103 a Palatului Parlamentului va fi iluminat\u0103, luni, 24 august, \u00een intervalul orar 21.00\u201323.00, \u00een culorile drapelului ucrainean, pentru a marca Ziua Drapelului de Stat al Ucrainei, celebrat\u0103 la 23 august, \u0219i Ziua Independen\u021bei Ucrainei, s\u0103rb\u0103torit\u0103 la 24 august.<\/strong><\/p>\n<p class=\"isSelectedEnd\">Tot luni, drapelul Ucrainei va fi arborat \u00een fa\u021ba Parlamentului Rom\u00e2niei, ca gest simbolic de solidaritate \u0219i sprijin<img loading=\"lazy\" decoding=\"async\" class=\"wp-image-40449 alignright lazyload\" src=\"https:\/\/infotulcea.ro\/wp-content\/uploads\/2026\/08\/ucr-500x333.png\" alt width=\"398\" height=\"265\" data-max-width=\"398\"><\/p>\n<p><img loading=\"lazy\" decoding=\"async\" class=\" wp-image-40449 alignright\" src=\"https:\/\/infotulcea.ro\/wp-content\/uploads\/2026\/08\/ucr-500x333.png\" alt width=\"398\" height=\"265\"> pentru poporul ucrainean.<\/p>\n<p>Prin acest demers, Rom\u00e2nia transmite un mesaj de sus\u021binere fa\u021b\u0103 de statul vecin, greu \u00eencercat de r\u0103zboiul declan\u0219at de Federa\u021bia Rus\u0103. Iluminarea Palatului Parlamentului \u00een culorile Ucrainei reprezint\u0103, totodat\u0103, un semn al solidarit\u0103\u021bii Rom\u00e2niei cu Ucraina \u0219i al sprijinului pentru independen\u021ba, suveranitatea \u0219i integritatea sa teritorial\u0103.<\/p>\n<p>\u00a0<\/p>\n<\/div>\n<div class=\"articleBody\" data-key=\"articleBody\">Fa\u021bada principal\u0103 a Palatului Parlamentului va fi iluminat\u0103, luni, 24 august, \u00een intervalul orar 21.00\u201323.00, \u00een culorile drapelului ucrainean, pentru a marca Ziua Drapelului de Stat al Ucrainei, celebrat\u0103 la 23 august, \u0219i Ziua Independen\u021bei Ucrainei, s\u0103rb\u0103torit\u0103 la 24 august.<br \/>\nTot luni, drapelul Ucrainei va fi arborat \u00een fa\u021ba Parlamentului Rom\u00e2niei, ca gest simbolic de solidaritate \u0219i sprijin pentru poporul ucrainean.<br \/>\nPrin acest demers, Rom\u00e2nia transmite un mesaj de sus\u021binere fa\u021b\u0103 de statul vecin, greu \u00eencercat de r\u0103zboiul declan\u0219at de Federa\u021bia Rus\u0103. Iluminarea Palatului Parlamentului \u00een culorile Ucrainei reprezint\u0103, totodat\u0103, un semn al solidarit\u0103\u021bii Rom\u00e2niei cu Ucraina \u0219i al sprijinului pentru independen\u021ba, suveranitatea \u0219i integritatea sa teritorial\u0103.<\/p>\n<p>\u00a0<\/p><\/div>\n<p>[analyse_source url=&#8221;https:\/\/infotulcea.ro\/palatul-parlamentului-in-culorile-ucrainei\/&#8221;]<\/p>\n","protected":false},"excerpt":{"rendered":"<p>[analyse_image type=&#8221;featured&#8221; src=&#8221;https:\/\/infotulcea.ro\/wp-content\/uploads\/2026\/08\/ucr.pnghttps:\/\/infotulcea.ro\/wp-content\/uploads\/2026\/08\/ucr.png&#8221;] Home\/Comunicate\/Palatul Parlamentului, \u00een culorile Ucrainei Comunicate Palatul Parlamentului, \u00een culorile Ucrainei Redactia22 august 2026 0 618 Less than a minute Fa\u021bada principal\u0103 a Palatului Parlamentului va fi iluminat\u0103, luni, 24 august, \u00een intervalul orar 21.00\u201323.00, \u00een culorile drapelului ucrainean, pentru a marca Ziua Drapelului de Stat al Ucrainei, celebrat\u0103 la 23 august, [&hellip;]<\/p>\n","protected":false},"author":1,"featured_media":0,"comment_status":"open","ping_status":"","sticky":false,"template":"","format":"standard","meta":{"footnotes":""},"categories":[89],"tags":[226,221],"class_list":["post-2114788","post","type-post","status-publish","format-standard","hentry","category-romania","tag-crawlmanager","tag-infotulcea-ro"],"_links":{"self":[{"href":"https:\/\/analyse.optim.biz\/index.php?rest_route=\/wp\/v2\/posts\/2114788","targetHints":{"allow":["GET"]}}],"collection":[{"href":"https:\/\/analyse.optim.biz\/index.php?rest_route=\/wp\/v2\/posts"}],"about":[{"href":"https:\/\/analyse.optim.biz\/index.php?rest_route=\/wp\/v2\/types\/post"}],"author":[{"embeddable":true,"href":"https:\/\/analyse.optim.biz\/index.php?rest_route=\/wp\/v2\/users\/1"}],"replies":[{"embeddable":true,"href":"https:\/\/analyse.optim.biz\/index.php?rest_route=%2Fwp%2Fv2%2Fcomments&post=2114788"}],"version-history":[{"count":0,"href":"https:\/\/analyse.optim.biz\/index.php?rest_route=\/wp\/v2\/posts\/2114788\/revisions"}],"wp:attachment":[{"href":"https:\/\/analyse.optim.biz\/index.php?rest_route=%2Fwp%2Fv2%2Fmedia&parent=2114788"}],"wp:term":[{"taxonomy":"category","embeddable":true,"href":"https:\/\/analyse.optim.biz\/index.php?rest_route=%2Fwp%2Fv2%2Fcategories&post=2114788"},{"taxonomy":"post_tag","embeddable":true,"href":"https:\/\/analyse.optim.biz\/index.php?rest_route=%2Fwp%2Fv2%2Ftags&post=2114788"}],"curies":[{"name":"wp","href":"https:\/\/api.w.org\/{rel}","templated":true}]}}