{"id":2114771,"date":"2026-08-27T15:39:18","date_gmt":"2026-08-27T12:39:18","guid":{"rendered":"https:\/\/analyse.optim.biz\/?p=2114771"},"modified":"2026-08-27T15:39:18","modified_gmt":"2026-08-27T12:39:18","slug":"zilele-culturii-polone-ghevazen-longher-vrem-sa-aducem-plus-valoare-culturii-romanesti-aici-in-bucovina-deoarece-noi-suntem-polonezi-de-peste-200-de-ani-veniti-pe-aceste-meleaguri-si-past","status":"publish","type":"post","link":"https:\/\/analyse.optim.biz\/?p=2114771","title":{"rendered":"Zilele Culturii Polone, Ghevazen Longher: \u201eVrem s\u0103 aducem plus valoare culturii rom\u00e2ne\u0219ti aici, \u00een Bucovina, deoarece noi suntem polonezi de peste 200 de ani veni\u021bi pe aceste meleaguri \u0219i p\u0103str\u0103m aceast\u0103 cultur\u0103\u201d VIDEO &#8211; Stiri Suceava"},"content":{"rendered":"<p>[analyse_image type=&#8221;featured&#8221; src=&#8221;https:\/\/www.informatiata.ro\/wp-content\/uploads\/2026\/08\/IMG-20260826-WA0076.jpg&#8221;]<\/p>\n<div class=\"td-post-content tagdiv-type\">\n<div class=\"td-post-featured-image\"><a href=\"https:\/\/www.informatiata.ro\/wp-content\/uploads\/2026\/08\/IMG-20260826-WA0076.jpg\" data-caption><img loading=\"lazy\" decoding=\"async\" width=\"696\" height=\"392\" class=\"entry-thumb td-modal-image\" src=\"https:\/\/www.informatiata.ro\/wp-content\/uploads\/2026\/08\/IMG-20260826-WA0076-696x392.jpg\" alt title=\"zilele culturii poponeze 2026\"><img loading=\"lazy\" decoding=\"async\" width=\"696\" height=\"392\" class=\"entry-thumb td-modal-image\" src=\"https:\/\/www.informatiata.ro\/wp-content\/uploads\/2026\/08\/IMG-20260826-WA0076-696x392.jpg\" alt title=\"zilele culturii poponeze 2026\"><\/a><\/div>\n<div class=\"wp-video\"><video class=\"wp-video-shortcode\" id=\"video-66154-1\" width=\"696\" height=\"1237\" preload=\"metadata\" controls=\"controls\"><source type=\"video\/mp4\" src=\"https:\/\/www.informatiata.ro\/wp-content\/uploads\/2026\/08\/HnVideoEditor_2026_08_27_091019256.mp4?_=1\" \/><\/video><\/div>\n<p>A \u00eenceput cea de-a XXVII-a edi\u021bie a Zilelor Culturii Polone \u2013 cel mai mare eveniment anual al Uniunii Polonezilor din Rom\u00e2nia, care promoveaz\u0103 Polonia \u0219i cultura sa, realiz\u0103rile comunit\u0103\u021bii poloneze din Rom\u00e2nia, precum \u0219i bunele rela\u021bii tradi\u021bionale polono-rom\u00e2ne.<\/p>\n<p>Participan\u021bii la Zilele Culturii Polone, reprezentan\u021bii comunit\u0103\u021bilor poloneze din Rom\u00e2nia, dar \u0219i oaspe\u021bii au fost \u00eent\u00e2mpina\u021bi la Casa Polon\u0103 din Moara de gazda \u2013 pre\u0219edintele Uniunii Polonezilor din Rom\u00e2nia, deputatul Ghervazen Longher.<\/p>\n<div class=\"td-a-rec td-a-rec-id-content_inlineright  tdi_7 td_block_template_1\"><img loading=\"lazy\" decoding=\"async\" class=\"aligncenter size-full wp-image-66137\" src=\"https:\/\/www.informatiata.ro\/wp-content\/uploads\/2026\/08\/SAVCOM-6.gif\" alt width=\"299\" height=\"250\"><img loading=\"lazy\" decoding=\"async\" class=\"aligncenter size-full wp-image-66137\" src=\"https:\/\/www.informatiata.ro\/wp-content\/uploads\/2026\/08\/SAVCOM-6.gif\" alt width=\"299\" height=\"250\"><img loading=\"lazy\" decoding=\"async\" class=\"aligncenter size-full wp-image-66138\" src=\"https:\/\/www.informatiata.ro\/wp-content\/uploads\/2026\/08\/FACOS-5.gif\" alt width=\"300\" height=\"250\"><img loading=\"lazy\" decoding=\"async\" class=\"aligncenter size-full wp-image-66138\" src=\"https:\/\/www.informatiata.ro\/wp-content\/uploads\/2026\/08\/FACOS-5.gif\" alt width=\"300\" height=\"250\"><\/div>\n<p>Au fost prezen\u021bi la eveniment: directorul Institutului Polonez la Bucure\u0219ti Natalia Mosor, Consulul RP la Bucure\u0219ti Artur Tarasewicz \u0219i viceprimarul ora\u0219ului Cz\u0119stochowa Ryszard Stefaniak.<\/p>\n<p>Autorit\u0103\u021bile locale au fost reprezentate de: subprefectul jude\u021bului Suceava Camelia Damian \u0219i vicepre\u0219edintele Consiliului Jude\u021bean Suceava Stelian Simeria.<\/p>\n<p>La deschidere au participat \u0219i: pr. Robert Chrz\u0105szcz, episcopul Arhidiecezei de Cracovia \u0219i delegat al Comisiei pentru Emigra\u021bia Diasporei Poloneze \u0219i a Polonezilor din Str\u0103in\u0103tate, pr. Stanislav Cucharec, capelanul polonezilor din dieceza de Ia\u0219i, pr. Alois Far\u021badi decan de Bucovina, \u0219i pr. Ionu\u021b Pal paroh la Moara.<\/p>\n<p>Zilele Culturii Polone au \u00eenceput cu un concert de bun-venit oferit de duo-ul pianistic Avanti Piano Duo \u2013 Alina Andriu\u021b\u00ee-Shemchuk \u0219i Ivan Shemchuk \u2013 cu interpret\u0103ri \u00eenc\u00e2nt\u0103toare la patru m\u00e2ini ale unor compozitori precum Chopin, Paderwski, Moszkowski, dar \u0219i Enescu sau Piazzola. \u00cen timpul deschiderii publicul a putut viziona \u0219i expozi\u021bia dedicat\u0103 marelui compozitor \u0219i pianist polonez intitulat\u0103 \u201eFr\u00e9d\u00e9ric Chopin \u2013 via\u021ba \u0219i crea\u021bia\u201d, preg\u0103tit\u0103 de Institutul Polonez din Bucure\u0219ti.<\/p>\n<p><strong>\u201eM\u0103 bucur foarte mult pentru c\u0103 ast\u0103zi putem s\u0103 ne \u00eent\u00e2lnim aici, la Dom Polski din Moara. M\u0103 bucur de dou\u0103 ori, pentru c\u0103 aceast\u0103 Cas\u0103 a fost construit\u0103 \u0219i pentru astfel de evenimente precum Zilele Culturii Polone. <\/strong><\/p>\n<p><strong>Nu am putea organiza evenimentul f\u0103r\u0103 prietenii no\u0219tri \u0219i f\u0103r\u0103 to\u021bi cei care sunte\u021bi aici de fa\u021b\u0103, m\u0103 refer la autorit\u0103\u021bi locale \u0219i centrale, Ambasada Poloniei la Bucure\u0219ti, Institutul Polonez din Bucure\u0219ti, dar cel mai important este c\u0103 sunte\u021bi dumneavoastr\u0103, to\u021bi cei care a\u021bi venit \u2013 profesori din Rom\u00e2nia, din Polonia, Moldova din Ucraina, pentru c\u0103 altfel ar fi fost greu s\u0103 organiz\u0103m Zilele Culturii Polone. A\u0219 vrea s\u0103 mul\u021bumim \u0219i ansamblului din Polonia. <\/strong><\/p>\n<p><strong>Sigur c\u0103 ei sunt rudele noastre, cei care au plecat \u00een 1947 \u00een Polonia \u0219i iat\u0103 c\u0103 \u021binem aceast\u0103 leg\u0103tur\u0103 frumoas\u0103 de tradi\u021bie, cultur\u0103 \u0219i folclor. A\u0219a cum am mul\u021bumit autorit\u0103\u021bilor locale \u0219i centrale din Rom\u00e2nia, a\u0219a mul\u021bumim \u0219i autorit\u0103\u021bilor din diferite prim\u0103rii \u0219i consilii jude\u021bene din Polonia, pentru c\u0103 \u00eempreun\u0103 putem s\u0103 aducem un\u00a0 plus de valoare culturii \u0219i tradi\u021biei poloneze. Vrem s\u0103 aducem plus valoare culturii rom\u00e2ne\u0219ti aici, \u00een Bucovina, deoarece noi suntem polonezi de peste 200 de ani veni\u021bi pe aceste meleaguri \u0219i p\u0103str\u0103m aceast\u0103 cultur\u0103, tradi\u021bie \u0219i limb\u0103 frumoas\u0103 pe care ne-au transmis-o str\u0103mo\u0219ii no\u0219tri.<\/strong><\/p>\n<p><strong> A\u0219a c\u0103 sim\u021bi\u021bi-v\u0103 pentru cei din Polonia ca acas\u0103, \u0219i cei din Rom\u00e2nia care o s\u0103 participe la aceste evenimente sim\u021bi\u021bi-v\u0103 tot ca acas\u0103\u201d, a transmis celor prezen\u021bi deputatul Ghervazen Longher, pre\u0219edintele Uniuniunii Polonezilor din Rom\u00e2nia.\u00a0<\/strong><\/p>\n<p>Acesta a fost decorat miercuri cu medalia \u201dCoroana Poloniei\u201d. \u00cenalta distinc\u021bie i-a fost \u00eenm\u00e2nat\u0103 de viceprimarul ora\u0219ului Cz\u0119stochowa Ryszard Stefaniak.<\/p>\n<p><img loading=\"lazy\" decoding=\"async\" class=\"aligncenter size-large wp-image-66157\" src=\"https:\/\/www.informatiata.ro\/wp-content\/uploads\/2026\/08\/IMG-20260826-WA0113-576x1024.jpg\" alt width=\"576\" height=\"1024\"><img loading=\"lazy\" decoding=\"async\" class=\"aligncenter size-large wp-image-66157\" src=\"https:\/\/www.informatiata.ro\/wp-content\/uploads\/2026\/08\/IMG-20260826-WA0113-576x1024.jpg\" alt width=\"576\" height=\"1024\"><\/p>\n<p>\u00a0<\/p>\n<p><img loading=\"lazy\" decoding=\"async\" class=\"aligncenter size-large wp-image-66159\" src=\"https:\/\/www.informatiata.ro\/wp-content\/uploads\/2026\/08\/IMG-20260826-WA0105-1024x576.jpg\" alt width=\"696\" height=\"392\"><img loading=\"lazy\" decoding=\"async\" class=\"aligncenter size-large wp-image-66159\" src=\"https:\/\/www.informatiata.ro\/wp-content\/uploads\/2026\/08\/IMG-20260826-WA0105-1024x576.jpg\" alt width=\"696\" height=\"392\"><\/p>\n<p><img loading=\"lazy\" decoding=\"async\" class=\"aligncenter size-large wp-image-66162\" src=\"https:\/\/www.informatiata.ro\/wp-content\/uploads\/2026\/08\/IMG-20260826-WA0076-1024x576.jpg\" alt width=\"696\" height=\"392\"><img loading=\"lazy\" decoding=\"async\" class=\"aligncenter size-large wp-image-66162\" src=\"https:\/\/www.informatiata.ro\/wp-content\/uploads\/2026\/08\/IMG-20260826-WA0076-1024x576.jpg\" alt width=\"696\" height=\"392\"><\/p>\n<p><img loading=\"lazy\" decoding=\"async\" class=\"aligncenter size-large wp-image-66164\" src=\"https:\/\/www.informatiata.ro\/wp-content\/uploads\/2026\/08\/IMG-20260826-WA0083-576x1024.jpg\" alt width=\"576\" height=\"1024\"><img loading=\"lazy\" decoding=\"async\" class=\"aligncenter size-large wp-image-66164\" src=\"https:\/\/www.informatiata.ro\/wp-content\/uploads\/2026\/08\/IMG-20260826-WA0083-576x1024.jpg\" alt width=\"576\" height=\"1024\"><\/p>\n<p><img loading=\"lazy\" decoding=\"async\" class=\"aligncenter size-large wp-image-66165\" src=\"https:\/\/www.informatiata.ro\/wp-content\/uploads\/2026\/08\/gherv-2-785x1024.jpg\" alt width=\"696\" height=\"908\"><img loading=\"lazy\" decoding=\"async\" class=\"aligncenter size-large wp-image-66165\" src=\"https:\/\/www.informatiata.ro\/wp-content\/uploads\/2026\/08\/gherv-2-785x1024.jpg\" alt width=\"696\" height=\"908\"><\/p>\n<p><img loading=\"lazy\" decoding=\"async\" class=\"aligncenter size-large wp-image-66166\" src=\"https:\/\/www.informatiata.ro\/wp-content\/uploads\/2026\/08\/gherv-3-779x1024.jpg\" alt width=\"696\" height=\"915\"><img loading=\"lazy\" decoding=\"async\" class=\"aligncenter size-large wp-image-66166\" src=\"https:\/\/www.informatiata.ro\/wp-content\/uploads\/2026\/08\/gherv-3-779x1024.jpg\" alt width=\"696\" height=\"915\"><\/p>\n<p><img loading=\"lazy\" decoding=\"async\" class=\"aligncenter size-large wp-image-66167\" src=\"https:\/\/www.informatiata.ro\/wp-content\/uploads\/2026\/08\/gherv-4-1024x666.jpg\" alt width=\"696\" height=\"453\"><img loading=\"lazy\" decoding=\"async\" class=\"aligncenter size-large wp-image-66167\" src=\"https:\/\/www.informatiata.ro\/wp-content\/uploads\/2026\/08\/gherv-4-1024x666.jpg\" alt width=\"696\" height=\"453\"><\/p>\n<p><img loading=\"lazy\" decoding=\"async\" class=\"aligncenter size-large wp-image-66156\" src=\"https:\/\/www.informatiata.ro\/wp-content\/uploads\/2026\/08\/IMG-20260826-WA0048-1024x576.jpg\" alt width=\"696\" height=\"392\"><img loading=\"lazy\" decoding=\"async\" class=\"aligncenter size-large wp-image-66156\" src=\"https:\/\/www.informatiata.ro\/wp-content\/uploads\/2026\/08\/IMG-20260826-WA0048-1024x576.jpg\" alt width=\"696\" height=\"392\"><\/p>\n<div class=\"td-a-rec td-a-rec-id-content_bottom  td-rec-hide-on-m tdi_8 td_block_template_1\"><img loading=\"lazy\" decoding=\"async\" class=\"aligncenter size-large wp-image-66091\" src=\"https:\/\/www.informatiata.ro\/wp-content\/uploads\/2026\/08\/LEVANT-300-x-250-pixels-2025-1024x852.jpg\" alt width=\"696\" height=\"579\"><img loading=\"lazy\" decoding=\"async\" class=\"aligncenter size-large wp-image-66091\" src=\"https:\/\/www.informatiata.ro\/wp-content\/uploads\/2026\/08\/LEVANT-300-x-250-pixels-2025-1024x852.jpg\" alt width=\"696\" height=\"579\"><img loading=\"lazy\" decoding=\"async\" class=\"aligncenter size-large wp-image-66092\" src=\"https:\/\/www.informatiata.ro\/wp-content\/uploads\/2026\/08\/costume-Japonia-Romania-300-x-250-pixels-2025-1024x888.jpg\" alt width=\"696\" height=\"604\"><img loading=\"lazy\" decoding=\"async\" class=\"aligncenter size-large wp-image-66092\" src=\"https:\/\/www.informatiata.ro\/wp-content\/uploads\/2026\/08\/costume-Japonia-Romania-300-x-250-pixels-2025-1024x888.jpg\" alt width=\"696\" height=\"604\"><\/p>\n<p>\u00a0<\/p><\/div>\n<\/div>\n<p>[analyse_source url=&#8221;https:\/\/www.informatiata.ro\/zilele-culturii-polone-au-debutat-la-moara\/&#8221;]<\/p>\n","protected":false},"excerpt":{"rendered":"<p>[analyse_image type=&#8221;featured&#8221; src=&#8221;https:\/\/www.informatiata.ro\/wp-content\/uploads\/2026\/08\/IMG-20260826-WA0076.jpg&#8221;] A \u00eenceput cea de-a XXVII-a edi\u021bie a Zilelor Culturii Polone \u2013 cel mai mare eveniment anual al Uniunii Polonezilor din Rom\u00e2nia, care promoveaz\u0103 Polonia \u0219i cultura sa, realiz\u0103rile comunit\u0103\u021bii poloneze din Rom\u00e2nia, precum \u0219i bunele rela\u021bii tradi\u021bionale polono-rom\u00e2ne. Participan\u021bii la Zilele Culturii Polone, reprezentan\u021bii comunit\u0103\u021bilor poloneze din Rom\u00e2nia, dar \u0219i oaspe\u021bii au [&hellip;]<\/p>\n","protected":false},"author":1,"featured_media":0,"comment_status":"open","ping_status":"","sticky":false,"template":"","format":"standard","meta":{"footnotes":""},"categories":[89],"tags":[226,167],"class_list":["post-2114771","post","type-post","status-publish","format-standard","hentry","category-romania","tag-crawlmanager","tag-informatiata-ro"],"_links":{"self":[{"href":"https:\/\/analyse.optim.biz\/index.php?rest_route=\/wp\/v2\/posts\/2114771","targetHints":{"allow":["GET"]}}],"collection":[{"href":"https:\/\/analyse.optim.biz\/index.php?rest_route=\/wp\/v2\/posts"}],"about":[{"href":"https:\/\/analyse.optim.biz\/index.php?rest_route=\/wp\/v2\/types\/post"}],"author":[{"embeddable":true,"href":"https:\/\/analyse.optim.biz\/index.php?rest_route=\/wp\/v2\/users\/1"}],"replies":[{"embeddable":true,"href":"https:\/\/analyse.optim.biz\/index.php?rest_route=%2Fwp%2Fv2%2Fcomments&post=2114771"}],"version-history":[{"count":0,"href":"https:\/\/analyse.optim.biz\/index.php?rest_route=\/wp\/v2\/posts\/2114771\/revisions"}],"wp:attachment":[{"href":"https:\/\/analyse.optim.biz\/index.php?rest_route=%2Fwp%2Fv2%2Fmedia&parent=2114771"}],"wp:term":[{"taxonomy":"category","embeddable":true,"href":"https:\/\/analyse.optim.biz\/index.php?rest_route=%2Fwp%2Fv2%2Fcategories&post=2114771"},{"taxonomy":"post_tag","embeddable":true,"href":"https:\/\/analyse.optim.biz\/index.php?rest_route=%2Fwp%2Fv2%2Ftags&post=2114771"}],"curies":[{"name":"wp","href":"https:\/\/api.w.org\/{rel}","templated":true}]}}