{"id":2114756,"date":"2026-08-27T15:00:00","date_gmt":"2026-08-27T12:00:00","guid":{"rendered":"https:\/\/analyse.optim.biz\/?p=2114756"},"modified":"2026-08-27T15:00:00","modified_gmt":"2026-08-27T12:00:00","slug":"petrolul-berca-din-nou-pe-harta-fotbalului-profesionist","status":"publish","type":"post","link":"https:\/\/analyse.optim.biz\/?p=2114756","title":{"rendered":"Petrolul Berca | Din nou pe harta fotbalului profesionist"},"content":{"rendered":"<p>[analyse_image type=&#8221;featured&#8221; src=&#8221;https:\/\/gazetabuzoiana.ro\/wp-content\/uploads\/2026\/08\/WhatsApp-Image-2026-08-27-at-15.31.47.jpeg&#8221;]<\/p>\n<div class=\"entry-content entry clearfix\">\n<p>Fotbalul profesionist revine la Berca. Petrolul deschide un nou capitol \u00een istoria clubului.<\/p>\n<p>S\u00e2mb\u0103t\u0103, de la ora 18:00, stadionul din Berca \u00ee\u0219i redeschide por\u021bile pentru fotbalul profesionist. Petrolul Berca debuteaz\u0103 \u00een noul sezon de Liga a III-a, \u00een fa\u021ba propriilor suporteri, \u00eentr-un meci \u00eempotriva celor de la Urban Titu.<\/p>\n<p>Exist\u0103 momente \u00een istoria unui club care nu se m\u0103soar\u0103 \u00een minute, goluri sau clasamente. Ele se m\u0103soar\u0103 \u00een emo\u021bie, \u00een a\u0219teptare \u0219i \u00een sentimentul c\u0103 un loc \u00ee\u0219i reg\u0103se\u0219te identitatea.<br \/>\nDup\u0103 mai bine de 15 ani, fotbalul profesionist revine \u00een comuna aflat\u0103 la aproximativ 20 de minute de Buz\u0103u, iar Petrolul p\u0103\u0219e\u0219te \u00eentr-o competi\u021bie care aduce \u00een fa\u021ba comunit\u0103\u021bii o nou\u0103 provocare: Liga a III-a.<br \/>\nAscensiunea Petrolului Berca nu este \u00eent\u00e2mpl\u0103toare. Clubul vine dup\u0103 un sezon \u00een care rezultatele au vorbit de la sine. Petrolul a reu\u0219it o performan\u021b\u0103 remarcabil\u0103 \u00een fotbalul buzoian, cucerind toate trofeele puse \u00een joc la nivel jude\u021bean, pentru ca apoi s\u0103 \u00ee\u0219i completeze parcursul cu un nou succes important: trofeul Cupei Regionale.<\/p>\n<p>A fost un sezon aproape perfect, construit prin munc\u0103, consecven\u021b\u0103 \u0219i ambi\u021bie. Un sezon \u00een care Petrolul Berca a demonstrat c\u0103 proiectele solide pot transforma visul \u00een performan\u021b\u0103.<br \/>\nDar, \u00een fotbal, fiecare trofeu c\u00e2\u0219tigat devine, la un moment dat, parte din istorie. Iar acum \u00eencepe o poveste nou\u0103: Echipa din Berca revine pe scena fotbalului profesionist.<\/p>\n<p>S\u00e2mb\u0103t\u0103, toate drumurile duc la stadion.<br \/>\nLa ora 18:00, Petrolul Berca \u00eent\u00e2lne\u0219te Urban Titu, \u00eentr-o partid\u0103 care marcheaz\u0103 revenirea fotbalului profesionist \u00een comunitate dup\u0103 mai bine de un deceniu.<\/p>\n<p>Pentru juc\u0103tori, este \u00eenceputul unui drum nou, iar pentru oamenii din Berca, \u00eens\u0103, este mai mult de at\u00e2t: este \u00eentoarcerea unei atmosfere pe care genera\u021bii \u00eentregi au a\u0219teptat-o. Va fi momentul \u00een care numele Berca va ap\u0103rea din nou pe harta fotbalului profesionist. Petrolul nu intr\u0103 \u00een Liga a III-a doar pentru a participa. Vine cu o identitate construit\u0103 prin rezultate \u0219i cu o comunitate care a demonstrat c\u0103 \u0219tie s\u0103 fie aproape de echip\u0103.<\/p>\n<p>\u00cencep\u00e2nd de s\u00e2mb\u0103t\u0103, fiecare meci va \u00eensemna o nou\u0103 pagin\u0103. Vor exista victorii, momente dificile, emo\u021bii \u0219i provoc\u0103ri, \u00eens\u0103 toate vor avea un numitor comun: Petrolul Berca este din nou \u00een fotbalul profesionist.<br \/>\nDup\u0103 15 ani de a\u0219teptare, Berca nu mai prive\u0219te fotbalul profesionist de la distan\u021b\u0103, \u00eel tr\u0103ie\u0219te din nou  acas\u0103.<\/p>\n<div class=\"post-bottom-meta post-bottom-tags post-tags-modern\">\n<div class=\"post-bottom-meta-title\"> Etichete<\/div>\n<p><span class=\"tagcloud\"><a href=\"https:\/\/gazetabuzoiana.ro\/tag\/fotbal-buzoian\/\" rel=\"tag\">fotbal buzoian<\/a><a href=\"https:\/\/gazetabuzoiana.ro\/tag\/petrolul-berca\/\" rel=\"tag\">Petrolul Berca<\/a><a href=\"https:\/\/gazetabuzoiana.ro\/tag\/stadion-berca\/\" rel=\"tag\">stadion Berca<\/a><\/span><\/div>\n<\/div>\n<p>[analyse_source url=&#8221;https:\/\/gazetabuzoiana.ro\/2026\/08\/27\/petrolul-berca-din-nou-pe-harta-fotbalului-profesionist\/&#8221;]<\/p>\n","protected":false},"excerpt":{"rendered":"<p>[analyse_image type=&#8221;featured&#8221; src=&#8221;https:\/\/gazetabuzoiana.ro\/wp-content\/uploads\/2026\/08\/WhatsApp-Image-2026-08-27-at-15.31.47.jpeg&#8221;] Fotbalul profesionist revine la Berca. Petrolul deschide un nou capitol \u00een istoria clubului. S\u00e2mb\u0103t\u0103, de la ora 18:00, stadionul din Berca \u00ee\u0219i redeschide por\u021bile pentru fotbalul profesionist. Petrolul Berca debuteaz\u0103 \u00een noul sezon de Liga a III-a, \u00een fa\u021ba propriilor suporteri, \u00eentr-un meci \u00eempotriva celor de la Urban Titu. Exist\u0103 momente \u00een [&hellip;]<\/p>\n","protected":false},"author":1,"featured_media":0,"comment_status":"open","ping_status":"","sticky":false,"template":"","format":"standard","meta":{"footnotes":""},"categories":[2],"tags":[226,38],"class_list":["post-2114756","post","type-post","status-publish","format-standard","hentry","category-politics","tag-crawlmanager","tag-gazetabuzoiana-ro"],"_links":{"self":[{"href":"https:\/\/analyse.optim.biz\/index.php?rest_route=\/wp\/v2\/posts\/2114756","targetHints":{"allow":["GET"]}}],"collection":[{"href":"https:\/\/analyse.optim.biz\/index.php?rest_route=\/wp\/v2\/posts"}],"about":[{"href":"https:\/\/analyse.optim.biz\/index.php?rest_route=\/wp\/v2\/types\/post"}],"author":[{"embeddable":true,"href":"https:\/\/analyse.optim.biz\/index.php?rest_route=\/wp\/v2\/users\/1"}],"replies":[{"embeddable":true,"href":"https:\/\/analyse.optim.biz\/index.php?rest_route=%2Fwp%2Fv2%2Fcomments&post=2114756"}],"version-history":[{"count":0,"href":"https:\/\/analyse.optim.biz\/index.php?rest_route=\/wp\/v2\/posts\/2114756\/revisions"}],"wp:attachment":[{"href":"https:\/\/analyse.optim.biz\/index.php?rest_route=%2Fwp%2Fv2%2Fmedia&parent=2114756"}],"wp:term":[{"taxonomy":"category","embeddable":true,"href":"https:\/\/analyse.optim.biz\/index.php?rest_route=%2Fwp%2Fv2%2Fcategories&post=2114756"},{"taxonomy":"post_tag","embeddable":true,"href":"https:\/\/analyse.optim.biz\/index.php?rest_route=%2Fwp%2Fv2%2Ftags&post=2114756"}],"curies":[{"name":"wp","href":"https:\/\/api.w.org\/{rel}","templated":true}]}}