{"id":2114748,"date":"2026-08-26T18:24:08","date_gmt":"2026-08-26T15:24:08","guid":{"rendered":"https:\/\/analyse.optim.biz\/?p=2114748"},"modified":"2026-08-26T18:24:08","modified_gmt":"2026-08-26T15:24:08","slug":"buzoian-arestat-dupa-ce-si-ar-fi-injunghiat-un-cunoscut-victima-a-ramas-fara-un-rinichi-stiri-din-surse","status":"publish","type":"post","link":"https:\/\/analyse.optim.biz\/?p=2114748","title":{"rendered":"Buzoian arestat dup\u0103 ce \u0219i-ar fi \u00eenjunghiat un cunoscut. Victima a r\u0103mas f\u0103r\u0103 un rinichi &#8211; Stiri Din Surse"},"content":{"rendered":"<p>[analyse_image type=&#8221;featured&#8221; src=&#8221;https:\/\/stiridinsursebuzau.ro\/wp-content\/uploads\/2026\/08\/images.jpg&#8221;]<\/p>\n<article class=\"page-content-single small single\">\n<div id=\"stiri-2224472688\" class=\"stiri-inainte-de-continut-14 stiri-entity-placement\"><a href=\"https:\/\/www.shoppingcitybuzau.ro\/\" aria-label=\"NEPI_Buzau_Card Colac_1274x158\"><img decoding=\"async\" loading=\"lazy\" src=\"https:\/\/stiridinsursebuzau.ro\/wp-content\/uploads\/2026\/08\/NEPI_Buzau_Card-Colac_1274x158.jpg\" alt width=\"1274\" height=\"158\"><\/a><\/div>\n<div id=\"stiri-1673421330\" class=\"stiri-inainte-de-continut-3 stiri-entity-placement\"><a href=\"https:\/\/buzau.21k.ro\/\" aria-label=\"900\u00d7200\"><img decoding=\"async\" loading=\"lazy\" src=\"https:\/\/stiridinsursebuzau.ro\/wp-content\/uploads\/2026\/07\/900x200.gif\" alt width=\"900\" height=\"200\"><\/a><\/div>\n<p class=\"wp-block-paragraph\">Un b\u0103rbat \u00een v\u00e2rst\u0103 de 37 de ani din jude\u021bul Buz\u0103u a fost arestat preventiv pentru 30 de zile, fiind cercetat pentru <strong>tentativ\u0103 la omor<\/strong>, dup\u0103 ce ar fi \u00eenjunghiat un cunoscut \u00een timpul unui conflict izbucnit pe o strad\u0103 din localitatea B\u0103lteni, comuna C.A. Rosetti. Victima, un b\u0103rbat de 32 de ani, a suferit r\u0103ni extrem de grave \u0219i a fost supus\u0103 unei interven\u021bii chirurgicale de urgen\u021b\u0103, \u00een urma c\u0103reia medicii au fost nevoi\u021bi s\u0103 \u00eei extirpe rinichiul drept.<\/p>\n<p class=\"wp-block-paragraph\">Incidentul s-a produs \u00een seara zilei de <strong>25 august 2026<\/strong>, \u00een jurul orei 21:00\u201321:30, pe strada Asocia\u021biei din localitatea B\u0103lteni.<\/p>\n<p class=\"wp-block-paragraph\">Potrivit Parchetului de pe l\u00e2ng\u0103 Tribunalul Buz\u0103u, conflictul ar fi izbucnit spontan, pe fondul consumului de alcool. Anchetatorii sus\u021bin c\u0103 inculpatul, identificat prin ini\u021bialele <strong>I.C.<\/strong>, l-ar fi atacat cu un cu\u021bit pe C.G.P., \u00een v\u00e2rst\u0103 de 32 de ani, lovindu-l \u00een zona abdominal\u0103.<\/p>\n<blockquote class=\"wp-block-quote is-layout-flow wp-block-quote-is-layout-flow\">\n<p class=\"wp-block-paragraph\">\u201e\u00cen sarcina acestuia s-a re\u0163inut c\u0103 \u00een data de 25.08.2026, \u00een jurul orei 21:00-21:30, pe raza localit\u0103\u021bii B\u0103lteni, comuna C.A Rosetti, jude\u021b Buz\u0103u, pe strada Asocia\u021biei, \u00een urma unui conflict spontan generat de consumul de alcool, l-a \u00eenjunghiat pe C.G.P. \u00een v\u00e2rst\u0103 de 32 ani, cu un cu\u021bit, \u00een zona abdominal\u0103, cauz\u00e2ndu-i o hemoragie masiv\u0103\u201d, se arat\u0103 \u00een comunicatul Parchetului.<\/p>\n<\/blockquote>\n<p class=\"wp-block-paragraph\">R\u0103nile provocate au fost deosebit de grave. Potrivit procurorilor, victima a suferit o plag\u0103 \u00eenjunghiat\u0103 penetrant\u0103, cu sec\u021bionarea ureterului drept, precum \u0219i a mai multor vene importante. Medicii au identificat, de asemenea, hematoame extinse \u00een zona retroperitoneal\u0103, mezenter \u0219i mezosigmoid.<\/p>\n<p class=\"wp-block-paragraph\">B\u0103rbatul a fost transportat la <strong>Spitalul Jude\u021bean de Urgen\u021b\u0103 Buz\u0103u<\/strong>, unde a intrat de urgen\u021b\u0103 \u00een sala de opera\u021bie. Pentru salvarea vie\u021bii sale, medicii au efectuat o <strong>nefrectomie, respectiv extirparea rinichiului drept<\/strong>, fiind necesare \u0219i interven\u021bii asupra venelor afectate conform <a href=\"https:\/\/reporterbuzoian.ro\/tentativa-de-omor-intr-o-comuna-din-buzau-2026\/?fbclid=IwY2xjawT8DN9wZG9mAWV4dG4DYWVtAjExAHNydGMGYXBwX2lkEDIyMjAzOTE3ODgyMDA4OTIAAR6peN4n50R-UVbOM6GqLGIXO7LDirWdFoDQGQSriYuyPpfujghh7N9wpZeajQ_aem_0CWAGMhZBIAHhYHTPe976w\" data-type=\"link\" data-id=\"https:\/\/reporterbuzoian.ro\/tentativa-de-omor-intr-o-comuna-din-buzau-2026\/?fbclid=IwY2xjawT8DN9wZG9mAWV4dG4DYWVtAjExAHNydGMGYXBwX2lkEDIyMjAzOTE3ODgyMDA4OTIAAR6peN4n50R-UVbOM6GqLGIXO7LDirWdFoDQGQSriYuyPpfujghh7N9wpZeajQ_aem_0CWAGMhZBIAHhYHTPe976w\" target=\"_blank\" rel=\"noopener\">Reporter Buzoian <\/a>.<\/p>\n<h3 class=\"wp-block-heading\">Procurorii: ar fi lovit cu inten\u021bia de a ucide<\/h3>\n<p class=\"wp-block-paragraph\">Anchetatorii sus\u021bin c\u0103 arma folosit\u0103 ar fi fost un cu\u021bit sau briceag cu o lam\u0103 de aproximativ <strong>14 centimetri<\/strong>. Zona vizat\u0103, intensitatea loviturii \u0219i gravitatea leziunilor i-au determinat pe procurori s\u0103 considere c\u0103 atacatorul ar fi ac\u021bionat cu inten\u021bia direct\u0103 de a ucide.<\/p>\n<blockquote class=\"wp-block-quote is-layout-flow wp-block-quote-is-layout-flow\">\n<p class=\"wp-block-paragraph\">\u201eA utilizat un cu\u0163it\/briceag cu lama de 14 cm, ce cu u\u015furin\u0163\u0103 poate produce decesul, a vizat zona abdominal\u0103 ce ad\u0103poste\u015fte organe vitale ale corpului uman \u015fi a aplicat lovitura cu intensitate, av\u00e2nd \u00een vedere leziunile grave produse, s-a constatat c\u0103 acesta a ac\u0163ionat cu inten\u0163ia direct\u0103 de a suprima via\u021ba victimei\u201d, precizeaz\u0103 procurorii.<\/p>\n<\/blockquote>\n<p class=\"wp-block-paragraph\">Din cercet\u0103ri ar mai fi rezultat c\u0103 atacul s-ar fi produs <strong>ca r\u0103zbunare<\/strong>, dup\u0103 ce victima l-ar fi agresat anterior pe inculpat, lovindu-l cu pumnii \u0219i picioarele.<\/p>\n<p class=\"wp-block-paragraph\">\u00cen cursul zilei de <strong>26 august<\/strong>, procurorii au dispus ini\u021bial re\u021binerea pentru 24 de ore a b\u0103rbatului de 37 de ani, iar ulterior au solicitat Tribunalului Buz\u0103u arestarea preventiv\u0103 a acestuia.<\/p>\n<p class=\"wp-block-paragraph\">Instan\u021ba a admis propunerea Parchetului \u0219i a dispus <strong>arestarea preventiv\u0103 pentru 30 de zile<\/strong>.<\/p>\n<p class=\"wp-block-paragraph\">Cercet\u0103rile sunt continuate pentru s\u0103v\u00e2r\u0219irea infrac\u021biunii de <strong>tentativ\u0103 la omor<\/strong>, ancheta beneficiind de sprijinul poli\u021bi\u0219tilor din cadrul <strong>IPJ Buz\u0103u \u2013 Serviciul de Investiga\u021bii Criminale<\/strong> \u0219i al <strong>Poli\u021biei Ora\u0219ului Pogoanele<\/strong>.<\/p>\n<p class=\"wp-block-paragraph\">P\u00e2n\u0103 la pronun\u021barea unei hot\u0103r\u00e2ri judec\u0103tore\u0219ti definitive, persoana cercetat\u0103 beneficiaz\u0103 de prezum\u021bia de nevinov\u0103\u021bie.<\/p>\n<div class=\"post-views content-post post-48519 entry-meta load-static\" data-pvc-type=\"post\" data-pvc-id=\"48519\"><span class=\"post-views-label\">Vizualiz\u0103ri \u0219tire:<\/span><span class=\"post-views-count\">1.202<\/span><\/div>\n<div id=\"stiri-2251741954\" class=\"stiri-dupa-continut-2 stiri-entity-placement\"><a href=\"https:\/\/rapidservicebuzau.ro\/\" aria-label=\"RAPID SUPER SERVICE\"><img loading=\"lazy\" decoding=\"async\" src=\"https:\/\/stiridinsursebuzau.ro\/wp-content\/uploads\/2026\/02\/ChatGPT-Image-10-feb.-2026-22_24_01.png\" alt width=\"1536\" height=\"1024\"><\/a><\/div>\n<div id=\"stiri-4036730866\" class=\"stiri-dupa-continut_2 stiri-entity-placement\"><a href=\"https:\/\/www.facebook.com\/profile.php?id=61564932526740\" aria-label=\"Glamour Pizza &quot;la patrat&quot;\"><img decoding=\"async\" loading=\"lazy\" src=\"https:\/\/stiridinsursebuzau.ro\/wp-content\/uploads\/2026\/02\/ChatGPT-Image-10-feb.-2026-21_57_13.png\" alt=\"Glamour Pizza &quot;la patrat&quot;\" width=\"1536\" height=\"1024\"><\/a><\/div>\n<div id=\"stiri-4244920215\" class=\"stiri-dupa-continut_3 stiri-entity-placement\"><a href=\"https:\/\/www.facebook.com\/profile.php?id=61573613380169&amp;locale=ro_RO\" aria-label=\"ChatGPT Image 10 feb. 2026, 22_10_50\"><img decoding=\"async\" loading=\"lazy\" src=\"https:\/\/stiridinsursebuzau.ro\/wp-content\/uploads\/2026\/02\/ChatGPT-Image-10-feb.-2026-22_10_50.png\" alt width=\"1536\" height=\"1024\"><\/a><\/div>\n<div id=\"stiri-22616534\" class=\"stiri-dupa-continut_4 stiri-entity-placement\"><a href=\"https:\/\/www.facebook.com\/profile.php?id=100077377992379\" aria-label=\"1536 cu 1024 pixeli\"><img decoding=\"async\" loading=\"lazy\" src=\"https:\/\/stiridinsursebuzau.ro\/wp-content\/uploads\/2026\/02\/ChatGPT-Image-20-feb.-2026-14_05_15.png\" alt=\"1536 cu 1024 pixeli\" width=\"1536\" height=\"1024\"><\/a><\/div>\n<div id=\"stiri-3111331920\" class=\"stiri-dupa-continut_5 stiri-entity-placement\"><img decoding=\"async\" loading=\"lazy\" src=\"https:\/\/stiridinsursebuzau.ro\/wp-content\/uploads\/2026\/02\/ChatGPT-Image-10-feb.-2026-23_00_56.png\" alt=\"piese tractoare\" width=\"1536\" height=\"1024\"><\/div>\n<nav class=\"navigation post-navigation\" aria-label=\"Articole\">\n<h2 class=\"screen-reader-text\">Navigare \u00een articole<\/h2>\n<div class=\"nav-links\">\n<div class=\"nav-previous\"><a href=\"https:\/\/stiridinsursebuzau.ro\/sportul-paralimpic-sustinut-prin-alergare-la-buzau-21k\/\" rel=\"prev\">Sportul paralimpic, sus\u021binut prin alergare la Buz\u0103u 21K <\/a><\/div>\n<div class=\"nav-next\"><a href=\"https:\/\/stiridinsursebuzau.ro\/primarul-din-cernatesti-prins-intr-un-scenariu-cu-un-fals-procuror-dna-leu-ion-acuzat-ca-il-presa-sa-rezolve-dosarul-cu-40-000-de-euro\/\" rel=\"next\"> Primarul din Cern\u0103te\u0219ti, prins \u00eentr-un scenariu cu un fals procuror DNA. Leu Ion, acuzat c\u0103 \u00eel presa s\u0103 \u201erezolve\u201d dosarul cu 40.000 de euro<\/a><\/div>\n<\/div>\n<\/nav>\n<\/article>\n<article class=\"page-content-single small single\">\n<div id=\"stiri-2224472688\" class=\"stiri-inainte-de-continut-14 stiri-entity-placement\"><a href=\"https:\/\/www.shoppingcitybuzau.ro\/\" aria-label=\"NEPI_Buzau_Card Colac_1274x158\"><img decoding=\"async\" loading=\"lazy\" src=\"https:\/\/stiridinsursebuzau.ro\/wp-content\/uploads\/2026\/08\/NEPI_Buzau_Card-Colac_1274x158.jpg\" alt width=\"1274\" height=\"158\"><\/a><\/div>\n<div id=\"stiri-1673421330\" class=\"stiri-inainte-de-continut-3 stiri-entity-placement\"><a href=\"https:\/\/buzau.21k.ro\/\" aria-label=\"900\u00d7200\"><img decoding=\"async\" loading=\"lazy\" src=\"https:\/\/stiridinsursebuzau.ro\/wp-content\/uploads\/2026\/07\/900x200.gif\" alt width=\"900\" height=\"200\"><\/a><\/div>\n<p class=\"wp-block-paragraph\">Un b\u0103rbat \u00een v\u00e2rst\u0103 de 37 de ani din jude\u021bul Buz\u0103u a fost arestat preventiv pentru 30 de zile, fiind cercetat pentru <strong>tentativ\u0103 la omor<\/strong>, dup\u0103 ce ar fi \u00eenjunghiat un cunoscut \u00een timpul unui conflict izbucnit pe o strad\u0103 din localitatea B\u0103lteni, comuna C.A. Rosetti. Victima, un b\u0103rbat de 32 de ani, a suferit r\u0103ni extrem de grave \u0219i a fost supus\u0103 unei interven\u021bii chirurgicale de urgen\u021b\u0103, \u00een urma c\u0103reia medicii au fost nevoi\u021bi s\u0103 \u00eei extirpe rinichiul drept.<\/p>\n<p class=\"wp-block-paragraph\">Incidentul s-a produs \u00een seara zilei de <strong>25 august 2026<\/strong>, \u00een jurul orei 21:00\u201321:30, pe strada Asocia\u021biei din localitatea B\u0103lteni.<\/p>\n<p class=\"wp-block-paragraph\">Potrivit Parchetului de pe l\u00e2ng\u0103 Tribunalul Buz\u0103u, conflictul ar fi izbucnit spontan, pe fondul consumului de alcool. Anchetatorii sus\u021bin c\u0103 inculpatul, identificat prin ini\u021bialele <strong>I.C.<\/strong>, l-ar fi atacat cu un cu\u021bit pe C.G.P., \u00een v\u00e2rst\u0103 de 32 de ani, lovindu-l \u00een zona abdominal\u0103.<\/p>\n<blockquote class=\"wp-block-quote is-layout-flow wp-block-quote-is-layout-flow\">\n<p class=\"wp-block-paragraph\">\u201e\u00cen sarcina acestuia s-a re\u0163inut c\u0103 \u00een data de 25.08.2026, \u00een jurul orei 21:00-21:30, pe raza localit\u0103\u021bii B\u0103lteni, comuna C.A Rosetti, jude\u021b Buz\u0103u, pe strada Asocia\u021biei, \u00een urma unui conflict spontan generat de consumul de alcool, l-a \u00eenjunghiat pe C.G.P. \u00een v\u00e2rst\u0103 de 32 ani, cu un cu\u021bit, \u00een zona abdominal\u0103, cauz\u00e2ndu-i o hemoragie masiv\u0103\u201d, se arat\u0103 \u00een comunicatul Parchetului.<\/p>\n<\/blockquote>\n<p class=\"wp-block-paragraph\">R\u0103nile provocate au fost deosebit de grave. Potrivit procurorilor, victima a suferit o plag\u0103 \u00eenjunghiat\u0103 penetrant\u0103, cu sec\u021bionarea ureterului drept, precum \u0219i a mai multor vene importante. Medicii au identificat, de asemenea, hematoame extinse \u00een zona retroperitoneal\u0103, mezenter \u0219i mezosigmoid.<\/p>\n<p class=\"wp-block-paragraph\">B\u0103rbatul a fost transportat la <strong>Spitalul Jude\u021bean de Urgen\u021b\u0103 Buz\u0103u<\/strong>, unde a intrat de urgen\u021b\u0103 \u00een sala de opera\u021bie. Pentru salvarea vie\u021bii sale, medicii au efectuat o <strong>nefrectomie, respectiv extirparea rinichiului drept<\/strong>, fiind necesare \u0219i interven\u021bii asupra venelor afectate conform <a href=\"https:\/\/reporterbuzoian.ro\/tentativa-de-omor-intr-o-comuna-din-buzau-2026\/?fbclid=IwY2xjawT8DN9wZG9mAWV4dG4DYWVtAjExAHNydGMGYXBwX2lkEDIyMjAzOTE3ODgyMDA4OTIAAR6peN4n50R-UVbOM6GqLGIXO7LDirWdFoDQGQSriYuyPpfujghh7N9wpZeajQ_aem_0CWAGMhZBIAHhYHTPe976w\" data-type=\"link\" data-id=\"https:\/\/reporterbuzoian.ro\/tentativa-de-omor-intr-o-comuna-din-buzau-2026\/?fbclid=IwY2xjawT8DN9wZG9mAWV4dG4DYWVtAjExAHNydGMGYXBwX2lkEDIyMjAzOTE3ODgyMDA4OTIAAR6peN4n50R-UVbOM6GqLGIXO7LDirWdFoDQGQSriYuyPpfujghh7N9wpZeajQ_aem_0CWAGMhZBIAHhYHTPe976w\" target=\"_blank\" rel=\"noopener\">Reporter Buzoian <\/a>.<\/p>\n<h3 class=\"wp-block-heading\">Procurorii: ar fi lovit cu inten\u021bia de a ucide<\/h3>\n<p class=\"wp-block-paragraph\">Anchetatorii sus\u021bin c\u0103 arma folosit\u0103 ar fi fost un cu\u021bit sau briceag cu o lam\u0103 de aproximativ <strong>14 centimetri<\/strong>. Zona vizat\u0103, intensitatea loviturii \u0219i gravitatea leziunilor i-au determinat pe procurori s\u0103 considere c\u0103 atacatorul ar fi ac\u021bionat cu inten\u021bia direct\u0103 de a ucide.<\/p>\n<blockquote class=\"wp-block-quote is-layout-flow wp-block-quote-is-layout-flow\">\n<p class=\"wp-block-paragraph\">\u201eA utilizat un cu\u0163it\/briceag cu lama de 14 cm, ce cu u\u015furin\u0163\u0103 poate produce decesul, a vizat zona abdominal\u0103 ce ad\u0103poste\u015fte organe vitale ale corpului uman \u015fi a aplicat lovitura cu intensitate, av\u00e2nd \u00een vedere leziunile grave produse, s-a constatat c\u0103 acesta a ac\u0163ionat cu inten\u0163ia direct\u0103 de a suprima via\u021ba victimei\u201d, precizeaz\u0103 procurorii.<\/p>\n<\/blockquote>\n<p class=\"wp-block-paragraph\">Din cercet\u0103ri ar mai fi rezultat c\u0103 atacul s-ar fi produs <strong>ca r\u0103zbunare<\/strong>, dup\u0103 ce victima l-ar fi agresat anterior pe inculpat, lovindu-l cu pumnii \u0219i picioarele.<\/p>\n<p class=\"wp-block-paragraph\">\u00cen cursul zilei de <strong>26 august<\/strong>, procurorii au dispus ini\u021bial re\u021binerea pentru 24 de ore a b\u0103rbatului de 37 de ani, iar ulterior au solicitat Tribunalului Buz\u0103u arestarea preventiv\u0103 a acestuia.<\/p>\n<p class=\"wp-block-paragraph\">Instan\u021ba a admis propunerea Parchetului \u0219i a dispus <strong>arestarea preventiv\u0103 pentru 30 de zile<\/strong>.<\/p>\n<p class=\"wp-block-paragraph\">Cercet\u0103rile sunt continuate pentru s\u0103v\u00e2r\u0219irea infrac\u021biunii de <strong>tentativ\u0103 la omor<\/strong>, ancheta beneficiind de sprijinul poli\u021bi\u0219tilor din cadrul <strong>IPJ Buz\u0103u \u2013 Serviciul de Investiga\u021bii Criminale<\/strong> \u0219i al <strong>Poli\u021biei Ora\u0219ului Pogoanele<\/strong>.<\/p>\n<p class=\"wp-block-paragraph\">P\u00e2n\u0103 la pronun\u021barea unei hot\u0103r\u00e2ri judec\u0103tore\u0219ti definitive, persoana cercetat\u0103 beneficiaz\u0103 de prezum\u021bia de nevinov\u0103\u021bie.<\/p>\n<div class=\"post-views content-post post-48519 entry-meta load-static\" data-pvc-type=\"post\" data-pvc-id=\"48519\"><span class=\"post-views-label\">Vizualiz\u0103ri \u0219tire:<\/span><span class=\"post-views-count\">1.202<\/span><\/div>\n<div id=\"stiri-2251741954\" class=\"stiri-dupa-continut-2 stiri-entity-placement\"><a href=\"https:\/\/rapidservicebuzau.ro\/\" aria-label=\"RAPID SUPER SERVICE\"><img loading=\"lazy\" decoding=\"async\" src=\"https:\/\/stiridinsursebuzau.ro\/wp-content\/uploads\/2026\/02\/ChatGPT-Image-10-feb.-2026-22_24_01.png\" alt width=\"1536\" height=\"1024\"><\/a><\/div>\n<div id=\"stiri-4036730866\" class=\"stiri-dupa-continut_2 stiri-entity-placement\"><a href=\"https:\/\/www.facebook.com\/profile.php?id=61564932526740\" aria-label=\"Glamour Pizza &quot;la patrat&quot;\"><img decoding=\"async\" loading=\"lazy\" src=\"https:\/\/stiridinsursebuzau.ro\/wp-content\/uploads\/2026\/02\/ChatGPT-Image-10-feb.-2026-21_57_13.png\" alt=\"Glamour Pizza &quot;la patrat&quot;\" width=\"1536\" height=\"1024\"><\/a><\/div>\n<div id=\"stiri-4244920215\" class=\"stiri-dupa-continut_3 stiri-entity-placement\"><a href=\"https:\/\/www.facebook.com\/profile.php?id=61573613380169&amp;locale=ro_RO\" aria-label=\"ChatGPT Image 10 feb. 2026, 22_10_50\"><img decoding=\"async\" loading=\"lazy\" src=\"https:\/\/stiridinsursebuzau.ro\/wp-content\/uploads\/2026\/02\/ChatGPT-Image-10-feb.-2026-22_10_50.png\" alt width=\"1536\" height=\"1024\"><\/a><\/div>\n<div id=\"stiri-22616534\" class=\"stiri-dupa-continut_4 stiri-entity-placement\"><a href=\"https:\/\/www.facebook.com\/profile.php?id=100077377992379\" aria-label=\"1536 cu 1024 pixeli\"><img decoding=\"async\" loading=\"lazy\" src=\"https:\/\/stiridinsursebuzau.ro\/wp-content\/uploads\/2026\/02\/ChatGPT-Image-20-feb.-2026-14_05_15.png\" alt=\"1536 cu 1024 pixeli\" width=\"1536\" height=\"1024\"><\/a><\/div>\n<div id=\"stiri-3111331920\" class=\"stiri-dupa-continut_5 stiri-entity-placement\"><img decoding=\"async\" loading=\"lazy\" src=\"https:\/\/stiridinsursebuzau.ro\/wp-content\/uploads\/2026\/02\/ChatGPT-Image-10-feb.-2026-23_00_56.png\" alt=\"piese tractoare\" width=\"1536\" height=\"1024\"><\/div>\n<nav class=\"navigation post-navigation\" aria-label=\"Articole\">\n<h2 class=\"screen-reader-text\">Navigare \u00een articole<\/h2>\n<div class=\"nav-links\">\n<div class=\"nav-previous\"><a href=\"https:\/\/stiridinsursebuzau.ro\/sportul-paralimpic-sustinut-prin-alergare-la-buzau-21k\/\" rel=\"prev\">Sportul paralimpic, sus\u021binut prin alergare la Buz\u0103u 21K <\/a><\/div>\n<div class=\"nav-next\"><a href=\"https:\/\/stiridinsursebuzau.ro\/primarul-din-cernatesti-prins-intr-un-scenariu-cu-un-fals-procuror-dna-leu-ion-acuzat-ca-il-presa-sa-rezolve-dosarul-cu-40-000-de-euro\/\" rel=\"next\"> Primarul din Cern\u0103te\u0219ti, prins \u00eentr-un scenariu cu un fals procuror DNA. Leu Ion, acuzat c\u0103 \u00eel presa s\u0103 \u201erezolve\u201d dosarul cu 40.000 de euro<\/a><\/div>\n<\/div>\n<\/nav>\n<\/article>\n<p>[analyse_source url=&#8221;https:\/\/stiridinsursebuzau.ro\/buzoian-arestat-dupa-ce-si-ar-fi-injunghiat-un-cunoscut-victima-a-ramas-fara-un-rinichi\/&#8221;]<\/p>\n","protected":false},"excerpt":{"rendered":"<p>[analyse_image type=&#8221;featured&#8221; src=&#8221;https:\/\/stiridinsursebuzau.ro\/wp-content\/uploads\/2026\/08\/images.jpg&#8221;] Un b\u0103rbat \u00een v\u00e2rst\u0103 de 37 de ani din jude\u021bul Buz\u0103u a fost arestat preventiv pentru 30 de zile, fiind cercetat pentru tentativ\u0103 la omor, dup\u0103 ce ar fi \u00eenjunghiat un cunoscut \u00een timpul unui conflict izbucnit pe o strad\u0103 din localitatea B\u0103lteni, comuna C.A. Rosetti. Victima, un b\u0103rbat de 32 de [&hellip;]<\/p>\n","protected":false},"author":1,"featured_media":0,"comment_status":"open","ping_status":"","sticky":false,"template":"","format":"standard","meta":{"footnotes":""},"categories":[2],"tags":[226,60],"class_list":["post-2114748","post","type-post","status-publish","format-standard","hentry","category-politics","tag-crawlmanager","tag-stiridinsursebuzau-ro"],"_links":{"self":[{"href":"https:\/\/analyse.optim.biz\/index.php?rest_route=\/wp\/v2\/posts\/2114748","targetHints":{"allow":["GET"]}}],"collection":[{"href":"https:\/\/analyse.optim.biz\/index.php?rest_route=\/wp\/v2\/posts"}],"about":[{"href":"https:\/\/analyse.optim.biz\/index.php?rest_route=\/wp\/v2\/types\/post"}],"author":[{"embeddable":true,"href":"https:\/\/analyse.optim.biz\/index.php?rest_route=\/wp\/v2\/users\/1"}],"replies":[{"embeddable":true,"href":"https:\/\/analyse.optim.biz\/index.php?rest_route=%2Fwp%2Fv2%2Fcomments&post=2114748"}],"version-history":[{"count":0,"href":"https:\/\/analyse.optim.biz\/index.php?rest_route=\/wp\/v2\/posts\/2114748\/revisions"}],"wp:attachment":[{"href":"https:\/\/analyse.optim.biz\/index.php?rest_route=%2Fwp%2Fv2%2Fmedia&parent=2114748"}],"wp:term":[{"taxonomy":"category","embeddable":true,"href":"https:\/\/analyse.optim.biz\/index.php?rest_route=%2Fwp%2Fv2%2Fcategories&post=2114748"},{"taxonomy":"post_tag","embeddable":true,"href":"https:\/\/analyse.optim.biz\/index.php?rest_route=%2Fwp%2Fv2%2Ftags&post=2114748"}],"curies":[{"name":"wp","href":"https:\/\/api.w.org\/{rel}","templated":true}]}}