{"id":2114584,"date":"2026-08-25T17:22:16","date_gmt":"2026-08-25T14:22:16","guid":{"rendered":"https:\/\/analyse.optim.biz\/?p=2114584"},"modified":"2026-08-25T17:22:16","modified_gmt":"2026-08-25T14:22:16","slug":"cu-toate-ca-acciza-s-a-redus-pretul-la-motorina-a-inceput-din-nou-sa-creasca","status":"publish","type":"post","link":"https:\/\/analyse.optim.biz\/?p=2114584","title":{"rendered":"Cu toate c\u0103 acciza s-a redus, pre\u021bul la motorin\u0103 a \u00eenceput din nou s\u0103 creasc\u0103"},"content":{"rendered":"<p>[analyse_image type=&#8221;featured&#8221; src=&#8221;https:\/\/orasul-timisoara.ro\/wp-content\/uploads\/2022\/06\/benzina-benzinarie-preturi-pompa.jpg&#8221;]<\/p>\n<article id=\"post-40516\" class=\"td-post-template-7 post-40516 post type-post status-publish format-standard has-post-thumbnail category-featured category-stiri-nationale-si-internationale tag-acciza-motorina tag-benzina-2 tag-benzinarii-2 tag-carburanti-2 tag-consiliul-concurentei tag-mol tag-motorina tag-motorina-romania tag-omv-petrom tag-pret-benzina-2 tag-pret-carburanti-2 tag-pret-motorina-2 tag-preturi-carburanti-romania tag-rompetrol tag-socar td-container-wrap\">\n<div class=\"td-full-screen-header-image-wrap\">\n<div class=\"td-container td-post-header\">\n<div class=\"td-crumb-container\">\n<div class=\"entry-crumbs\"><span><a title=\"Vede\u021bi toate articolele \u00een \u0218tiri na\u021bionale \u0219i interna\u021bionale\" class=\"entry-crumb\" href=\"https:\/\/orasul-timisoara.ro\/local-category\/stiri-nationale-si-internationale\/\">\u0218tiri na\u021bionale \u0219i interna\u021bionale<\/a><\/span><span class=\"td-bred-no-url-last\">Cu toate c\u0103 acciza s-a redus, pre\u021bul la motorin\u0103 a \u00eenceput din&#8230;<\/span><\/div>\n<\/div>\n<div class=\"td-post-header-holder\">\n<div class=\"td-parallax-header\">\n<header class=\"td-post-title\">\n<ul class=\"td-category\">\n<li class=\"entry-category\"><a href=\"https:\/\/orasul-timisoara.ro\/local-category\/stiri-nationale-si-internationale\/\">\u0218tiri na\u021bionale \u0219i interna\u021bionale<\/a><\/li>\n<\/ul>\n<h1 class=\"entry-title\">Cu toate c\u0103 acciza s-a redus, pre\u021bul la motorin\u0103 a \u00eenceput din nou s\u0103 creasc\u0103<\/h1>\n<div class=\"td-module-meta-info\">\n<div class=\"td-post-author-name\">\n<div class=\"td-author-by\">De c\u0103tre<\/div>\n<p><a href=\"https:\/\/orasul-timisoara.ro\/author\/timisoara\/\">redactia<\/a><\/p>\n<div class=\"td-author-line\"> &#8211; <\/div>\n<\/div>\n<p><span class=\"td-post-date\"><time class=\"entry-date updated td-module-date\" datetime=\"2026-08-25T20:22:16+03:00\">25\/08\/2026<\/time><\/span><\/div>\n<\/header>\n<\/div>\n<\/div>\n<\/div>\n<div id=\"td-full-screen-header-image\" class=\"td-image-gradient-style7\"><img decoding=\"async\" class=\"td-backstretch\" src=\"https:\/\/orasul-timisoara.ro\/wp-content\/uploads\/2022\/06\/benzina-benzinarie-preturi-pompa.jpg\"><\/div>\n<\/div>\n<div class=\"td-container\">\n<div class=\"td-pb-row\">\n<div class=\"td-pb-span8 td-main-content\" role=\"main\">\n<div class=\"td-ss-main-content\">\n<div class=\"td-post-sharing-top\">\n<div class=\"td-post-sharing-classic\"><iframe title=\"topFacebookLike\" frameborder src=\"https:\/\/www.facebook.com\/plugins\/like.php?href=https:\/\/orasul-timisoara.ro\/local-40516\/&amp;layout=button_count&amp;show_faces=false&amp;width=105&amp;action=like&amp;colorscheme=light&amp;height=21\"><\/iframe><\/div>\n<div id=\"td_social_sharing_article_top\" class=\"td-post-sharing td-ps-bg td-ps-notext td-post-sharing-style1 \">\n<div class=\"td-post-sharing-visible\"><a class=\"td-social-sharing-button td-social-sharing-button-js td-social-network td-social-facebook\" href=\"https:\/\/www.facebook.com\/sharer.php?u=https%3A%2F%2Forasul-timisoara.ro%2Flocal-40516%2F\" title=\"Facebook\"><\/p>\n<div class=\"td-social-but-text\">Facebook<\/div>\n<p><\/a><a class=\"td-social-sharing-button td-social-sharing-button-js td-social-network td-social-twitter\" href=\"https:\/\/twitter.com\/intent\/tweet?text=Cu+toate+c%C4%83+acciza+s-a+redus%2C+pre%C8%9Bul+la+motorin%C4%83+a+%C3%AEnceput+din+nou+s%C4%83+creasc%C4%83&amp;url=https%3A%2F%2Forasul-timisoara.ro%2Flocal-40516%2F&amp;via=orasultm\" title=\"Twitter\"><\/p>\n<div class=\"td-social-but-text\">Twitter<\/div>\n<p><\/a><a class=\"td-social-sharing-button td-social-sharing-button-js td-social-network td-social-whatsapp\" href=\"https:\/\/api.whatsapp.com\/send?text=Cu+toate+c%C4%83+acciza+s-a+redus%2C+pre%C8%9Bul+la+motorin%C4%83+a+%C3%AEnceput+din+nou+s%C4%83+creasc%C4%83%20%0A%0A%20https:\/\/orasul-timisoara.ro\/local-40516\/\" title=\"WhatsApp\"><\/p>\n<div class=\"td-social-but-text\">WhatsApp<\/div>\n<p><\/a><a class=\"td-social-sharing-button td-social-sharing-button-js td-social-network td-social-linkedin\" href=\"https:\/\/www.linkedin.com\/shareArticle?mini=true&amp;url=https:\/\/orasul-timisoara.ro\/local-40516\/&amp;title=Cu+toate+c%C4%83+acciza+s-a+redus%2C+pre%C8%9Bul+la+motorin%C4%83+a+%C3%AEnceput+din+nou+s%C4%83+creasc%C4%83\" title=\"Linkedin\"><\/p>\n<div class=\"td-social-but-text\">Linkedin<\/div>\n<p><\/a><a class=\"td-social-sharing-button td-social-sharing-button-js td-social-network td-social-reddit\" href=\"https:\/\/reddit.com\/submit?url=https:\/\/orasul-timisoara.ro\/local-40516\/&amp;title=Cu+toate+c%C4%83+acciza+s-a+redus%2C+pre%C8%9Bul+la+motorin%C4%83+a+%C3%AEnceput+din+nou+s%C4%83+creasc%C4%83\" title=\"ReddIt\"><\/p>\n<div class=\"td-social-but-text\">ReddIt<\/div>\n<p><\/a><a class=\"td-social-sharing-button td-social-sharing-button-js td-social-network td-social-mail\" href=\"mailto:?subject=Cu%20toate%20c%C4%83%20acciza%20s-a%20redus,%20pre%C8%9Bul%20la%20motorin%C4%83%20a%20%C3%AEnceput%20din%20nou%20s%C4%83%20creasc%C4%83&amp;body=https:\/\/orasul-timisoara.ro\/local-40516\/\" title=\"Email\"><\/p>\n<div class=\"td-social-but-text\">Email<\/div>\n<p><\/a><a class=\"td-social-sharing-button td-social-sharing-button-js td-social-network td-social-print\" href=\"https:\/\/orasul-timisoara.ro\/local-40516\/\" title=\"Imprimare\"><\/p>\n<div class=\"td-social-but-text\">Imprimare<\/div>\n<p><\/a><\/div>\n<\/div>\n<\/div>\n<div class=\"td-post-content tagdiv-type\">\n<p class=\"wp-block-paragraph\">Pre\u021bul mediu al motorinei standard a ajuns la aproximativ 10,23 lei pe litru, dup\u0103 ce reducerea cu 20% a accizei, aplicat\u0103 la 16 august, a dus ini\u021bial la o sc\u0103dere important\u0103 a pre\u021burilor la pomp\u0103. Ulterior, carburan\u021bii s-au scumpit din nou, iar motorina este acum cu aproximativ 50-53 de bani pe litru mai ieftin\u0103 dec\u00e2t \u00eenaintea reducerii accizei, potrivit unei analize a Consiliului Concuren\u021bei.<\/p>\n<p class=\"wp-block-paragraph\">Imediat dup\u0103 reducerea accizei, pre\u021bul mediu al motorinei standard a sc\u0103zut de la aproximativ 10,74 lei pe litru la 10,10 lei pe litru. Principalii operatori au redus pre\u021bul la pomp\u0103 cu aproximativ 68 de bani pe litru.<\/p>\n<p class=\"wp-block-paragraph\">Consiliul Concuren\u021bei precizeaz\u0103 c\u0103 singura excep\u021bie a fost o companie aflat\u0103 deja sub supravegherea statului, care a aplicat o reducere de 53 de bani pe litru.<\/p>\n<p class=\"wp-block-paragraph\">Ulterior, pre\u021burile au crescut din nou cu aproximativ 13-15 bani pe litru, ceea ce a dus pre\u021bul mediu al motorinei standard la aproximativ 10,23 lei pe litru.<\/p>\n<p class=\"wp-block-paragraph\">\u201e\u00cen prezent, motorina este cu aproximativ 50-53 de bani\/litru mai ieftin\u0103 dec\u00e2t \u00eenainte de reducerea accizei, ceea ce \u00eenseamn\u0103 c\u0103 m\u0103sura are efect \u0219i pre\u021bul pl\u0103tit de consumator este mai mic\u201d, a declarat Bogdan Chiri\u021boiu, pre\u0219edintele Consiliului Concuren\u021bei.<\/p>\n<h2 class=\"wp-block-heading\">Pre\u021bul motorinei este influen\u021bat \u0219i de cota\u021biile produselor rafinate<\/h2>\n<p class=\"wp-block-paragraph\">Potrivit Consiliului Concuren\u021bei, evolu\u021bia pre\u021bului la pomp\u0103 nu depinde exclusiv de cota\u021bia \u021bi\u021beiului. \u00cen cazul motorinei, un rol important \u00eel au \u0219i cota\u021biile interna\u021bionale ale produselor rafinate, deficitul de motorin\u0103 \u0219i problemele de aprovizionare.<\/p>\n<p class=\"wp-block-paragraph\">\u201eCota\u021biile interna\u021bionale ale motorinei se men\u021bin la niveluri ridicate, iar presiunile asupra pre\u021burilor provin \u00een principal din zona rafin\u0103rii\u201d, a mai declarat Bogdan Chiri\u021boiu.<\/p>\n<h2 class=\"wp-block-heading\">Pre\u021bul motorinei din Rom\u00e2nia este apropiat de media european\u0103<\/h2>\n<p class=\"wp-block-paragraph\">Consiliul Concuren\u021bei arat\u0103 c\u0103 evolu\u021bia pre\u021burilor carburan\u021bilor din Rom\u00e2nia este similar\u0103 cu cea \u00eenregistrat\u0103 \u00een aceast\u0103 perioad\u0103 pe pie\u021bele europene.<\/p>\n<p class=\"wp-block-paragraph\">La 17 august, pre\u021bul motorinei cu taxe din Rom\u00e2nia era practic egal cu media Uniunii Europene: 2,030 euro pe litru \u00een Rom\u00e2nia, fa\u021b\u0103 de 2,033 euro pe litru media UE.<\/p>\n<p class=\"wp-block-paragraph\">\u00cen perioada 10-17 august, pre\u021bul motorinei din Rom\u00e2nia a crescut cu aproximativ 1%, \u00een timp ce \u00een alte 16 state membre au fost \u00eenregistrate cre\u0219teri mai mari, de p\u00e2n\u0103 la 9%.<\/p>\n<p class=\"wp-block-paragraph\">\u00cen acela\u0219i timp, pre\u021bul f\u0103r\u0103 taxe era \u00een Rom\u00e2nia cu aproximativ 6% sub media UE: 1,142 euro pe litru, fa\u021b\u0103 de 1,210 euro pe litru.<\/p>\n<p class=\"wp-block-paragraph\">Situa\u021bia este \u0219i mai favorabil\u0103 \u00een cazul benzinei. Pre\u021burile din Rom\u00e2nia erau cu aproximativ 6% sub media UE pentru pre\u021bul cu taxe \u0219i cu aproximativ 8% sub media european\u0103 pentru pre\u021bul f\u0103r\u0103 taxe.<\/p>\n<p class=\"wp-block-paragraph\">La 24 august, pre\u021bul mediu al benzinei standard \u00een Rom\u00e2nia era de aproximativ 9,55 lei pe litru.<\/p>\n<h2 class=\"wp-block-heading\">Rom\u00e2nia are pre\u021buri mai apropiate de media UE dup\u0103 modificarea plafon\u0103rii adaosului<\/h2>\n<p class=\"wp-block-paragraph\">Consiliul Concuren\u021bei mai arat\u0103 c\u0103, dup\u0103 modificarea metodologiei de plafonare a adaosului pe pia\u021ba carburan\u021bilor, pre\u021burile din Rom\u00e2nia au sc\u0103zut mai pu\u021bin raportat la media european\u0103 dec\u00e2t \u00een perioada aprilie-iunie, c\u00e2nd s-a aplicat plafonarea anterioar\u0103.<\/p>\n<p class=\"wp-block-paragraph\">\u00cen perioada aprilie-iunie, pre\u021burile cu taxe erau cu p\u00e2n\u0103 la 10% sub media UE, \u00een timp ce pre\u021burile f\u0103r\u0103 taxe ajungeau s\u0103 fie cu p\u00e2n\u0103 la 20% mai mici.<\/p>\n<h2 class=\"wp-block-heading\">Operatorii au respectat plafonarea adaosului comercial \u00een aprilie-iunie<\/h2>\n<p class=\"wp-block-paragraph\">Analiza preliminar\u0103 realizat\u0103 de Consiliul Concuren\u021bei indic\u0103 faptul c\u0103 principalii operatori de pe pia\u021ba carburan\u021bilor au respectat prevederile privind plafonarea adaosului comercial \u00een perioada aprilie-iunie 2026.<\/p>\n<p class=\"wp-block-paragraph\">Marjele raportate de ace\u0219tia nu au dep\u0103\u0219it nivelul mediu \u00eenregistrat \u00een anul 2025.<\/p>\n<p class=\"wp-block-paragraph\">\u201eDatele analizate p\u00e2n\u0103 \u00een prezent arat\u0103 c\u0103 principalii operatori de pe pia\u021b\u0103 au respectat prevederile privind plafonarea adaosului comercial. Analiza este \u00een desf\u0103\u0219urare \u0219i o vom finaliza \u00een perioada urm\u0103toare\u201d, a spus Bogdan Chiri\u021boiu.<\/p>\n<p class=\"wp-block-paragraph\">\u00cen cazul principalilor produc\u0103tori \u0219i distribuitori inclu\u0219i \u00een Monitorul Pre\u021burilor, respectiv OMV Petrom, Rompetrol, MOL Rom\u00e2nia \u0219i Socar Rom\u00e2nia, datele analizate nu indic\u0103 marje mai mari \u00een perioada aprilie-iunie 2026 dec\u00e2t cele aferente anului 2025.<\/p>\n<p class=\"wp-block-paragraph\">Pentru Petrotel-Lukoil, Lukoil Rom\u00e2nia \u0219i Nis Petrol\/Gazprom sunt necesare clarific\u0103ri suplimentare, deoarece unele dintre informa\u021biile raportate sunt incomplete sau prezint\u0103 neconcordan\u021be, potrivit Consiliului Concuren\u021bei.<\/p>\n<h2 class=\"wp-block-heading\">65 de situa\u021bii sunt \u00eenc\u0103 verificate<\/h2>\n<p class=\"wp-block-paragraph\">Consiliul Concuren\u021bei a analizat datele transmise de ANAF de operatorii economici care activeaz\u0103 \u00een produc\u021bia, importul, distribu\u021bia \u0219i comercializarea benzinei \u0219i motorinei.<\/p>\n<p class=\"wp-block-paragraph\">\u00cen baza de date transmis\u0103 de ANAF au fost identifica\u021bi 824 de operatori economici care au raportat informa\u021bii pentru cel pu\u021bin una dintre perioadele analizate. Pentru 536 dintre ace\u0219tia exist\u0103 raport\u0103ri at\u00e2t pentru anul 2025, c\u00e2t \u0219i pentru perioada analizat\u0103 din 2026.<\/p>\n<p class=\"wp-block-paragraph\">Analiza preliminar\u0103 a identificat 65 de situa\u021bii \u00een care valorile raportate pentru anul 2026 apar ca fiind mai mari dec\u00e2t nivelul de referin\u021b\u0103 aferent anului 2025, pentru cel pu\u021bin unul dintre produsele sau canalele de comercializare analizate.<\/p>\n<p class=\"wp-block-paragraph\">Aceste situa\u021bii urmeaz\u0103 s\u0103 fie verificate individual \u0219i nu reprezint\u0103, \u00een aceast\u0103 etap\u0103, constat\u0103ri finale privind nerespectarea plafon\u0103rii adaosului comercial.<\/p>\n<p class=\"wp-block-paragraph\">Pentru consumatori, principala schimbare r\u0103m\u00e2ne \u00eens\u0103 reducerea pre\u021bului motorinei fa\u021b\u0103 de nivelul de dinaintea reducerii accizei. Dup\u0103 sc\u0103derea ini\u021bial\u0103 \u0219i cre\u0219terile ulterioare de la pomp\u0103, motorina standard se men\u021bine \u00een prezent la un nivel mediu de aproximativ 10,23 lei pe litru.<\/p>\n<\/div>\n<footer>\n<div class=\"td-post-source-tags\">\n<ul class=\"td-tags td-post-small-box clearfix\">\n<li><span>ETICHETE<\/span><\/li>\n<li><a href=\"https:\/\/orasul-timisoara.ro\/local-tag\/acciza-motorina\/\">acciz\u0103 motorin\u0103<\/a><\/li>\n<li><a href=\"https:\/\/orasul-timisoara.ro\/local-tag\/benzina-2\/\">benzin\u0103<\/a><\/li>\n<li><a href=\"https:\/\/orasul-timisoara.ro\/local-tag\/benzinarii-2\/\">benzin\u0103rii<\/a><\/li>\n<li><a href=\"https:\/\/orasul-timisoara.ro\/local-tag\/carburanti-2\/\">carburan\u021bi<\/a><\/li>\n<li><a href=\"https:\/\/orasul-timisoara.ro\/local-tag\/consiliul-concurentei\/\">Consiliul Concuren\u021bei<\/a><\/li>\n<li><a href=\"https:\/\/orasul-timisoara.ro\/local-tag\/mol\/\">MOL<\/a><\/li>\n<li><a href=\"https:\/\/orasul-timisoara.ro\/local-tag\/motorina\/\">motorin\u0103<\/a><\/li>\n<li><a href=\"https:\/\/orasul-timisoara.ro\/local-tag\/motorina-romania\/\">motorin\u0103 Rom\u00e2nia<\/a><\/li>\n<li><a href=\"https:\/\/orasul-timisoara.ro\/local-tag\/omv-petrom\/\">omv petrom<\/a><\/li>\n<li><a href=\"https:\/\/orasul-timisoara.ro\/local-tag\/pret-benzina-2\/\">pre\u021b benzin\u0103<\/a><\/li>\n<li><a href=\"https:\/\/orasul-timisoara.ro\/local-tag\/pret-carburanti-2\/\">pre\u021b carburan\u021bi<\/a><\/li>\n<li><a href=\"https:\/\/orasul-timisoara.ro\/local-tag\/pret-motorina-2\/\">pre\u021b motorin\u0103<\/a><\/li>\n<li><a href=\"https:\/\/orasul-timisoara.ro\/local-tag\/preturi-carburanti-romania\/\">pre\u021buri carburan\u021bi Rom\u00e2nia<\/a><\/li>\n<li><a href=\"https:\/\/orasul-timisoara.ro\/local-tag\/rompetrol\/\">rompetrol<\/a><\/li>\n<li><a href=\"https:\/\/orasul-timisoara.ro\/local-tag\/socar\/\">socar<\/a><\/li>\n<\/ul>\n<\/div>\n<div class=\"td-post-sharing-bottom\">\n<div class=\"td-post-sharing-classic\"><iframe title=\"bottomFacebookLike\" frameborder src=\"https:\/\/www.facebook.com\/plugins\/like.php?href=https:\/\/orasul-timisoara.ro\/local-40516\/&amp;layout=button_count&amp;show_faces=false&amp;width=105&amp;action=like&amp;colorscheme=light&amp;height=21\"><\/iframe><\/div>\n<div id=\"td_social_sharing_article_bottom\" class=\"td-post-sharing td-ps-bg td-ps-notext td-post-sharing-style1 \">\n<div class=\"td-post-sharing-visible\"><a class=\"td-social-sharing-button td-social-sharing-button-js td-social-network td-social-facebook\" href=\"https:\/\/www.facebook.com\/sharer.php?u=https%3A%2F%2Forasul-timisoara.ro%2Flocal-40516%2F\" title=\"Facebook\"><\/p>\n<div class=\"td-social-but-text\">Facebook<\/div>\n<p><\/a><a class=\"td-social-sharing-button td-social-sharing-button-js td-social-network td-social-twitter\" href=\"https:\/\/twitter.com\/intent\/tweet?text=Cu+toate+c%C4%83+acciza+s-a+redus%2C+pre%C8%9Bul+la+motorin%C4%83+a+%C3%AEnceput+din+nou+s%C4%83+creasc%C4%83&amp;url=https%3A%2F%2Forasul-timisoara.ro%2Flocal-40516%2F&amp;via=orasultm\" title=\"Twitter\"><\/p>\n<div class=\"td-social-but-text\">Twitter<\/div>\n<p><\/a><a class=\"td-social-sharing-button td-social-sharing-button-js td-social-network td-social-whatsapp\" href=\"https:\/\/api.whatsapp.com\/send?text=Cu+toate+c%C4%83+acciza+s-a+redus%2C+pre%C8%9Bul+la+motorin%C4%83+a+%C3%AEnceput+din+nou+s%C4%83+creasc%C4%83%20%0A%0A%20https:\/\/orasul-timisoara.ro\/local-40516\/\" title=\"WhatsApp\"><\/p>\n<div class=\"td-social-but-text\">WhatsApp<\/div>\n<p><\/a><a class=\"td-social-sharing-button td-social-sharing-button-js td-social-network td-social-linkedin\" href=\"https:\/\/www.linkedin.com\/shareArticle?mini=true&amp;url=https:\/\/orasul-timisoara.ro\/local-40516\/&amp;title=Cu+toate+c%C4%83+acciza+s-a+redus%2C+pre%C8%9Bul+la+motorin%C4%83+a+%C3%AEnceput+din+nou+s%C4%83+creasc%C4%83\" title=\"Linkedin\"><\/p>\n<div class=\"td-social-but-text\">Linkedin<\/div>\n<p><\/a><a class=\"td-social-sharing-button td-social-sharing-button-js td-social-network td-social-reddit\" href=\"https:\/\/reddit.com\/submit?url=https:\/\/orasul-timisoara.ro\/local-40516\/&amp;title=Cu+toate+c%C4%83+acciza+s-a+redus%2C+pre%C8%9Bul+la+motorin%C4%83+a+%C3%AEnceput+din+nou+s%C4%83+creasc%C4%83\" title=\"ReddIt\"><\/p>\n<div class=\"td-social-but-text\">ReddIt<\/div>\n<p><\/a><a class=\"td-social-sharing-button td-social-sharing-button-js td-social-network td-social-mail\" href=\"mailto:?subject=Cu%20toate%20c%C4%83%20acciza%20s-a%20redus,%20pre%C8%9Bul%20la%20motorin%C4%83%20a%20%C3%AEnceput%20din%20nou%20s%C4%83%20creasc%C4%83&amp;body=https:\/\/orasul-timisoara.ro\/local-40516\/\" title=\"Email\"><\/p>\n<div class=\"td-social-but-text\">Email<\/div>\n<p><\/a><a class=\"td-social-sharing-button td-social-sharing-button-js td-social-network td-social-print\" href=\"https:\/\/orasul-timisoara.ro\/local-40516\/\" title=\"Imprimare\"><\/p>\n<div class=\"td-social-but-text\">Imprimare<\/div>\n<p><\/a><\/div>\n<\/div>\n<\/div>\n<div class=\"td-block-row td-post-next-prev\">\n<div class=\"td-block-span6 td-post-prev-post\">\n<div class=\"td-post-next-prev-content\"><span>Articolul precedent<\/span><a href=\"https:\/\/orasul-timisoara.ro\/local-40514\/\">Prim\u0103ria Timi\u0219oara continu\u0103 controalele pentru terenurile ne\u00eentre\u021binute \u0219i focarele de ambrozie. 110 amenzi aplicate \u00een aceast\u0103 var\u0103<\/a><\/div>\n<\/div>\n<div class=\"td-block-span6 td-post-next-post\">\n<div class=\"td-post-next-prev-content\"><span>Articolul urm\u0103tor<\/span><a href=\"https:\/\/orasul-timisoara.ro\/local-40518\/\">Senatul a adoptat \u201eamendamentul Fritz\u201d. Dominic Fritz \u00ee\u0219i va pierde mandatul de primar al Timi\u0219oarei<\/a><\/div>\n<\/div>\n<\/div>\n<div class=\"td-author-name vcard author\"><span class=\"fn\"><a href=\"https:\/\/orasul-timisoara.ro\/author\/timisoara\/\">redactia<\/a><\/span><\/div>\n<p><span class=\"td-page-meta\"><\/span><span class=\"td-page-meta\"><span class=\"td-page-meta\"><\/span><\/span><span class=\"td-page-meta\"><\/span><\/footer>\n<div class=\"td_block_wrap td_block_related_posts tdi_3 td_with_ajax_pagination td-pb-border-top td_block_template_8\" data-td-block-uid=\"tdi_3\">\n<h4 class=\"td-related-title td-block-title\"><a id=\"tdi_4\" class=\"td-related-left td-cur-simple-item\" data-td_filter_value data-td_block_id=\"tdi_3\" href=\"https:\/\/orasul-timisoara.ro\/local-40516\/\">ARTICOLE SIMILARE<\/a><a id=\"tdi_5\" class=\"td-related-right\" data-td_filter_value=\"td_related_more_from_author\" data-td_block_id=\"tdi_3\" href=\"https:\/\/orasul-timisoara.ro\/local-40516\/\">DE LA ACELA\u0218I AUTOR<\/a><\/h4>\n<div id=\"tdi_3\" class=\"td_block_inner\">\n<div class=\"td-related-row\">\n<div class=\"td-related-span4\">\n<div class=\"td_module_related_posts td-animation-stack td_mod_related_posts\">\n<div class=\"td-module-image\">\n<div class=\"td-module-thumb\"><a href=\"https:\/\/orasul-timisoara.ro\/local-39934\/\" rel=\"bookmark\" class=\"td-image-wrap \" title=\"Legea pentru ieftinirea motorinei a trecut de Parlament. Ce se schimb\u0103 la pomp\u0103\"><img loading=\"lazy\" decoding=\"async\" class=\"entry-thumb\" src=\"https:\/\/orasul-timisoara.ro\/wp-content\/uploads\/2026\/03\/statie-carburanti-pompa-436x300.jpg\" alt title=\"Legea pentru ieftinirea motorinei a trecut de Parlament. Ce se schimb\u0103 la pomp\u0103\" width=\"218\" height=\"150\"><\/a><\/div>\n<\/div>\n<div class=\"item-details\">\n<h3 class=\"entry-title td-module-title\"><a href=\"https:\/\/orasul-timisoara.ro\/local-39934\/\" rel=\"bookmark\" title=\"Legea pentru ieftinirea motorinei a trecut de Parlament. Ce se schimb\u0103 la pomp\u0103\">Legea pentru ieftinirea motorinei a trecut de Parlament. Ce se schimb\u0103 la pomp\u0103<\/a><\/h3>\n<\/div>\n<\/div>\n<\/div>\n<div class=\"td-related-span4\">\n<div class=\"td_module_related_posts td-animation-stack td_mod_related_posts\">\n<div class=\"td-module-image\">\n<div class=\"td-module-thumb\"><a href=\"https:\/\/orasul-timisoara.ro\/local-39538\/\" rel=\"bookmark\" class=\"td-image-wrap \" title=\"Comer\u021bul cu am\u0103nuntul din Rom\u00e2nia scade cu 4%, cel mai slab rezultat din Uniunea European\u0103\"><img loading=\"lazy\" decoding=\"async\" class=\"entry-thumb\" src=\"https:\/\/orasul-timisoara.ro\/wp-content\/uploads\/2021\/03\/cumparaturi-batrani-supermarket.jpg\" alt title=\"Comer\u021bul cu am\u0103nuntul din Rom\u00e2nia scade cu 4%, cel mai slab rezultat din Uniunea European\u0103\" width=\"218\" height=\"150\"><\/a><\/div>\n<\/div>\n<div class=\"item-details\">\n<h3 class=\"entry-title td-module-title\"><a href=\"https:\/\/orasul-timisoara.ro\/local-39538\/\" rel=\"bookmark\" title=\"Comer\u021bul cu am\u0103nuntul din Rom\u00e2nia scade cu 4%, cel mai slab rezultat din Uniunea European\u0103\">Comer\u021bul cu am\u0103nuntul din Rom\u00e2nia scade cu 4%, cel mai slab rezultat din Uniunea European\u0103<\/a><\/h3>\n<\/div>\n<\/div>\n<\/div>\n<div class=\"td-related-span4\">\n<div class=\"td_module_related_posts td-animation-stack td_mod_related_posts\">\n<div class=\"td-module-image\">\n<div class=\"td-module-thumb\"><a href=\"https:\/\/orasul-timisoara.ro\/local-39424\/\" rel=\"bookmark\" class=\"td-image-wrap \" title=\"Motorina se scumpe\u0219te de m\u00e2ine cu peste 30 de bani pe litru\"><img loading=\"lazy\" decoding=\"async\" class=\"entry-thumb\" src=\"https:\/\/orasul-timisoara.ro\/wp-content\/uploads\/2026\/03\/statie-carburanti-pompa-436x300.jpg\" alt title=\"Motorina se scumpe\u0219te de m\u00e2ine cu peste 30 de bani pe litru\" width=\"218\" height=\"150\"><\/a><\/div>\n<\/div>\n<div class=\"item-details\">\n<h3 class=\"entry-title td-module-title\"><a href=\"https:\/\/orasul-timisoara.ro\/local-39424\/\" rel=\"bookmark\" title=\"Motorina se scumpe\u0219te de m\u00e2ine cu peste 30 de bani pe litru\">Motorina se scumpe\u0219te de m\u00e2ine cu peste 30 de bani pe litru<\/a><\/h3>\n<\/div>\n<\/div>\n<\/div>\n<\/div>\n<\/div>\n<\/div>\n<div class=\"comments\" id=\"comments\">\n<div id=\"respond\" class=\"comment-respond\">\n<h3 id=\"reply-title\" class=\"comment-reply-title\">L\u0102SA\u021aI UN MESAJ<\/h3>\n<div class=\"comment-form-input-wrap td-form-comment\">\n<div class=\"td-warning-comment\">V\u0103 rug\u0103m s\u0103 introduce\u021bi comentariul dvs.!<\/div>\n<\/div>\n<div class=\"comment-form-input-wrap td-form-author\">\n<div class=\"td-warning-author\">Introduce\u021bi aici numele dvs.<\/div>\n<\/div>\n<div class=\"comment-form-input-wrap td-form-email\">\n<div class=\"td-warning-email-error\">A\u021bi introdus o adres\u0103 de e-mail incorect\u0103!<\/div>\n<div class=\"td-warning-email\">V\u0103 rug\u0103m s\u0103 introduce\u021bi adresa dvs. de e-mail aici<\/div>\n<\/div>\n<\/div>\n<p class=\"akismet_comment_form_privacy_notice\">Acest site folose\u0219te Akismet pentru a reduce spamul. <a href=\"https:\/\/akismet.com\/privacy\/\" target=\"_blank\" rel=\"nofollow noopener\">Afl\u0103 cum sunt procesate datele comentariilor tale<\/a>.<\/p>\n<\/div>\n<\/div>\n<\/div>\n<div class=\"td-pb-span4 td-main-sidebar\" role=\"complementary\">\n<div class=\"td-ss-main-sidebar\">\n<aside id=\"block-4\" class=\"td_block_template_8 widget block-4 widget_block widget_media_image\">\n<figure class=\"wp-block-image size-full\"><img loading=\"lazy\" decoding=\"async\" width=\"336\" height=\"280\" src=\"https:\/\/orasul-timisoara.ro\/wp-content\/uploads\/2024\/11\/ReTIM-Abonamentul-Verde-Google-Ads-336x280px.gif\" alt class=\"wp-image-29257\"><\/figure>\n<\/aside>\n<div class=\"td_block_wrap td_block_social_counter td_block_widget tdi_6 td-social-style5 td-social-boxed td-pb-border-top td_block_template_8\">\n<div class=\"td-block-title-wrap\">\n<h4 class=\"td-block-title\"><span>Urm\u0103re\u0219te-ne pe Social Media<\/span><\/h4>\n<\/div>\n<div class=\"td-social-list\">\n<div class=\"td_social_type td-pb-margin-side td_social_facebook\">\n<div class=\"td-social-box\"><span class=\"td_social_info td_social_info_counter\">344,595<\/span><span class=\"td_social_info td_social_info_name\">Fani<\/span><span class=\"td_social_button\"><a href=\"https:\/\/www.facebook.com\/247timisoara\" target=\"_blank\" rel=\"nofollow\">\u00cemi place<\/a><\/span><\/div>\n<\/div>\n<div class=\"td_social_type td-pb-margin-side td_social_instagram\">\n<div class=\"td-social-box\"><span class=\"td_social_info td_social_info_counter\">4,416<\/span><span class=\"td_social_info td_social_info_name\">Cititori<\/span><span class=\"td_social_button\"><a href=\"https:\/\/instagram.com\/orasultimisoararo\/\" target=\"_blank\" rel=\"nofollow\">Conecta\u021bi-v\u0103<\/a><\/span><\/div>\n<\/div>\n<div class=\"td_social_type td-pb-margin-side td_social_rss\">\n<div class=\"td-social-box\"><span class=\"td_social_info td_social_info_counter\">12,506<\/span><span class=\"td_social_info td_social_info_name\">Cititori<\/span><span class=\"td_social_button\"><a href=\"https:\/\/orasul-timisoara.ro\/feed\/\" target=\"_blank\" rel=\"nofollow\">Conecta\u021bi-v\u0103<\/a><\/span><\/div>\n<\/div>\n<div class=\"td_social_type td-pb-margin-side td_social_tiktok\">\n<div class=\"td-social-box\"><span class=\"td_social_info td_social_info_counter\">1,500<\/span><span class=\"td_social_info td_social_info_name\">Cititori<\/span><span class=\"td_social_button\"><a href=\"https:\/\/www.tiktok.com\/@orasultimisoara\" target=\"_blank\" rel=\"nofollow\">Conecta\u021bi-v\u0103<\/a><\/span><\/div>\n<\/div>\n<div class=\"td_social_type td-pb-margin-side td_social_twitter\">\n<div class=\"td-social-box\"><span class=\"td_social_info td_social_info_counter\">1,595<\/span><span class=\"td_social_info td_social_info_name\">Cititori<\/span><span class=\"td_social_button\"><a href=\"https:\/\/twitter.com\/orasultm\" target=\"_blank\" rel=\"nofollow\">Conecta\u021bi-v\u0103<\/a><\/span><\/div>\n<\/div>\n<div class=\"td_social_type td-pb-margin-side td_social_youtube\">\n<div class=\"td-social-box\"><span class=\"td_social_info td_social_info_counter\">3,506<\/span><span class=\"td_social_info td_social_info_name\">Abona\u021bi<\/span><span class=\"td_social_button\"><a href=\"https:\/\/www.youtube.com\/channel\/UCQNsQvs2XCSIm1Z-AHRturw?sub_confirmation=1\" target=\"_blank\" rel=\"nofollow\">Abona\u021bi-v\u0103<\/a><\/span><\/div>\n<\/div>\n<\/div>\n<\/div>\n<aside id=\"text-7\" class=\"td_block_template_8 widget text-7 widget_text\">\n<h4 class=\"td-block-title\"><span>C\u0103ut\u0103ri populare pe OTM<\/span><\/h4>\n<div class=\"textwidget\"><a href=\"https:\/\/orasul-timisoara.ro\/?s=timisoara\"><span>Timisoara<\/span><\/a><a href=\"https:\/\/orasul-timisoara.ro\/?s=calin+dobra\"><span>Calin Dobra<\/span><\/a><a href=\"https:\/\/orasul-timisoara.ro\/?s=primaria+timisoara\"><span>Primaria Timisoara<\/span><\/a><a href=\"https:\/\/orasul-timisoara.ro\/?s=dominic+fritz\"><span>Dominic Fritz<\/span><\/a><a href=\"https:\/\/orasul-timisoara.ro\/?s=nicolae+robu\"><span>Nicolae Robu<\/span><\/a><a href=\"https:\/\/orasul-timisoara.ro\/?s=consiliul+local+timisoara\">Consiliul Local Timisoara<\/a><a href=\"https:\/\/orasul-timisoara.ro\/?s=consiliul+judetean+timis\"><span>Consiliul Judetean Timis<\/span><\/a><a href=\"https:\/\/orasul-timisoara.ro\/?s=cjt\"><span>CJT<\/span><\/a><a href=\"https:\/\/orasul-timisoara.ro\/?s=Alfred+Simonis\"><span>Alfred Simonis<\/span><\/a><a href=\"https:\/\/orasul-timisoara.ro\/?s=PNL\"><span>PNL<\/span><\/a><a href=\"https:\/\/orasul-timisoara.ro\/?s=coronavirus\"><span>coronavirus<\/span><\/a><a href=\"https:\/\/orasul-timisoara.ro\/?s=teatru+timisoara\">teatru Timisoara<\/a><a href=\"https:\/\/orasul-timisoara.ro\/?s=restaurante\"><span>restaurante Timisoara<\/span><\/a><a href=\"https:\/\/orasul-timisoara.ro\/?s=diskoteka\"><span>Diskoteka<\/span><\/a><a href=\"https:\/\/orasul-timisoara.ro\/?s=iulius+town\"><span>Iulius Town<\/span><\/a><a href=\"https:\/\/orasul-timisoara.ro\/?s=iulius+mall\"><span>Iulius Mall<\/span><\/a><a href=\"https:\/\/orasul-timisoara.ro\/?s=stpt\"><span>STPT<\/span><\/a><a href=\"https:\/\/orasul-timisoara.ro\/?s=alin+nica\"><span>Alin Nica<\/span><\/a><a href=\"https:\/\/orasul-timisoara.ro\/?s=psd\"><span>PSD<\/span><\/a><a href=\"https:\/\/orasul-timisoara.ro\/?s=aeroport\"><span>Aeroportul International Timisoara<\/span><\/a><a href=\"https:\/\/orasul-timisoara.ro\/?s=babes\"><span>Spitalul Victor Babes Timisoara<\/span><\/a><a href=\"https:\/\/orasul-timisoara.ro\/?s=poli\"><span>Poli Timi\u0219oara<\/span><\/a><a href=\"https:\/\/orasul-timisoara.ro\/?s=carantina\"><span>carantina<\/span><\/a><a href=\"https:\/\/orasul-timisoara.ro\/?s=aquatim\"><span>Aquatim<\/span><\/a><a href=\"https:\/\/orasul-timisoara.ro\/local-category\/stiri-timisoara\/\"><span>Stiri Timisoara<\/span><\/a><a href=\"https:\/\/orasul-timisoara.ro\/local-category\/investitii-in-timisoara\/\"><span>Investi\u021bii in Timi\u0219oara<\/span><\/a><a href=\"https:\/\/orasul-timisoara.ro\/local-9463\/\"><span>shaorma<\/span><\/a><a href=\"https:\/\/orasul-timisoara.ro\/?s=trafic\"><span>trafic rutier<\/span><\/a><a href=\"https:\/\/orasul-timisoara.ro\/?s=politia\"><span>politia locala timisoara<\/span><\/a><a href=\"https:\/\/orasul-timisoara.ro\/?s=roxana\"><span>Roxana Iliescu<\/span><\/a><a href=\"https:\/\/orasul-timisoara.ro\/?s=colterm\"><span>Colterm<\/span><\/a><a href=\"https:\/\/orasul-timisoara.ro\/?s=latcau\"><span>Ruben La\u021bc\u0103u<\/span><\/a><a href=\"https:\/\/orasul-timisoara.ro\/?s=timis\"><span>\u0218tiri din Timi\u0219<\/span><\/a><a href=\"https:\/\/orasul-timisoara.ro\/?s=spital\"><span>Spitale din Timi\u0219oara<\/span><\/a><a href=\"https:\/\/orasul-timisoara.ro\/?s=tabara\"><span>Cosmin Tab\u0103r\u0103<\/span><\/a><\/div>\n<\/aside>\n<aside id=\"rss-2\" class=\"td_block_template_8 widget rss-2 widget_rss\">\n<h4 class=\"td-block-title\"><span><a class=\"rsswidget rss-widget-feed\" href=\"https:\/\/fashionfridays.ro\/feed\"><img decoding=\"async\" class=\"rss-widget-icon\" width=\"14\" height=\"14\" src=\"https:\/\/orasul-timisoara.ro\/wp-includes\/images\/rss.png\" alt=\"Flux RSS: Fashion Fridays\" loading=\"lazy\"><\/a><a class=\"rsswidget rss-widget-title\" href=\"https:\/\/fashionfridays.ro\/\">Fashion Fridays<\/a><\/span><\/h4>\n<ul>\n<li><a class=\"rsswidget\" href=\"https:\/\/fashionfridays.ro\/romania-devine-a-29-a-piata-vogue-o-noua-era-pentru-industria-locala-de-moda\/\">Rom\u00e2nia devine a 29-a pia\u021b\u0103 Vogue: o nou\u0103 er\u0103 pentru industria local\u0103 de mod\u0103<\/a>\n<div class=\"rssSummary\">Revista Vogue \u00ee\u0219i extinde prezen\u021ba global\u0103 \u0219i va fi lansat\u0103 oficial \u00een Rom\u00e2nia \u00een prim\u0103vara anului 2027, marc\u00e2nd intrarea pe cea de-a 29-a pia\u021b\u0103 interna\u021bional\u0103. Proiectul este realizat \u00een parteneriat cu AEMME Publishing, o companie media recent \u00eenfiin\u021bat\u0103, care va publica edi\u021bia local\u0103 sub licen\u021b\u0103. Noua edi\u021bie, Vogue Rom\u00e2nia, \u00ee\u0219i propune s\u0103 combine autoritatea global\u0103 [\u2026]<\/div>\n<\/li>\n<\/ul>\n<\/aside>\n<aside id=\"rss-4\" class=\"td_block_template_8 widget rss-4 widget_rss\">\n<h4 class=\"td-block-title\"><span><a class=\"rsswidget rss-widget-feed\" href=\"https:\/\/emasini.ro\/feed\"><img decoding=\"async\" class=\"rss-widget-icon\" width=\"14\" height=\"14\" src=\"https:\/\/orasul-timisoara.ro\/wp-includes\/images\/rss.png\" alt=\"Flux RSS: eMasini\" loading=\"lazy\"><\/a><a class=\"rsswidget rss-widget-title\" href=\"https:\/\/emasini.ro\/\">eMasini<\/a><\/span><\/h4>\n<ul>\n<li><a class=\"rsswidget\" href=\"https:\/\/emasini.ro\/adio-bordurilor-pline-de-ecrane-mercedes-benz-readuce-butoanele-in-noile-masini-produse\/\">Adio bordurilor pline de ecrane? Mercedes-Benz readuce butoanele \u00een noile ma\u0219ini produse<\/a>\n<div class=\"rssSummary\">Mercedes-Benz \u00ee\u0219i schimb\u0103 direc\u021bia \u00een ceea ce prive\u0219te designul interioarelor \u0219i va readuce comenzile fizice pentru anumite func\u021bii importante. Constructorul german nu renun\u021b\u0103 la ecranele mari \u0219i la tehnologiile digitale, dar recunoa\u0219te c\u0103 a mers prea departe prin eliminarea unor butoane \u0219i comenzi tactile. Ola K\u00e4llenius, pre\u0219edintele Consiliului de Administra\u021bie al Mercedes-Benz Group \u0219i CEO [\u2026]<\/div>\n<\/li>\n<\/ul>\n<\/aside>\n<\/div>\n<\/div>\n<\/div>\n<\/div>\n<\/article>\n<div class=\"td-post-content tagdiv-type\">\n<p class=\"wp-block-paragraph\">Pre\u021bul mediu al motorinei standard a ajuns la aproximativ 10,23 lei pe litru, dup\u0103 ce reducerea cu 20% a accizei, aplicat\u0103 la 16 august, a dus ini\u021bial la o sc\u0103dere important\u0103 a pre\u021burilor la pomp\u0103. Ulterior, carburan\u021bii s-au scumpit din nou, iar motorina este acum cu aproximativ 50-53 de bani pe litru mai ieftin\u0103 dec\u00e2t \u00eenaintea reducerii accizei, potrivit unei analize a Consiliului Concuren\u021bei.<\/p>\n<p class=\"wp-block-paragraph\">Imediat dup\u0103 reducerea accizei, pre\u021bul mediu al motorinei standard a sc\u0103zut de la aproximativ 10,74 lei pe litru la 10,10 lei pe litru. Principalii operatori au redus pre\u021bul la pomp\u0103 cu aproximativ 68 de bani pe litru.<\/p>\n<p class=\"wp-block-paragraph\">Consiliul Concuren\u021bei precizeaz\u0103 c\u0103 singura excep\u021bie a fost o companie aflat\u0103 deja sub supravegherea statului, care a aplicat o reducere de 53 de bani pe litru.<\/p>\n<p class=\"wp-block-paragraph\">Ulterior, pre\u021burile au crescut din nou cu aproximativ 13-15 bani pe litru, ceea ce a dus pre\u021bul mediu al motorinei standard la aproximativ 10,23 lei pe litru.<\/p>\n<p class=\"wp-block-paragraph\">\u201e\u00cen prezent, motorina este cu aproximativ 50-53 de bani\/litru mai ieftin\u0103 dec\u00e2t \u00eenainte de reducerea accizei, ceea ce \u00eenseamn\u0103 c\u0103 m\u0103sura are efect \u0219i pre\u021bul pl\u0103tit de consumator este mai mic\u201d, a declarat Bogdan Chiri\u021boiu, pre\u0219edintele Consiliului Concuren\u021bei.<\/p>\n<h2 class=\"wp-block-heading\">Pre\u021bul motorinei este influen\u021bat \u0219i de cota\u021biile produselor rafinate<\/h2>\n<p class=\"wp-block-paragraph\">Potrivit Consiliului Concuren\u021bei, evolu\u021bia pre\u021bului la pomp\u0103 nu depinde exclusiv de cota\u021bia \u021bi\u021beiului. \u00cen cazul motorinei, un rol important \u00eel au \u0219i cota\u021biile interna\u021bionale ale produselor rafinate, deficitul de motorin\u0103 \u0219i problemele de aprovizionare.<\/p>\n<p class=\"wp-block-paragraph\">\u201eCota\u021biile interna\u021bionale ale motorinei se men\u021bin la niveluri ridicate, iar presiunile asupra pre\u021burilor provin \u00een principal din zona rafin\u0103rii\u201d, a mai declarat Bogdan Chiri\u021boiu.<\/p>\n<h2 class=\"wp-block-heading\">Pre\u021bul motorinei din Rom\u00e2nia este apropiat de media european\u0103<\/h2>\n<p class=\"wp-block-paragraph\">Consiliul Concuren\u021bei arat\u0103 c\u0103 evolu\u021bia pre\u021burilor carburan\u021bilor din Rom\u00e2nia este similar\u0103 cu cea \u00eenregistrat\u0103 \u00een aceast\u0103 perioad\u0103 pe pie\u021bele europene.<\/p>\n<p class=\"wp-block-paragraph\">La 17 august, pre\u021bul motorinei cu taxe din Rom\u00e2nia era practic egal cu media Uniunii Europene: 2,030 euro pe litru \u00een Rom\u00e2nia, fa\u021b\u0103 de 2,033 euro pe litru media UE.<\/p>\n<p class=\"wp-block-paragraph\">\u00cen perioada 10-17 august, pre\u021bul motorinei din Rom\u00e2nia a crescut cu aproximativ 1%, \u00een timp ce \u00een alte 16 state membre au fost \u00eenregistrate cre\u0219teri mai mari, de p\u00e2n\u0103 la 9%.<\/p>\n<p class=\"wp-block-paragraph\">\u00cen acela\u0219i timp, pre\u021bul f\u0103r\u0103 taxe era \u00een Rom\u00e2nia cu aproximativ 6% sub media UE: 1,142 euro pe litru, fa\u021b\u0103 de 1,210 euro pe litru.<\/p>\n<p class=\"wp-block-paragraph\">Situa\u021bia este \u0219i mai favorabil\u0103 \u00een cazul benzinei. Pre\u021burile din Rom\u00e2nia erau cu aproximativ 6% sub media UE pentru pre\u021bul cu taxe \u0219i cu aproximativ 8% sub media european\u0103 pentru pre\u021bul f\u0103r\u0103 taxe.<\/p>\n<p class=\"wp-block-paragraph\">La 24 august, pre\u021bul mediu al benzinei standard \u00een Rom\u00e2nia era de aproximativ 9,55 lei pe litru.<\/p>\n<h2 class=\"wp-block-heading\">Rom\u00e2nia are pre\u021buri mai apropiate de media UE dup\u0103 modificarea plafon\u0103rii adaosului<\/h2>\n<p class=\"wp-block-paragraph\">Consiliul Concuren\u021bei mai arat\u0103 c\u0103, dup\u0103 modificarea metodologiei de plafonare a adaosului pe pia\u021ba carburan\u021bilor, pre\u021burile din Rom\u00e2nia au sc\u0103zut mai pu\u021bin raportat la media european\u0103 dec\u00e2t \u00een perioada aprilie-iunie, c\u00e2nd s-a aplicat plafonarea anterioar\u0103.<\/p>\n<p class=\"wp-block-paragraph\">\u00cen perioada aprilie-iunie, pre\u021burile cu taxe erau cu p\u00e2n\u0103 la 10% sub media UE, \u00een timp ce pre\u021burile f\u0103r\u0103 taxe ajungeau s\u0103 fie cu p\u00e2n\u0103 la 20% mai mici.<\/p>\n<h2 class=\"wp-block-heading\">Operatorii au respectat plafonarea adaosului comercial \u00een aprilie-iunie<\/h2>\n<p class=\"wp-block-paragraph\">Analiza preliminar\u0103 realizat\u0103 de Consiliul Concuren\u021bei indic\u0103 faptul c\u0103 principalii operatori de pe pia\u021ba carburan\u021bilor au respectat prevederile privind plafonarea adaosului comercial \u00een perioada aprilie-iunie 2026.<\/p>\n<p class=\"wp-block-paragraph\">Marjele raportate de ace\u0219tia nu au dep\u0103\u0219it nivelul mediu \u00eenregistrat \u00een anul 2025.<\/p>\n<p class=\"wp-block-paragraph\">\u201eDatele analizate p\u00e2n\u0103 \u00een prezent arat\u0103 c\u0103 principalii operatori de pe pia\u021b\u0103 au respectat prevederile privind plafonarea adaosului comercial. Analiza este \u00een desf\u0103\u0219urare \u0219i o vom finaliza \u00een perioada urm\u0103toare\u201d, a spus Bogdan Chiri\u021boiu.<\/p>\n<p class=\"wp-block-paragraph\">\u00cen cazul principalilor produc\u0103tori \u0219i distribuitori inclu\u0219i \u00een Monitorul Pre\u021burilor, respectiv OMV Petrom, Rompetrol, MOL Rom\u00e2nia \u0219i Socar Rom\u00e2nia, datele analizate nu indic\u0103 marje mai mari \u00een perioada aprilie-iunie 2026 dec\u00e2t cele aferente anului 2025.<\/p>\n<p class=\"wp-block-paragraph\">Pentru Petrotel-Lukoil, Lukoil Rom\u00e2nia \u0219i Nis Petrol\/Gazprom sunt necesare clarific\u0103ri suplimentare, deoarece unele dintre informa\u021biile raportate sunt incomplete sau prezint\u0103 neconcordan\u021be, potrivit Consiliului Concuren\u021bei.<\/p>\n<h2 class=\"wp-block-heading\">65 de situa\u021bii sunt \u00eenc\u0103 verificate<\/h2>\n<p class=\"wp-block-paragraph\">Consiliul Concuren\u021bei a analizat datele transmise de ANAF de operatorii economici care activeaz\u0103 \u00een produc\u021bia, importul, distribu\u021bia \u0219i comercializarea benzinei \u0219i motorinei.<\/p>\n<p class=\"wp-block-paragraph\">\u00cen baza de date transmis\u0103 de ANAF au fost identifica\u021bi 824 de operatori economici care au raportat informa\u021bii pentru cel pu\u021bin una dintre perioadele analizate. Pentru 536 dintre ace\u0219tia exist\u0103 raport\u0103ri at\u00e2t pentru anul 2025, c\u00e2t \u0219i pentru perioada analizat\u0103 din 2026.<\/p>\n<p class=\"wp-block-paragraph\">Analiza preliminar\u0103 a identificat 65 de situa\u021bii \u00een care valorile raportate pentru anul 2026 apar ca fiind mai mari dec\u00e2t nivelul de referin\u021b\u0103 aferent anului 2025, pentru cel pu\u021bin unul dintre produsele sau canalele de comercializare analizate.<\/p>\n<p class=\"wp-block-paragraph\">Aceste situa\u021bii urmeaz\u0103 s\u0103 fie verificate individual \u0219i nu reprezint\u0103, \u00een aceast\u0103 etap\u0103, constat\u0103ri finale privind nerespectarea plafon\u0103rii adaosului comercial.<\/p>\n<p class=\"wp-block-paragraph\">Pentru consumatori, principala schimbare r\u0103m\u00e2ne \u00eens\u0103 reducerea pre\u021bului motorinei fa\u021b\u0103 de nivelul de dinaintea reducerii accizei. Dup\u0103 sc\u0103derea ini\u021bial\u0103 \u0219i cre\u0219terile ulterioare de la pomp\u0103, motorina standard se men\u021bine \u00een prezent la un nivel mediu de aproximativ 10,23 lei pe litru.<\/p>\n<\/div>\n<p>[analyse_source url=&#8221;https:\/\/orasul-timisoara.ro\/local-40516\/&#8221;]<\/p>\n","protected":false},"excerpt":{"rendered":"<p>[analyse_image type=&#8221;featured&#8221; src=&#8221;https:\/\/orasul-timisoara.ro\/wp-content\/uploads\/2022\/06\/benzina-benzinarie-preturi-pompa.jpg&#8221;] \u0218tiri na\u021bionale \u0219i interna\u021bionaleCu toate c\u0103 acciza s-a redus, pre\u021bul la motorin\u0103 a \u00eenceput din&#8230; \u0218tiri na\u021bionale \u0219i interna\u021bionale Cu toate c\u0103 acciza s-a redus, pre\u021bul la motorin\u0103 a \u00eenceput din nou s\u0103 creasc\u0103 De c\u0103tre redactia &#8211; 25\/08\/2026 Facebook Twitter WhatsApp Linkedin ReddIt Email Imprimare Pre\u021bul mediu al motorinei standard a [&hellip;]<\/p>\n","protected":false},"author":1,"featured_media":0,"comment_status":"open","ping_status":"","sticky":false,"template":"","format":"standard","meta":{"footnotes":""},"categories":[89],"tags":[226,189],"class_list":["post-2114584","post","type-post","status-publish","format-standard","hentry","category-romania","tag-crawlmanager","tag-orasul-timisoara-ro"],"_links":{"self":[{"href":"https:\/\/analyse.optim.biz\/index.php?rest_route=\/wp\/v2\/posts\/2114584","targetHints":{"allow":["GET"]}}],"collection":[{"href":"https:\/\/analyse.optim.biz\/index.php?rest_route=\/wp\/v2\/posts"}],"about":[{"href":"https:\/\/analyse.optim.biz\/index.php?rest_route=\/wp\/v2\/types\/post"}],"author":[{"embeddable":true,"href":"https:\/\/analyse.optim.biz\/index.php?rest_route=\/wp\/v2\/users\/1"}],"replies":[{"embeddable":true,"href":"https:\/\/analyse.optim.biz\/index.php?rest_route=%2Fwp%2Fv2%2Fcomments&post=2114584"}],"version-history":[{"count":0,"href":"https:\/\/analyse.optim.biz\/index.php?rest_route=\/wp\/v2\/posts\/2114584\/revisions"}],"wp:attachment":[{"href":"https:\/\/analyse.optim.biz\/index.php?rest_route=%2Fwp%2Fv2%2Fmedia&parent=2114584"}],"wp:term":[{"taxonomy":"category","embeddable":true,"href":"https:\/\/analyse.optim.biz\/index.php?rest_route=%2Fwp%2Fv2%2Fcategories&post=2114584"},{"taxonomy":"post_tag","embeddable":true,"href":"https:\/\/analyse.optim.biz\/index.php?rest_route=%2Fwp%2Fv2%2Ftags&post=2114584"}],"curies":[{"name":"wp","href":"https:\/\/api.w.org\/{rel}","templated":true}]}}