{"id":2114581,"date":"2026-08-25T14:27:37","date_gmt":"2026-08-25T11:27:37","guid":{"rendered":"https:\/\/analyse.optim.biz\/?p=2114581"},"modified":"2026-08-25T14:27:37","modified_gmt":"2026-08-25T11:27:37","slug":"lovitura-pentru-alesii-locali-angajati-la-stat-consilierii-trebuie-sa-aleaga-intre-functie-si-mandat","status":"publish","type":"post","link":"https:\/\/analyse.optim.biz\/?p=2114581","title":{"rendered":"Lovitur\u0103 pentru ale\u0219ii locali angaja\u021bi la stat: consilierii trebuie s\u0103 aleag\u0103 \u00eentre func\u021bie \u0219i mandat"},"content":{"rendered":"<p>[analyse_image type=&#8221;featured&#8221; src=&#8221;https:\/\/orasul-timisoara.ro\/wp-content\/uploads\/2026\/08\/incompatibili-consilieri.jpg&#8221;]<\/p>\n<article id=\"post-40481\" class=\"td-post-template-7 post-40481 post type-post status-publish format-standard has-post-thumbnail category-featured category-stiri-nationale-si-internationale tag-administratie-publica-2 tag-codul-administrativ tag-consilieri tag-consilieri-judeteni-2 tag-consilieri-locali tag-functionari-publici tag-incompatibilitate tag-legea-165-2026 tag-personal-contractual tag-stiri-romania td-container-wrap\">\n<div class=\"td-full-screen-header-image-wrap\">\n<div class=\"td-container td-post-header\">\n<div class=\"td-crumb-container\">\n<div class=\"entry-crumbs\"><span><a title=\"Vede\u021bi toate articolele \u00een \u0218tiri na\u021bionale \u0219i interna\u021bionale\" class=\"entry-crumb\" href=\"https:\/\/orasul-timisoara.ro\/local-category\/stiri-nationale-si-internationale\/\">\u0218tiri na\u021bionale \u0219i interna\u021bionale<\/a><\/span><span class=\"td-bred-no-url-last\">Lovitur\u0103 pentru ale\u0219ii locali angaja\u021bi la stat: consilierii trebuie s\u0103 aleag\u0103 \u00eentre&#8230;<\/span><\/div>\n<\/div>\n<div class=\"td-post-header-holder\">\n<div class=\"td-parallax-header\">\n<header class=\"td-post-title\">\n<ul class=\"td-category\">\n<li class=\"entry-category\"><a href=\"https:\/\/orasul-timisoara.ro\/local-category\/stiri-nationale-si-internationale\/\">\u0218tiri na\u021bionale \u0219i interna\u021bionale<\/a><\/li>\n<\/ul>\n<h1 class=\"entry-title\">Lovitur\u0103 pentru ale\u0219ii locali angaja\u021bi la stat: consilierii trebuie s\u0103 aleag\u0103 \u00eentre func\u021bie \u0219i mandat<\/h1>\n<div class=\"td-module-meta-info\">\n<div class=\"td-post-author-name\">\n<div class=\"td-author-by\">De c\u0103tre<\/div>\n<p><a href=\"https:\/\/orasul-timisoara.ro\/author\/timisoara\/\">redactia<\/a><\/p>\n<div class=\"td-author-line\"> &#8211; <\/div>\n<\/div>\n<p><span class=\"td-post-date\"><time class=\"entry-date updated td-module-date\" datetime=\"2026-08-25T17:27:37+03:00\">25\/08\/2026<\/time><\/span><\/div>\n<\/header>\n<\/div>\n<\/div>\n<\/div>\n<div id=\"td-full-screen-header-image\" class=\"td-image-gradient-style7\"><img decoding=\"async\" class=\"td-backstretch\" src=\"https:\/\/orasul-timisoara.ro\/wp-content\/uploads\/2026\/08\/incompatibili-consilieri.jpg\"><\/div>\n<\/div>\n<div class=\"td-container\">\n<div class=\"td-pb-row\">\n<div class=\"td-pb-span8 td-main-content\" role=\"main\">\n<div class=\"td-ss-main-content\">\n<div class=\"td-post-sharing-top\">\n<div class=\"td-post-sharing-classic\"><iframe title=\"topFacebookLike\" frameborder src=\"https:\/\/www.facebook.com\/plugins\/like.php?href=https:\/\/orasul-timisoara.ro\/local-40481\/&amp;layout=button_count&amp;show_faces=false&amp;width=105&amp;action=like&amp;colorscheme=light&amp;height=21\"><\/iframe><\/div>\n<div id=\"td_social_sharing_article_top\" class=\"td-post-sharing td-ps-bg td-ps-notext td-post-sharing-style1 \">\n<div class=\"td-post-sharing-visible\"><a class=\"td-social-sharing-button td-social-sharing-button-js td-social-network td-social-facebook\" href=\"https:\/\/www.facebook.com\/sharer.php?u=https%3A%2F%2Forasul-timisoara.ro%2Flocal-40481%2F\" title=\"Facebook\"><\/p>\n<div class=\"td-social-but-text\">Facebook<\/div>\n<p><\/a><a class=\"td-social-sharing-button td-social-sharing-button-js td-social-network td-social-twitter\" href=\"https:\/\/twitter.com\/intent\/tweet?text=Lovitur%C4%83+pentru+ale%C8%99ii+locali+angaja%C8%9Bi+la+stat%3A+consilierii+trebuie+s%C4%83+aleag%C4%83+%C3%AEntre+func%C8%9Bie+%C8%99i+mandat&amp;url=https%3A%2F%2Forasul-timisoara.ro%2Flocal-40481%2F&amp;via=orasultm\" title=\"Twitter\"><\/p>\n<div class=\"td-social-but-text\">Twitter<\/div>\n<p><\/a><a class=\"td-social-sharing-button td-social-sharing-button-js td-social-network td-social-whatsapp\" href=\"https:\/\/api.whatsapp.com\/send?text=Lovitur%C4%83+pentru+ale%C8%99ii+locali+angaja%C8%9Bi+la+stat%3A+consilierii+trebuie+s%C4%83+aleag%C4%83+%C3%AEntre+func%C8%9Bie+%C8%99i+mandat%20%0A%0A%20https:\/\/orasul-timisoara.ro\/local-40481\/\" title=\"WhatsApp\"><\/p>\n<div class=\"td-social-but-text\">WhatsApp<\/div>\n<p><\/a><a class=\"td-social-sharing-button td-social-sharing-button-js td-social-network td-social-linkedin\" href=\"https:\/\/www.linkedin.com\/shareArticle?mini=true&amp;url=https:\/\/orasul-timisoara.ro\/local-40481\/&amp;title=Lovitur%C4%83+pentru+ale%C8%99ii+locali+angaja%C8%9Bi+la+stat%3A+consilierii+trebuie+s%C4%83+aleag%C4%83+%C3%AEntre+func%C8%9Bie+%C8%99i+mandat\" title=\"Linkedin\"><\/p>\n<div class=\"td-social-but-text\">Linkedin<\/div>\n<p><\/a><a class=\"td-social-sharing-button td-social-sharing-button-js td-social-network td-social-reddit\" href=\"https:\/\/reddit.com\/submit?url=https:\/\/orasul-timisoara.ro\/local-40481\/&amp;title=Lovitur%C4%83+pentru+ale%C8%99ii+locali+angaja%C8%9Bi+la+stat%3A+consilierii+trebuie+s%C4%83+aleag%C4%83+%C3%AEntre+func%C8%9Bie+%C8%99i+mandat\" title=\"ReddIt\"><\/p>\n<div class=\"td-social-but-text\">ReddIt<\/div>\n<p><\/a><a class=\"td-social-sharing-button td-social-sharing-button-js td-social-network td-social-mail\" href=\"mailto:?subject=Lovitur%C4%83%20pentru%20ale%C8%99ii%20locali%20angaja%C8%9Bi%20la%20stat:%20consilierii%20trebuie%20s%C4%83%20aleag%C4%83%20%C3%AEntre%20func%C8%9Bie%20%C8%99i%20mandat&amp;body=https:\/\/orasul-timisoara.ro\/local-40481\/\" title=\"Email\"><\/p>\n<div class=\"td-social-but-text\">Email<\/div>\n<p><\/a><a class=\"td-social-sharing-button td-social-sharing-button-js td-social-network td-social-print\" href=\"https:\/\/orasul-timisoara.ro\/local-40481\/\" title=\"Imprimare\"><\/p>\n<div class=\"td-social-but-text\">Imprimare<\/div>\n<p><\/a><\/div>\n<\/div>\n<\/div>\n<div class=\"td-post-content tagdiv-type\">\n<p class=\"wp-block-paragraph\">Mii de consilieri locali \u0219i jude\u021beni din Rom\u00e2nia sunt obliga\u021bi s\u0103 aleag\u0103 \u00eentre mandatul de ales local \u0219i un loc de munc\u0103 \u00eentr-o autoritate sau institu\u021bie public\u0103. Modificarea rezult\u0103 din Legea nr. 165\/2026, care a modificat Codul administrativ \u0219i a extins regulile privind incompatibilit\u0103\u021bile \u0219i asupra personalului contractual din administra\u021bia public\u0103. :contentReference[oaicite:1]{index=1}<\/p>\n<h2 class=\"wp-block-heading\">Consilierii angaja\u021bi la stat trebuie s\u0103 \u00ee\u0219i rezolve incompatibilitatea<\/h2>\n<p class=\"wp-block-paragraph\">Noua reglementare \u00eei vizeaz\u0103, \u00een principal, pe cei care de\u021bin simultan un mandat de consilier local sau jude\u021bean \u0219i au un contract individual de munc\u0103 \u00eentr-o autoritate ori institu\u021bie public\u0103.<\/p>\n<p class=\"wp-block-paragraph\">Potrivit modific\u0103rii aduse art. 550 din Codul administrativ, regulile privind incompatibilit\u0103\u021bile func\u021bionarilor publici prev\u0103zute de art. 94-97 din Legea nr. 161\/2003 se aplic\u0103 \u00een mod corespunz\u0103tor \u0219i personalului contractual. :contentReference[oaicite:2]{index=2}<\/p>\n<p class=\"wp-block-paragraph\">\u00cen aceast\u0103 categorie pot intra angaja\u021bi ai prim\u0103riilor, consiliilor jude\u021bene, ministerelor, agen\u021biilor, serviciilor publice \u0219i ai altor autorit\u0103\u021bi sau institu\u021bii administrative.<\/p>\n<h2 class=\"wp-block-heading\">Nu este obligatorie demisia din mandat sau din serviciu<\/h2>\n<p class=\"wp-block-paragraph\">Persoanele aflate \u00een aceast\u0103 situa\u021bie nu trebuie s\u0103 renun\u021be automat nici la mandatul de consilier \u0219i nici la locul de munc\u0103. Pentru \u00eencetarea incompatibilit\u0103\u021bii, solu\u021bia indicat\u0103 de prevederile legale este suspendarea raportului de munc\u0103 pe perioada exercit\u0103rii func\u021biei eligibile.<\/p>\n<p class=\"wp-block-paragraph\">Art. 97 din Legea nr. 161\/2003 prevede c\u0103 raportul de serviciu se suspend\u0103, \u00een cazul func\u021bionarului public ales \u00eentr-o func\u021bie eligibil\u0103 sau de demnitate public\u0103, p\u00e2n\u0103 la \u00eencetarea respectivei func\u021bii. Prin noua modificare, regulile sunt aplicabile \u00een mod corespunz\u0103tor \u0219i personalului contractual. :contentReference[oaicite:3]{index=3}<\/p>\n<h2 class=\"wp-block-heading\">Termenul pentru rezolvarea situa\u021biei este 25 august<\/h2>\n<p class=\"wp-block-paragraph\">Noua legisla\u021bie prevede un termen de 15 zile calendaristice pentru efectuarea demersurilor necesare \u00een vederea \u00eencet\u0103rii incompatibilit\u0103\u021bii. \u00cen cazul modific\u0103rilor intrate \u00een vigoare \u00een luna august, termenul-limit\u0103 este 25 august 2026.<\/p>\n<p class=\"wp-block-paragraph\">Astfel, persoanele care se afl\u0103 \u00een situa\u021bia prev\u0103zut\u0103 de noua legisla\u021bie trebuie s\u0103 fac\u0103 demersurile necesare p\u00e2n\u0103 la sf\u00e2r\u0219itul zilei de 25 august. Informa\u021bii publice ap\u0103rute \u00een mai multe administra\u021bii locale confirm\u0103 c\u0103 ale\u0219ii viza\u021bi au fost deja informa\u021bi cu privire la aceast\u0103 situa\u021bie. :contentReference[oaicite:4]{index=4}<\/p>\n<h2 class=\"wp-block-heading\">Cadrele didactice sunt exceptate<\/h2>\n<p class=\"wp-block-paragraph\">Nu toate persoanele care lucreaz\u0103 \u00een sectorul public sunt afectate de aceast\u0103 modificare. Codul administrativ prevede o excep\u021bie pentru cadrele didactice, care pot continua activitatea didactic\u0103 \u00een timp ce exercit\u0103 mandatul de consilier local sau jude\u021bean.<\/p>\n<p class=\"wp-block-paragraph\">Excep\u021bia se aplic\u0103, de asemenea, cercet\u0103torilor \u0219tiin\u021bifici \u0219i persoanelor care desf\u0103\u0219oar\u0103 activit\u0103\u021bi \u00een domeniul crea\u021biei literar-artistice. Ea nu se extinde automat asupra personalului administrativ, tehnic sau auxiliar din unit\u0103\u021bile de \u00eenv\u0103\u021b\u0103m\u00e2nt.<\/p>\n<h2 class=\"wp-block-heading\">Cine trebuie s\u0103 verifice dac\u0103 este vizat<\/h2>\n<p class=\"wp-block-paragraph\">\u00cen primul r\u00e2nd, trebuie analizat\u0103 situa\u021bia persoanelor care cumuleaz\u0103 un mandat de consilier local sau jude\u021bean cu un contract individual de munc\u0103 \u00eentr-o institu\u021bie sau autoritate public\u0103.<\/p>\n<p class=\"wp-block-paragraph\">\u00cen cazul personalului cu statut special, al angaja\u021bilor unor companii de stat sau al altor categorii profesionale pentru care exist\u0103 legisla\u021bie special\u0103, situa\u021bia trebuie analizat\u0103 separat. Nu orice persoan\u0103 pl\u0103tit\u0103 din fonduri publice intr\u0103 automat \u00een categoria vizat\u0103 de noua incompatibilitate.<\/p>\n<h2 class=\"wp-block-heading\">Ce trebuie f\u0103cut pentru \u00eencetarea incompatibilit\u0103\u021bii<\/h2>\n<p class=\"wp-block-paragraph\">Persoanele care consider\u0103 c\u0103 sunt vizate trebuie s\u0103 fac\u0103 demersurile necesare c\u0103tre angajator \u0219i s\u0103 solicite, dup\u0103 caz, suspendarea contractului individual de munc\u0103. Cererea trebuie formulat\u0103 \u00een scris \u0219i \u00eenregistrat\u0103, pentru a exista dovada efectu\u0103rii demersului \u00een termen.<\/p>\n<p class=\"wp-block-paragraph\">\u00cen cazul unor situa\u021bii neclare privind natura postului sau aplicarea excep\u021biilor prev\u0103zute de lege, este recomandat\u0103 solicitarea unui punct de vedere scris din partea compartimentului juridic \u0219i a celui de resurse umane al institu\u021biei.<\/p>\n<p class=\"wp-block-paragraph\">Modificarea legislativ\u0103 produce astfel o schimbare important\u0103 pentru administra\u021bia local\u0103: persoanele care ocup\u0103 un mandat de consilier local sau jude\u021bean \u0219i lucreaz\u0103 simultan \u00een administra\u021bia public\u0103 trebuie s\u0103 verifice dac\u0103 se afl\u0103 \u00eentr-o situa\u021bie de incompatibilitate \u0219i s\u0103 fac\u0103 demersurile necesare \u00een termenul prev\u0103zut de lege.<\/p>\n<\/div>\n<footer>\n<div class=\"td-post-source-tags\">\n<ul class=\"td-tags td-post-small-box clearfix\">\n<li><span>ETICHETE<\/span><\/li>\n<li><a href=\"https:\/\/orasul-timisoara.ro\/local-tag\/administratie-publica-2\/\">administra\u021bie public\u0103<\/a><\/li>\n<li><a href=\"https:\/\/orasul-timisoara.ro\/local-tag\/codul-administrativ\/\">Codul Administrativ<\/a><\/li>\n<li><a href=\"https:\/\/orasul-timisoara.ro\/local-tag\/consilieri\/\">consilieri<\/a><\/li>\n<li><a href=\"https:\/\/orasul-timisoara.ro\/local-tag\/consilieri-judeteni-2\/\">consilieri jude\u021beni<\/a><\/li>\n<li><a href=\"https:\/\/orasul-timisoara.ro\/local-tag\/consilieri-locali\/\">consilieri locali<\/a><\/li>\n<li><a href=\"https:\/\/orasul-timisoara.ro\/local-tag\/functionari-publici\/\">func\u021bionari publici<\/a><\/li>\n<li><a href=\"https:\/\/orasul-timisoara.ro\/local-tag\/incompatibilitate\/\">incompatibilitate<\/a><\/li>\n<li><a href=\"https:\/\/orasul-timisoara.ro\/local-tag\/legea-165-2026\/\">legea 165\/2026<\/a><\/li>\n<li><a href=\"https:\/\/orasul-timisoara.ro\/local-tag\/personal-contractual\/\">personal contractual<\/a><\/li>\n<li><a href=\"https:\/\/orasul-timisoara.ro\/local-tag\/stiri-romania\/\">\u0219tiri Rom\u00e2nia<\/a><\/li>\n<\/ul>\n<\/div>\n<div class=\"td-post-sharing-bottom\">\n<div class=\"td-post-sharing-classic\"><iframe title=\"bottomFacebookLike\" frameborder src=\"https:\/\/www.facebook.com\/plugins\/like.php?href=https:\/\/orasul-timisoara.ro\/local-40481\/&amp;layout=button_count&amp;show_faces=false&amp;width=105&amp;action=like&amp;colorscheme=light&amp;height=21\"><\/iframe><\/div>\n<div id=\"td_social_sharing_article_bottom\" class=\"td-post-sharing td-ps-bg td-ps-notext td-post-sharing-style1 \">\n<div class=\"td-post-sharing-visible\"><a class=\"td-social-sharing-button td-social-sharing-button-js td-social-network td-social-facebook\" href=\"https:\/\/www.facebook.com\/sharer.php?u=https%3A%2F%2Forasul-timisoara.ro%2Flocal-40481%2F\" title=\"Facebook\"><\/p>\n<div class=\"td-social-but-text\">Facebook<\/div>\n<p><\/a><a class=\"td-social-sharing-button td-social-sharing-button-js td-social-network td-social-twitter\" href=\"https:\/\/twitter.com\/intent\/tweet?text=Lovitur%C4%83+pentru+ale%C8%99ii+locali+angaja%C8%9Bi+la+stat%3A+consilierii+trebuie+s%C4%83+aleag%C4%83+%C3%AEntre+func%C8%9Bie+%C8%99i+mandat&amp;url=https%3A%2F%2Forasul-timisoara.ro%2Flocal-40481%2F&amp;via=orasultm\" title=\"Twitter\"><\/p>\n<div class=\"td-social-but-text\">Twitter<\/div>\n<p><\/a><a class=\"td-social-sharing-button td-social-sharing-button-js td-social-network td-social-whatsapp\" href=\"https:\/\/api.whatsapp.com\/send?text=Lovitur%C4%83+pentru+ale%C8%99ii+locali+angaja%C8%9Bi+la+stat%3A+consilierii+trebuie+s%C4%83+aleag%C4%83+%C3%AEntre+func%C8%9Bie+%C8%99i+mandat%20%0A%0A%20https:\/\/orasul-timisoara.ro\/local-40481\/\" title=\"WhatsApp\"><\/p>\n<div class=\"td-social-but-text\">WhatsApp<\/div>\n<p><\/a><a class=\"td-social-sharing-button td-social-sharing-button-js td-social-network td-social-linkedin\" href=\"https:\/\/www.linkedin.com\/shareArticle?mini=true&amp;url=https:\/\/orasul-timisoara.ro\/local-40481\/&amp;title=Lovitur%C4%83+pentru+ale%C8%99ii+locali+angaja%C8%9Bi+la+stat%3A+consilierii+trebuie+s%C4%83+aleag%C4%83+%C3%AEntre+func%C8%9Bie+%C8%99i+mandat\" title=\"Linkedin\"><\/p>\n<div class=\"td-social-but-text\">Linkedin<\/div>\n<p><\/a><a class=\"td-social-sharing-button td-social-sharing-button-js td-social-network td-social-reddit\" href=\"https:\/\/reddit.com\/submit?url=https:\/\/orasul-timisoara.ro\/local-40481\/&amp;title=Lovitur%C4%83+pentru+ale%C8%99ii+locali+angaja%C8%9Bi+la+stat%3A+consilierii+trebuie+s%C4%83+aleag%C4%83+%C3%AEntre+func%C8%9Bie+%C8%99i+mandat\" title=\"ReddIt\"><\/p>\n<div class=\"td-social-but-text\">ReddIt<\/div>\n<p><\/a><a class=\"td-social-sharing-button td-social-sharing-button-js td-social-network td-social-mail\" href=\"mailto:?subject=Lovitur%C4%83%20pentru%20ale%C8%99ii%20locali%20angaja%C8%9Bi%20la%20stat:%20consilierii%20trebuie%20s%C4%83%20aleag%C4%83%20%C3%AEntre%20func%C8%9Bie%20%C8%99i%20mandat&amp;body=https:\/\/orasul-timisoara.ro\/local-40481\/\" title=\"Email\"><\/p>\n<div class=\"td-social-but-text\">Email<\/div>\n<p><\/a><a class=\"td-social-sharing-button td-social-sharing-button-js td-social-network td-social-print\" href=\"https:\/\/orasul-timisoara.ro\/local-40481\/\" title=\"Imprimare\"><\/p>\n<div class=\"td-social-but-text\">Imprimare<\/div>\n<p><\/a><\/div>\n<\/div>\n<\/div>\n<div class=\"td-block-row td-post-next-prev\">\n<div class=\"td-block-span6 td-post-prev-post\">\n<div class=\"td-post-next-prev-content\"><span>Articolul precedent<\/span><a href=\"https:\/\/orasul-timisoara.ro\/local-40460\/\">A1 Margina-Holdea: primele grinzi sunt montate, iar asfaltul a \u00eenceput s\u0103 fie a\u0219ternut (foto)<\/a><\/div>\n<\/div>\n<div class=\"td-block-span6 td-post-next-post\">\n<div class=\"td-post-next-prev-content\"><span>Articolul urm\u0103tor<\/span><a href=\"https:\/\/orasul-timisoara.ro\/local-40484\/\">SCM Politehnica Timi\u0219oara \u00eencepe meciurile de preg\u0103tire. Primul test, la Szeged<\/a><\/div>\n<\/div>\n<\/div>\n<div class=\"td-author-name vcard author\"><span class=\"fn\"><a href=\"https:\/\/orasul-timisoara.ro\/author\/timisoara\/\">redactia<\/a><\/span><\/div>\n<p><span class=\"td-page-meta\"><\/span><span class=\"td-page-meta\"><span class=\"td-page-meta\"><\/span><\/span><span class=\"td-page-meta\"><\/span><\/footer>\n<div class=\"td_block_wrap td_block_related_posts tdi_3 td_with_ajax_pagination td-pb-border-top td_block_template_8\" data-td-block-uid=\"tdi_3\">\n<h4 class=\"td-related-title td-block-title\"><a id=\"tdi_4\" class=\"td-related-left td-cur-simple-item\" data-td_filter_value data-td_block_id=\"tdi_3\" href=\"https:\/\/orasul-timisoara.ro\/local-40481\/\">ARTICOLE SIMILARE<\/a><a id=\"tdi_5\" class=\"td-related-right\" data-td_filter_value=\"td_related_more_from_author\" data-td_block_id=\"tdi_3\" href=\"https:\/\/orasul-timisoara.ro\/local-40481\/\">DE LA ACELA\u0218I AUTOR<\/a><\/h4>\n<div id=\"tdi_3\" class=\"td_block_inner\">\n<div class=\"td-related-row\">\n<div class=\"td-related-span4\">\n<div class=\"td_module_related_posts td-animation-stack td_mod_related_posts\">\n<div class=\"td-module-image\">\n<div class=\"td-module-thumb\"><a href=\"https:\/\/orasul-timisoara.ro\/local-40011\/\" rel=\"bookmark\" class=\"td-image-wrap \" title=\"Prefectul de Timi\u0219: Dominic Fritz r\u0103m\u00e2ne primar, dar prime\u0219te o sanc\u021biune salarial\u0103\"><img loading=\"lazy\" decoding=\"async\" class=\"entry-thumb\" src=\"https:\/\/orasul-timisoara.ro\/wp-content\/uploads\/2026\/08\/paul0finta-436x300.jpg\" alt title=\"Prefectul de Timi\u0219: Dominic Fritz r\u0103m\u00e2ne primar, dar prime\u0219te o sanc\u021biune salarial\u0103\" width=\"218\" height=\"150\"><\/a><\/div>\n<\/div>\n<div class=\"item-details\">\n<h3 class=\"entry-title td-module-title\"><a href=\"https:\/\/orasul-timisoara.ro\/local-40011\/\" rel=\"bookmark\" title=\"Prefectul de Timi\u0219: Dominic Fritz r\u0103m\u00e2ne primar, dar prime\u0219te o sanc\u021biune salarial\u0103\">Prefectul de Timi\u0219: Dominic Fritz r\u0103m\u00e2ne primar, dar prime\u0219te o sanc\u021biune salarial\u0103<\/a><\/h3>\n<\/div>\n<\/div>\n<\/div>\n<div class=\"td-related-span4\">\n<div class=\"td_module_related_posts td-animation-stack td_mod_related_posts\">\n<div class=\"td-module-image\">\n<div class=\"td-module-thumb\"><a href=\"https:\/\/orasul-timisoara.ro\/local-39236\/\" rel=\"bookmark\" class=\"td-image-wrap \" title=\"Dominic Fritz pierde definitiv procesul cu ANI. Ce spun judec\u0103torii despre mandatul de primar\"><img loading=\"lazy\" decoding=\"async\" class=\"entry-thumb\" src=\"https:\/\/orasul-timisoara.ro\/wp-content\/uploads\/2026\/04\/dominic-fritz-007-436x300.jpg\" alt title=\"Dominic Fritz pierde definitiv procesul cu ANI. Ce spun judec\u0103torii despre mandatul de primar\" width=\"218\" height=\"150\"><\/a><\/div>\n<\/div>\n<div class=\"item-details\">\n<h3 class=\"entry-title td-module-title\"><a href=\"https:\/\/orasul-timisoara.ro\/local-39236\/\" rel=\"bookmark\" title=\"Dominic Fritz pierde definitiv procesul cu ANI. Ce spun judec\u0103torii despre mandatul de primar\">Dominic Fritz pierde definitiv procesul cu ANI. Ce spun judec\u0103torii despre mandatul de primar<\/a><\/h3>\n<\/div>\n<\/div>\n<\/div>\n<div class=\"td-related-span4\">\n<div class=\"td_module_related_posts td-animation-stack td_mod_related_posts\">\n<div class=\"td-module-image\">\n<div class=\"td-module-thumb\"><a href=\"https:\/\/orasul-timisoara.ro\/local-37707\/\" rel=\"bookmark\" class=\"td-image-wrap \" title=\"Performan\u021b\u0103 de top pentru ITM Timi\u0219: locul I la nivel na\u021bional \u00een evaluarea Inspec\u021biei Muncii\"><img loading=\"lazy\" decoding=\"async\" class=\"entry-thumb\" src=\"https:\/\/orasul-timisoara.ro\/wp-content\/uploads\/2026\/03\/ITM-TIMIS-17.03.2026-436x300.jpg\" alt title=\"Performan\u021b\u0103 de top pentru ITM Timi\u0219: locul I la nivel na\u021bional \u00een evaluarea Inspec\u021biei Muncii\" width=\"218\" height=\"150\"><\/a><\/div>\n<\/div>\n<div class=\"item-details\">\n<h3 class=\"entry-title td-module-title\"><a href=\"https:\/\/orasul-timisoara.ro\/local-37707\/\" rel=\"bookmark\" title=\"Performan\u021b\u0103 de top pentru ITM Timi\u0219: locul I la nivel na\u021bional \u00een evaluarea Inspec\u021biei Muncii\">Performan\u021b\u0103 de top pentru ITM Timi\u0219: locul I la nivel na\u021bional \u00een evaluarea Inspec\u021biei Muncii<\/a><\/h3>\n<\/div>\n<\/div>\n<\/div>\n<\/div>\n<\/div>\n<\/div>\n<div class=\"comments\" id=\"comments\">\n<div id=\"respond\" class=\"comment-respond\">\n<h3 id=\"reply-title\" class=\"comment-reply-title\">L\u0102SA\u021aI UN MESAJ<\/h3>\n<div class=\"comment-form-input-wrap td-form-comment\">\n<div class=\"td-warning-comment\">V\u0103 rug\u0103m s\u0103 introduce\u021bi comentariul dvs.!<\/div>\n<\/div>\n<div class=\"comment-form-input-wrap td-form-author\">\n<div class=\"td-warning-author\">Introduce\u021bi aici numele dvs.<\/div>\n<\/div>\n<div class=\"comment-form-input-wrap td-form-email\">\n<div class=\"td-warning-email-error\">A\u021bi introdus o adres\u0103 de e-mail incorect\u0103!<\/div>\n<div class=\"td-warning-email\">V\u0103 rug\u0103m s\u0103 introduce\u021bi adresa dvs. de e-mail aici<\/div>\n<\/div>\n<\/div>\n<p class=\"akismet_comment_form_privacy_notice\">Acest site folose\u0219te Akismet pentru a reduce spamul. <a href=\"https:\/\/akismet.com\/privacy\/\" target=\"_blank\" rel=\"nofollow noopener\">Afl\u0103 cum sunt procesate datele comentariilor tale<\/a>.<\/p>\n<\/div>\n<\/div>\n<\/div>\n<div class=\"td-pb-span4 td-main-sidebar\" role=\"complementary\">\n<div class=\"td-ss-main-sidebar\">\n<aside id=\"block-4\" class=\"td_block_template_8 widget block-4 widget_block widget_media_image\">\n<figure class=\"wp-block-image size-full\"><img loading=\"lazy\" decoding=\"async\" width=\"336\" height=\"280\" src=\"https:\/\/orasul-timisoara.ro\/wp-content\/uploads\/2024\/11\/ReTIM-Abonamentul-Verde-Google-Ads-336x280px.gif\" alt class=\"wp-image-29257\"><\/figure>\n<\/aside>\n<div class=\"td_block_wrap td_block_social_counter td_block_widget tdi_6 td-social-style5 td-social-boxed td-pb-border-top td_block_template_8\">\n<div class=\"td-block-title-wrap\">\n<h4 class=\"td-block-title\"><span>Urm\u0103re\u0219te-ne pe Social Media<\/span><\/h4>\n<\/div>\n<div class=\"td-social-list\">\n<div class=\"td_social_type td-pb-margin-side td_social_facebook\">\n<div class=\"td-social-box\"><span class=\"td_social_info td_social_info_counter\">344,595<\/span><span class=\"td_social_info td_social_info_name\">Fani<\/span><span class=\"td_social_button\"><a href=\"https:\/\/www.facebook.com\/247timisoara\" target=\"_blank\" rel=\"nofollow\">\u00cemi place<\/a><\/span><\/div>\n<\/div>\n<div class=\"td_social_type td-pb-margin-side td_social_instagram\">\n<div class=\"td-social-box\"><span class=\"td_social_info td_social_info_counter\">4,416<\/span><span class=\"td_social_info td_social_info_name\">Cititori<\/span><span class=\"td_social_button\"><a href=\"https:\/\/instagram.com\/orasultimisoararo\/\" target=\"_blank\" rel=\"nofollow\">Conecta\u021bi-v\u0103<\/a><\/span><\/div>\n<\/div>\n<div class=\"td_social_type td-pb-margin-side td_social_rss\">\n<div class=\"td-social-box\"><span class=\"td_social_info td_social_info_counter\">12,506<\/span><span class=\"td_social_info td_social_info_name\">Cititori<\/span><span class=\"td_social_button\"><a href=\"https:\/\/orasul-timisoara.ro\/feed\/\" target=\"_blank\" rel=\"nofollow\">Conecta\u021bi-v\u0103<\/a><\/span><\/div>\n<\/div>\n<div class=\"td_social_type td-pb-margin-side td_social_tiktok\">\n<div class=\"td-social-box\"><span class=\"td_social_info td_social_info_counter\">1,500<\/span><span class=\"td_social_info td_social_info_name\">Cititori<\/span><span class=\"td_social_button\"><a href=\"https:\/\/www.tiktok.com\/@orasultimisoara\" target=\"_blank\" rel=\"nofollow\">Conecta\u021bi-v\u0103<\/a><\/span><\/div>\n<\/div>\n<div class=\"td_social_type td-pb-margin-side td_social_twitter\">\n<div class=\"td-social-box\"><span class=\"td_social_info td_social_info_counter\">1,595<\/span><span class=\"td_social_info td_social_info_name\">Cititori<\/span><span class=\"td_social_button\"><a href=\"https:\/\/twitter.com\/orasultm\" target=\"_blank\" rel=\"nofollow\">Conecta\u021bi-v\u0103<\/a><\/span><\/div>\n<\/div>\n<div class=\"td_social_type td-pb-margin-side td_social_youtube\">\n<div class=\"td-social-box\"><span class=\"td_social_info td_social_info_counter\">3,506<\/span><span class=\"td_social_info td_social_info_name\">Abona\u021bi<\/span><span class=\"td_social_button\"><a href=\"https:\/\/www.youtube.com\/channel\/UCQNsQvs2XCSIm1Z-AHRturw?sub_confirmation=1\" target=\"_blank\" rel=\"nofollow\">Abona\u021bi-v\u0103<\/a><\/span><\/div>\n<\/div>\n<\/div>\n<\/div>\n<aside id=\"text-7\" class=\"td_block_template_8 widget text-7 widget_text\">\n<h4 class=\"td-block-title\"><span>C\u0103ut\u0103ri populare pe OTM<\/span><\/h4>\n<div class=\"textwidget\"><a href=\"https:\/\/orasul-timisoara.ro\/?s=timisoara\"><span>Timisoara<\/span><\/a><a href=\"https:\/\/orasul-timisoara.ro\/?s=calin+dobra\"><span>Calin Dobra<\/span><\/a><a href=\"https:\/\/orasul-timisoara.ro\/?s=primaria+timisoara\"><span>Primaria Timisoara<\/span><\/a><a href=\"https:\/\/orasul-timisoara.ro\/?s=dominic+fritz\"><span>Dominic Fritz<\/span><\/a><a href=\"https:\/\/orasul-timisoara.ro\/?s=nicolae+robu\"><span>Nicolae Robu<\/span><\/a><a href=\"https:\/\/orasul-timisoara.ro\/?s=consiliul+local+timisoara\">Consiliul Local Timisoara<\/a><a href=\"https:\/\/orasul-timisoara.ro\/?s=consiliul+judetean+timis\"><span>Consiliul Judetean Timis<\/span><\/a><a href=\"https:\/\/orasul-timisoara.ro\/?s=cjt\"><span>CJT<\/span><\/a><a href=\"https:\/\/orasul-timisoara.ro\/?s=Alfred+Simonis\"><span>Alfred Simonis<\/span><\/a><a href=\"https:\/\/orasul-timisoara.ro\/?s=PNL\"><span>PNL<\/span><\/a><a href=\"https:\/\/orasul-timisoara.ro\/?s=coronavirus\"><span>coronavirus<\/span><\/a><a href=\"https:\/\/orasul-timisoara.ro\/?s=teatru+timisoara\">teatru Timisoara<\/a><a href=\"https:\/\/orasul-timisoara.ro\/?s=restaurante\"><span>restaurante Timisoara<\/span><\/a><a href=\"https:\/\/orasul-timisoara.ro\/?s=diskoteka\"><span>Diskoteka<\/span><\/a><a href=\"https:\/\/orasul-timisoara.ro\/?s=iulius+town\"><span>Iulius Town<\/span><\/a><a href=\"https:\/\/orasul-timisoara.ro\/?s=iulius+mall\"><span>Iulius Mall<\/span><\/a><a href=\"https:\/\/orasul-timisoara.ro\/?s=stpt\"><span>STPT<\/span><\/a><a href=\"https:\/\/orasul-timisoara.ro\/?s=alin+nica\"><span>Alin Nica<\/span><\/a><a href=\"https:\/\/orasul-timisoara.ro\/?s=psd\"><span>PSD<\/span><\/a><a href=\"https:\/\/orasul-timisoara.ro\/?s=aeroport\"><span>Aeroportul International Timisoara<\/span><\/a><a href=\"https:\/\/orasul-timisoara.ro\/?s=babes\"><span>Spitalul Victor Babes Timisoara<\/span><\/a><a href=\"https:\/\/orasul-timisoara.ro\/?s=poli\"><span>Poli Timi\u0219oara<\/span><\/a><a href=\"https:\/\/orasul-timisoara.ro\/?s=carantina\"><span>carantina<\/span><\/a><a href=\"https:\/\/orasul-timisoara.ro\/?s=aquatim\"><span>Aquatim<\/span><\/a><a href=\"https:\/\/orasul-timisoara.ro\/local-category\/stiri-timisoara\/\"><span>Stiri Timisoara<\/span><\/a><a href=\"https:\/\/orasul-timisoara.ro\/local-category\/investitii-in-timisoara\/\"><span>Investi\u021bii in Timi\u0219oara<\/span><\/a><a href=\"https:\/\/orasul-timisoara.ro\/local-9463\/\"><span>shaorma<\/span><\/a><a href=\"https:\/\/orasul-timisoara.ro\/?s=trafic\"><span>trafic rutier<\/span><\/a><a href=\"https:\/\/orasul-timisoara.ro\/?s=politia\"><span>politia locala timisoara<\/span><\/a><a href=\"https:\/\/orasul-timisoara.ro\/?s=roxana\"><span>Roxana Iliescu<\/span><\/a><a href=\"https:\/\/orasul-timisoara.ro\/?s=colterm\"><span>Colterm<\/span><\/a><a href=\"https:\/\/orasul-timisoara.ro\/?s=latcau\"><span>Ruben La\u021bc\u0103u<\/span><\/a><a href=\"https:\/\/orasul-timisoara.ro\/?s=timis\"><span>\u0218tiri din Timi\u0219<\/span><\/a><a href=\"https:\/\/orasul-timisoara.ro\/?s=spital\"><span>Spitale din Timi\u0219oara<\/span><\/a><a href=\"https:\/\/orasul-timisoara.ro\/?s=tabara\"><span>Cosmin Tab\u0103r\u0103<\/span><\/a><\/div>\n<\/aside>\n<aside id=\"rss-2\" class=\"td_block_template_8 widget rss-2 widget_rss\">\n<h4 class=\"td-block-title\"><span><a class=\"rsswidget rss-widget-feed\" href=\"https:\/\/fashionfridays.ro\/feed\"><img decoding=\"async\" class=\"rss-widget-icon\" width=\"14\" height=\"14\" src=\"https:\/\/orasul-timisoara.ro\/wp-includes\/images\/rss.png\" alt=\"Flux RSS: Fashion Fridays\" loading=\"lazy\"><\/a><a class=\"rsswidget rss-widget-title\" href=\"https:\/\/fashionfridays.ro\/\">Fashion Fridays<\/a><\/span><\/h4>\n<ul>\n<li><a class=\"rsswidget\" href=\"https:\/\/fashionfridays.ro\/romania-devine-a-29-a-piata-vogue-o-noua-era-pentru-industria-locala-de-moda\/\">Rom\u00e2nia devine a 29-a pia\u021b\u0103 Vogue: o nou\u0103 er\u0103 pentru industria local\u0103 de mod\u0103<\/a>\n<div class=\"rssSummary\">Revista Vogue \u00ee\u0219i extinde prezen\u021ba global\u0103 \u0219i va fi lansat\u0103 oficial \u00een Rom\u00e2nia \u00een prim\u0103vara anului 2027, marc\u00e2nd intrarea pe cea de-a 29-a pia\u021b\u0103 interna\u021bional\u0103. Proiectul este realizat \u00een parteneriat cu AEMME Publishing, o companie media recent \u00eenfiin\u021bat\u0103, care va publica edi\u021bia local\u0103 sub licen\u021b\u0103. Noua edi\u021bie, Vogue Rom\u00e2nia, \u00ee\u0219i propune s\u0103 combine autoritatea global\u0103 [\u2026]<\/div>\n<\/li>\n<\/ul>\n<\/aside>\n<aside id=\"rss-4\" class=\"td_block_template_8 widget rss-4 widget_rss\">\n<h4 class=\"td-block-title\"><span><a class=\"rsswidget rss-widget-feed\" href=\"https:\/\/emasini.ro\/feed\"><img decoding=\"async\" class=\"rss-widget-icon\" width=\"14\" height=\"14\" src=\"https:\/\/orasul-timisoara.ro\/wp-includes\/images\/rss.png\" alt=\"Flux RSS: eMasini\" loading=\"lazy\"><\/a><a class=\"rsswidget rss-widget-title\" href=\"https:\/\/emasini.ro\/\">eMasini<\/a><\/span><\/h4>\n<ul>\n<li><a class=\"rsswidget\" href=\"https:\/\/emasini.ro\/adio-bordurilor-pline-de-ecrane-mercedes-benz-readuce-butoanele-in-noile-masini-produse\/\">Adio bordurilor pline de ecrane? Mercedes-Benz readuce butoanele \u00een noile ma\u0219ini produse<\/a>\n<div class=\"rssSummary\">Mercedes-Benz \u00ee\u0219i schimb\u0103 direc\u021bia \u00een ceea ce prive\u0219te designul interioarelor \u0219i va readuce comenzile fizice pentru anumite func\u021bii importante. Constructorul german nu renun\u021b\u0103 la ecranele mari \u0219i la tehnologiile digitale, dar recunoa\u0219te c\u0103 a mers prea departe prin eliminarea unor butoane \u0219i comenzi tactile. Ola K\u00e4llenius, pre\u0219edintele Consiliului de Administra\u021bie al Mercedes-Benz Group \u0219i CEO [\u2026]<\/div>\n<\/li>\n<\/ul>\n<\/aside>\n<\/div>\n<\/div>\n<\/div>\n<\/div>\n<\/article>\n<div class=\"td-post-content tagdiv-type\">\n<p class=\"wp-block-paragraph\">Mii de consilieri locali \u0219i jude\u021beni din Rom\u00e2nia sunt obliga\u021bi s\u0103 aleag\u0103 \u00eentre mandatul de ales local \u0219i un loc de munc\u0103 \u00eentr-o autoritate sau institu\u021bie public\u0103. Modificarea rezult\u0103 din Legea nr. 165\/2026, care a modificat Codul administrativ \u0219i a extins regulile privind incompatibilit\u0103\u021bile \u0219i asupra personalului contractual din administra\u021bia public\u0103. :contentReference[oaicite:1]{index=1}<\/p>\n<h2 class=\"wp-block-heading\">Consilierii angaja\u021bi la stat trebuie s\u0103 \u00ee\u0219i rezolve incompatibilitatea<\/h2>\n<p class=\"wp-block-paragraph\">Noua reglementare \u00eei vizeaz\u0103, \u00een principal, pe cei care de\u021bin simultan un mandat de consilier local sau jude\u021bean \u0219i au un contract individual de munc\u0103 \u00eentr-o autoritate ori institu\u021bie public\u0103.<\/p>\n<p class=\"wp-block-paragraph\">Potrivit modific\u0103rii aduse art. 550 din Codul administrativ, regulile privind incompatibilit\u0103\u021bile func\u021bionarilor publici prev\u0103zute de art. 94-97 din Legea nr. 161\/2003 se aplic\u0103 \u00een mod corespunz\u0103tor \u0219i personalului contractual. :contentReference[oaicite:2]{index=2}<\/p>\n<p class=\"wp-block-paragraph\">\u00cen aceast\u0103 categorie pot intra angaja\u021bi ai prim\u0103riilor, consiliilor jude\u021bene, ministerelor, agen\u021biilor, serviciilor publice \u0219i ai altor autorit\u0103\u021bi sau institu\u021bii administrative.<\/p>\n<h2 class=\"wp-block-heading\">Nu este obligatorie demisia din mandat sau din serviciu<\/h2>\n<p class=\"wp-block-paragraph\">Persoanele aflate \u00een aceast\u0103 situa\u021bie nu trebuie s\u0103 renun\u021be automat nici la mandatul de consilier \u0219i nici la locul de munc\u0103. Pentru \u00eencetarea incompatibilit\u0103\u021bii, solu\u021bia indicat\u0103 de prevederile legale este suspendarea raportului de munc\u0103 pe perioada exercit\u0103rii func\u021biei eligibile.<\/p>\n<p class=\"wp-block-paragraph\">Art. 97 din Legea nr. 161\/2003 prevede c\u0103 raportul de serviciu se suspend\u0103, \u00een cazul func\u021bionarului public ales \u00eentr-o func\u021bie eligibil\u0103 sau de demnitate public\u0103, p\u00e2n\u0103 la \u00eencetarea respectivei func\u021bii. Prin noua modificare, regulile sunt aplicabile \u00een mod corespunz\u0103tor \u0219i personalului contractual. :contentReference[oaicite:3]{index=3}<\/p>\n<h2 class=\"wp-block-heading\">Termenul pentru rezolvarea situa\u021biei este 25 august<\/h2>\n<p class=\"wp-block-paragraph\">Noua legisla\u021bie prevede un termen de 15 zile calendaristice pentru efectuarea demersurilor necesare \u00een vederea \u00eencet\u0103rii incompatibilit\u0103\u021bii. \u00cen cazul modific\u0103rilor intrate \u00een vigoare \u00een luna august, termenul-limit\u0103 este 25 august 2026.<\/p>\n<p class=\"wp-block-paragraph\">Astfel, persoanele care se afl\u0103 \u00een situa\u021bia prev\u0103zut\u0103 de noua legisla\u021bie trebuie s\u0103 fac\u0103 demersurile necesare p\u00e2n\u0103 la sf\u00e2r\u0219itul zilei de 25 august. Informa\u021bii publice ap\u0103rute \u00een mai multe administra\u021bii locale confirm\u0103 c\u0103 ale\u0219ii viza\u021bi au fost deja informa\u021bi cu privire la aceast\u0103 situa\u021bie. :contentReference[oaicite:4]{index=4}<\/p>\n<h2 class=\"wp-block-heading\">Cadrele didactice sunt exceptate<\/h2>\n<p class=\"wp-block-paragraph\">Nu toate persoanele care lucreaz\u0103 \u00een sectorul public sunt afectate de aceast\u0103 modificare. Codul administrativ prevede o excep\u021bie pentru cadrele didactice, care pot continua activitatea didactic\u0103 \u00een timp ce exercit\u0103 mandatul de consilier local sau jude\u021bean.<\/p>\n<p class=\"wp-block-paragraph\">Excep\u021bia se aplic\u0103, de asemenea, cercet\u0103torilor \u0219tiin\u021bifici \u0219i persoanelor care desf\u0103\u0219oar\u0103 activit\u0103\u021bi \u00een domeniul crea\u021biei literar-artistice. Ea nu se extinde automat asupra personalului administrativ, tehnic sau auxiliar din unit\u0103\u021bile de \u00eenv\u0103\u021b\u0103m\u00e2nt.<\/p>\n<h2 class=\"wp-block-heading\">Cine trebuie s\u0103 verifice dac\u0103 este vizat<\/h2>\n<p class=\"wp-block-paragraph\">\u00cen primul r\u00e2nd, trebuie analizat\u0103 situa\u021bia persoanelor care cumuleaz\u0103 un mandat de consilier local sau jude\u021bean cu un contract individual de munc\u0103 \u00eentr-o institu\u021bie sau autoritate public\u0103.<\/p>\n<p class=\"wp-block-paragraph\">\u00cen cazul personalului cu statut special, al angaja\u021bilor unor companii de stat sau al altor categorii profesionale pentru care exist\u0103 legisla\u021bie special\u0103, situa\u021bia trebuie analizat\u0103 separat. Nu orice persoan\u0103 pl\u0103tit\u0103 din fonduri publice intr\u0103 automat \u00een categoria vizat\u0103 de noua incompatibilitate.<\/p>\n<h2 class=\"wp-block-heading\">Ce trebuie f\u0103cut pentru \u00eencetarea incompatibilit\u0103\u021bii<\/h2>\n<p class=\"wp-block-paragraph\">Persoanele care consider\u0103 c\u0103 sunt vizate trebuie s\u0103 fac\u0103 demersurile necesare c\u0103tre angajator \u0219i s\u0103 solicite, dup\u0103 caz, suspendarea contractului individual de munc\u0103. Cererea trebuie formulat\u0103 \u00een scris \u0219i \u00eenregistrat\u0103, pentru a exista dovada efectu\u0103rii demersului \u00een termen.<\/p>\n<p class=\"wp-block-paragraph\">\u00cen cazul unor situa\u021bii neclare privind natura postului sau aplicarea excep\u021biilor prev\u0103zute de lege, este recomandat\u0103 solicitarea unui punct de vedere scris din partea compartimentului juridic \u0219i a celui de resurse umane al institu\u021biei.<\/p>\n<p class=\"wp-block-paragraph\">Modificarea legislativ\u0103 produce astfel o schimbare important\u0103 pentru administra\u021bia local\u0103: persoanele care ocup\u0103 un mandat de consilier local sau jude\u021bean \u0219i lucreaz\u0103 simultan \u00een administra\u021bia public\u0103 trebuie s\u0103 verifice dac\u0103 se afl\u0103 \u00eentr-o situa\u021bie de incompatibilitate \u0219i s\u0103 fac\u0103 demersurile necesare \u00een termenul prev\u0103zut de lege.<\/p>\n<\/div>\n<p>[analyse_source url=&#8221;https:\/\/orasul-timisoara.ro\/local-40481\/&#8221;]<\/p>\n","protected":false},"excerpt":{"rendered":"<p>[analyse_image type=&#8221;featured&#8221; src=&#8221;https:\/\/orasul-timisoara.ro\/wp-content\/uploads\/2026\/08\/incompatibili-consilieri.jpg&#8221;] \u0218tiri na\u021bionale \u0219i interna\u021bionaleLovitur\u0103 pentru ale\u0219ii locali angaja\u021bi la stat: consilierii trebuie s\u0103 aleag\u0103 \u00eentre&#8230; \u0218tiri na\u021bionale \u0219i interna\u021bionale Lovitur\u0103 pentru ale\u0219ii locali angaja\u021bi la stat: consilierii trebuie s\u0103 aleag\u0103 \u00eentre func\u021bie \u0219i mandat De c\u0103tre redactia &#8211; 25\/08\/2026 Facebook Twitter WhatsApp Linkedin ReddIt Email Imprimare Mii de consilieri locali \u0219i jude\u021beni [&hellip;]<\/p>\n","protected":false},"author":1,"featured_media":0,"comment_status":"open","ping_status":"","sticky":false,"template":"","format":"standard","meta":{"footnotes":""},"categories":[89],"tags":[226,189],"class_list":["post-2114581","post","type-post","status-publish","format-standard","hentry","category-romania","tag-crawlmanager","tag-orasul-timisoara-ro"],"_links":{"self":[{"href":"https:\/\/analyse.optim.biz\/index.php?rest_route=\/wp\/v2\/posts\/2114581","targetHints":{"allow":["GET"]}}],"collection":[{"href":"https:\/\/analyse.optim.biz\/index.php?rest_route=\/wp\/v2\/posts"}],"about":[{"href":"https:\/\/analyse.optim.biz\/index.php?rest_route=\/wp\/v2\/types\/post"}],"author":[{"embeddable":true,"href":"https:\/\/analyse.optim.biz\/index.php?rest_route=\/wp\/v2\/users\/1"}],"replies":[{"embeddable":true,"href":"https:\/\/analyse.optim.biz\/index.php?rest_route=%2Fwp%2Fv2%2Fcomments&post=2114581"}],"version-history":[{"count":0,"href":"https:\/\/analyse.optim.biz\/index.php?rest_route=\/wp\/v2\/posts\/2114581\/revisions"}],"wp:attachment":[{"href":"https:\/\/analyse.optim.biz\/index.php?rest_route=%2Fwp%2Fv2%2Fmedia&parent=2114581"}],"wp:term":[{"taxonomy":"category","embeddable":true,"href":"https:\/\/analyse.optim.biz\/index.php?rest_route=%2Fwp%2Fv2%2Fcategories&post=2114581"},{"taxonomy":"post_tag","embeddable":true,"href":"https:\/\/analyse.optim.biz\/index.php?rest_route=%2Fwp%2Fv2%2Ftags&post=2114581"}],"curies":[{"name":"wp","href":"https:\/\/api.w.org\/{rel}","templated":true}]}}