{"id":2114554,"date":"2026-08-27T07:14:51","date_gmt":"2026-08-27T04:14:51","guid":{"rendered":"https:\/\/analyse.optim.biz\/?p=2114554"},"modified":"2026-08-27T07:14:51","modified_gmt":"2026-08-27T04:14:51","slug":"teren-luat-de-cfr-sa-de-la-o-comuna-pentru-asigurarea-mobilitatii-armatei-americane","status":"publish","type":"post","link":"https:\/\/analyse.optim.biz\/?p=2114554","title":{"rendered":"Teren luat de CFR SA de la o comun\u0103 pentru asigurarea mobilit\u0103\u021bii Armatei Americane"},"content":{"rendered":"<p>[analyse_image type=&#8221;featured&#8221; src=&#8221;https:\/\/60m.ro\/wp-content\/uploads\/2026\/08\/Tancuri-americani-Mihail-Kogalniceanu-agerpres_9524514.jpeg&#8221;]<\/p>\n<div class=\"articleBody\" data-key=\"articleBody\">\nUn teren de peste 7.000 mp va fi preluat de CFR SA de la o comun\u0103 pentru a se amenaja trei linii ferate militare, destinate Bazei Aeriene din C\u00e2mpia Turzii, unde sunt sta\u021bionate for\u021be ale Armatei Americane.<\/p>\n<p>Un\u00a0proiect de Hot\u0103r\u00e2re de Guvern\u00a0\u00een acest sens a fost postat, \u00een consultare public\u0103, pe site-ul Ministerului Transporturilor.<\/p>\n<p>Cre\u0219terea capacit\u0103\u021bii de reac\u021bie opera\u021bional\u0103 a structurilor din cadrul Ministerului Ap\u0103r\u0103rii Na\u021bionale, cu accent pe unit\u0103\u021bile subordonate dislocate \u00een cadrul Bazei Aeriene din C\u00e2mpia Turzii, reprezint\u0103 un obiectiv de importan\u021b\u0103 strategic\u0103 pentru securitatea na\u021bional\u0103 \u0219i \u00eendeplinirea angajamentelor asumate \u00een cadrul parteneriatelor interna\u021bionale, se arat\u0103 \u00een Nota de fundamentare a proiectului de act normativ.<\/p>\n<p>Sucursala Regional\u0103 CF Cluj a propus transmiterea terenului respectiv din domeniul public al Prim\u0103riei Comunei Luna, jude\u021bul Cluj, \u00een domeniul public al Statului Rom\u00e2n, \u00een administrarea Ministerului Transporturilor \u0219i\u00a0 Infrastructurii \u0219i \u00een concesiunea Companiei Na\u021bionale de C\u0103i Ferate CFR SA Transferul este necesar \u00een vederea reabilit\u0103rii liniilor 1 \u0219i 2 din C\u0103l\u0103ra\u0219i Turda \u0219i a rampei aferente ce deserve\u0219te o structur\u0103 operativ\u0103 din cadrul Ministerul Ap\u0103r\u0103rii Na\u021bionale (UM 01969), \u00een cadrul proiectului de modernizare a liniilor de cale ferat\u0103 Co\u0219lariu \u2013 Cluj Napoca.<\/p>\n<p>Trei linii ferate militare<\/p>\n<p>Pe acest imobil sunt construite trei linii, aflate \u00een proprietatea CFR SA care deservesc o structur\u0103 operativ\u0103 din cadrul MApN, astfel:<\/p>\n<p>\u2013\u00a0\u00a0\u00a0\u00a0\u00a0\u00a0\u00a0\u00a0\u00a0 Linia I deserve\u0219te rampa militar\u0103;<\/p>\n<p>\u2013\u00a0\u00a0\u00a0\u00a0\u00a0\u00a0\u00a0\u00a0\u00a0\u00a0 Linia I \u2013 L constructiv\u0103 =414.2 m , L real\u0103\u00a0 = 315 m, \u0219in\u0103 tip 49, traverse lemn+beton<\/p>\n<p>\u2013\u00a0\u00a0\u00a0\u00a0\u00a0\u00a0\u00a0\u00a0\u00a0\u00a0 Linia II \u2013 L constructiv\u0103 =260.2 m , L real\u0103\u00a0 = 227 m, \u0219in\u0103 tip 49, traverse lemn+beton<\/p>\n<p>\u2013\u00a0\u00a0\u00a0\u00a0\u00a0\u00a0\u00a0\u00a0\u00a0\u00a0 Linia III \u2013 L constructiv\u0103 =101.2 m , L real\u0103\u00a0 =68 m, \u0219in\u0103 tip 49, traverse lemn+beton<\/p>\n<p>\u2013\u00a0\u00a0\u00a0\u00a0\u00a0\u00a0\u00a0\u00a0\u00a0 Schimb\u0103tori aferen\u021bi liniilor R 16, R 18 \u0219i R 20.<\/p>\n<p>\u00cen urma transmiterii acestui teren \u00een domeniul public al statului, vor putea fi realizate investi\u021bii semnificative de modernizare a liniilor \u0219i rampei, contribuind astfel la o mai bun\u0103 mobilitate militar\u0103, ca element esen\u021bial al capacit\u0103\u021bii de reac\u021bie \u00een cadrul proiectului de modernizare a liniilor de cale ferat\u0103 Co\u0219lariu-Cluj Napoca, sus\u021bin ini\u021biatorii proiectului.<\/p>\n<p>Consiliul Local al Comunei Luna a adoptat Hot\u0103r\u00e2rea nr. 21\/25.06.2026 privind trecerea terenului \u00een suprafa\u021b\u0103 de 7.259 mp din domeniul public al comunei \u00een domeniul public al Statului Rom\u00e2n. Valoarea de inventar a terenului este de 9.073,75 lei.<\/p>\n<\/div>\n<p>[analyse_source url=&#8221;https:\/\/60m.ro\/teren-luat-de-cfr-sa-de-la-o-comuna-pentru-asigurarea-mobilitatii-armatei-americane\/&#8221;]<\/p>\n","protected":false},"excerpt":{"rendered":"<p>[analyse_image type=&#8221;featured&#8221; src=&#8221;https:\/\/60m.ro\/wp-content\/uploads\/2026\/08\/Tancuri-americani-Mihail-Kogalniceanu-agerpres_9524514.jpeg&#8221;] Un teren de peste 7.000 mp va fi preluat de CFR SA de la o comun\u0103 pentru a se amenaja trei linii ferate militare, destinate Bazei Aeriene din C\u00e2mpia Turzii, unde sunt sta\u021bionate for\u021be ale Armatei Americane. Un\u00a0proiect de Hot\u0103r\u00e2re de Guvern\u00a0\u00een acest sens a fost postat, \u00een consultare public\u0103, pe site-ul [&hellip;]<\/p>\n","protected":false},"author":1,"featured_media":0,"comment_status":"open","ping_status":"","sticky":false,"template":"","format":"standard","meta":{"footnotes":""},"categories":[89],"tags":[100,226],"class_list":["post-2114554","post","type-post","status-publish","format-standard","hentry","category-romania","tag-60m-ro","tag-crawlmanager"],"_links":{"self":[{"href":"https:\/\/analyse.optim.biz\/index.php?rest_route=\/wp\/v2\/posts\/2114554","targetHints":{"allow":["GET"]}}],"collection":[{"href":"https:\/\/analyse.optim.biz\/index.php?rest_route=\/wp\/v2\/posts"}],"about":[{"href":"https:\/\/analyse.optim.biz\/index.php?rest_route=\/wp\/v2\/types\/post"}],"author":[{"embeddable":true,"href":"https:\/\/analyse.optim.biz\/index.php?rest_route=\/wp\/v2\/users\/1"}],"replies":[{"embeddable":true,"href":"https:\/\/analyse.optim.biz\/index.php?rest_route=%2Fwp%2Fv2%2Fcomments&post=2114554"}],"version-history":[{"count":0,"href":"https:\/\/analyse.optim.biz\/index.php?rest_route=\/wp\/v2\/posts\/2114554\/revisions"}],"wp:attachment":[{"href":"https:\/\/analyse.optim.biz\/index.php?rest_route=%2Fwp%2Fv2%2Fmedia&parent=2114554"}],"wp:term":[{"taxonomy":"category","embeddable":true,"href":"https:\/\/analyse.optim.biz\/index.php?rest_route=%2Fwp%2Fv2%2Fcategories&post=2114554"},{"taxonomy":"post_tag","embeddable":true,"href":"https:\/\/analyse.optim.biz\/index.php?rest_route=%2Fwp%2Fv2%2Ftags&post=2114554"}],"curies":[{"name":"wp","href":"https:\/\/api.w.org\/{rel}","templated":true}]}}