{"id":2114549,"date":"2026-08-27T11:47:55","date_gmt":"2026-08-27T08:47:55","guid":{"rendered":"https:\/\/analyse.optim.biz\/?p=2114549"},"modified":"2026-08-27T11:47:55","modified_gmt":"2026-08-27T08:47:55","slug":"cum-decurg-discutiile-referitoare-la-cel-mai-mare-buget-ue-din-istorie","status":"publish","type":"post","link":"https:\/\/analyse.optim.biz\/?p=2114549","title":{"rendered":"Cum decurg discu\u021biile referitoare la cel mai mare buget UE din istorie"},"content":{"rendered":"<p>[analyse_image type=&#8221;featured&#8221; src=&#8221;https:\/\/solidnews.ro\/wp-content\/uploads\/2026\/08\/dreamstime_m_189585264.jpg&#8221;]<\/p>\n<div class=\"td_block_wrap tdb_single_content tdi_120 td-pb-border-top td_block_template_1 td-post-content tagdiv-type\" data-td-block-uid=\"tdi_120\">\n<div class=\"tdb-block-inner td-fix-index\">\n<p class=\"wp-block-paragraph\"><a href=\"https:\/\/www.politico.eu\/article\/friedrich-merz-antonio-costa-eu-budget-2028-2034\/\" target=\"_blank\" rel=\"noopener external noreferrer\" data-type=\"link\" data-id=\"https:\/\/www.politico.eu\/article\/friedrich-merz-antonio-costa-eu-budget-2028-2034\/\" data-wpel-link=\"external\"><em>Politico<\/em><\/a>\u00a0raporteaz\u0103 ultimele evolu\u021bii pe frontul noului buget UE (2028-2034). Actuala rund\u0103 opune eforturile cancelarului Germaniei, Friedrich Merz, celor ale pre\u0219edintelui Consiliului European, Antonio Costa.<\/p>\n<p class=\"wp-block-paragraph\">Pe de o parte, Merz a organizat, la Berlin, o \u00eentrunire cu liderii \u021b\u0103rilor care nu accept\u0103 un buget UE de 2 trilioane de euro, c\u00e2t arat\u0103 propunerea actual\u0103. Aceste \u021b\u0103ri sunt a\u0219a-zisele \u201efrugale\u201d, anume Olanda, Austria, Finlanda, Danemarca \u0219i Suedia \u2013 pe l\u00e2ng\u0103 Germania, care are cea mai mare contribu\u021bie la bugetul UE (circa un sfert din \u00eentreaga sum\u0103).<\/p>\n<p class=\"wp-block-paragraph\">\u00cen preg\u0103tirea \u0219edin\u021bei, cancelarul austriac Christian Stocker a declarat pentru\u00a0<em>Politico<\/em>\u00a0\u2013 f\u0103c\u00e2ndu-se ecoul unei declara\u021bii similare a lui Merz \u2013 c\u0103 \u201e\u00centregul buget trebuie redus substan\u021bial \u2013 cu sute de miliarde de euro. Este inacceptabil ca Bruxellesul s\u0103 discute cel mai mare buget din istorie \u00een condi\u021biile \u00een care noi, acas\u0103, trebuie s\u0103 str\u00e2ngem cureaua\u201d.<\/p>\n<p class=\"wp-block-paragraph\">Pe l\u00e2ng\u0103 reducerea drastic\u0103 a bugetului UE, liderii \u00eentruni\u021bi la Berlin vor modific\u0103ri \u0219i \u00een ce prive\u0219te alocarea sumelor (de la agricultur\u0103 spre ap\u0103rare \u0219i securitate, de exemplu), precum \u0219i impunerea unor \u201estandarde democratice\u201d pe care guvernele \u021b\u0103rilor membre vor trebui s\u0103 le respecte pentru a primi bani de la bugetul Uniunii.<\/p>\n<p class=\"wp-block-paragraph\">Una dintre principalele oponente ale Germaniei pe aceste subiecte este Spania, care nu este de acord nici cu reducerea bugetului UE, nici cu realocarea sumelor pentru agricultur\u0103.<\/p>\n<p class=\"wp-block-paragraph\">\u00cen opozi\u021bie cu Merz, Antonia Costa este \u00een turneu prin capitalele europene, unde \u00eencearc\u0103 s\u0103 conving\u0103 liderii s\u0103 sus\u021bin\u0103 mega-bugetul UE.<\/p>\n<p class=\"wp-block-paragraph\">\u00cen plus, Costa profit\u0103 de deplasare ca s\u0103 testeze apele cu privire la un alt subiect major: dorin\u021ba UE de a-\u0219i impune propriile taxe asupra statelor membre. Costa explica recent c\u0103 ambi\u021bioasa UE are nevoie de noi surse de venit \u0219i \u201esunt dou\u0103 c\u0103i pe care le poate ob\u021bine: fie prin contribu\u021biile na\u021bionale, fie prin propriile resurse\u201d \u2013 adic\u0103 fie cresc guvernele taxele la nivel na\u021bional, fie impune UE ni\u0219te taxe noi.<\/p>\n<p class=\"wp-block-paragraph\">Costa a vizitat deja Bratislava, Talinn, Riga \u0219i Vilnius \u0219i ajunge acum la Praga, urm\u00e2nd vizite la Berlin, Paris \u0219i Roma.<\/p>\n<p class=\"wp-block-paragraph\">Remarcabil, din perspectiva democra\u021biei, transparen\u021bei \u0219i valorilor, \u00eent\u00e2lnirile lui Costa sunt confiden\u021biale, de\u0219i e greu de \u00eenchipuit un subiect care s\u0103 intereseze mai aprig cet\u0103\u021benii dec\u00e2t ce bani li se vor lua din buzunar, de c\u0103tre cine \u0219i \u00een ce scop.<\/p>\n<p class=\"wp-block-paragraph\">Din ce a transp\u0103rut p\u00e2n\u0103 acum, Costa \u00eenregistreaz\u0103 ceva succese. Dup\u0103 \u00eentrevedere, pre\u0219edintele Lituaniei, Gitanas Nauseda, a declarat c\u0103 \u201ePentru a finan\u021ba anumite costuri, sunt necesare resurse financiare pe m\u0103sur\u0103\u201d, iar Lituania ar putea deveni mai flexibil\u0103 la ideea ca Bruxellesul s\u0103-\u0219i impun\u0103 propriile taxe dac\u0103 prime\u0219te un buget adecvat pentru ap\u0103rare, securitate \u0219i dezvoltare regional\u0103.<\/p>\n<p class=\"wp-block-paragraph\">La r\u00e2ndul lui, prim-ministrul Estoniei, Kristen Michal, a comentat c\u0103 Estonia e deschis\u0103 la ideea de creare a unor taxe UE, care \u201ear demonstra o valoare ad\u0103ugat\u0103 cu adev\u0103rat european\u0103 \u0219i ar evita crearea de poveri dispropor\u021bionate pentru statele membre\u201d.<\/p>\n<p class=\"wp-block-paragraph\">P\u00e2n\u0103 la aprobarea sau respingerea ideii ca Bruxellesul s\u0103 \u00eencaseze \u0219i el ni\u0219te bani de la cet\u0103\u021benii Europei, pe l\u00e2ng\u0103 taxele tot mai mari impuse de guvernele na\u021bionale, se discut\u0103 cam ce activit\u0103\u021bi \u0219i bunuri ar vrea UE s\u0103 taxeze direct. P\u00e2n\u0103 acum, Comisia European\u0103 \u0219i-a exprimat dorin\u021ba de a impune \u0219i \u00eencasa noi taxe pe \u201eemisii\u201d, taxe \u201ede carbon\u201d pe importuri, taxe pe de\u0219eurile electronice nereciclate, taxe pe produsele de tutun, plus ni\u0219te sume fixe pl\u0103tite anual de marile companii; dar \u0219i, de ce nu, ni\u0219te taxe adi\u021bionale pe serviciile digitale, pe jocurile de noroc online, pe activele crypto.<\/p>\n<p class=\"wp-block-paragraph\">Vizibila accelerare a discu\u021biilor privind bugetul mamut pe care \u00eel vrea Comisia European\u0103 are un motiv precis: UE vrea s\u0103 se ajung\u0103 la o decizie pe subiect \u00eenainte de alegerile care vor avea loc anul viitor \u00een Fran\u021ba, Spania \u0219i Italia, ale c\u0103ror rezultate \u201ear putea face o \u00een\u021belegere aproape imposibil\u0103\u201d. Altfel spus, se gr\u0103besc de teama c\u0103 popoarele europene vor aduce cur\u00e2nd la putere guverne care nu vor accepta s\u0103-i dea Bruxellesului bugetul \u0219i puterile pe care le viseaz\u0103.<\/p>\n<p class=\"wp-block-paragraph\">Cazul cel mai evident este Fran\u021ba: mandatul pre\u0219edintelui Emmanuel Macron, de o lips\u0103 de popularitate legendar\u0103, se termin\u0103 la anul, iar sondajele o pun \u00een fruntea cursei pe Marine Le Pen, unul dintre cei mai acerbi critici ai Uniunii Europene. Mai exact,\u00a0<a href=\"https:\/\/safia.gr\/marine-le-pen-and-the-eu-from-frexit-to-a-europe-of-nations\/\" target=\"_blank\" rel=\"noopener external noreferrer\" data-type=\"link\" data-id=\"https:\/\/safia.gr\/marine-le-pen-and-the-eu-from-frexit-to-a-europe-of-nations\/\" data-wpel-link=\"external\">ea declar\u0103<\/a>\u00a0c\u0103 vrea s\u0103 retrag\u0103 Fran\u021ba din UE, care a devenit \u201eun monstru antidemocratic\u201d, o \u201eUniune Sovietic\u0103 European\u0103\u201d care deserve\u0219te elitele \u0219i interesele birocra\u021biei pe spinarea popoarelor \u0219i erodeaz\u0103 suveranitatea statelor \u0219i identitatea na\u021bional\u0103.<\/p>\n<p class=\"wp-block-paragraph\">P\u00e2n\u0103 \u00een 2027, \u00eens\u0103, c\u00e2nd au loc alegerile preziden\u021biale \u00een Fran\u021ba, exist\u0103 riscul (din perspectiva Bruxellesului) ca Germania s\u0103 sufere ni\u0219te schimb\u0103ri \u00een urm\u0103toarele luni. Cifrele arat\u0103 c\u0103 AfD este pe cale s\u0103 c\u00e2\u0219tige alegerile regionale din Saxonia-Anhalt \u00een acest septembrie, ceea ce ar fragiliza serios pozi\u021bia lui Merz.<\/p>\n<p class=\"wp-block-paragraph\">\u00centr-un scandal politic foarte jenant pentru cancelar,\u00a0<em>Politico<\/em>\u00a0<a href=\"https:\/\/www.politico.eu\/article\/friedrich-merz-germany-conservative-mayor-far-right-afd-donation\/\" target=\"_blank\" rel=\"noopener external noreferrer\" data-type=\"link\" data-id=\"https:\/\/www.politico.eu\/article\/friedrich-merz-germany-conservative-mayor-far-right-afd-donation\/\" data-wpel-link=\"external\">relata<\/a>\u00a0s\u0103pt\u0103m\u00e2na trecut\u0103 c\u0103 p\u00e2n\u0103 \u0219i unii colegi de partid ai lui Merz \u021bin cu AfD: Bernd Prange, primar conservator \u00een Saxonia-Anhlat, a f\u0103cut o dona\u021bie de 10.000 de euro pentru campania adversarilor, explic\u00e2nd c\u0103 gestul lui se vrea un \u201esemnal de alarm\u0103\u201d pentru propriul partid, care trebuie s\u0103 se trezeasc\u0103, \u00eentruc\u00e2t a alunecat excesiv spre st\u00e2nga.<\/p>\n<p class=\"wp-block-paragraph\">Mai mult, Prange a criticat frontal politica lui Merz de a interzice cooperarea politic\u0103 cu partidele de dreapta (a\u0219a-zisul \u201eparavan de protec\u021bie\u201d), \u00een condi\u021biile \u00een care popularitatea AfD este \u00een ascensiune rapid\u0103 \u00een \u00eentreaga Germanie. O victorie AfD \u00een Saxonia-Anhalt ar crea presiuni severe asupra acestei politici de izolare \u0219i asupra lui Merz, personal, ca v\u00e2rf de lance.<\/p>\n<p class=\"wp-block-paragraph\"><em><a href=\"https:\/\/www.dw.com\/en\/germany-news-most-voters-expect-merz-to-leave-office-early\/live-78467416\" target=\"_blank\" rel=\"noopener external noreferrer\" data-type=\"link\" data-id=\"https:\/\/www.dw.com\/en\/germany-news-most-voters-expect-merz-to-leave-office-early\/live-78467416\" data-wpel-link=\"external\">Deutsche Welle<\/a><\/em>\u00a0raporta c\u0103 54% dintre germani cred c\u0103 Merz nu \u00ee\u0219i va putea duce p\u00e2n\u0103 la cap\u0103t mandatul (care expir\u0103 \u00een 2029). Iar AfD nu doar c\u0103 nu ar aproba nicic\u00e2nd bugetul dorit de UE, dar urm\u0103re\u0219te s\u0103 retrag\u0103 Germania din Zona Euro \u0219i din Schengen.<\/p>\n<p class=\"wp-block-paragraph\"><em><strong>surs\u0103: <a href=\"https:\/\/www.measponte.ro\/fracturi-bugetare\/\">measponte.ro<\/a><\/strong><\/em><\/p>\n<\/div>\n<\/div>\n<div class=\"td_block_wrap tdb_single_content tdi_120 td-pb-border-top td_block_template_1 td-post-content tagdiv-type\" data-td-block-uid=\"tdi_120\">\n<div class=\"tdb-block-inner td-fix-index\">\n<p class=\"wp-block-paragraph\"><a href=\"https:\/\/www.politico.eu\/article\/friedrich-merz-antonio-costa-eu-budget-2028-2034\/\" target=\"_blank\" rel=\"noopener external noreferrer\" data-type=\"link\" data-id=\"https:\/\/www.politico.eu\/article\/friedrich-merz-antonio-costa-eu-budget-2028-2034\/\" data-wpel-link=\"external\"><em>Politico<\/em><\/a>\u00a0raporteaz\u0103 ultimele evolu\u021bii pe frontul noului buget UE (2028-2034). Actuala rund\u0103 opune eforturile cancelarului Germaniei, Friedrich Merz, celor ale pre\u0219edintelui Consiliului European, Antonio Costa.<\/p>\n<p class=\"wp-block-paragraph\">Pe de o parte, Merz a organizat, la Berlin, o \u00eentrunire cu liderii \u021b\u0103rilor care nu accept\u0103 un buget UE de 2 trilioane de euro, c\u00e2t arat\u0103 propunerea actual\u0103. Aceste \u021b\u0103ri sunt a\u0219a-zisele \u201efrugale\u201d, anume Olanda, Austria, Finlanda, Danemarca \u0219i Suedia \u2013 pe l\u00e2ng\u0103 Germania, care are cea mai mare contribu\u021bie la bugetul UE (circa un sfert din \u00eentreaga sum\u0103).<\/p>\n<p class=\"wp-block-paragraph\">\u00cen preg\u0103tirea \u0219edin\u021bei, cancelarul austriac Christian Stocker a declarat pentru\u00a0<em>Politico<\/em>\u00a0\u2013 f\u0103c\u00e2ndu-se ecoul unei declara\u021bii similare a lui Merz \u2013 c\u0103 \u201e\u00centregul buget trebuie redus substan\u021bial \u2013 cu sute de miliarde de euro. Este inacceptabil ca Bruxellesul s\u0103 discute cel mai mare buget din istorie \u00een condi\u021biile \u00een care noi, acas\u0103, trebuie s\u0103 str\u00e2ngem cureaua\u201d.<\/p>\n<p class=\"wp-block-paragraph\">Pe l\u00e2ng\u0103 reducerea drastic\u0103 a bugetului UE, liderii \u00eentruni\u021bi la Berlin vor modific\u0103ri \u0219i \u00een ce prive\u0219te alocarea sumelor (de la agricultur\u0103 spre ap\u0103rare \u0219i securitate, de exemplu), precum \u0219i impunerea unor \u201estandarde democratice\u201d pe care guvernele \u021b\u0103rilor membre vor trebui s\u0103 le respecte pentru a primi bani de la bugetul Uniunii.<\/p>\n<p class=\"wp-block-paragraph\">Una dintre principalele oponente ale Germaniei pe aceste subiecte este Spania, care nu este de acord nici cu reducerea bugetului UE, nici cu realocarea sumelor pentru agricultur\u0103.<\/p>\n<p class=\"wp-block-paragraph\">\u00cen opozi\u021bie cu Merz, Antonia Costa este \u00een turneu prin capitalele europene, unde \u00eencearc\u0103 s\u0103 conving\u0103 liderii s\u0103 sus\u021bin\u0103 mega-bugetul UE.<\/p>\n<p class=\"wp-block-paragraph\">\u00cen plus, Costa profit\u0103 de deplasare ca s\u0103 testeze apele cu privire la un alt subiect major: dorin\u021ba UE de a-\u0219i impune propriile taxe asupra statelor membre. Costa explica recent c\u0103 ambi\u021bioasa UE are nevoie de noi surse de venit \u0219i \u201esunt dou\u0103 c\u0103i pe care le poate ob\u021bine: fie prin contribu\u021biile na\u021bionale, fie prin propriile resurse\u201d \u2013 adic\u0103 fie cresc guvernele taxele la nivel na\u021bional, fie impune UE ni\u0219te taxe noi.<\/p>\n<p class=\"wp-block-paragraph\">Costa a vizitat deja Bratislava, Talinn, Riga \u0219i Vilnius \u0219i ajunge acum la Praga, urm\u00e2nd vizite la Berlin, Paris \u0219i Roma.<\/p>\n<p class=\"wp-block-paragraph\">Remarcabil, din perspectiva democra\u021biei, transparen\u021bei \u0219i valorilor, \u00eent\u00e2lnirile lui Costa sunt confiden\u021biale, de\u0219i e greu de \u00eenchipuit un subiect care s\u0103 intereseze mai aprig cet\u0103\u021benii dec\u00e2t ce bani li se vor lua din buzunar, de c\u0103tre cine \u0219i \u00een ce scop.<\/p>\n<p class=\"wp-block-paragraph\">Din ce a transp\u0103rut p\u00e2n\u0103 acum, Costa \u00eenregistreaz\u0103 ceva succese. Dup\u0103 \u00eentrevedere, pre\u0219edintele Lituaniei, Gitanas Nauseda, a declarat c\u0103 \u201ePentru a finan\u021ba anumite costuri, sunt necesare resurse financiare pe m\u0103sur\u0103\u201d, iar Lituania ar putea deveni mai flexibil\u0103 la ideea ca Bruxellesul s\u0103-\u0219i impun\u0103 propriile taxe dac\u0103 prime\u0219te un buget adecvat pentru ap\u0103rare, securitate \u0219i dezvoltare regional\u0103.<\/p>\n<p class=\"wp-block-paragraph\">La r\u00e2ndul lui, prim-ministrul Estoniei, Kristen Michal, a comentat c\u0103 Estonia e deschis\u0103 la ideea de creare a unor taxe UE, care \u201ear demonstra o valoare ad\u0103ugat\u0103 cu adev\u0103rat european\u0103 \u0219i ar evita crearea de poveri dispropor\u021bionate pentru statele membre\u201d.<\/p>\n<p class=\"wp-block-paragraph\">P\u00e2n\u0103 la aprobarea sau respingerea ideii ca Bruxellesul s\u0103 \u00eencaseze \u0219i el ni\u0219te bani de la cet\u0103\u021benii Europei, pe l\u00e2ng\u0103 taxele tot mai mari impuse de guvernele na\u021bionale, se discut\u0103 cam ce activit\u0103\u021bi \u0219i bunuri ar vrea UE s\u0103 taxeze direct. P\u00e2n\u0103 acum, Comisia European\u0103 \u0219i-a exprimat dorin\u021ba de a impune \u0219i \u00eencasa noi taxe pe \u201eemisii\u201d, taxe \u201ede carbon\u201d pe importuri, taxe pe de\u0219eurile electronice nereciclate, taxe pe produsele de tutun, plus ni\u0219te sume fixe pl\u0103tite anual de marile companii; dar \u0219i, de ce nu, ni\u0219te taxe adi\u021bionale pe serviciile digitale, pe jocurile de noroc online, pe activele crypto.<\/p>\n<p class=\"wp-block-paragraph\">Vizibila accelerare a discu\u021biilor privind bugetul mamut pe care \u00eel vrea Comisia European\u0103 are un motiv precis: UE vrea s\u0103 se ajung\u0103 la o decizie pe subiect \u00eenainte de alegerile care vor avea loc anul viitor \u00een Fran\u021ba, Spania \u0219i Italia, ale c\u0103ror rezultate \u201ear putea face o \u00een\u021belegere aproape imposibil\u0103\u201d. Altfel spus, se gr\u0103besc de teama c\u0103 popoarele europene vor aduce cur\u00e2nd la putere guverne care nu vor accepta s\u0103-i dea Bruxellesului bugetul \u0219i puterile pe care le viseaz\u0103.<\/p>\n<p class=\"wp-block-paragraph\">Cazul cel mai evident este Fran\u021ba: mandatul pre\u0219edintelui Emmanuel Macron, de o lips\u0103 de popularitate legendar\u0103, se termin\u0103 la anul, iar sondajele o pun \u00een fruntea cursei pe Marine Le Pen, unul dintre cei mai acerbi critici ai Uniunii Europene. Mai exact,\u00a0<a href=\"https:\/\/safia.gr\/marine-le-pen-and-the-eu-from-frexit-to-a-europe-of-nations\/\" target=\"_blank\" rel=\"noopener external noreferrer\" data-type=\"link\" data-id=\"https:\/\/safia.gr\/marine-le-pen-and-the-eu-from-frexit-to-a-europe-of-nations\/\" data-wpel-link=\"external\">ea declar\u0103<\/a>\u00a0c\u0103 vrea s\u0103 retrag\u0103 Fran\u021ba din UE, care a devenit \u201eun monstru antidemocratic\u201d, o \u201eUniune Sovietic\u0103 European\u0103\u201d care deserve\u0219te elitele \u0219i interesele birocra\u021biei pe spinarea popoarelor \u0219i erodeaz\u0103 suveranitatea statelor \u0219i identitatea na\u021bional\u0103.<\/p>\n<p class=\"wp-block-paragraph\">P\u00e2n\u0103 \u00een 2027, \u00eens\u0103, c\u00e2nd au loc alegerile preziden\u021biale \u00een Fran\u021ba, exist\u0103 riscul (din perspectiva Bruxellesului) ca Germania s\u0103 sufere ni\u0219te schimb\u0103ri \u00een urm\u0103toarele luni. Cifrele arat\u0103 c\u0103 AfD este pe cale s\u0103 c\u00e2\u0219tige alegerile regionale din Saxonia-Anhalt \u00een acest septembrie, ceea ce ar fragiliza serios pozi\u021bia lui Merz.<\/p>\n<p class=\"wp-block-paragraph\">\u00centr-un scandal politic foarte jenant pentru cancelar,\u00a0<em>Politico<\/em>\u00a0<a href=\"https:\/\/www.politico.eu\/article\/friedrich-merz-germany-conservative-mayor-far-right-afd-donation\/\" target=\"_blank\" rel=\"noopener external noreferrer\" data-type=\"link\" data-id=\"https:\/\/www.politico.eu\/article\/friedrich-merz-germany-conservative-mayor-far-right-afd-donation\/\" data-wpel-link=\"external\">relata<\/a>\u00a0s\u0103pt\u0103m\u00e2na trecut\u0103 c\u0103 p\u00e2n\u0103 \u0219i unii colegi de partid ai lui Merz \u021bin cu AfD: Bernd Prange, primar conservator \u00een Saxonia-Anhlat, a f\u0103cut o dona\u021bie de 10.000 de euro pentru campania adversarilor, explic\u00e2nd c\u0103 gestul lui se vrea un \u201esemnal de alarm\u0103\u201d pentru propriul partid, care trebuie s\u0103 se trezeasc\u0103, \u00eentruc\u00e2t a alunecat excesiv spre st\u00e2nga.<\/p>\n<p class=\"wp-block-paragraph\">Mai mult, Prange a criticat frontal politica lui Merz de a interzice cooperarea politic\u0103 cu partidele de dreapta (a\u0219a-zisul \u201eparavan de protec\u021bie\u201d), \u00een condi\u021biile \u00een care popularitatea AfD este \u00een ascensiune rapid\u0103 \u00een \u00eentreaga Germanie. O victorie AfD \u00een Saxonia-Anhalt ar crea presiuni severe asupra acestei politici de izolare \u0219i asupra lui Merz, personal, ca v\u00e2rf de lance.<\/p>\n<p class=\"wp-block-paragraph\"><em><a href=\"https:\/\/www.dw.com\/en\/germany-news-most-voters-expect-merz-to-leave-office-early\/live-78467416\" target=\"_blank\" rel=\"noopener external noreferrer\" data-type=\"link\" data-id=\"https:\/\/www.dw.com\/en\/germany-news-most-voters-expect-merz-to-leave-office-early\/live-78467416\" data-wpel-link=\"external\">Deutsche Welle<\/a><\/em>\u00a0raporta c\u0103 54% dintre germani cred c\u0103 Merz nu \u00ee\u0219i va putea duce p\u00e2n\u0103 la cap\u0103t mandatul (care expir\u0103 \u00een 2029). Iar AfD nu doar c\u0103 nu ar aproba nicic\u00e2nd bugetul dorit de UE, dar urm\u0103re\u0219te s\u0103 retrag\u0103 Germania din Zona Euro \u0219i din Schengen.<\/p>\n<p class=\"wp-block-paragraph\"><em><strong>surs\u0103: <a href=\"https:\/\/www.measponte.ro\/fracturi-bugetare\/\">measponte.ro<\/a><\/strong><\/em><\/p>\n<\/div>\n<\/div>\n<p>[analyse_source url=&#8221;https:\/\/solidnews.ro\/cum-decurg-discutiile-referitoare-la-cel-mai-mare-buget-ue-din-istorie\/&#8221;]<\/p>\n","protected":false},"excerpt":{"rendered":"<p>[analyse_image type=&#8221;featured&#8221; src=&#8221;https:\/\/solidnews.ro\/wp-content\/uploads\/2026\/08\/dreamstime_m_189585264.jpg&#8221;] Politico\u00a0raporteaz\u0103 ultimele evolu\u021bii pe frontul noului buget UE (2028-2034). Actuala rund\u0103 opune eforturile cancelarului Germaniei, Friedrich Merz, celor ale pre\u0219edintelui Consiliului European, Antonio Costa. Pe de o parte, Merz a organizat, la Berlin, o \u00eentrunire cu liderii \u021b\u0103rilor care nu accept\u0103 un buget UE de 2 trilioane de euro, c\u00e2t arat\u0103 propunerea [&hellip;]<\/p>\n","protected":false},"author":1,"featured_media":0,"comment_status":"open","ping_status":"","sticky":false,"template":"","format":"standard","meta":{"footnotes":""},"categories":[89],"tags":[226,97],"class_list":["post-2114549","post","type-post","status-publish","format-standard","hentry","category-romania","tag-crawlmanager","tag-solidnews-ro"],"_links":{"self":[{"href":"https:\/\/analyse.optim.biz\/index.php?rest_route=\/wp\/v2\/posts\/2114549","targetHints":{"allow":["GET"]}}],"collection":[{"href":"https:\/\/analyse.optim.biz\/index.php?rest_route=\/wp\/v2\/posts"}],"about":[{"href":"https:\/\/analyse.optim.biz\/index.php?rest_route=\/wp\/v2\/types\/post"}],"author":[{"embeddable":true,"href":"https:\/\/analyse.optim.biz\/index.php?rest_route=\/wp\/v2\/users\/1"}],"replies":[{"embeddable":true,"href":"https:\/\/analyse.optim.biz\/index.php?rest_route=%2Fwp%2Fv2%2Fcomments&post=2114549"}],"version-history":[{"count":0,"href":"https:\/\/analyse.optim.biz\/index.php?rest_route=\/wp\/v2\/posts\/2114549\/revisions"}],"wp:attachment":[{"href":"https:\/\/analyse.optim.biz\/index.php?rest_route=%2Fwp%2Fv2%2Fmedia&parent=2114549"}],"wp:term":[{"taxonomy":"category","embeddable":true,"href":"https:\/\/analyse.optim.biz\/index.php?rest_route=%2Fwp%2Fv2%2Fcategories&post=2114549"},{"taxonomy":"post_tag","embeddable":true,"href":"https:\/\/analyse.optim.biz\/index.php?rest_route=%2Fwp%2Fv2%2Ftags&post=2114549"}],"curies":[{"name":"wp","href":"https:\/\/api.w.org\/{rel}","templated":true}]}}