{"id":2114534,"date":"2026-08-27T07:35:38","date_gmt":"2026-08-27T04:35:38","guid":{"rendered":"https:\/\/analyse.optim.biz\/?p=2114534"},"modified":"2026-08-27T07:35:38","modified_gmt":"2026-08-27T04:35:38","slug":"profesori-pana-la-70-de-ani-la-catedra-inainte-ca-absolventii-sa-poata-ocupa-posturile-la-titularizare-seful-isj-bistrita-nasaud-avem-invatatoare-de-aproape-70-de-ani-si-100-de-absolvente-fara-post","status":"publish","type":"post","link":"https:\/\/analyse.optim.biz\/?p=2114534","title":{"rendered":"Profesori p\u00e2n\u0103 la 70 de ani la catedr\u0103, \u00eenainte ca absolven\u021bii s\u0103 poat\u0103 ocupa posturile la Titularizare. \u0218eful ISJ Bistri\u021ba-N\u0103s\u0103ud: Avem \u00eenv\u0103\u021b\u0103toare de aproape 70 de ani \u0219i 100 de absolvente f\u0103r\u0103 post. Aceast\u0103 etap\u0103 ar trebui s\u0103 se desf\u0103\u0219oare la sf\u00e2r\u0219it"},"content":{"rendered":"<p>[analyse_image type=&#8221;featured&#8221; src=&#8221;https:\/\/60m.ro\/wp-content\/uploads\/2026\/08\/Vsile-Steopoaie-1180&#215;885-1.jpeg&#8221;]<\/p>\n<div class=\"articleBody\" data-key=\"articleBody\">\nAproximativ 190 de posturi didactice, complete sau formate din frac\u021biuni de norm\u0103, erau \u00eenc\u0103 neocupate \u00een jude\u021bul Bistri\u021ba-N\u0103s\u0103ud, cu circa o lun\u0103 \u00eenainte de \u00eenceperea cursurilor, potrivit datelor prezentate de inspectorul \u0219colar general Vasile \u0218teopoaie \u00een cadrul\u00a0Consiliului Prefectural organizat de Institu\u021bia Prefectului. \u00cen acela\u0219i timp, la unele specializ\u0103ri exist\u0103 mult mai mul\u021bi candida\u021bi dec\u00e2t posturi disponibile, iar o parte dintre posturile care ar putea deveni vacante sunt ocupate \u00een continuare de profesori c\u0103rora legisla\u021bia le permite men\u021binerea ca titulari peste v\u00e2rsta standard de pensionare, p\u00e2n\u0103 la 70 de ani.<\/p>\n<p>Inspectorul \u0219colar general a dat exemplul unei \u00eenv\u0103\u021b\u0103toare care va \u00eemplini 70 de ani \u00een anul \u0219colar urm\u0103tor \u0219i care este \u00een continuare titular\u0103, \u00een condi\u021biile \u00een care aproximativ 100 de absolvente de \u00eenv\u0103\u021b\u0103m\u00e2nt primar \u0219i pre\u0219colar nu au \u00eenc\u0103 un post.<\/p>\n<p>\u201eAvem o \u00eenv\u0103\u021b\u0103toare care, \u00een anul \u0219colar viitor, va \u00eemplini v\u00e2rsta de 70 de ani \u0219i este \u00eenc\u0103 titular\u0103 la catedr\u0103. \u0218i avem 100 de absolvente de \u00eenv\u0103\u021b\u0103m\u00e2nt primar \u0219i pre\u0219colar care nu au \u00eenc\u0103 post. Dar nu am avut ce face, legisla\u021bia spune foarte clar ordinea ocup\u0103rii posturilor. De ani de zile este aceea\u0219i precizare: \u00eent\u00e2i prelungim celor care au v\u00e2rsta de pensionare, \u0219i apoi ne trezim c\u0103 avem tineri care nu au post\u201d, a declarat inspectorul.<\/p>\n<p>Posibilitatea men\u021binerii profesorilor titulari \u00een activitate peste v\u00e2rsta standard de pensionare este prev\u0103zut\u0103 de Legea \u00eenv\u0103\u021b\u0103m\u00e2ntului preuniversitar nr. 198\/2023, iar locul acestei proceduri \u00een succesiunea etapelor de mobilitate este stabilit anual prin Metodologia-cadru aprobat\u0103 de Ministerul Educa\u021biei \u0219i Cercet\u0103rii.<\/p>\n<p>190 de posturi \u00eenc\u0103 neocupate<\/p>\n<p>Potrivit bilan\u021bului prezentat de inspectorul \u0219colar general, aproximativ 190 de posturi erau \u00eenc\u0103 neocupate \u00een jude\u021b. Nu este vorba \u00een toate cazurile despre catedre complete. Lista include \u0219i frac\u021biuni de norm\u0103 de 2, 4, 6 sau 10 ore.<\/p>\n<p>Peste jum\u0103tate dintre acestea sunt \u00een mediul rural, \u00eens\u0103 exist\u0103 posturi neocupate \u0219i \u00een mediul urban. Inspectorul a indicat inclusiv existen\u021ba unui post de Matematic\u0103 r\u0103mas neocupat la Liceul \u201e\u0218tefan cel Mare\u201d din Bistri\u021ba.<\/p>\n<p>Procesul de ocupare nu s-a \u00eencheiat. Urmeaz\u0103 etapele \u00een care pot fi atribuite ore \u00een regim de plat\u0103 cu ora, procedurile pentru ocuparea posturilor r\u0103mase vacante \u0219i \u0219edin\u021bele de repartizare de la sf\u00e2r\u0219itul lunii august \u0219i \u00eenceputul lunii septembrie.<\/p>\n<p>Fizica, \u201epe primul loc de departe\u201d la deficit<\/p>\n<p>Cele mai mari dificult\u0103\u021bi pentru g\u0103sirea profesorilor apar la Fizic\u0103, Chimie \u0219i Informatic\u0103, potrivit inspectorului \u0219colar general.<\/p>\n<p>\u201eFizica e pe primul loc de departe. Dac\u0103 \u0219ti\u021bi absolven\u021bi de fizic\u0103 invita\u021bi-i \u00een \u00eenv\u0103\u021b\u0103m\u00e2nt, nu garantez c\u0103 sunt cele mai bune condi\u021bii. Fizic\u0103, Chimie, Informatic\u0103, cam aici avem cel mai mare deficit. Matematica e la limit\u0103, cred c\u0103 au r\u0103mas foarte pu\u021bine posturi ieri\u201d, a declarat acesta.<\/p>\n<p>La polul opus sunt \u00eenv\u0103\u021b\u0103m\u00e2ntul primar, educa\u021bia timpurie \u0219i educa\u021bia fizic\u0103, unde num\u0103rul candida\u021bilor este mult mai mare \u00een raport cu posturile disponibile. Tocmai aici devine vizibil\u0103 tensiunea dintre men\u021binerea unor cadre didactice cu experien\u021b\u0103 peste v\u00e2rsta standard de pensionare \u0219i accesul candida\u021bilor care caut\u0103 un post.<\/p>\n<p>De ce poate r\u0103m\u00e2ne un profesor titular p\u00e2n\u0103 la 70 de ani<\/p>\n<p>Legea nr. 198\/2023 \u0219i Metodologia de mobilitate reglementeaz\u0103 separat continuarea activit\u0103\u021bii p\u00e2n\u0103 la 65 de ani, men\u021binerea \u00een activitate ca titular peste v\u00e2rsta standard de pensionare \u0219i re\u00eencadrarea unor persoane care au dob\u00e2ndit deja statutul de pensionar.<\/p>\n<p>Pentru situa\u021bia descris\u0103 de inspectorul din Bistri\u021ba-N\u0103s\u0103ud este relevant mecanismul men\u021binerii \u00een activitate ca titular peste v\u00e2rsta de pensionare.<\/p>\n<p>Art. 229 alin. (11) din Legea \u00eenv\u0103\u021b\u0103m\u00e2ntului preuniversitar nr. 198\/2023 permite personalului didactic de predare titular s\u0103 fie men\u021binut anual \u00een activitate, la cerere, \u00een func\u021bia didactic\u0103, peste v\u00e2rsta de pensionare, f\u0103r\u0103 a dep\u0103\u0219i v\u00e2rsta de 70 de ani, \u00een condi\u021biile stabilite prin metodologia privind mobilitatea personalului didactic.<\/p>\n<p>Pentru anul \u0219colar 2026-2027, procedura este detaliat\u0103 \u00een art. 50 din\u00a0Metodologia-cadru aprobat\u0103 prin Ordinul ministrului educa\u021biei nr. 6.695\/2025.<\/p>\n<p>Men\u021binerea nu este automat\u0103. Cadrul didactic trebuie s\u0103 solicite continuarea activit\u0103\u021bii, iar postul pe care este titular trebuie s\u0103 \u00eendeplineasc\u0103 cerin\u021bele prev\u0103zute de metodologie. \u00centre altele, catedra trebuie s\u0103 fie complet\u0103 \u0219i s\u0103 aib\u0103 o viabilitate de cel pu\u021bin un an \u0219colar, iar la nivelul unit\u0103\u021bii de \u00eenv\u0103\u021b\u0103m\u00e2nt nu trebuie s\u0103 existe o restr\u00e2ngere de activitate care s\u0103 \u00eempiedice aprobarea men\u021binerii.<\/p>\n<p>De asemenea, trebuie verificat\u0103 situa\u021bia celorlalte cadre didactice care ar putea avea nevoie de ore pentru constituirea sau completarea normei.<\/p>\n<p>Cererile trec prin consiliile de administra\u021bie ale \u0219colilor, iar procedura continu\u0103 la nivelul inspectoratului \u0219colar, inclusiv prin comisia paritar\u0103 \u0219i consiliul de administra\u021bie al ISJ.<\/p>\n<p>Inspectorul din Bistri\u021ba-N\u0103s\u0103ud a descris acest mecanism astfel: \u201e\u00cen etapele de mobilitate \u00eent\u00e2i este prelungirea celor care \u00eendeplinesc v\u00e2rsta de pensionare, s\u0103 r\u0103m\u00e2n\u0103 \u00een activitate ca titular, cu condi\u021bia ca pe acea disciplin\u0103 s\u0103 nu avem restr\u00e2ngeri de activitate nesolu\u021bionate. Au fost cadre didactice c\u0103rora li s-a aprobat aceast\u0103 prelungire \u00een comisia paritar\u0103 a ISJ-ului, validat\u0103 apoi de consiliul de administra\u021bie al ISJ-ului.\u201d<\/p>\n<p>De ce profesorii respectivi \u00ee\u0219i p\u0103streaz\u0103 posturile \u00eenainte de Titularizare<\/p>\n<p>Metodologia-cadru stabile\u0219te la art. 4 alin. (1) succesiunea etapelor de mobilitate pentru anul \u0219colar 2026-2027. Printre acestea se afl\u0103 \u0219i stabilirea personalului didactic care \u00eendepline\u0219te condi\u021biile pentru men\u021binerea \u00een activitate ca titular peste v\u00e2rsta de pensionare, \u00een baza art. 229 alin. (11) din Legea nr. 198\/2023.<\/p>\n<p>Aceast\u0103 procedur\u0103 se desf\u0103\u0219oar\u0103 \u00eenaintea concursului na\u021bional \u0219i a repartiz\u0103rii candida\u021bilor pe posturile publicate pentru angajare pe perioad\u0103 nedeterminat\u0103.<\/p>\n<p>Calendarul din anexa nr. 19 face diferen\u021ba \u0219i mai vizibil\u0103. Procedurile pentru men\u021binerea ca titular peste v\u00e2rsta de pensionare se desf\u0103\u0219oar\u0103 \u00een luna martie. Cererile sunt analizate, sunt luate hot\u0103r\u00e2rile necesare \u0219i sunt emise deciziile \u00eenainte de concursul na\u021bional de ocupare a posturilor.<\/p>\n<p>Proba scris\u0103 a concursului na\u021bional de Titularizare are loc de regula la jum\u0103tatea lunii iulie, pentru anul acesta data a fost pe 21 iulie 2026, iar repartiz\u0103rile candida\u021bilor care \u00eendeplinesc condi\u021biile pentru ocuparea posturilor se desf\u0103\u0219oar\u0103 ulterior.<\/p>\n<p>\u00cen consecin\u021b\u0103, atunci c\u00e2nd un profesor prime\u0219te aprobarea pentru men\u021binerea \u00een activitate ca titular, postul respectiv nu devine vacant pentru concursul na\u021bional din vara aceluia\u0219i an.<\/p>\n<p>Asta nu \u00eenseamn\u0103 c\u0103 profesorul pensionabil \u0219i un absolvent particip\u0103 la acela\u0219i concurs sau concureaz\u0103 direct pentru acela\u0219i post. Cele dou\u0103 categorii se afl\u0103 \u00een etape diferite. Efectul practic este \u00eens\u0103 cel semnalat de inspector: un post pe care titularului i se aprob\u0103 \u00een martie men\u021binerea \u00een activitate nu mai r\u0103m\u00e2ne disponibil pentru repartizarea candida\u021bilor la concursul na\u021bional din var\u0103, chiar dac\u0103 el a putut figura \u00een lista ini\u021bial\u0103 a posturilor publicat\u0103 anterior solu\u021bion\u0103rii acestor cereri.<\/p>\n<p>Protec\u021bia profesorilor afla\u021bi \u00een restr\u00e2ngere, nu a viitorilor candida\u021bi la Titularizare<\/p>\n<p>Metodologia introduce o condi\u021bie important\u0103 \u00eenaintea aprob\u0103rii men\u021binerilor \u00een activitate.<\/p>\n<p>Comisia paritar\u0103 trebuie s\u0103 \u021bin\u0103 seama de situa\u021bia restr\u00e2ngerilor de activitate \u0219i s\u0103 verifice dac\u0103 aprobarea cererilor nu \u00eempiedic\u0103 solu\u021bionarea cadrelor didactice titulare afectate de reducerea num\u0103rului de ore sau dispari\u021bia catedrelor.<\/p>\n<p>Acesta este un mecanism de protec\u021bie pentru profesorii care sunt deja titulari \u0219i risc\u0103 s\u0103 r\u0103m\u00e2n\u0103 f\u0103r\u0103 catedr\u0103.<\/p>\n<p>Metodologia nu stabile\u0219te \u00eens\u0103, \u00een aceast\u0103 procedur\u0103, o protec\u021bie similar\u0103 pentru candida\u021bii care urmeaz\u0103 s\u0103 participe la concursul na\u021bional. Cu alte cuvinte, \u00eenainte de aprobarea men\u021binerii unui titular p\u00e2n\u0103 la 70 de ani, inspectoratul trebuie s\u0103 verifice situa\u021bia profesorilor titulari afla\u021bi \u00een restr\u00e2ngere, dar nu trebuie s\u0103 p\u0103streze postul vacant pentru un absolvent sau pentru un alt candidat care ar putea ob\u021bine ulterior o not\u0103 mare la Titularizare<\/p>\n<p>Ce s-a schimbat \u00een 2026 pentru profesorii care vor s\u0103 r\u0103m\u00e2n\u0103 titulari p\u00e2n\u0103 la 70 de ani<\/p>\n<p>Pentru anul \u0219colar 2026-2027,\u00a0Ministerul Educa\u021biei a schimbat u\u0219or ordinea din calendar pentru profesorii care \u00eendeplinesc condi\u021biile de pensionare, dar solicit\u0103 s\u0103 fie men\u021binu\u021bi \u00een activitate ca titulari p\u00e2n\u0103 la 70 de ani. Ace\u0219tia nu mai au prioritatea pe care o aveau \u00een calendarul anterior, c\u00e2nd cererile erau solu\u021bionate \u00eenainte de publicarea posturilor vacante.<\/p>\n<p>\u00cen 2026, lista ini\u021bial\u0103 a posturilor vacante \u0219i rezervate a fost publicat\u0103 pe 25 februarie, iar profesorii care au solicitat men\u021binerea \u00een activitate peste v\u00e2rsta de pensionare au depus cererile abia pe 17 \u0219i 18 martie. Aprob\u0103rile la nivelul \u0219colilor au urmat pe 19 martie, procedurile de la nivelul inspectoratelor s-au desf\u0103\u0219urat \u00een zilele urm\u0103toare, iar deciziile de men\u021binere \u00een activitate au fost emise \u00een perioada 25-27 martie.<\/p>\n<p>Asta \u00eenseamn\u0103 c\u0103 unele posturi au putut ap\u0103rea ini\u021bial \u00een lista public\u0103 a mobilit\u0103\u021bii, pentru ca ulterior s\u0103 nu mai fie disponibile dup\u0103 aprobarea men\u021binerii titularului \u00een activitate. Schimbarea calendarului nu \u00eenseamn\u0103 \u00eens\u0103 c\u0103 absolven\u021bii sau ceilal\u021bi candida\u021bi la Titularizare au prioritate fa\u021b\u0103 de profesorii care solicit\u0103 men\u021binerea p\u00e2n\u0103 la 70 de ani. Deciziile privind ace\u0219tia din urm\u0103 sunt luate \u00een martie, \u00een timp ce proba scris\u0103 a concursului na\u021bional de Titularizare are loc pe 21 iulie, iar repartizarea candida\u021bilor are loc ulterior.<\/p>\n<p>Mai mult, men\u021binerea p\u00e2n\u0103 la 70 de ani nu este automat\u0103. Potrivit art. 50 din Metodologia-cadru pentru anul \u0219colar 2026-2027, cererile sunt analizate la nivelul \u0219colilor, fiind avute \u00een vedere inclusiv \u201eevolu\u021bia demografic\u0103\u201d, \u201edinamica resurselor umane\u201d \u0219i \u201epoliticile de personal\u201d. Sunt prev\u0103zute \u0219i condi\u021bii cumulative pentru aprobarea men\u021binerii \u00een activitate, iar situa\u021bia este ulterior verificat\u0103 \u0219i la nivelul inspectoratului \u0219colar.<\/p>\n<p>Inspectorul propune inversarea ordinii<\/p>\n<p>Inspectorul \u0219colar general al ISJ Bistri\u021ba-N\u0103s\u0103ud, Vasile \u0218teopoaie, spune c\u0103 etapa ar trebui mutat\u0103 mai t\u00e2rziu \u00een calendar. \u201eSunt de aceea\u0219i p\u0103rere, aceast\u0103 etap\u0103 de mobilitate ar trebui s\u0103 se desf\u0103\u0219oare la sf\u00e2r\u0219it\u201d, a declarat acesta.<\/p>\n<p>\u00cen Bucure\u0219ti, de exemplu, datele analizate de Edupedu.ro anul trecut indicau o cre\u0219tere a num\u0103rului cadrelor didactice c\u0103rora le fusese aprobat\u0103 men\u021binerea \u00een activitate peste v\u00e2rsta de pensionare. Cifrele sunt istorice \u0219i nu descriu situa\u021bia actual\u0103 la nivel na\u021bional, dar arat\u0103 c\u0103 mecanismul semnalat acum de inspectorul \u0219colar general din Bistri\u021ba-N\u0103s\u0103ud nu este unul izolat \u0219i func\u021bioneaz\u0103 de mai mul\u021bi ani<\/p>\n<\/div>\n<p>[analyse_source url=&#8221;https:\/\/60m.ro\/profesori-pana-la-70-de-ani-la-catedra-inainte-ca-absolventii-sa-poata-ocupa-posturile-la-titularizare-seful-isj-bistrita-nasaud-avem-invatatoare-de-aproape-70-de-ani-si-100-de-absolvente-fara-post\/&#8221;]<\/p>\n","protected":false},"excerpt":{"rendered":"<p>[analyse_image type=&#8221;featured&#8221; src=&#8221;https:\/\/60m.ro\/wp-content\/uploads\/2026\/08\/Vsile-Steopoaie-1180&#215;885-1.jpeg&#8221;] Aproximativ 190 de posturi didactice, complete sau formate din frac\u021biuni de norm\u0103, erau \u00eenc\u0103 neocupate \u00een jude\u021bul Bistri\u021ba-N\u0103s\u0103ud, cu circa o lun\u0103 \u00eenainte de \u00eenceperea cursurilor, potrivit datelor prezentate de inspectorul \u0219colar general Vasile \u0218teopoaie \u00een cadrul\u00a0Consiliului Prefectural organizat de Institu\u021bia Prefectului. \u00cen acela\u0219i timp, la unele specializ\u0103ri exist\u0103 mult mai mul\u021bi [&hellip;]<\/p>\n","protected":false},"author":1,"featured_media":0,"comment_status":"open","ping_status":"","sticky":false,"template":"","format":"standard","meta":{"footnotes":""},"categories":[89],"tags":[100,226],"class_list":["post-2114534","post","type-post","status-publish","format-standard","hentry","category-romania","tag-60m-ro","tag-crawlmanager"],"_links":{"self":[{"href":"https:\/\/analyse.optim.biz\/index.php?rest_route=\/wp\/v2\/posts\/2114534","targetHints":{"allow":["GET"]}}],"collection":[{"href":"https:\/\/analyse.optim.biz\/index.php?rest_route=\/wp\/v2\/posts"}],"about":[{"href":"https:\/\/analyse.optim.biz\/index.php?rest_route=\/wp\/v2\/types\/post"}],"author":[{"embeddable":true,"href":"https:\/\/analyse.optim.biz\/index.php?rest_route=\/wp\/v2\/users\/1"}],"replies":[{"embeddable":true,"href":"https:\/\/analyse.optim.biz\/index.php?rest_route=%2Fwp%2Fv2%2Fcomments&post=2114534"}],"version-history":[{"count":0,"href":"https:\/\/analyse.optim.biz\/index.php?rest_route=\/wp\/v2\/posts\/2114534\/revisions"}],"wp:attachment":[{"href":"https:\/\/analyse.optim.biz\/index.php?rest_route=%2Fwp%2Fv2%2Fmedia&parent=2114534"}],"wp:term":[{"taxonomy":"category","embeddable":true,"href":"https:\/\/analyse.optim.biz\/index.php?rest_route=%2Fwp%2Fv2%2Fcategories&post=2114534"},{"taxonomy":"post_tag","embeddable":true,"href":"https:\/\/analyse.optim.biz\/index.php?rest_route=%2Fwp%2Fv2%2Ftags&post=2114534"}],"curies":[{"name":"wp","href":"https:\/\/api.w.org\/{rel}","templated":true}]}}