{"id":2114346,"date":"2026-08-26T21:00:00","date_gmt":"2026-08-26T18:00:00","guid":{"rendered":"https:\/\/analyse.optim.biz\/?p=2114346"},"modified":"2026-08-26T21:00:00","modified_gmt":"2026-08-26T18:00:00","slug":"patru-fantani-arteziene-in-piata-unirii-din-focsani-inclusiv-una-in-jurul-obeliscului-spatiul-verde-aproape-va-fi-dublat","status":"publish","type":"post","link":"https:\/\/analyse.optim.biz\/?p=2114346","title":{"rendered":"Patru f\u00e2nt\u00e2ni arteziene \u00een Pia\u021ba Unirii din Foc\u0219ani, inclusiv una \u00een jurul obeliscului; spa\u021biul verde aproape va fi dublat\u00a0"},"content":{"rendered":"<p>[analyse_image type=&#8221;featured&#8221; src=&#8221;https:\/\/www.monitoruldevrancea.ro\/wp-content\/uploads\/2026\/08\/piata-unirii-1.jpg&#8221;]<\/p>\n<div class=\"td_block_wrap tdb_single_content tdi_123 td-pb-border-top td_block_template_1 td-post-content tagdiv-type\" data-td-block-uid=\"tdi_123\">\n<div class=\"tdb-block-inner td-fix-index\">\n<p>Consilierii locali foc\u0219\u0103neni vor discuta, ast\u0103zi, pe marginea noului proiect privind modernizarea Pie\u021bei Unirii din municipiul re\u0219edin\u021b\u0103 de jude\u021b. Pe ordinea de zi a \u0219edin\u021bei CL Foc\u0219ani se afl\u0103 un proiect de hot\u0103r\u00e2re privind investi\u021bia \u201eReabilitarea urban\u0103 a zonei centrale a municipiului Foc\u0219ani\u201d, momentan vizavi de aprobarea documenta\u021biiilor necesare, aici fiind date c\u00e2teva detalii cheie legate de planurile din Pia\u021ba Unirii.\u00a0<\/p>\n<p>\u00cen descrierea sumar\u0103 a investi\u021biei se explic\u0103 faptul c\u0103 proiectul de regenerare urban\u0103 are drept scop reabilitarea \u0219i modernizarea integral\u0103 a zonei centrale, fiind avut\u0103 \u00een vedere o suprafa\u021b\u0103 total\u0103 de peste 34 de mii de metri p\u0103tra\u021bi. Din ace\u0219tia, 14.684,47 mp o reprezint\u0103 infrastructura pietonal\u0103, care va fi modificat\u0103 complet, \u00een vreme ce spa\u021biile verzi urmeaz\u0103 a fi la r\u00e2ndul lor reabilitate \u0219i extinse, de la 2.974,64 mp la 4.604,46 mp.<\/p>\n<p>Totodat\u0103, se doresc a fi amenajate patru f\u00e2nt\u00e2ni arteziene: una liniar\u0103 (cascade\/ lame de ap\u0103), una multifunc\u021bional\u0103\/ patinoar, o f\u00e2nt\u00e2n\u0103 \u00eenalt\u0103 cu duze \u0219i una circular\u0103, \u00een jurul obeliscului \u2013 Monument al Unirii, cu jeturi individuale \u00een pavaj.<\/p>\n<p>Lucr\u0103rile includ amenajarea unui loc de joac\u0103 pentru copiii cu v\u00e2rste cuprinse \u00eentre 3 \u0219i 12 ani, combinat cu loc de fitness: pe o suprafa\u021b\u0103 de aproape 1.100 mp vor fi montate 6 tipuri de echipamente de joac\u0103 \u0219i 4 tipuri de echipamente fitness.\u00a0<\/p>\n<p>Conform planurilor, mobilierul urban urmeaz\u0103 a fi \u00eenlocuit integral, \u00een zon\u0103 urm\u00e2nd a fi montate 63 de b\u0103nci de mai multe tipuri, 60 de co\u0219uri de gunoi pentru colectare selectiv\u0103 \u00een 3 frac\u021bii, 3 mese de \u0219ah cu scaune integrate, 12 rasteluri pentru biciclete, 36 de gr\u0103tare pentru protec\u021bia arborilor, 137 de bolarzi de delimitare \u0219i 2 panouri informative.\u00a0<\/p>\n<p>La toate acestea se adaug\u0103 un sistem de iriga\u021bii automatizat, un sistem de iluminat LED cu 125 de puncte luminoase \u2013 care include proiectoare pentru Monumentul Unirii \u0219i Borna de Hotar, dar \u0219i montarea a 17 camere de supraveghere care vor fi integrate cu centrul de comand\u0103 existent \u00een Foc\u0219ani, astfel \u00eenc\u00e2t monitorizarea s\u0103 poat\u0103 fi asigurat\u0103 \u00een timp real.<\/p>\n<p>\u201e<strong><em>Se desfiin\u021beaz\u0103 integral construc\u021biile degradate (\u2026) \u2013 foi\u0219oare din lemn, chio\u0219curi \u0219i structuri u\u0219oare din metal, f\u00e2nt\u00e2nile C25 \u0219i C28 (\u2026). Construc\u021bia de tip hrub\u0103 (corpul C23), cu un sistem structural din zid\u0103rie \u0219i plan\u0219eu din bol\u021bi de zid\u0103rie, nu se mai desfin\u021beaz\u0103, ci se conserv\u0103 \u0219i se pune \u00een valoare prin desfiin\u021barea par\u021bial\u0103 a plan\u0219eului numai \u00een zonele degradate \u0219i acoperirea zonei descoperite cu sticl\u0103 securizat\u0103<\/em><\/strong>\u201d, se arat\u0103 \u00een documenta\u021bia proiectului propus de primarul <strong><em>Cristi Valentin Mis\u0103il\u0103<\/em><\/strong>.<\/p>\n<p>\u0218i, tot aici se explic\u0103 faptul c\u0103 proiectul a ajuns \u00een fa\u021ba consilierilor foc\u0219\u0103neni pentru vot \u00eentruc\u00e2t trebuie preg\u0103tite toate documentele necesare pentru depunerea cererii de finan\u021bare prin Programul Regional Sud-Est 2021-2027, \u00een condi\u021biile \u00een care valoarea total\u0103 estimat\u0103 a investi\u021biei este de peste 59 de milioane de lei, cu TVA.<\/p>\n<p>\u201e<strong><em>Obiectivul general al proiectului \u00eel reprezint\u0103 regenerarea urban\u0103 \u0219i revitalizarea integral\u0103 a zonei centrale a municipiului Foc\u0219ani (Pia\u021ba Unirii \u0219i zonele adiacente), \u00een scopul transform\u0103rii acesteia \u00eentr-un spa\u021biu public modern, sustenabil, accesibil \u0219i atractiv, care s\u0103 r\u0103spund\u0103 nevoilor diverse ale comunit\u0103\u021bii \u0219i s\u0103 valorifice poten\u021bialul istoric \u0219i simbolic de excep\u021bie al acestui areal.<\/em><\/strong><\/p>\n<p><strong><em>Prin realizarea proiectului se urm\u0103re\u0219te cre\u0219terea calit\u0103\u021bii vie\u021bii locuitorilor prin \u00eembun\u0103t\u0103\u021birea mediului urban, extinderea zonelor pietonale \u0219i recreative, precum \u0219i integrarea unor solu\u021bii tehnologice inteligente care s\u0103 reconfirme statutul zonei centrale ca nucleu social \u0219i cultural al municipiului<\/em><\/strong>\u201d, se mai arat\u0103 \u00een documenta\u021bie.<\/p>\n<p>Foto: Facebook \/ Cristi Valentin Mis\u0103il\u0103<\/p>\n<\/div>\n<\/div>\n<p>[analyse_source url=&#8221;https:\/\/www.monitoruldevrancea.ro\/2026\/08\/27\/patru-fantani-arteziene-in-piata-unirii-din-focsani-inclusiv-una-in-jurul-obeliscului-spatiul-verde-aproape-va-fi-dublat\/&#8221;]<\/p>\n","protected":false},"excerpt":{"rendered":"<p>[analyse_image type=&#8221;featured&#8221; src=&#8221;https:\/\/www.monitoruldevrancea.ro\/wp-content\/uploads\/2026\/08\/piata-unirii-1.jpg&#8221;] Consilierii locali foc\u0219\u0103neni vor discuta, ast\u0103zi, pe marginea noului proiect privind modernizarea Pie\u021bei Unirii din municipiul re\u0219edin\u021b\u0103 de jude\u021b. Pe ordinea de zi a \u0219edin\u021bei CL Foc\u0219ani se afl\u0103 un proiect de hot\u0103r\u00e2re privind investi\u021bia \u201eReabilitarea urban\u0103 a zonei centrale a municipiului Foc\u0219ani\u201d, momentan vizavi de aprobarea documenta\u021biiilor necesare, aici fiind date [&hellip;]<\/p>\n","protected":false},"author":1,"featured_media":0,"comment_status":"open","ping_status":"","sticky":false,"template":"","format":"standard","meta":{"footnotes":""},"categories":[89],"tags":[226,209],"class_list":["post-2114346","post","type-post","status-publish","format-standard","hentry","category-romania","tag-crawlmanager","tag-monitoruldevrancea-ro"],"_links":{"self":[{"href":"https:\/\/analyse.optim.biz\/index.php?rest_route=\/wp\/v2\/posts\/2114346","targetHints":{"allow":["GET"]}}],"collection":[{"href":"https:\/\/analyse.optim.biz\/index.php?rest_route=\/wp\/v2\/posts"}],"about":[{"href":"https:\/\/analyse.optim.biz\/index.php?rest_route=\/wp\/v2\/types\/post"}],"author":[{"embeddable":true,"href":"https:\/\/analyse.optim.biz\/index.php?rest_route=\/wp\/v2\/users\/1"}],"replies":[{"embeddable":true,"href":"https:\/\/analyse.optim.biz\/index.php?rest_route=%2Fwp%2Fv2%2Fcomments&post=2114346"}],"version-history":[{"count":0,"href":"https:\/\/analyse.optim.biz\/index.php?rest_route=\/wp\/v2\/posts\/2114346\/revisions"}],"wp:attachment":[{"href":"https:\/\/analyse.optim.biz\/index.php?rest_route=%2Fwp%2Fv2%2Fmedia&parent=2114346"}],"wp:term":[{"taxonomy":"category","embeddable":true,"href":"https:\/\/analyse.optim.biz\/index.php?rest_route=%2Fwp%2Fv2%2Fcategories&post=2114346"},{"taxonomy":"post_tag","embeddable":true,"href":"https:\/\/analyse.optim.biz\/index.php?rest_route=%2Fwp%2Fv2%2Ftags&post=2114346"}],"curies":[{"name":"wp","href":"https:\/\/api.w.org\/{rel}","templated":true}]}}