{"id":2114343,"date":"2026-08-26T21:00:00","date_gmt":"2026-08-26T18:00:00","guid":{"rendered":"https:\/\/analyse.optim.biz\/?p=2114343"},"modified":"2026-08-26T21:00:00","modified_gmt":"2026-08-26T18:00:00","slug":"foto-primul-pas-pentru-un-acord-de-cooperare-intre-judetul-vrancea-si-regiunea-cernauti-din-ucraina","status":"publish","type":"post","link":"https:\/\/analyse.optim.biz\/?p=2114343","title":{"rendered":"FOTO! Primul pas pentru un acord de cooperare \u00eentre jude\u021bul Vrancea \u0219i regiunea Cern\u0103u\u021bi din Ucraina"},"content":{"rendered":"<p>[analyse_image type=&#8221;featured&#8221; src=&#8221;https:\/\/www.monitoruldevrancea.ro\/wp-content\/uploads\/2026\/08\/cj-cernauti.jpeg&#8221;]<\/p>\n<div class=\"td_block_wrap tdb_single_content tdi_123 td-pb-border-top td_block_template_1 td-post-content tagdiv-type\" data-td-block-uid=\"tdi_123\">\n<div class=\"tdb-block-inner td-fix-index\">\n<p>COMUNICAT DE PRES\u0102<br \/>Primul pas pentru un acord de cooperare \u00eentre jude\u021bul Vrancea \u0219i regiunea Cern\u0103u\u021bi din Ucraina<br \/>Pre\u0219edintele Consiliului Jude\u021bean Vrancea, Nicu\u0219or Halici, a avut miercuri o \u00eent\u00e2lnire cu domnul Ruslan Osipenko, guvernatorul regiunii Cern\u0103u\u021bi \u0219i cu doamna Irina Loredana St\u0103nculescu, consulul general al Rom\u00e2niei la Cern\u0103u\u021bi, \u00een cadrul demersurilor de consolidare a rela\u021biilor de cooperare regional\u0103 \u0219i de identificare a unor noi oportunit\u0103\u021bi de dezvoltare \u00een regiunea M\u0103rii Negre.<br \/>Discu\u021biile au vizat identificarea unor direc\u021bii concrete de colaborare \u0219i dezvoltarea unor parteneriate \u00een domenii de interes comun, precum dezvoltarea economic\u0103, atragerea investi\u021biilor, turismul \u0219i cultura, precum \u0219i schimbul de experien\u021b\u0103 \u00eentre administra\u021bii \u0219i promovarea unor proiecte cu impact direct asupra comunit\u0103\u021bilor de pe ambele maluri ale Prutului.<br \/><strong><em>\u201eVrancea are nevoie de parteneriate care s\u0103 genereze rezultate concrete pentru oameni \u0219i pentru economia local\u0103. Am prezentat partenerilor no\u0219tri din regiunea Cern\u0103u\u021bi oportunit\u0103\u021bile pe care le ofer\u0103 jude\u021bul nostru, pozi\u021bia geostrategic\u0103 avantajoas\u0103, poten\u021bialul economic \u0219i turistic \u0219i perspectivele pe care dezvoltarea infrastructurii le deschide pentru investi\u021bii \u0219i noi rela\u021bii comerciale.<br \/>Vrancea poate deveni o destina\u021bie atractiv\u0103 pentru investitorii interesa\u021bi de Rom\u00e2nia \u0219i, \u00een acela\u0219i timp, un partener pentru dezvoltarea unor proiecte economice regionale. Cred c\u0103 apropierea dintre regiunile noastre trebuie s\u0103 se transforme \u00een investi\u021bii, proiecte concrete, schimburi de experien\u021b\u0103 \u0219i oportunit\u0103\u021bi mai bune pentru oameni. Avem \u0219i o leg\u0103tur\u0103 uman\u0103 \u0219i cultural\u0103 important\u0103, prin numeroasa comunitate rom\u00e2neasc\u0103 din regiunea Cern\u0103u\u021bi. \u00cemi doresc ca aceast\u0103 colaborare s\u0103 fie una pragmatic\u0103, construit\u0103 pe termen lung \u0219i s\u0103 contribuie at\u00e2t la dezvoltarea jude\u021bului Vrancea, c\u00e2t \u0219i la apropierea comunit\u0103\u021bilor noastre\u201d<\/em><\/strong>, a declarat Nicu\u0219or Halici, pre\u0219edintele Consiliului Jude\u021bean Vrancea.<br \/>Unul dintre principalele rezultate ale \u00eent\u00e2lnirii \u00eel reprezint\u0103 conturarea perspectivei \u00eencheierii unui acord oficial de cooperare \u00eentre jude\u021bul Vrancea \u0219i regiunea Cern\u0103u\u021bi, care s\u0103 creeze cadrul institu\u021bional pentru ini\u021bierea \u0219i sus\u021binerea unor proiecte comune \u00een domeniul economic, turistic \u0219i cultural.<br \/>La r\u00e2ndul s\u0103u, domnul Ruslan Osipenko, guvernatorul regiunii Cern\u0103u\u021bi, \u0219i-a exprimat deschiderea pentru dezvoltarea unui parteneriat cu jude\u021bul Vrancea \u0219i a prezentat oportunit\u0103\u021bile de cooperare regional\u0103, \u00een special \u00een domeniul economic, precum \u0219i posibilitatea identific\u0103rii unor noi direc\u021bii de colaborare \u00eentre cele dou\u0103 administra\u021bii.<br \/>Viitorul acord ar putea facilita schimburile economice, promovarea reciproc\u0103 a oportunit\u0103\u021bilor de investi\u021bii, dezvoltarea rela\u021biilor dintre mediile de afaceri, promovarea turistic\u0103 \u0219i cultural\u0103, precum \u0219i schimbul de bune practici \u00eentre administra\u021biile celor dou\u0103 regiuni.<br \/>\u00cent\u00e2lnirea de miercuri reprezint\u0103 astfel primul pas c\u0103tre construirea unui parteneriat institu\u021bional \u00eentre Vrancea \u0219i Cern\u0103u\u021bi, cu perspectiva dezvolt\u0103rii unor proiecte comune \u0219i a unei cooper\u0103ri pe termen lung \u00een domenii strategice pentru dezvoltarea economic\u0103, social\u0103 \u0219i cultural\u0103 a celor dou\u0103 regiuni.<\/p>\n<p>Biroul de Pres\u0103 al Consiliului Jude\u021bean Vrancea<\/p>\n<figure class=\"wp-block-gallery has-nested-images columns-default is-cropped td-modal-on-gallery wp-block-gallery-1 is-layout-flex wp-block-gallery-is-layout-flex\">\n<figure class=\"wp-block-image size-full\"><img loading=\"lazy\" decoding=\"async\" width=\"1600\" height=\"1066\" data-id=\"728600\" src=\"https:\/\/www.monitoruldevrancea.ro\/wp-content\/uploads\/2026\/08\/WhatsApp-Image-2026-08-26-at-18.37.27-1.jpeg\" alt class=\"wp-image-728600\"><\/figure>\n<figure class=\"wp-block-image size-full\"><img loading=\"lazy\" decoding=\"async\" width=\"1600\" height=\"1066\" data-id=\"728601\" src=\"https:\/\/www.monitoruldevrancea.ro\/wp-content\/uploads\/2026\/08\/WhatsApp-Image-2026-08-26-at-18.37.27.jpeg\" alt class=\"wp-image-728601\"><\/figure>\n<figure class=\"wp-block-image size-full\"><img loading=\"lazy\" decoding=\"async\" width=\"1600\" height=\"1066\" data-id=\"728607\" src=\"https:\/\/www.monitoruldevrancea.ro\/wp-content\/uploads\/2026\/08\/WhatsApp-Image-2026-08-26-at-18.37.28-1.jpeg\" alt class=\"wp-image-728607\"><\/figure>\n<figure class=\"wp-block-image size-full\"><img decoding=\"async\" loading=\"lazy\" width=\"1600\" height=\"1066\" data-id=\"728602\" src=\"https:\/\/www.monitoruldevrancea.ro\/wp-content\/uploads\/2026\/08\/WhatsApp-Image-2026-08-26-at-18.37.28-2.jpeg\" alt class=\"wp-image-728602\"><\/figure>\n<figure class=\"wp-block-image size-full\"><img decoding=\"async\" loading=\"lazy\" width=\"1600\" height=\"1066\" data-id=\"728606\" src=\"https:\/\/www.monitoruldevrancea.ro\/wp-content\/uploads\/2026\/08\/WhatsApp-Image-2026-08-26-at-18.37.28.jpeg\" alt class=\"wp-image-728606\"><\/figure>\n<figure class=\"wp-block-image size-full\"><img decoding=\"async\" loading=\"lazy\" width=\"1600\" height=\"1066\" data-id=\"728608\" src=\"https:\/\/www.monitoruldevrancea.ro\/wp-content\/uploads\/2026\/08\/WhatsApp-Image-2026-08-26-at-18.37.29-1.jpeg\" alt class=\"wp-image-728608\"><\/figure>\n<figure class=\"wp-block-image size-full\"><img decoding=\"async\" loading=\"lazy\" width=\"1600\" height=\"1066\" data-id=\"728603\" src=\"https:\/\/www.monitoruldevrancea.ro\/wp-content\/uploads\/2026\/08\/WhatsApp-Image-2026-08-26-at-18.37.29-2.jpeg\" alt class=\"wp-image-728603\"><\/figure>\n<figure class=\"wp-block-image size-full\"><img decoding=\"async\" loading=\"lazy\" width=\"1600\" height=\"1066\" data-id=\"728605\" src=\"https:\/\/www.monitoruldevrancea.ro\/wp-content\/uploads\/2026\/08\/WhatsApp-Image-2026-08-26-at-18.37.29-3.jpeg\" alt class=\"wp-image-728605\"><\/figure>\n<figure class=\"wp-block-image size-full\"><img decoding=\"async\" loading=\"lazy\" width=\"1600\" height=\"1066\" data-id=\"728609\" src=\"https:\/\/www.monitoruldevrancea.ro\/wp-content\/uploads\/2026\/08\/WhatsApp-Image-2026-08-26-at-18.37.29-4.jpeg\" alt class=\"wp-image-728609\"><\/figure>\n<figure class=\"wp-block-image size-full\"><img decoding=\"async\" loading=\"lazy\" width=\"1600\" height=\"1066\" data-id=\"728610\" src=\"https:\/\/www.monitoruldevrancea.ro\/wp-content\/uploads\/2026\/08\/WhatsApp-Image-2026-08-26-at-18.37.29.jpeg\" alt class=\"wp-image-728610\"><\/figure>\n<figure class=\"wp-block-image size-full\"><img decoding=\"async\" loading=\"lazy\" width=\"1600\" height=\"1066\" data-id=\"728604\" src=\"https:\/\/www.monitoruldevrancea.ro\/wp-content\/uploads\/2026\/08\/WhatsApp-Image-2026-08-26-at-18.37.30.jpeg\" alt class=\"wp-image-728604\"><\/figure>\n<\/figure>\n<\/div>\n<\/div>\n<p>[analyse_source url=&#8221;https:\/\/www.monitoruldevrancea.ro\/2026\/08\/27\/foto-primul-pas-pentru-un-acord-de-cooperare-intre-judetul-vrancea-si-regiunea-cernauti-din-ucraina\/&#8221;]<\/p>\n","protected":false},"excerpt":{"rendered":"<p>[analyse_image type=&#8221;featured&#8221; src=&#8221;https:\/\/www.monitoruldevrancea.ro\/wp-content\/uploads\/2026\/08\/cj-cernauti.jpeg&#8221;] COMUNICAT DE PRES\u0102Primul pas pentru un acord de cooperare \u00eentre jude\u021bul Vrancea \u0219i regiunea Cern\u0103u\u021bi din UcrainaPre\u0219edintele Consiliului Jude\u021bean Vrancea, Nicu\u0219or Halici, a avut miercuri o \u00eent\u00e2lnire cu domnul Ruslan Osipenko, guvernatorul regiunii Cern\u0103u\u021bi \u0219i cu doamna Irina Loredana St\u0103nculescu, consulul general al Rom\u00e2niei la Cern\u0103u\u021bi, \u00een cadrul demersurilor de consolidare a [&hellip;]<\/p>\n","protected":false},"author":1,"featured_media":0,"comment_status":"open","ping_status":"","sticky":false,"template":"","format":"standard","meta":{"footnotes":""},"categories":[89],"tags":[226,209],"class_list":["post-2114343","post","type-post","status-publish","format-standard","hentry","category-romania","tag-crawlmanager","tag-monitoruldevrancea-ro"],"_links":{"self":[{"href":"https:\/\/analyse.optim.biz\/index.php?rest_route=\/wp\/v2\/posts\/2114343","targetHints":{"allow":["GET"]}}],"collection":[{"href":"https:\/\/analyse.optim.biz\/index.php?rest_route=\/wp\/v2\/posts"}],"about":[{"href":"https:\/\/analyse.optim.biz\/index.php?rest_route=\/wp\/v2\/types\/post"}],"author":[{"embeddable":true,"href":"https:\/\/analyse.optim.biz\/index.php?rest_route=\/wp\/v2\/users\/1"}],"replies":[{"embeddable":true,"href":"https:\/\/analyse.optim.biz\/index.php?rest_route=%2Fwp%2Fv2%2Fcomments&post=2114343"}],"version-history":[{"count":0,"href":"https:\/\/analyse.optim.biz\/index.php?rest_route=\/wp\/v2\/posts\/2114343\/revisions"}],"wp:attachment":[{"href":"https:\/\/analyse.optim.biz\/index.php?rest_route=%2Fwp%2Fv2%2Fmedia&parent=2114343"}],"wp:term":[{"taxonomy":"category","embeddable":true,"href":"https:\/\/analyse.optim.biz\/index.php?rest_route=%2Fwp%2Fv2%2Fcategories&post=2114343"},{"taxonomy":"post_tag","embeddable":true,"href":"https:\/\/analyse.optim.biz\/index.php?rest_route=%2Fwp%2Fv2%2Ftags&post=2114343"}],"curies":[{"name":"wp","href":"https:\/\/api.w.org\/{rel}","templated":true}]}}