{"id":2114342,"date":"2026-08-26T21:00:00","date_gmt":"2026-08-26T18:00:00","guid":{"rendered":"https:\/\/analyse.optim.biz\/?p=2114342"},"modified":"2026-08-26T21:00:00","modified_gmt":"2026-08-26T18:00:00","slug":"adolescent-din-marasesti-dat-disparut","status":"publish","type":"post","link":"https:\/\/analyse.optim.biz\/?p=2114342","title":{"rendered":"Adolescent din M\u0103r\u0103\u0219e\u0219ti, dat disp\u0103rut"},"content":{"rendered":"<p>[analyse_image type=&#8221;featured&#8221; src=&#8221;https:\/\/www.monitoruldevrancea.ro\/wp-content\/uploads\/2026\/08\/IMG-20260827-WA0000.jpg&#8221;]<\/p>\n<div class=\"td_block_wrap tdb_single_content tdi_123 td-pb-border-top td_block_template_1 td-post-content tagdiv-type\" data-td-block-uid=\"tdi_123\">\n<div class=\"tdb-block-inner td-fix-index\">\n<p><strong>Biroul de pres\u0103 al Inspectoratului de Poli\u021bie Jude\u021bean (IPJ) Vrancea:<\/strong><\/p>\n<p><em>L-A\u021aI V\u0102ZUT?<\/em><\/p>\n<p>La data de 27 august a.c., poli\u021bi\u0219tii din cadrul Inspectoratului de Poli\u021bie Jude\u021bean Vrancea au fost sesiza\u021bi cu privire la faptul c\u0103 minorul GRIGORA\u0218 COSMIN, \u00een v\u00e2rst\u0103 de 17 ani, din ora\u0219ul M\u0103r\u0103\u0219e\u0219ti, a plecat \u00een mod voluntar de la domiciliu \u0219i nu a mai revenit.<\/p>\n<p>Semnalmente: aproximativ 1,85 m \u00een\u0103l\u021bime, 70 kg, ochi verzi, p\u0103r \u0219aten, fa\u021b\u0103 oval\u0103, nas ascu\u021bit.<\/p>\n<p>Semne particulare: un tatuaj \u00een zona antebra\u021bului st\u00e2ng.<\/p>\n<p>La momentul plec\u0103rii, minorul era \u00eembr\u0103cat cu o geac\u0103 de blugi, pantaloni lungi de trening \u0219i o pereche de adida\u0219i gri.<\/p>\n<p><em>Persoanele care pot furniza date sau informa\u021bii cu privire la acesta sunt rugate s\u0103 se adreseze celei mai apropiate unit\u0103\u021bi de poli\u021bie sau s\u0103 apeleze num\u0103rul unic pentru apeluri de urgen\u021b\u0103 112.<\/em><\/p>\n<\/div>\n<\/div>\n<p>[analyse_source url=&#8221;https:\/\/www.monitoruldevrancea.ro\/2026\/08\/27\/adolescent-din-marasesti-dat-disparut\/&#8221;]<\/p>\n","protected":false},"excerpt":{"rendered":"<p>[analyse_image type=&#8221;featured&#8221; src=&#8221;https:\/\/www.monitoruldevrancea.ro\/wp-content\/uploads\/2026\/08\/IMG-20260827-WA0000.jpg&#8221;] Biroul de pres\u0103 al Inspectoratului de Poli\u021bie Jude\u021bean (IPJ) Vrancea: L-A\u021aI V\u0102ZUT? La data de 27 august a.c., poli\u021bi\u0219tii din cadrul Inspectoratului de Poli\u021bie Jude\u021bean Vrancea au fost sesiza\u021bi cu privire la faptul c\u0103 minorul GRIGORA\u0218 COSMIN, \u00een v\u00e2rst\u0103 de 17 ani, din ora\u0219ul M\u0103r\u0103\u0219e\u0219ti, a plecat \u00een mod voluntar de la [&hellip;]<\/p>\n","protected":false},"author":1,"featured_media":0,"comment_status":"open","ping_status":"","sticky":false,"template":"","format":"standard","meta":{"footnotes":""},"categories":[89],"tags":[226,209],"class_list":["post-2114342","post","type-post","status-publish","format-standard","hentry","category-romania","tag-crawlmanager","tag-monitoruldevrancea-ro"],"_links":{"self":[{"href":"https:\/\/analyse.optim.biz\/index.php?rest_route=\/wp\/v2\/posts\/2114342","targetHints":{"allow":["GET"]}}],"collection":[{"href":"https:\/\/analyse.optim.biz\/index.php?rest_route=\/wp\/v2\/posts"}],"about":[{"href":"https:\/\/analyse.optim.biz\/index.php?rest_route=\/wp\/v2\/types\/post"}],"author":[{"embeddable":true,"href":"https:\/\/analyse.optim.biz\/index.php?rest_route=\/wp\/v2\/users\/1"}],"replies":[{"embeddable":true,"href":"https:\/\/analyse.optim.biz\/index.php?rest_route=%2Fwp%2Fv2%2Fcomments&post=2114342"}],"version-history":[{"count":0,"href":"https:\/\/analyse.optim.biz\/index.php?rest_route=\/wp\/v2\/posts\/2114342\/revisions"}],"wp:attachment":[{"href":"https:\/\/analyse.optim.biz\/index.php?rest_route=%2Fwp%2Fv2%2Fmedia&parent=2114342"}],"wp:term":[{"taxonomy":"category","embeddable":true,"href":"https:\/\/analyse.optim.biz\/index.php?rest_route=%2Fwp%2Fv2%2Fcategories&post=2114342"},{"taxonomy":"post_tag","embeddable":true,"href":"https:\/\/analyse.optim.biz\/index.php?rest_route=%2Fwp%2Fv2%2Ftags&post=2114342"}],"curies":[{"name":"wp","href":"https:\/\/api.w.org\/{rel}","templated":true}]}}