{"id":2114341,"date":"2026-08-25T21:00:00","date_gmt":"2026-08-25T18:00:00","guid":{"rendered":"https:\/\/analyse.optim.biz\/?p=2114341"},"modified":"2026-08-25T21:00:00","modified_gmt":"2026-08-25T18:00:00","slug":"video-demisii-in-vrancea-in-teorie-nu-mai-poate-fi-facut-un-cumul-intre-a-fi-ales-local-judetean-si-angajat-la-stat","status":"publish","type":"post","link":"https:\/\/analyse.optim.biz\/?p=2114341","title":{"rendered":"VIDEO! Demisii \u00een Vrancea? \u00cen teorie, nu mai poate fi f\u0103cut un cumul \u00eentre a fi ales local\/ jude\u021bean \u0219i angajat la stat\u00a0"},"content":{"rendered":"<p>[analyse_image type=&#8221;featured&#8221; src=&#8221;https:\/\/www.monitoruldevrancea.ro\/wp-content\/uploads\/2026\/08\/incompatibilitati-scaled.jpg&#8221;]<\/p>\n<div class=\"td_block_wrap tdb_single_content tdi_123 td-pb-border-top td_block_template_1 td-post-content tagdiv-type\" data-td-block-uid=\"tdi_123\">\n<div class=\"tdb-block-inner td-fix-index\">\n<figure class=\"wp-block-embed is-type-video is-provider-youtube wp-block-embed-youtube wp-embed-aspect-16-9 wp-has-aspect-ratio\">\n<div class=\"wp-block-embed__wrapper\"><iframe loading=\"lazy\" title=\"\u00cen teorie, nu mai poate fi f\u0103cut un cumul \u00eentre a fi ales local\/ jude\u021bean \u0219i angajat la stat\" width=\"696\" height=\"392\" src=\"https:\/\/www.youtube.com\/embed\/2-cpHvO3Sws?feature=oembed\" frameborder allow=\"accelerometer; autoplay; clipboard-write; encrypted-media; gyroscope; picture-in-picture; web-share\" referrerpolicy=\"strict-origin-when-cross-origin\" allowfullscreen><\/iframe>\n<\/div>\n<\/figure>\n<p>\u00cen teorie, ale\u0219ii locali \u0219i jude\u021beni care sunt \u0219i personal contractual ar trebui s\u0103 aleag\u0103 cu ce vor s\u0103 se ocupe de fapt. De ieri a intrat \u00een vigoare o modificare legislativ\u0103 f\u0103cute de parlamentari, conform c\u0103reia consilierii locali \u0219i cei jude\u021beni nu mai pot fi angaja\u021bi \u0219i la stat.<\/p>\n<p>Modific\u0103rile au fost f\u0103cute Codului administrativ, \u00een spe\u021b\u0103 fiind vorba despre articolul 550, \u0219i au fost publicate \u00een Monitorul Oficial din 6 august, iar p\u00e2n\u0103 pe 25 august, fiecare trebuia s\u0103 decid\u0103. Adic\u0103 p\u00e2n\u0103 ieri, c\u00e2nd, potrivit prefectului <strong><em>Liviu Macovei<\/em><\/strong>, situa\u021bia trebuia l\u0103murit\u0103.\u00a0<\/p>\n<p>\u201e<strong><em>Sunt situa\u021bii \u00een care oamenii sunt \u00een incompatibilitate, dar interpretarea legii este un pic discutabil\u0103<\/em><\/strong>\u201d, preciza ieri prefectul jude\u021bului. Numai c\u0103 situa\u021bia nu s-a l\u0103murit, \u00een condi\u021biile \u00een care, tot potrivit acestuia, ieri erau a\u0219teptate r\u0103spunsuri \u201e<strong><em>de la ANI <\/em><\/strong>(Agen\u021bia Na\u021bional\u0103 de Integritate \u2013 n.r.) <strong><em>\u0219i de la Ministerul Dezvolt\u0103rii, (\u2026) astfel \u00eenc\u00e2t s\u0103 putem comunica \u0219i noi exact (\u2026). P\u00e2n\u0103 la final fiecare s\u0103 \u00ee\u0219i ia decizia pe care \u0219i-o dore\u0219te: ori se suspend\u0103 din contractul de munc\u0103, ori \u00ee\u0219i d\u0103 demisia din consilii locale sau jude\u021bene<\/em><\/strong>\u201d, ar\u0103ta prefectul <strong><em>Macovei<\/em><\/strong>.<\/p>\n<p>Aceasta era situa\u021bia \u00eenainte de transmiterea r\u0103spunsurilor de la centru care, \u00een loc s\u0103 l\u0103mureasc\u0103 regimul incompatibilit\u0103\u021bilor, mai mult a \u00eencurcat-o. Pentru c\u0103, \u00een adresa\u00a0 de la Ministerul Dezvolt\u0103rii, Lucr\u0103rilor Publice \u0219i Administra\u021biei se arat\u0103 c\u0103 \u201e<strong><em>func\u021bia de consilier local sau jude\u021bean este incompatibil\u0103 cu func\u021bia de primar, prefect\/ subprefect, calitatea de func\u021bionar public sau angajat cu contract individual de munc\u0103 \u00een aparatul propriu al consiliului local respectiv sau \u00een aparatul propriu al consiliului jude\u021bean ori al prefecturii din jude\u021bul respectiv etc. (\u2026).<\/em><\/strong><\/p>\n<p><strong><em>\u00cen ceea ce prive\u0219te situa\u021bia profesorilor \u0219i medicilor \u0219i a modului \u00een care li se aplic\u0103 acestora prevederile privind incompatibilit\u0103\u021bile \u0219i conflictele de interese, preciz\u0103m faptul c\u0103 ace\u0219tia nu se \u00eencadreaz\u0103 \u00een categoriile de personal contractual vizate<\/em><\/strong>\u201d.<\/p>\n<p>Iar r\u0103spunsul ANI este de acord doar cu ultima parte. \u00cen rest, p\u0103rerile pe acelea\u0219i modific\u0103ri sunt total contrare, aspect confirmat \u0219i de prefectul jude\u021bului. Astfel, Agen\u021bia Na\u021bional\u0103 de Integritate a transmis un cu totul alt punct de vedere:\u00a0<\/p>\n<p>\u201e<strong><em>(\u2026) opin\u0103m c\u0103 dispozi\u021biile art. 550 din Codul administrativ nu sunt aplicabile consilierilor locali \u0219i jude\u021beni. Regimul incompatibilit\u0103\u021bilor pentru func\u021bionarii publici nu a fost modificat (\u2026).\u00a0<\/em><\/strong><\/p>\n<p><strong><em>Func\u021bionarul public poate ocupa o func\u021bie de demnitate public\u0103 numit\u0103 sau aleas\u0103 (parlamentar\/ ales local), cu condi\u021bia respect\u0103rii dispozi\u021biilor art. 97 din Legea 161\/2003 (\u2026)<\/em><\/strong>\u201d.<\/p>\n<p>Iar articolul la care se face referire spune c\u0103 \u201e<strong><em>raportul de serviciu al func\u021bionarului public se suspend\u0103: (\u2026) p\u00e2n\u0103 la \u00eencetarea func\u021biei eligibile sau al func\u021biei de demnitate public\u0103, \u00een cazul \u00een care func\u021bionarul public a fost ales sau numit<\/em><\/strong>\u201d.<\/p>\n<p>\u00a0Altfel spus, ale\u0219ii locali\/ jude\u021beni nu sunt incompatibili dac\u0103 sunt \u0219i func\u021bionari publici. \u00cens\u0103 func\u021bionarii publici sunt incompatibili dac\u0103 sunt \u0219i ale\u0219i locali\/ jude\u021beni.<\/p>\n<p>Acestea fiind p\u0103rerile avizate, prefectul <strong><em>Liviu Macovei<\/em><\/strong> ne-a declarat c\u0103, \u00een atare condi\u021bii, nu poate fi impus nimic ale\u0219ilor care s-ar afla \u00een stare de incompatibilitate. Ieri, de la Institu\u021bia Prefectului \u2013 Jude\u021bul Vrancea au fost \u00eens\u0103 transmise la prim\u0103rii \u0219i la Consiliul Jude\u021bean adresele \u201el\u0103muritoare\u201d de la minister \u0219i de la ANI.<\/p>\n<p>Iar de aici, fiecare va ac\u021biona cum va crede de cuviin\u021b\u0103.\u00a0<\/p>\n<p>Foto cu rol ilustrativ, sursa: <a href=\"https:\/\/www.magnific.com\/author\/pch-vector\">https:\/\/www.magnific.com\/author\/pch-vector<\/a>\u00a0<\/p>\n<\/div>\n<\/div>\n<p>[analyse_source url=&#8221;https:\/\/www.monitoruldevrancea.ro\/2026\/08\/26\/video-demisii-in-vrancea-in-teorie-nu-mai-poate-fi-facut-un-cumul-intre-a-fi-ales-local-judetean-si-angajat-la-stat\/&#8221;]<\/p>\n","protected":false},"excerpt":{"rendered":"<p>[analyse_image type=&#8221;featured&#8221; src=&#8221;https:\/\/www.monitoruldevrancea.ro\/wp-content\/uploads\/2026\/08\/incompatibilitati-scaled.jpg&#8221;] \u00cen teorie, ale\u0219ii locali \u0219i jude\u021beni care sunt \u0219i personal contractual ar trebui s\u0103 aleag\u0103 cu ce vor s\u0103 se ocupe de fapt. De ieri a intrat \u00een vigoare o modificare legislativ\u0103 f\u0103cute de parlamentari, conform c\u0103reia consilierii locali \u0219i cei jude\u021beni nu mai pot fi angaja\u021bi \u0219i la stat. Modific\u0103rile au [&hellip;]<\/p>\n","protected":false},"author":1,"featured_media":0,"comment_status":"open","ping_status":"","sticky":false,"template":"","format":"standard","meta":{"footnotes":""},"categories":[89],"tags":[226,209],"class_list":["post-2114341","post","type-post","status-publish","format-standard","hentry","category-romania","tag-crawlmanager","tag-monitoruldevrancea-ro"],"_links":{"self":[{"href":"https:\/\/analyse.optim.biz\/index.php?rest_route=\/wp\/v2\/posts\/2114341","targetHints":{"allow":["GET"]}}],"collection":[{"href":"https:\/\/analyse.optim.biz\/index.php?rest_route=\/wp\/v2\/posts"}],"about":[{"href":"https:\/\/analyse.optim.biz\/index.php?rest_route=\/wp\/v2\/types\/post"}],"author":[{"embeddable":true,"href":"https:\/\/analyse.optim.biz\/index.php?rest_route=\/wp\/v2\/users\/1"}],"replies":[{"embeddable":true,"href":"https:\/\/analyse.optim.biz\/index.php?rest_route=%2Fwp%2Fv2%2Fcomments&post=2114341"}],"version-history":[{"count":0,"href":"https:\/\/analyse.optim.biz\/index.php?rest_route=\/wp\/v2\/posts\/2114341\/revisions"}],"wp:attachment":[{"href":"https:\/\/analyse.optim.biz\/index.php?rest_route=%2Fwp%2Fv2%2Fmedia&parent=2114341"}],"wp:term":[{"taxonomy":"category","embeddable":true,"href":"https:\/\/analyse.optim.biz\/index.php?rest_route=%2Fwp%2Fv2%2Fcategories&post=2114341"},{"taxonomy":"post_tag","embeddable":true,"href":"https:\/\/analyse.optim.biz\/index.php?rest_route=%2Fwp%2Fv2%2Ftags&post=2114341"}],"curies":[{"name":"wp","href":"https:\/\/api.w.org\/{rel}","templated":true}]}}