{"id":2114338,"date":"2026-08-25T21:00:00","date_gmt":"2026-08-25T18:00:00","guid":{"rendered":"https:\/\/analyse.optim.biz\/?p=2114338"},"modified":"2026-08-25T21:00:00","modified_gmt":"2026-08-25T18:00:00","slug":"focsani-prima-editie-in-aer-liber-a-festivalului-florentin-delmar","status":"publish","type":"post","link":"https:\/\/analyse.optim.biz\/?p=2114338","title":{"rendered":"Foc\u0219ani. Prima edi\u0163ie \u00een aer liber a Festivalului \u201dFlorentin Delmar\u201d"},"content":{"rendered":"<p>[analyse_image type=&#8221;featured&#8221; src=&#8221;https:\/\/www.monitoruldevrancea.ro\/wp-content\/uploads\/2026\/08\/delmar.jpg&#8221;]<\/p>\n<div class=\"td_block_wrap tdb_single_content tdi_123 td-pb-border-top td_block_template_1 td-post-content tagdiv-type\" data-td-block-uid=\"tdi_123\">\n<div class=\"tdb-block-inner td-fix-index\">\n<p><strong>Prim\u0103ria Municipiului Foc\u0219ani<\/strong><strong>\ufeff<\/strong><strong>:<\/strong><\/p>\n<p><em>Prima edi\u0163ie \u00een aer liber a Festivalului \u201dFlorentin Delmar\u201d!<\/em><\/p>\n<p>Prim\u0103ria Municipiului Foc\u015fani, prin Teatrul \u201dMaior Gh. Pastia\u201d, v\u0103 invit\u0103 s\u0103 ne bucur\u0103m \u00een acest weekend de magia muzicii rom\u00e2ne\u015fti la a 51-a edi\u021bie a Festivalului de Muzic\u0103 U\u0219oar\u0103 Rom\u00e2neasc\u0103 \u201dFlorentin Delmar\u201d. \u00cen premier\u0103 pentru istoria sa de jum\u0103tate de secol, Festivalul iese din sala de spectacol \u015fi \u00ee\u015fi mut\u0103 magia \u00een aer liber, pe scena din Pia\u0163a Unirii.<\/p>\n<p>Prima zi a festivalului, vineri dup\u0103 amiaz\u0103, d\u0103m startul repeti\u0163iilor oficiale. Cei 12 tineri soli\u015fti \u00eenscri\u015fi \u00een concurs, acompania\u021bi de orchestra compozitorului Viorel Gavril\u0103, vor urca pe scena din Pia\u021ba Unirii pentru primele probe.<\/p>\n<p>S\u00e2mb\u0103t\u0103 sear\u0103, \u00eencep\u00e2nd cu ora 19.00, \u00eencepe marea competi\u0163ie. Concuren\u0163ii vor urca pe scen\u0103 \u015fi vor \u00eenc\u00e2nta publicul foc\u015f\u0103nean cu \u015flag\u0103rele muzicii u\u015foare rom\u00e2ne\u015fti. Seara de s\u00e2mb\u0103t\u0103 va continua cu un recital de excep\u0163ie sus\u0163inut de Mirabela Dauer.<\/p>\n<p>Duminic\u0103, 30 august, vom afla cine sunt c\u00e2\u015ftig\u0103torii edi\u0163iei Festivalului din acest an la Gala Laurea\u0163ilor unde vor fi acordate premiile dar \u015fi Trofeul \u201dFlorentin Delmar\u201d. \u00cencheiem seara de duminic\u0103 cu un concert extraordinar sus\u0163inut de Ozana Barabancea, acompaniat\u0103 de orchestra compozitorului Viorel Gavril\u0103 \u015fi Corul Pastia al Ateneului Popular \u201cMaior Gheorghe Pastia\u201d.<\/p>\n<p>Gazda edi\u0163iei din acest an a Festivalului \u201dFlorentin Delmar\u201d va fi Laura Lucescu, cunoscutul prezentator TVR Ia\u015fi.<\/p>\n<p>V\u0103 a\u015ftept\u0103m s\u0103 aplaud\u0103m \u00eempreun\u0103 talentul tinerilor arti\u015fti ai muzicii u\u015foare rom\u00e2ne\u015fti!<\/p>\n<\/div>\n<\/div>\n<p>[analyse_source url=&#8221;https:\/\/www.monitoruldevrancea.ro\/2026\/08\/26\/focsani-prima-editie-in-aer-liber-a-festivalului-florentin-delmar\/&#8221;]<\/p>\n","protected":false},"excerpt":{"rendered":"<p>[analyse_image type=&#8221;featured&#8221; src=&#8221;https:\/\/www.monitoruldevrancea.ro\/wp-content\/uploads\/2026\/08\/delmar.jpg&#8221;] Prim\u0103ria Municipiului Foc\u0219ani\ufeff: Prima edi\u0163ie \u00een aer liber a Festivalului \u201dFlorentin Delmar\u201d! Prim\u0103ria Municipiului Foc\u015fani, prin Teatrul \u201dMaior Gh. Pastia\u201d, v\u0103 invit\u0103 s\u0103 ne bucur\u0103m \u00een acest weekend de magia muzicii rom\u00e2ne\u015fti la a 51-a edi\u021bie a Festivalului de Muzic\u0103 U\u0219oar\u0103 Rom\u00e2neasc\u0103 \u201dFlorentin Delmar\u201d. \u00cen premier\u0103 pentru istoria sa de jum\u0103tate de [&hellip;]<\/p>\n","protected":false},"author":1,"featured_media":0,"comment_status":"open","ping_status":"","sticky":false,"template":"","format":"standard","meta":{"footnotes":""},"categories":[89],"tags":[226,209],"class_list":["post-2114338","post","type-post","status-publish","format-standard","hentry","category-romania","tag-crawlmanager","tag-monitoruldevrancea-ro"],"_links":{"self":[{"href":"https:\/\/analyse.optim.biz\/index.php?rest_route=\/wp\/v2\/posts\/2114338","targetHints":{"allow":["GET"]}}],"collection":[{"href":"https:\/\/analyse.optim.biz\/index.php?rest_route=\/wp\/v2\/posts"}],"about":[{"href":"https:\/\/analyse.optim.biz\/index.php?rest_route=\/wp\/v2\/types\/post"}],"author":[{"embeddable":true,"href":"https:\/\/analyse.optim.biz\/index.php?rest_route=\/wp\/v2\/users\/1"}],"replies":[{"embeddable":true,"href":"https:\/\/analyse.optim.biz\/index.php?rest_route=%2Fwp%2Fv2%2Fcomments&post=2114338"}],"version-history":[{"count":0,"href":"https:\/\/analyse.optim.biz\/index.php?rest_route=\/wp\/v2\/posts\/2114338\/revisions"}],"wp:attachment":[{"href":"https:\/\/analyse.optim.biz\/index.php?rest_route=%2Fwp%2Fv2%2Fmedia&parent=2114338"}],"wp:term":[{"taxonomy":"category","embeddable":true,"href":"https:\/\/analyse.optim.biz\/index.php?rest_route=%2Fwp%2Fv2%2Fcategories&post=2114338"},{"taxonomy":"post_tag","embeddable":true,"href":"https:\/\/analyse.optim.biz\/index.php?rest_route=%2Fwp%2Fv2%2Ftags&post=2114338"}],"curies":[{"name":"wp","href":"https:\/\/api.w.org\/{rel}","templated":true}]}}