{"id":2114332,"date":"2026-08-26T21:00:00","date_gmt":"2026-08-26T18:00:00","guid":{"rendered":"https:\/\/analyse.optim.biz\/?p=2114332"},"modified":"2026-08-26T21:00:00","modified_gmt":"2026-08-26T18:00:00","slug":"incepe-festivalul-de-teatru-tanar-ora-de-teatru-in-focsani-pufesti-si-racoasa","status":"publish","type":"post","link":"https:\/\/analyse.optim.biz\/?p=2114332","title":{"rendered":"\u00cencepe Festivalul de Teatru T\u00e2n\u0103r \u201eOra de Teatru\u201d, \u00een Foc\u0219ani, Pufe\u0219ti \u0219i R\u0103coasa \u00a0"},"content":{"rendered":"<p>[analyse_image type=&#8221;featured&#8221; src=&#8221;https:\/\/www.monitoruldevrancea.ro\/wp-content\/uploads\/2026\/08\/ora-de-Teatru-Afis-1-2026.jpeg&#8221;]<\/p>\n<div class=\"td_block_wrap tdb_single_content tdi_123 td-pb-border-top td_block_template_1 td-post-content tagdiv-type\" data-td-block-uid=\"tdi_123\">\n<div class=\"tdb-block-inner td-fix-index\">\n<p><strong>COMUNICAT DE PRES\u0102:<\/strong><\/p>\n<p><strong>Festival de Teatru T\u00e2n\u0103r \u201c<\/strong><strong><em>Ora de Teatru<\/em><\/strong><strong>\u201d<\/strong><\/p>\n<p>27 \/ 30 august 2026 este perioada \u00een care vom fi \u00eempreun\u0103 la cel de-al \u0219aptelea pas \u00een timp.\u00a0<\/p>\n<p>Va fi o edi\u021bie \u00een care vom fi \u00eempreun\u0103 \u00een spa\u021bii conven\u021bionale \u0219i neconven\u021bionale \u0219i ne vom bucura de spectacole de teatru, ateliere de teatru \u0219i rela\u021bionare, ateliere de g\u00e2ndire critic\u0103 \u0219i inteligen\u021b\u0103 emo\u021bional\u0103,\u00eent\u00e2lniri cu personalit\u0103\u021bi din teatru \u0219i colocvii voca\u021bionale.\u00a0<\/p>\n<p>\u00cen continuare suntem aproape de tine, \u00een Foc\u0219ani, Pufe\u0219ti \u0219i R\u0103coasa. Venim la tine acas\u0103 \u0219i ne vom petrece timpul \u00eempreun\u0103 la ateliere de teatru \u0219i rela\u021bionare, dar \u0219i la ateliere de g\u00e2ndire critic\u0103 \u0219i inteligen\u021b\u0103 emo\u021bional\u0103. Atelierele se vor adresa la aceast\u0103 edi\u021bie eleviilor din \u0219colile gimnaziale din jude\u021bul Vrancea.<\/p>\n<p>2026 este edi\u021bia la care v\u0103 a\u0219tept\u0103m la Teatrul Municipal \u201cMr. Ghe. Pastia\u201d Foc\u0219ani, Ateneul Popular \u201cMr. Ghe. Pastia\u201d Foc\u0219ani \u0219i Parcul B\u0103lcescu.\u00a0<\/p>\n<p>Teatrul t\u00e2n\u0103r va fi prezent la Foc\u0219ani prin trupele de liceeni Acting Up Bucure\u0219ti, Arton Ia\u0219i, Artsim Piatra Neam\u021b, Katharsis Boto\u0219ani, Prin\u021bul Negru Chi\u0219in\u0103u \u0219i Victory of Art Bucure\u0219ti. Trupa de Teatru Protha se va al\u0103tura celor \u0219ase trupe din festival \u0219i va fi \u00een afara concursului.\u00a0<\/p>\n<p>Juriul acestei edi\u021bii a festivalului va fi format din actri\u021ba Tania Popa (pre\u0219edintele juriului), conf. univ. dr. Camelia Curu\u021biu, conf. univ. dr. Lorette Enache \u0219i regizorul Gheorghe Balint.<\/p>\n<p>Tinerii actori vor lucra \u00een aceste zile al\u0103turi de profesioni\u0219ti din lumea teatrului, din diferite teatre \u0219i cu diferite experien\u021be. De la experien\u021ba genera\u021biei reprezentate de Camelia Curu\u021biu \u0219i Lorette Enache, la exuberan\u021ba genera\u021biei reprezentate de Mara C\u0103ru\u021ba\u0219u, C\u0103t\u0103lin Asanache \u0219i Ciprian Nicula, tinerii din festival vor afla cum e drumul c\u0103tre lumea teatrului profesionist.\u00a0<\/p>\n<p>Teatrul profesionist va fi prezent la aceast\u0103 edi\u021bie prin spectacolele aduse de studen\u021bii de la U.N.A.T.C. Bucure\u0219ti, Alexandra Mihaela Dancs, Vlad Benescu, Emilian M\u00e2rnea \u0219i Petre Ancu\u021ba.\u00a0<\/p>\n<p>Partenerii tradi\u021bionali de la Autonom continu\u0103 al\u0103turi de noi drumul de promovare a educa\u021biei nonformale \u0219i vor fi prezen\u021bi, la Foc\u0219ani, Pufe\u0219ti \u0219i R\u0103coasa, cu ateliere de rela\u021bionare \u0219i inteligen\u021b\u0103 emo\u021bional\u0103<\/p>\n<p>La \u201cOra de Teatru\u201d accesul va fi liber, la toate activit\u0103\u021bile, indiferent de loca\u021bie, \u00een limita locurilor disponibile, astfel \u00eenc\u00e2t s\u0103 se desf\u0103\u0219oare \u00een condi\u021bii de siguran\u021b\u0103 a participan\u021bilor.\u00a0<\/p>\n<p>\u00cen situa\u021bia \u00een care condi\u021biile meteo nu vor permite, la data de 30.08.2026, desf\u0103\u0219urarea activit\u0103\u021bilor \u00een Parcul B\u0103lcescu, acestea vor avea loc la Ateneul Popular \u201cMr. Ghe. Pastia\u201d Foc\u0219ani.<\/p>\n<p>Vino al\u0103turi de noi \u0219i bucur\u0103-te de fiecare clip\u0103 petrecut\u0103 \u00eempreun\u0103.<\/p>\n<p><strong>Parteneri si sponsori<\/strong><\/p>\n<p><strong>Finan\u021bator: <\/strong>Consiliul Jude\u021bean Vrancea<\/p>\n<p><strong>Organizator:<\/strong> Asocia\u021bia Protha Panciu<\/p>\n<p><strong>Sponsori<\/strong>: Rikora, Big Market, The Factory, Vexio, Banca Transilvania, Autonom, Annabella, Laguna Resort, Mo\u0219ia Domneasc\u0103, Gr\u0103dina cu Camelii<\/p>\n<p><strong>Partener: <\/strong>Facultatea de Teatru \u015fi Film din cadrul Universit\u0103\u021bii \u201cBabe\u0219-Bolyai\u201d Cluj Napoca, Teatrul Municipal \u201cMr. Ghe. Pastia\u201d Foc\u0219ani, Muzeul Vrancei, Colegiul Tehnic \u201cValeriu D. Cotea\u201d Foc\u0219ani, Liceul cu Program Sportiv Foc\u0219ani \u0219i Centrul Jude\u021bean de Excelen\u021b\u0103 Vrancea.\u00a0<\/p>\n<p>(\u2026)<\/p>\n<p>Informa\u021biile cu privire la desf\u0103\u0219urarea proiectului sunt disponibile pe site-ul festivalului <a href=\"https:\/\/www.festivaluloradeteatru.com\/\">https:\/\/www.festivaluloradeteatru.com<\/a>,<\/p>\n<p>pagina de Facebook a evenimentului <a href=\"https:\/\/www.facebook.com\/oradeteatru\">https:\/\/www.facebook.com\/oradeteatru<\/a>\u00a0<\/p>\n<p>sau pe pagina de Instagram <a href=\"https:\/\/www.instagram.com\/fest.oradeteatru\">https:\/\/www.instagram.com\/fest.oradeteatru<\/a>\u00a0<\/p>\n<div><a href=\"https:\/\/www.monitoruldevrancea.ro\/wp-content\/uploads\/2026\/08\/ora-de-Teatru-Afis-2-2026.jpeg\" class=\"td-modal-image\"><\/p>\n<figure class=\"wp-block-image size-full is-resized\"><img loading=\"lazy\" decoding=\"async\" width=\"904\" height=\"1280\" src=\"https:\/\/www.monitoruldevrancea.ro\/wp-content\/uploads\/2026\/08\/ora-de-Teatru-Afis-2-2026.jpeg\" alt class=\"wp-image-728591\"><\/figure>\n<p><\/a><\/div>\n<\/div>\n<\/div>\n<p>[analyse_source url=&#8221;https:\/\/www.monitoruldevrancea.ro\/2026\/08\/27\/incepe-festivalul-de-teatru-tanar-ora-de-teatru-in-focsani-pufesti-si-racoasa\/&#8221;]<\/p>\n","protected":false},"excerpt":{"rendered":"<p>[analyse_image type=&#8221;featured&#8221; src=&#8221;https:\/\/www.monitoruldevrancea.ro\/wp-content\/uploads\/2026\/08\/ora-de-Teatru-Afis-1-2026.jpeg&#8221;] COMUNICAT DE PRES\u0102: Festival de Teatru T\u00e2n\u0103r \u201cOra de Teatru\u201d 27 \/ 30 august 2026 este perioada \u00een care vom fi \u00eempreun\u0103 la cel de-al \u0219aptelea pas \u00een timp.\u00a0 Va fi o edi\u021bie \u00een care vom fi \u00eempreun\u0103 \u00een spa\u021bii conven\u021bionale \u0219i neconven\u021bionale \u0219i ne vom bucura de spectacole de teatru, ateliere [&hellip;]<\/p>\n","protected":false},"author":1,"featured_media":0,"comment_status":"open","ping_status":"","sticky":false,"template":"","format":"standard","meta":{"footnotes":""},"categories":[89],"tags":[226,209],"class_list":["post-2114332","post","type-post","status-publish","format-standard","hentry","category-romania","tag-crawlmanager","tag-monitoruldevrancea-ro"],"_links":{"self":[{"href":"https:\/\/analyse.optim.biz\/index.php?rest_route=\/wp\/v2\/posts\/2114332","targetHints":{"allow":["GET"]}}],"collection":[{"href":"https:\/\/analyse.optim.biz\/index.php?rest_route=\/wp\/v2\/posts"}],"about":[{"href":"https:\/\/analyse.optim.biz\/index.php?rest_route=\/wp\/v2\/types\/post"}],"author":[{"embeddable":true,"href":"https:\/\/analyse.optim.biz\/index.php?rest_route=\/wp\/v2\/users\/1"}],"replies":[{"embeddable":true,"href":"https:\/\/analyse.optim.biz\/index.php?rest_route=%2Fwp%2Fv2%2Fcomments&post=2114332"}],"version-history":[{"count":0,"href":"https:\/\/analyse.optim.biz\/index.php?rest_route=\/wp\/v2\/posts\/2114332\/revisions"}],"wp:attachment":[{"href":"https:\/\/analyse.optim.biz\/index.php?rest_route=%2Fwp%2Fv2%2Fmedia&parent=2114332"}],"wp:term":[{"taxonomy":"category","embeddable":true,"href":"https:\/\/analyse.optim.biz\/index.php?rest_route=%2Fwp%2Fv2%2Fcategories&post=2114332"},{"taxonomy":"post_tag","embeddable":true,"href":"https:\/\/analyse.optim.biz\/index.php?rest_route=%2Fwp%2Fv2%2Ftags&post=2114332"}],"curies":[{"name":"wp","href":"https:\/\/api.w.org\/{rel}","templated":true}]}}