{"id":2114322,"date":"2026-08-26T21:00:00","date_gmt":"2026-08-26T18:00:00","guid":{"rendered":"https:\/\/analyse.optim.biz\/?p=2114322"},"modified":"2026-08-26T21:00:00","modified_gmt":"2026-08-26T18:00:00","slug":"convocarea-consiliului-local-al-municipiului-focsani-in-sedinta-ordinara-pentru-data-de-27-august-2026-a-fost-revocata","status":"publish","type":"post","link":"https:\/\/analyse.optim.biz\/?p=2114322","title":{"rendered":"Convocarea Consiliului Local al Municipiului Foc\u015fani \u00een \u015fedin\u0163\u0103 ordinar\u0103, pentru data de\u00a027 august 2026, a fost revocat\u0103"},"content":{"rendered":"<p>[analyse_image type=&#8221;featured&#8221; src=&#8221;https:\/\/www.monitoruldevrancea.ro\/wp-content\/uploads\/2026\/08\/AddText_07-23-10.52.03-scaled.jpg&#8221;]<\/p>\n<div class=\"td_block_wrap tdb_single_content tdi_123 td-pb-border-top td_block_template_1 td-post-content tagdiv-type\" data-td-block-uid=\"tdi_123\">\n<div class=\"tdb-block-inner td-fix-index\">\n<figure class=\"wp-block-image size-large\"><img loading=\"lazy\" decoding=\"async\" width=\"1024\" height=\"256\" src=\"https:\/\/www.monitoruldevrancea.ro\/wp-content\/uploads\/2026\/08\/Screenshot_20260305_145534_Word-1-1024x256.jpg\" alt class=\"wp-image-728653\"><\/figure>\n<p class=\"has-text-align-center\"><strong>DISPOZI\u021aIA NR. 751<\/strong><\/p>\n<p class=\"has-text-align-center\"> 27 august 2026<\/p>\n<p>\u00a0\u00a0\u00a0\u00a0\u00a0\u00a0\u00a0\u00a0\u00a0 privind revocarea Dispozi\u021biei Primarului Municipiului Foc\u0219ani nr. 737\/2026 privind convocarea Consiliului Local al Municipiului Foc\u015fani \u00een \u015fedin\u0163\u0103 ordinar\u0103, pentru data de\u00a0 27 august 2026<\/p>\n<p>Primarul Municipiului Foc\u015fani,\u00a0<\/p>\n<p>\u00a0\u00a0\u00a0\u00a0\u00a0\u00a0\u00a0\u00a0\u00a0 Referatul Secretarului general al municipiului Foc\u0219ani nr. 88048\/27.08.2026;<\/p>\n<p>Av\u00e2nd \u00een vedere prevederile art. 155\u00a0 \u0219i \u00een temeiul art. 196 alin. (1) lit. b) din Ordonan\u021ba de Urgen\u021b\u0103 a Guvernului nr. 57\/2019 privind Codul administrativ, cu modific\u0103rile \u0219i complet\u0103rile ulterioare;<\/p>\n<p class=\"has-text-align-center\"><strong>D I S P U N E :<\/strong><\/p>\n<p><strong>Art. 1.<\/strong> Revocarea Dispozi\u021biei Primarului Municipiului Foc\u0219ani nr. 737\/2026 privind convocarea Consiliului Local al Municipiului Foc\u015fani \u00een \u015fedin\u0163\u0103 ordinar\u0103, pentru data de\u00a0 27 august 2026.<\/p>\n<p><strong>Art. 2 <\/strong>Prevederile prezentei dispozi\u0163ii vor fi comunicate celor interesa\u0163i de Secretarul general al municipiului Foc\u015fani prin Direc\u021bia juridic\u0103 \u0219i de administra\u0163ie public\u0103.<\/p>\n<p><strong>PRIMAR,<\/strong><\/p>\n<p class=\"has-text-align-left\">Cristi Valentin Mis\u0103il\u0103<\/p>\n<\/div>\n<\/div>\n<p>[analyse_source url=&#8221;https:\/\/www.monitoruldevrancea.ro\/2026\/08\/27\/convocarea-consiliului-local-al-municipiului-focsani-in-sedinta-ordinara-pentru-data-de-27-august-2026-a-fost-revocata\/&#8221;]<\/p>\n","protected":false},"excerpt":{"rendered":"<p>[analyse_image type=&#8221;featured&#8221; src=&#8221;https:\/\/www.monitoruldevrancea.ro\/wp-content\/uploads\/2026\/08\/AddText_07-23-10.52.03-scaled.jpg&#8221;] DISPOZI\u021aIA NR. 751 27 august 2026 \u00a0\u00a0\u00a0\u00a0\u00a0\u00a0\u00a0\u00a0\u00a0 privind revocarea Dispozi\u021biei Primarului Municipiului Foc\u0219ani nr. 737\/2026 privind convocarea Consiliului Local al Municipiului Foc\u015fani \u00een \u015fedin\u0163\u0103 ordinar\u0103, pentru data de\u00a0 27 august 2026 Primarul Municipiului Foc\u015fani,\u00a0 \u00a0\u00a0\u00a0\u00a0\u00a0\u00a0\u00a0\u00a0\u00a0 Referatul Secretarului general al municipiului Foc\u0219ani nr. 88048\/27.08.2026; Av\u00e2nd \u00een vedere prevederile art. 155\u00a0 \u0219i \u00een temeiul [&hellip;]<\/p>\n","protected":false},"author":1,"featured_media":0,"comment_status":"open","ping_status":"","sticky":false,"template":"","format":"standard","meta":{"footnotes":""},"categories":[89],"tags":[226,209],"class_list":["post-2114322","post","type-post","status-publish","format-standard","hentry","category-romania","tag-crawlmanager","tag-monitoruldevrancea-ro"],"_links":{"self":[{"href":"https:\/\/analyse.optim.biz\/index.php?rest_route=\/wp\/v2\/posts\/2114322","targetHints":{"allow":["GET"]}}],"collection":[{"href":"https:\/\/analyse.optim.biz\/index.php?rest_route=\/wp\/v2\/posts"}],"about":[{"href":"https:\/\/analyse.optim.biz\/index.php?rest_route=\/wp\/v2\/types\/post"}],"author":[{"embeddable":true,"href":"https:\/\/analyse.optim.biz\/index.php?rest_route=\/wp\/v2\/users\/1"}],"replies":[{"embeddable":true,"href":"https:\/\/analyse.optim.biz\/index.php?rest_route=%2Fwp%2Fv2%2Fcomments&post=2114322"}],"version-history":[{"count":0,"href":"https:\/\/analyse.optim.biz\/index.php?rest_route=\/wp\/v2\/posts\/2114322\/revisions"}],"wp:attachment":[{"href":"https:\/\/analyse.optim.biz\/index.php?rest_route=%2Fwp%2Fv2%2Fmedia&parent=2114322"}],"wp:term":[{"taxonomy":"category","embeddable":true,"href":"https:\/\/analyse.optim.biz\/index.php?rest_route=%2Fwp%2Fv2%2Fcategories&post=2114322"},{"taxonomy":"post_tag","embeddable":true,"href":"https:\/\/analyse.optim.biz\/index.php?rest_route=%2Fwp%2Fv2%2Ftags&post=2114322"}],"curies":[{"name":"wp","href":"https:\/\/api.w.org\/{rel}","templated":true}]}}