{"id":2114319,"date":"2026-08-26T21:00:00","date_gmt":"2026-08-26T18:00:00","guid":{"rendered":"https:\/\/analyse.optim.biz\/?p=2114319"},"modified":"2026-08-26T21:00:00","modified_gmt":"2026-08-26T18:00:00","slug":"foto-presedintele-nicusor-halici-a-verificat-stadiul-lucrarilor-la-sala-de-lectura-a-bibliotecii-judetene","status":"publish","type":"post","link":"https:\/\/analyse.optim.biz\/?p=2114319","title":{"rendered":"FOTO! Pre\u0219edintele Nicu\u0219or Halici a verificat stadiul lucr\u0103rilor la Sala de Lectur\u0103 a Bibliotecii Jude\u021bene\u00a0"},"content":{"rendered":"<p>[analyse_image type=&#8221;featured&#8221; src=&#8221;https:\/\/www.monitoruldevrancea.ro\/wp-content\/uploads\/2026\/08\/Halici-scaled.jpg&#8221;]<\/p>\n<div class=\"td_block_wrap tdb_single_content tdi_123 td-pb-border-top td_block_template_1 td-post-content tagdiv-type\" data-td-block-uid=\"tdi_123\">\n<div class=\"tdb-block-inner td-fix-index\">\n<p>Pre\u0219edintele Consiliului Jude\u021bean Vrancea, <strong><em>Nicu\u0219or Halici<\/em><\/strong>, a verificat, pe teren, stadiul lucr\u0103rilor derulate \u00een cadrul proiectului \u201eConsolidare \u0219i restaurare Sala de Lectur\u0103 a Bibliotecii Jude\u021bene Vrancea\u201d, investi\u021bie finan\u021bat\u0103 din fonduri europene prin Programul Regional Sud-Est 2021\u20132027. Lucr\u0103rile avanseaz\u0103 conform graficului, iar obiectivul este ca investi\u021bia s\u0103 fie finalizat\u0103 la timp \u0219i la standardele de calitate prev\u0103zute \u00een proiect.<\/p>\n<p><strong><em>\u201eAm fost pe teren pentru a verifica personal modul \u00een care avanseaz\u0103 lucr\u0103rile \u0219i pentru a m\u0103 asigura c\u0103 proiectul este realizat conform graficului \u0219i cu respectarea strict\u0103 a standardelor de calitate. Este o investi\u021bie important\u0103 pentru Vrancea, pentru c\u0103 nu vorbim doar despre consolidarea \u0219i restaurarea unei cl\u0103diri, ci despre crearea unui spa\u021biu modern, sigur \u0219i eficient energetic, destinat educa\u021biei, cercet\u0103rii \u0219i lecturii. Ne dorim ca Sala de Lectur\u0103 s\u0103 redevin\u0103 un loc viu al comunit\u0103\u021bii, \u00een care elevii, studen\u021bii, profesorii, cercet\u0103torii, scriitorii \u0219i to\u021bi cei pasiona\u021bi de carte s\u0103 \u00ee\u0219i poat\u0103 desf\u0103\u0219ura activitatea \u00een cele mai bune condi\u021bii. Continu\u0103m s\u0103 investim \u00een patrimoniul jude\u021bului \u0219i, \u00een acela\u0219i timp, \u00een oameni \u0219i \u00een educa\u021bie\u201d<\/em><\/strong>, a declarat Nicu\u0219or Halici, pre\u0219edintele Consiliului Jude\u021bean Vrancea.<\/p>\n<p><strong>Siguran\u021b\u0103, restaurare \u0219i eficien\u021b\u0103 energetic\u0103<\/strong><\/p>\n<p>Obiectivul general al proiectului const\u0103 \u00een consolidarea \u0219i restaurarea S\u0103lii de Lectur\u0103 a Bibliotecii Jude\u021bene \u201dDuiliu Zamfirescu\u201d Vrancea, interven\u021biile urm\u00e2nd s\u0103 contribuie at\u00e2t la cre\u0219terea gradului de siguran\u021b\u0103 a cl\u0103dirii \u0219i a utilizatorilor acesteia, c\u00e2t \u0219i la cre\u0219terea eficien\u021bei energetice a imobilului.<\/p>\n<p>Printre obiectivele specifice ale investi\u021biei se num\u0103r\u0103: consolidarea structurii de rezisten\u021b\u0103 a cl\u0103dirii, pentru siguran\u021ba utilizatorilor; restaurarea \u0219i dotarea imobilului; realizarea lucr\u0103rilor necesare pentru cre\u0219terea eficien\u021bei energetice; reducerea consumului de energie \u0219i a polu\u0103rii.<\/p>\n<p>La finalizarea proiectului, Sala de Lectur\u0103 a Bibliotecii Jude\u021bene Vrancea, situat\u0103 \u00een municipiul Foc\u0219ani, str. Mr. Gh. Sava nr. 4, va oferi condi\u021bii moderne \u0219i sigure pentru studiu, cercetare \u0219i lectur\u0103, p\u0103str\u00e2nd \u00een acela\u0219i timp valoarea \u0219i identitatea cl\u0103dirii.<\/p>\n<p><strong>Beneficii pentru elevi, studen\u021bi, profesori \u0219i comunitate<\/strong><\/p>\n<p>Beneficiarii direc\u021bi ai proiectului sunt angaja\u021bii care \u00ee\u0219i desf\u0103\u0219oar\u0103 activitatea \u00een cadrul S\u0103lii de Lectur\u0103, iar beneficiarii indirec\u021bi sunt numero\u0219i membri ai comunit\u0103\u021bii. Elevii \u0219i studen\u021bii vor putea utiliza spa\u021biul pentru studiu, preg\u0103tirea examenelor \u0219i olimpiadelor sau pentru realizarea proiectelor \u0219colare. Cadrele didactice vor putea folosi sala pentru preg\u0103tirea materialelor, cercetare academic\u0103 \u0219i \u00eendrumarea studen\u021bilor. De asemenea, investi\u021bia vine \u00een sprijinul scriitorilor \u0219i autorilor vr\u00e2nceni, care vor avea la dispozi\u021bie un spa\u021biu adecvat pentru documentare \u0219i dezvoltarea proiectelor literare, precum \u0219i al tuturor celor interesa\u021bi de lectur\u0103, cultur\u0103 \u0219i cunoa\u0219tere.<\/p>\n<p>Valoarea total\u0103 a proiectului este de 12,8 milioane de lei, finan\u021barea fiind asigurat\u0103 prin Programul Regional Sud-Est 2021\u20132027. Consiliul Jude\u021bean Vrancea continu\u0103 investi\u021biile \u00een patrimoniu, educa\u021bie \u0219i cultur\u0103, pentru ca spa\u021biile publice ale jude\u021bului s\u0103 fie sigure, moderne \u0219i accesibile comunit\u0103\u021bii.<\/p>\n<figure class=\"wp-block-gallery has-nested-images columns-default is-cropped td-modal-on-gallery wp-block-gallery-1 is-layout-flex wp-block-gallery-is-layout-flex\">\n<figure class=\"wp-block-image size-full\"><img loading=\"lazy\" decoding=\"async\" width=\"2560\" height=\"1707\" data-id=\"728617\" src=\"https:\/\/www.monitoruldevrancea.ro\/wp-content\/uploads\/2026\/08\/3W9A6260-scaled.jpg\" alt class=\"wp-image-728617\"><\/figure>\n<figure class=\"wp-block-image size-full\"><img loading=\"lazy\" decoding=\"async\" width=\"2560\" height=\"1707\" data-id=\"728615\" src=\"https:\/\/www.monitoruldevrancea.ro\/wp-content\/uploads\/2026\/08\/3W9A6270-scaled.jpg\" alt class=\"wp-image-728615\"><\/figure>\n<figure class=\"wp-block-image size-full\"><img loading=\"lazy\" decoding=\"async\" width=\"2560\" height=\"1707\" data-id=\"728616\" src=\"https:\/\/www.monitoruldevrancea.ro\/wp-content\/uploads\/2026\/08\/3W9A6340-scaled.jpg\" alt class=\"wp-image-728616\"><\/figure>\n<figure class=\"wp-block-image size-full\"><img decoding=\"async\" loading=\"lazy\" width=\"1600\" height=\"1066\" data-id=\"728614\" src=\"https:\/\/www.monitoruldevrancea.ro\/wp-content\/uploads\/2026\/08\/WhatsApp-Image-2026-08-26-at-11.52.32.jpeg\" alt class=\"wp-image-728614\"><\/figure>\n<\/figure>\n<\/div>\n<\/div>\n<p>[analyse_source url=&#8221;https:\/\/www.monitoruldevrancea.ro\/2026\/08\/27\/foto-presedintele-nicusor-halici-a-verificat-stadiul-lucrarilor-la-sala-de-lectura-a-bibliotecii-judetene\/&#8221;]<\/p>\n","protected":false},"excerpt":{"rendered":"<p>[analyse_image type=&#8221;featured&#8221; src=&#8221;https:\/\/www.monitoruldevrancea.ro\/wp-content\/uploads\/2026\/08\/Halici-scaled.jpg&#8221;] Pre\u0219edintele Consiliului Jude\u021bean Vrancea, Nicu\u0219or Halici, a verificat, pe teren, stadiul lucr\u0103rilor derulate \u00een cadrul proiectului \u201eConsolidare \u0219i restaurare Sala de Lectur\u0103 a Bibliotecii Jude\u021bene Vrancea\u201d, investi\u021bie finan\u021bat\u0103 din fonduri europene prin Programul Regional Sud-Est 2021\u20132027. Lucr\u0103rile avanseaz\u0103 conform graficului, iar obiectivul este ca investi\u021bia s\u0103 fie finalizat\u0103 la timp \u0219i la [&hellip;]<\/p>\n","protected":false},"author":1,"featured_media":0,"comment_status":"open","ping_status":"","sticky":false,"template":"","format":"standard","meta":{"footnotes":""},"categories":[89],"tags":[226,209],"class_list":["post-2114319","post","type-post","status-publish","format-standard","hentry","category-romania","tag-crawlmanager","tag-monitoruldevrancea-ro"],"_links":{"self":[{"href":"https:\/\/analyse.optim.biz\/index.php?rest_route=\/wp\/v2\/posts\/2114319","targetHints":{"allow":["GET"]}}],"collection":[{"href":"https:\/\/analyse.optim.biz\/index.php?rest_route=\/wp\/v2\/posts"}],"about":[{"href":"https:\/\/analyse.optim.biz\/index.php?rest_route=\/wp\/v2\/types\/post"}],"author":[{"embeddable":true,"href":"https:\/\/analyse.optim.biz\/index.php?rest_route=\/wp\/v2\/users\/1"}],"replies":[{"embeddable":true,"href":"https:\/\/analyse.optim.biz\/index.php?rest_route=%2Fwp%2Fv2%2Fcomments&post=2114319"}],"version-history":[{"count":0,"href":"https:\/\/analyse.optim.biz\/index.php?rest_route=\/wp\/v2\/posts\/2114319\/revisions"}],"wp:attachment":[{"href":"https:\/\/analyse.optim.biz\/index.php?rest_route=%2Fwp%2Fv2%2Fmedia&parent=2114319"}],"wp:term":[{"taxonomy":"category","embeddable":true,"href":"https:\/\/analyse.optim.biz\/index.php?rest_route=%2Fwp%2Fv2%2Fcategories&post=2114319"},{"taxonomy":"post_tag","embeddable":true,"href":"https:\/\/analyse.optim.biz\/index.php?rest_route=%2Fwp%2Fv2%2Ftags&post=2114319"}],"curies":[{"name":"wp","href":"https:\/\/api.w.org\/{rel}","templated":true}]}}