{"id":2114282,"date":"2026-08-27T05:49:00","date_gmt":"2026-08-27T02:49:00","guid":{"rendered":"https:\/\/analyse.optim.biz\/?p=2114282"},"modified":"2026-08-27T05:49:00","modified_gmt":"2026-08-27T02:49:00","slug":"alunecare-de-teren-in-tibet-260-de-cetateni-straini-se-numara-printre-cei-558-de-disparuti","status":"publish","type":"post","link":"https:\/\/analyse.optim.biz\/?p=2114282","title":{"rendered":"Alunecare de teren \u00een Tibet \u2013 260 de cet\u0103\u0163eni str\u0103ini se num\u0103r\u0103 printre cei 558 de disp\u0103ru\u0163i"},"content":{"rendered":"<p>[analyse_image type=&#8221;featured&#8221; src=&#8221;https:\/\/ziardesuceava.ro\/wp-content\/uploads\/2026\/08\/nepal-viitura.jpg&#8221;]<\/p>\n<div class=\"post-content clearfix\">\n<div class=\"blog-post-thumb\"><img loading=\"lazy\" decoding=\"async\" width=\"642\" height=\"442\" src=\"https:\/\/ziardesuceava.ro\/wp-content\/uploads\/2026\/08\/nepal-viitura.jpg\" class=\"attachment-inhype-blog-thumb size-inhype-blog-thumb wp-post-image\" alt><\/div>\n<div class=\"entry-content\">\n<p class=\"first-paragraph\">Un total de 260 de str\u0103ini se num\u0103r\u0103 printre cele 558 de persoane disp\u0103rute \u00een urma alunec\u0103rii de noroi \u015fi pietre care a lovit Tibetul (sud-vestul Chinei) miercuri, au declarat joi autorit\u0103\u0163ile locale, citate de televiziunea public\u0103 CCTV, scrie AFP.<\/p>\n<p>Acestea nu au precizat na\u0163ionalit\u0103\u0163ile persoanelor disp\u0103rute \u00een urma acestei tragedii, care a avut loc \u00een apropierea unui important punct de trecere a frontierei cu Nepalul.<\/p>\n<p>Situat \u00een inima Himalaya, Nepalul este o destina\u0163ie turistic\u0103 foarte apreciat\u0103 de drume\u0163i \u015fi alpini\u015fti din \u00eentreaga lume, care doresc, \u00een special, s\u0103 urce pe Muntele Everest.<\/p>\n<p>298 de chinezi sunt da\u0163i disp\u0103ru\u0163i, pe l\u00e2ng\u0103 260 de str\u0103ini a c\u0103ror na\u0163ionalitate nu a fost precizat\u0103 p\u00e2n\u0103 \u00een acest moment de c\u0103tre mass-media de stat.<\/p>\n<p>Potrivit Oficiului de Turism, 75 de turi\u015fti nepalezi sunt da\u0163i disp\u0103ru\u0163i, pe l\u00e2ng\u0103 393 de str\u0103ini.<\/p>\n<p>Potrivit Oficiului de Turism din Nepal, 142 dintre persoanele disp\u0103rute sunt cet\u0103\u0163eni indieni.<\/p>\n<p>Potrivit guvernului ucrainean, poli\u0163ia turistic\u0103 din Nepal consider\u0103 c\u0103 53 de cet\u0103\u0163eni ucraineni sunt da\u0163i disp\u0103ru\u0163i. Autorit\u0103\u0163ile nepaleze au pierdut, \u00een special, leg\u0103tura cu un grup de 46 de turi\u015fti ucraineni, potrivit acestei surse.<\/p>\n<p>Potrivit Oficiului de Turism din Nepal, 17 cet\u0103\u0163eni malaysieni sunt da\u0163i disp\u0103ru\u0163i. Ministerul Afacerilor Externe din Malaezia a anun\u0163at c\u0103 11 cet\u0103\u0163eni ai s\u0103i sunt da\u0163i disp\u0103ru\u0163i \u00een districtul Rasuwa, la est de Kathmandu.<\/p>\n<p>Doisprezece cet\u0103\u0163eni britanici, care c\u0103l\u0103toreau cu agen\u0163ia Alpine Eco Trek, nu au dat niciun semn de via\u0163\u0103. Operatorul turistic Himalayan Glacier raporteaz\u0103, la r\u00e2ndul s\u0103u, c\u0103 doi britanici sunt disp\u0103ru\u0163i.<\/p>\n<p>Nou\u0103 sud-coreeni care lucrau la construc\u0163ia unei centrale hidroelectrice \u00een districtul Rasuwa nu au mai dat niciun semn de via\u0163\u0103, potrivit autorit\u0103\u0163ilor din Seul.<\/p>\n<p>Patru turi\u015fti sud-africani care c\u0103l\u0103toreau cu agen\u0163ia Alpine Eco Trek sunt da\u0163i disp\u0103ru\u0163i.<\/p>\n<p>Trei cet\u0103\u0163eni americani care c\u0103l\u0103toreau cu Fishtail Tours &amp; Travels sunt da\u0163i disp\u0103ru\u0163i, potrivit Oficiului de Turism. La r\u00e2ndul s\u0103u, operatorul turistic Himalayan Glacier raporteaz\u0103 c\u0103 opt americani \u015fi un rus-american sunt da\u0163i disp\u0103ru\u0163i.<\/p>\n<p>O cet\u0103\u0163ean\u0103 portughez\u0103 care se afla \u00eempreun\u0103 cu un grup la punctul de trecere a frontierei dintre China \u015fi Nepal, pe partea nepalez\u0103, a disp\u0103rut \u00een urma inunda\u0163iilor, a precizat Ministerul Afacerilor Externe din Portugalia.<\/p>\n<p>Ministerul a semnalat ulterior dispari\u0163ia unui alt cet\u0103\u0163ean portughez, un b\u0103rbat.<\/p>\n<p>Prim-ministrul australian Anthony Albanese a anun\u0163at c\u0103 34 de australieni sunt da\u0163i disp\u0103ru\u0163i \u00een urma inunda\u0163iilor. \u201eG\u00e2ndurile noastre se \u00eendreapt\u0103 c\u0103tre to\u0163i cei care \u00ee\u015fi fac ast\u0103zi griji pentru cei dragi\u201d, a declarat el. Agen\u0163ia de turism Himalayan Glacier a precizat c\u0103 15 dintre clien\u0163ii s\u0103i australieni sunt da\u0163i disp\u0103ru\u0163i, printre care \u015fi doi adolescen\u0163i.<\/p>\n<p>Un cet\u0103\u0163ean olandez este dat disp\u0103rut.<\/p>\n<p>Japonia a anun\u0163at c\u0103 cinci cet\u0103\u0163eni ai s\u0103i sunt da\u0163i disp\u0103ru\u0163i.<\/p>\n<p>Ministerul Afacerilor Externe italian a identificat 90 de cet\u0103\u0163eni italieni afla\u0163i \u00een Nepal \u015fi Tibet. Acesta a anun\u0163at c\u0103 doi turi\u015fti italieni \u015fi ghidul lor sunt bloca\u0163i \u00een amonte de o alunecare de teren \u015fi sunt \u00een curs de a fi salva\u0163i. Nu se cunoa\u015fte soarta celorlal\u0163i.<\/p>\n<p>Zece canadieni care f\u0103ceau parte dintr-un grup de 47 de turi\u015fti sunt da\u0163i disp\u0103ru\u0163i, potrivit operatorului turistic Himalayan Glacier.<\/p>\n<p>Doi singaporezi care f\u0103ceau parte dintr-un grup de 47 de turi\u015fti sunt da\u0163i disp\u0103ru\u0163i, potrivit operatorului turistic Himalayan Glacier. Na\u0163ionalit\u0103\u0163i neconfirmate.<\/p>\n<p>Mai multe agen\u0163ii de turism au semnalat, de asemenea, dispari\u0163ia unor str\u0103ini a c\u0103ror na\u0163ionalitate nu a fost \u00eenc\u0103 confirmat\u0103.<\/p>\n<p>Printre ace\u015ftia se aflau 77 de persoane care c\u0103l\u0103toreau cu Trekkers Society, 26 cu Kailash Journey \u015fi opt cu Richa Tours &amp; Travels.<\/p>\n<\/div>\n<div class=\"inhype-social-share-fixed sidebar-position-right\">\n<div class=\"post-social-wrapper\">\n<div class=\"post-social-title\"><span class=\"post-social-title-text\">Share<\/span><\/div>\n<\/div>\n<\/div>\n<\/div>\n<p>[analyse_source url=&#8221;https:\/\/ziardesuceava.ro\/alunecare-de-teren-in-tibet-260-de-cetateni-straini-se-numara-printre-cei-558-de-disparuti\/&#8221;]<\/p>\n","protected":false},"excerpt":{"rendered":"<p>[analyse_image type=&#8221;featured&#8221; src=&#8221;https:\/\/ziardesuceava.ro\/wp-content\/uploads\/2026\/08\/nepal-viitura.jpg&#8221;] Un total de 260 de str\u0103ini se num\u0103r\u0103 printre cele 558 de persoane disp\u0103rute \u00een urma alunec\u0103rii de noroi \u015fi pietre care a lovit Tibetul (sud-vestul Chinei) miercuri, au declarat joi autorit\u0103\u0163ile locale, citate de televiziunea public\u0103 CCTV, scrie AFP. Acestea nu au precizat na\u0163ionalit\u0103\u0163ile persoanelor disp\u0103rute \u00een urma acestei tragedii, care [&hellip;]<\/p>\n","protected":false},"author":1,"featured_media":0,"comment_status":"open","ping_status":"","sticky":false,"template":"","format":"standard","meta":{"footnotes":""},"categories":[89],"tags":[226,171],"class_list":["post-2114282","post","type-post","status-publish","format-standard","hentry","category-romania","tag-crawlmanager","tag-ziardesuceava-ro"],"_links":{"self":[{"href":"https:\/\/analyse.optim.biz\/index.php?rest_route=\/wp\/v2\/posts\/2114282","targetHints":{"allow":["GET"]}}],"collection":[{"href":"https:\/\/analyse.optim.biz\/index.php?rest_route=\/wp\/v2\/posts"}],"about":[{"href":"https:\/\/analyse.optim.biz\/index.php?rest_route=\/wp\/v2\/types\/post"}],"author":[{"embeddable":true,"href":"https:\/\/analyse.optim.biz\/index.php?rest_route=\/wp\/v2\/users\/1"}],"replies":[{"embeddable":true,"href":"https:\/\/analyse.optim.biz\/index.php?rest_route=%2Fwp%2Fv2%2Fcomments&post=2114282"}],"version-history":[{"count":0,"href":"https:\/\/analyse.optim.biz\/index.php?rest_route=\/wp\/v2\/posts\/2114282\/revisions"}],"wp:attachment":[{"href":"https:\/\/analyse.optim.biz\/index.php?rest_route=%2Fwp%2Fv2%2Fmedia&parent=2114282"}],"wp:term":[{"taxonomy":"category","embeddable":true,"href":"https:\/\/analyse.optim.biz\/index.php?rest_route=%2Fwp%2Fv2%2Fcategories&post=2114282"},{"taxonomy":"post_tag","embeddable":true,"href":"https:\/\/analyse.optim.biz\/index.php?rest_route=%2Fwp%2Fv2%2Ftags&post=2114282"}],"curies":[{"name":"wp","href":"https:\/\/api.w.org\/{rel}","templated":true}]}}