{"id":2114272,"date":"2026-08-27T08:19:16","date_gmt":"2026-08-27T05:19:16","guid":{"rendered":"https:\/\/analyse.optim.biz\/?p=2114272"},"modified":"2026-08-27T08:19:16","modified_gmt":"2026-08-27T05:19:16","slug":"averse-torentiale-si-izolat-vijelii-cu-rafale-de-pana-la-70-km-h","status":"publish","type":"post","link":"https:\/\/analyse.optim.biz\/?p=2114272","title":{"rendered":"Averse toren\u0163iale \u015fi izolat vijelii cu rafale de p\u00e2n\u0103 la 70 km\/h"},"content":{"rendered":"<p>[analyse_image type=&#8221;featured&#8221; src=&#8221;https:\/\/ziardesuceava.ro\/wp-content\/uploads\/2026\/08\/ploaie-vant-shutterstock-6.jpg&#8221;]<\/p>\n<div class=\"post-content clearfix\">\n<div class=\"blog-post-thumb\"><img loading=\"lazy\" decoding=\"async\" width=\"860\" height=\"630\" src=\"https:\/\/ziardesuceava.ro\/wp-content\/uploads\/2026\/08\/ploaie-vant-shutterstock-6.jpg\" class=\"attachment-inhype-blog-thumb size-inhype-blog-thumb wp-post-image\" alt><\/div>\n<div class=\"entry-content\">\n<p class=\"first-paragraph\">Meteorologii au emis, joi, o aten\u0163ionare Cod galben de averse toren\u0163iale, v\u00e2nt \u015fi izolat vijelii, cu rafale de p\u00e2n\u0103 la 70 km\/h, \u00een Transilvania, Muntenia sud-vestul Moldovei, Dobrogea \u015fi Carpa\u0163ii Meridionali \u015fi Orientali, valabil\u0103 p\u00e2n\u0103 la ora 1.00. Vineri, Pe parcursul zilei de vineri, \u00een Dobrogea, estul Munteniei \u015fi sud-estul Moldovei vor fi intensific\u0103ri de v\u00e2nt. \u015ei la Bucure\u015fti joi va ploua \u00een avers\u0103, va bate v\u00e2ntul \u015fi vor fi chiar condi\u0163ii de grindin\u0103, \u00eens\u0103 vineri vremea va deveni frumoas\u0103, cu temperaturi apropiate de mediile multianuale specifice datei din calendar.<\/p>\n<p>Administra\u0163ia Na\u0163ional\u0103 de Meteorologie (ANM) a emis,joi, o aten\u0163ionare Cod galben de instabilitate atmosferic\u0103 \u015fi averse toren\u0163iale \u00eensemnate cantitativm \u00een cea mai mare parte a Transilvaniei \u015fi Munteniei, sud-vestul Moldovei, Dobrogea, Carpa\u0163ii Meridionali \u015fi Orientali.<\/p>\n<p>Potrivit sursei citate, \u00een aceste zone vor fi, pe parcursul zilei de joi \u015fi p\u00e2n\u0103 \u00een noaptea de joi spre vineri, la ora 1.00, vor fi perioade cu instabilitate atmosferic\u0103 ce se va manifesta prin averse toren\u0163iale \u00eensemnate cantitativ, desc\u0103rc\u0103ri electrice, intensific\u0103ri ale v\u00e2ntului, izolat vijelii, cu rafale de 50\u202670 km\/h \u015fi grindin\u0103 de mici \u015fi medii dimensiuni, de p\u00e2n\u0103 la 4 centimetri.<\/p>\n<p>\u00cen intervale scurte de timp de p\u00e2n\u0103 la trei ore \u015fi prin acumulare cantit\u0103\u0163ile de ap\u0103 vor fi de 20\u202625 l\/mp \u015fi pe arii restr\u00e2nse de peste 30\u202650 l\/mp.<\/p>\n<p>Manifest\u0103ri de instabilitate atmosferic\u0103 vor fi pe arii restr\u00e2nse \u015fi \u00een restul teritoriului.<\/p>\n<p><img loading=\"lazy\" decoding=\"async\" class=\"alignnone wp-image-207294 size-full\" src=\"https:\/\/ziardesuceava.ro\/wp-content\/uploads\/2026\/08\/Screenshot-2026-08-27-110805.png\" alt width=\"1252\" height=\"837\"><\/p>\n<p>Pentru ziua de vineri, meteorologii au emis o aten\u0163ionare Cod galben de v\u00e2nt pentru Dobrogea, estul Munteniei \u015fi sud-estul Moldovei, unde vor fi rafale de p\u00e2n\u0103 la 70 km\/h.<\/p>\n<p>\u00cen func\u0163ie de evolu\u0163ia \u015fi intensitatea fenomenelor meteorologice, Administra\u0163ia Na\u0163ional\u0103 de Meteorologie va actualiza prezentul mesaj inclusiv prin avertiz\u0103ri pentru fenomene severe imediate, adaug\u0103 sursa citat\u0103.<\/p>\n<p>La Bucure\u015fti, \u00een intervalul 27 august ora 10:00 \u2013 28 august ora 09:00, cerul va avea \u00eennor\u0103ri, iar \u00eencep\u00e2nd cu orele dup\u0103-amiezii vor fi averse, cu cantit\u0103\u0163i de ap\u0103 de 10\u202615 l\/mp \u015fi izolat de peste 20 l\/mp, desc\u0103rc\u0103ri electrice \u015fi intensific\u0103ri de scurt\u0103 durat\u0103 ale v\u00e2ntului cu rafale de 50\u202670 km\/h. De asemenea, vor fi condi\u0163ii de grindin\u0103 de mici dimensiuni. Temperatura maxim\u0103 se va situa \u00een jurul valorii de 28 de grade, iar cea minim\u0103 va fi de 15\u202617 grade.<\/p>\n<p>Vineri, pe parcursul zilei, vremea va deveni frumoas\u0103, iar valorile termice vor fi apropiate de mediile multianuale specifice acestei date. Cerul va fi variabil, cu unele \u00eennor\u0103ri diminea\u0163a, iar v\u00e2ntul va sufla moderat (viteze de 30\u202635 km\/h), iar temperatura maxim\u0103 va fi de 27\u202628 de grade.<\/p>\n<p>\u00cen intervalul 27 august, ora 10 \u2013 28 august, ora 01, pentru municipiul Bucure\u015fti va fi \u00een vigoare o aten\u0163ionare meteorologic\u0103 cod galben pentru instabilitate atmosferic\u0103 \u015fi averse toren\u0163iale \u00eensemnate cantitativ, mai arat\u0103 sursa citat\u0103.<\/p>\n<div><img loading=\"lazy\" decoding=\"async\" class=\"alignnone wp-image-207295 size-full\" src=\"https:\/\/ziardesuceava.ro\/wp-content\/uploads\/2026\/08\/Screenshot-2026-08-27-110831.png\" alt width=\"1201\" height=\"843\"><\/div>\n<\/div>\n<div class=\"inhype-social-share-fixed sidebar-position-right\">\n<div class=\"post-social-wrapper\">\n<div class=\"post-social-title\"><span class=\"post-social-title-text\">Share<\/span><\/div>\n<\/div>\n<\/div>\n<\/div>\n<p>[analyse_source url=&#8221;https:\/\/ziardesuceava.ro\/averse-torentiale-si-izolat-vijelii-cu-rafale-de-pana-la-70-km-h\/&#8221;]<\/p>\n","protected":false},"excerpt":{"rendered":"<p>[analyse_image type=&#8221;featured&#8221; src=&#8221;https:\/\/ziardesuceava.ro\/wp-content\/uploads\/2026\/08\/ploaie-vant-shutterstock-6.jpg&#8221;] Meteorologii au emis, joi, o aten\u0163ionare Cod galben de averse toren\u0163iale, v\u00e2nt \u015fi izolat vijelii, cu rafale de p\u00e2n\u0103 la 70 km\/h, \u00een Transilvania, Muntenia sud-vestul Moldovei, Dobrogea \u015fi Carpa\u0163ii Meridionali \u015fi Orientali, valabil\u0103 p\u00e2n\u0103 la ora 1.00. Vineri, Pe parcursul zilei de vineri, \u00een Dobrogea, estul Munteniei \u015fi sud-estul Moldovei vor [&hellip;]<\/p>\n","protected":false},"author":1,"featured_media":0,"comment_status":"open","ping_status":"","sticky":false,"template":"","format":"standard","meta":{"footnotes":""},"categories":[89],"tags":[226,171],"class_list":["post-2114272","post","type-post","status-publish","format-standard","hentry","category-romania","tag-crawlmanager","tag-ziardesuceava-ro"],"_links":{"self":[{"href":"https:\/\/analyse.optim.biz\/index.php?rest_route=\/wp\/v2\/posts\/2114272","targetHints":{"allow":["GET"]}}],"collection":[{"href":"https:\/\/analyse.optim.biz\/index.php?rest_route=\/wp\/v2\/posts"}],"about":[{"href":"https:\/\/analyse.optim.biz\/index.php?rest_route=\/wp\/v2\/types\/post"}],"author":[{"embeddable":true,"href":"https:\/\/analyse.optim.biz\/index.php?rest_route=\/wp\/v2\/users\/1"}],"replies":[{"embeddable":true,"href":"https:\/\/analyse.optim.biz\/index.php?rest_route=%2Fwp%2Fv2%2Fcomments&post=2114272"}],"version-history":[{"count":0,"href":"https:\/\/analyse.optim.biz\/index.php?rest_route=\/wp\/v2\/posts\/2114272\/revisions"}],"wp:attachment":[{"href":"https:\/\/analyse.optim.biz\/index.php?rest_route=%2Fwp%2Fv2%2Fmedia&parent=2114272"}],"wp:term":[{"taxonomy":"category","embeddable":true,"href":"https:\/\/analyse.optim.biz\/index.php?rest_route=%2Fwp%2Fv2%2Fcategories&post=2114272"},{"taxonomy":"post_tag","embeddable":true,"href":"https:\/\/analyse.optim.biz\/index.php?rest_route=%2Fwp%2Fv2%2Ftags&post=2114272"}],"curies":[{"name":"wp","href":"https:\/\/api.w.org\/{rel}","templated":true}]}}