{"id":2114246,"date":"2026-08-26T11:54:00","date_gmt":"2026-08-26T08:54:00","guid":{"rendered":"https:\/\/analyse.optim.biz\/?p=2114246"},"modified":"2026-08-26T11:54:00","modified_gmt":"2026-08-26T08:54:00","slug":"statele-unite-au-suspendat-programarile-pentru-vize-in-toata-lumea-ce-se-intampla-cu-cei-care-aveau-deja-interviuri","status":"publish","type":"post","link":"https:\/\/analyse.optim.biz\/?p=2114246","title":{"rendered":"Statele Unite au suspendat program\u0103rile pentru vize \u00een toat\u0103 lumea. Ce se \u00eent\u00e2mpl\u0103 cu cei care aveau deja interviuri"},"content":{"rendered":"<p>[analyse_image type=&#8221;featured&#8221; src=&#8221;https:\/\/radiogoldfm.ro\/wp-content\/uploads\/2026\/08\/statele-unite-au-suspendat-program-rile-pentru-vize-n-toat-lumea-ce-se-nt-mpl-cu-cei-care-aveau-deja-interviuri-main.webphttps:\/\/radiogoldfm.ro\/wp-content\/uploads\/2026\/08\/statele-unite-au-suspendat-program-rile-pentru-vize-n-toat-lumea-ce-se-nt-mpl-cu-cei-care-aveau-deja-interviuri-main.webp&#8221;]<\/p>\n<div class=\"qt-the-content\">\n<p>Guvernul Statelor Unite a suspendat mar\u0163i program\u0103rile pentru vize la ambasadele \u015fi consulatele din \u00eentreaga lume, pentru to\u0163i solicitan\u0163ii. Un purt\u0103tor de cuv\u00e2nt a anun\u0163at c\u0103 Departamentul de Stat de la Washington a lansat o ini\u0163iativ\u0103 global\u0103 de instruire la toate reprezentan\u0163ele diplomatice americane, iar serviciile pentru vize urmeaz\u0103 s\u0103 fie reprogramate pentru a permite formarea personalului.<\/p>\n<p>Sub conducerea pre\u015fedintelui Donald Trump, administra\u0163ia american\u0103 a \u00eenceput o campanie de reprimare a imigra\u0163iei \u00een SUA, inclusiv prin m\u0103suri agresive de deportare, anularea de vize \u015fi \u201cgreen cards\u201d \u2013 c\u0103r\u0163ile verzi, permise de re\u015fedin\u0163\u0103 \u015fi munc\u0103, precum \u015fi prin respingerea cererilor de viz\u0103 din diverse motive cum ar fi opiniile politice ale solicitan\u0163ilor sau participarea acestora la proteste \u00een favoarea palestinienilor \u015fi \u00eempotriva ofensivei israeliene din Gaza, aminte\u015fte Reuters.<\/p>\n<p>Departamentul de Stat nu a dat detalii despre instruirea personalului \u015fi despre calendarul programului, afirm\u00e2nd doar c\u0103 obiectivul este de a permite func\u0163ionarilor consulari s\u0103 resping\u0103 solicitan\u0163ii care au \u015fanse mari s\u0103 devin\u0103 dependen\u0163i de asisten\u0163a social\u0103 din SUA; evaluarea cererilor trebuie s\u0103 fie \u201ccuprinz\u0103toare \u015fi coerent\u0103\u201d. Financial Times informase deja despre suspendarea program\u0103rilor, preciz\u00e2nd c\u0103 solicitan\u0163ii deja programa\u0163i la interviuri la ambasade \u015fi consulate au primit e-mailuri privind reprogramarea la o dat\u0103 ulterioar\u0103, care le va fi comunicat\u0103.<\/p>\n<p><em><strong>surs\u0103: <a href=\"https:\/\/www.ziuanews.ro\/stiri\/statele-unite-au-suspendat-programarile-pentru-vize-in-toata-lumea-ce-se-intampla-cu-cei-care-aveau-deja-interviuri-1596057\">ziuanews.ro<\/a><\/strong><\/em><\/p>\n<div class=\"tagcloud qt-spacer-m\"><span class=\"qt-title\">Tagged as <\/span><a href=\"https:\/\/radiogoldfm.ro\/tag\/gold-fm\/\" rel=\"tag\">GOLD FM<\/a><a href=\"https:\/\/radiogoldfm.ro\/tag\/interviuri\/\" rel=\"tag\">interviuri<\/a><a href=\"https:\/\/radiogoldfm.ro\/tag\/programari\/\" rel=\"tag\">programari<\/a><a href=\"https:\/\/radiogoldfm.ro\/tag\/romania\/\" rel=\"tag\">romania<\/a><a href=\"https:\/\/radiogoldfm.ro\/tag\/sua\/\" rel=\"tag\">sua<\/a><a href=\"https:\/\/radiogoldfm.ro\/tag\/vize\/\" rel=\"tag\">vize<\/a><\/div>\n<div class=\"qt-post-author qt-card\">\n<div class=\"row\">\n<div class=\"qt-post-author-data col s10 m7 l7\">\n<h6>Profil<\/h6>\n<h4><a href=\"https:\/\/radiogoldfm.ro\/statele-unite-au-suspendat-programarile-pentru-vize-in-toata-lumea-ce-se-intampla-cu-cei-care-aveau-deja-interviuri\/#author_page\">Gold FM Radio<\/a><\/h4>\n<\/div>\n<div class=\"qt-post-author-link col s12 m3 l4 \"><a href=\"https:\/\/radiogoldfm.ro\/author\/gold-fm\/\" class=\"qt-btn qt-btn-large qt-btn-primary aligncenter\">Arhiva postari<\/a><\/div>\n<\/div>\n<\/div>\n<\/div>\n<p>[analyse_source url=&#8221;https:\/\/radiogoldfm.ro\/statele-unite-au-suspendat-programarile-pentru-vize-in-toata-lumea-ce-se-intampla-cu-cei-care-aveau-deja-interviuri\/&#8221;]<\/p>\n","protected":false},"excerpt":{"rendered":"<p>[analyse_image type=&#8221;featured&#8221; src=&#8221;https:\/\/radiogoldfm.ro\/wp-content\/uploads\/2026\/08\/statele-unite-au-suspendat-program-rile-pentru-vize-n-toat-lumea-ce-se-nt-mpl-cu-cei-care-aveau-deja-interviuri-main.webphttps:\/\/radiogoldfm.ro\/wp-content\/uploads\/2026\/08\/statele-unite-au-suspendat-program-rile-pentru-vize-n-toat-lumea-ce-se-nt-mpl-cu-cei-care-aveau-deja-interviuri-main.webp&#8221;] Guvernul Statelor Unite a suspendat mar\u0163i program\u0103rile pentru vize la ambasadele \u015fi consulatele din \u00eentreaga lume, pentru to\u0163i solicitan\u0163ii. Un purt\u0103tor de cuv\u00e2nt a anun\u0163at c\u0103 Departamentul de Stat de la Washington a lansat o ini\u0163iativ\u0103 global\u0103 de instruire la toate reprezentan\u0163ele diplomatice americane, iar serviciile pentru vize urmeaz\u0103 s\u0103 fie reprogramate [&hellip;]<\/p>\n","protected":false},"author":1,"featured_media":0,"comment_status":"open","ping_status":"","sticky":false,"template":"","format":"standard","meta":{"footnotes":""},"categories":[89],"tags":[226,96],"class_list":["post-2114246","post","type-post","status-publish","format-standard","hentry","category-romania","tag-crawlmanager","tag-radiogoldfm-ro"],"_links":{"self":[{"href":"https:\/\/analyse.optim.biz\/index.php?rest_route=\/wp\/v2\/posts\/2114246","targetHints":{"allow":["GET"]}}],"collection":[{"href":"https:\/\/analyse.optim.biz\/index.php?rest_route=\/wp\/v2\/posts"}],"about":[{"href":"https:\/\/analyse.optim.biz\/index.php?rest_route=\/wp\/v2\/types\/post"}],"author":[{"embeddable":true,"href":"https:\/\/analyse.optim.biz\/index.php?rest_route=\/wp\/v2\/users\/1"}],"replies":[{"embeddable":true,"href":"https:\/\/analyse.optim.biz\/index.php?rest_route=%2Fwp%2Fv2%2Fcomments&post=2114246"}],"version-history":[{"count":0,"href":"https:\/\/analyse.optim.biz\/index.php?rest_route=\/wp\/v2\/posts\/2114246\/revisions"}],"wp:attachment":[{"href":"https:\/\/analyse.optim.biz\/index.php?rest_route=%2Fwp%2Fv2%2Fmedia&parent=2114246"}],"wp:term":[{"taxonomy":"category","embeddable":true,"href":"https:\/\/analyse.optim.biz\/index.php?rest_route=%2Fwp%2Fv2%2Fcategories&post=2114246"},{"taxonomy":"post_tag","embeddable":true,"href":"https:\/\/analyse.optim.biz\/index.php?rest_route=%2Fwp%2Fv2%2Ftags&post=2114246"}],"curies":[{"name":"wp","href":"https:\/\/api.w.org\/{rel}","templated":true}]}}