{"id":2114241,"date":"2026-08-25T14:55:00","date_gmt":"2026-08-25T11:55:00","guid":{"rendered":"https:\/\/analyse.optim.biz\/?p=2114241"},"modified":"2026-08-25T14:55:00","modified_gmt":"2026-08-25T11:55:00","slug":"alegeri-prezidentiale-in-franta-marine-le-pen-conduce-detasat-iar-jean-luc-melenchon-duce-extrema-stanga-in-turul-al-doilea-al-alegerilor-din-2027","status":"publish","type":"post","link":"https:\/\/analyse.optim.biz\/?p=2114241","title":{"rendered":"Alegeri preziden\u021biale \u00een Fran\u021ba: Marine Le Pen conduce deta\u0219at iar Jean-Luc M\u00e9lenchon duce extrema st\u00e2ng\u0103 \u00een turul al doilea al alegerilor din 2027"},"content":{"rendered":"<p>[analyse_image type=&#8221;featured&#8221; src=&#8221;https:\/\/radiogoldfm.ro\/wp-content\/uploads\/2026\/08\/franta-marine-le-pen-conduce-detasat-iar-jean-luc-melenchon-duce-extrema-stanga-in-turul-al-doilea-al-alegerilor-prezidentiale-din-2027-84274.jpghttps:\/\/radiogoldfm.ro\/wp-content\/uploads\/2026\/08\/franta-marine-le-pen-conduce-detasat-iar-jean-luc-melenchon-duce-extrema-stanga-in-turul-al-doilea-al-alegerilor-prezidentiale-din-2027-84274.jpg&#8221;]<\/p>\n<div class=\"qt-the-content\">\n<p><strong>Liderul forma\u021biunii de extrema stanga La France Insoumise (LFI), Jean-Luc M\u00e9lenchon, \u00eenregistreaz\u0103 o cre\u0219tere semnificativ\u0103 \u00een inten\u021biile de vot \u0219i se plaseaz\u0103 \u00een pozi\u021bie favorabil\u0103 pentru calificarea \u00een turul al doilea al alegerilor preziden\u021biale din 2027, potrivit unui sondaj recent realizat de Toluna Harris Interactive pentru M6 \u0219i RTL. Progresul s\u0103u \u00eel aduce la egalitate sau chiar peste poten\u021bialii candida\u021bi ai centrului, precum \u00c9douard Philippe \u0219i Gabriel Attal, \u00een majoritatea scenariilor analizate. \u00cen acela\u0219i timp, studiul o indic\u0103 pe Marine Le Pen drept lider deta\u0219at al primului tur, men\u021bin\u00e2nd un avans consistent \u00een fa\u021ba tuturor contracandida\u021bilor, conform\u00a0<a href=\"https:\/\/www.lefigaro.fr\/politique\/presidentielle-melenchon-en-position-de-se-qualifier-pour-le-second-tour-selon-un-sondage-20260824\" target=\"_blank\" rel=\"noreferrer noopener\">Le Figaro<\/a><\/strong><\/p>\n<p>Candidatul forma\u021biunii de extrema stanga La France insoumise, Jean-Luc M\u00e9lenchon, se afl\u0103 \u00een pozi\u021bia de a se califica \u00een turul al doilea al alegerilor preziden\u021biale, beneficiind de o dinamic\u0103 ce \u00eei permite s\u0103-l ajung\u0103 din urm\u0103 pe macronistul \u00c9douard Philippe, potrivit unui sondaj Harris Interactive-Toluna publicat luni.<\/p>\n<p>Conform acestui sondaj realizat pentru M6 \u0219i RTL, \u00een trei dintre cele cinci configura\u021bii avute \u00een vedere pentru primul tur, M\u00e9lenchon s-ar califica \u00een turul al doilea \u00eempotriva lui Marine Le Pen, iar \u00eentr-un alt scenariu ar fi la egalitate cu \u00c9douard Philippe.<\/p>\n<p>Rezultatele marcheaz\u0103 o cre\u0219tere clar\u0103 pentru candidatul care a participat de patru ori la alegerile preziden\u021biale. \u00cen aprilie, institutul \u00eei atribuia 12% din inten\u021biile de vot, \u00een timp ce acum se situeaz\u0103 \u00eentre 16% \u0219i 17%, \u00een contextul \u00een care tocmai \u0219i-a f\u0103cut revenirea pe scena politic\u0103 \u00een fa\u021ba a c\u00e2teva mii de simpatizan\u021bi reuni\u021bi la Ch\u00e2teauneuf-sur-Is\u00e8re (Dr\u00f4me).<\/p>\n<p>\u00cen detaliu, liderul LFI ar ob\u021bine 16% din voturi \u00eentr-un scenariu \u00een care socialistul Rapha\u00ebl Glucksmann (10%), centristul Gabriel Attal (8%), macronistul \u00c9douard Philippe (14%) \u0219i candidatul republican Bruno Retailleau (6%) ar intra \u00een curs\u0103.<\/p>\n<p>Dar chiar \u0219i \u00een cazul retragerii lui Gabriel Attal sau \u00c9douard Philippe, candidatul LFI ar putea spera la calificare.<\/p>\n<p><strong>Marine Le Pen, \u00een frunte<\/strong><\/p>\n<p>\u00cen acest sondaj, Marine Le Pen se afl\u0103 deta\u0219at pe primul loc, cu \u00eentre 35% \u0219i 38% din inten\u021biile de vot.<\/p>\n<p>Mai mult, lidera Rassemblement National ar c\u00e2\u0219tiga indiferent de adversarul pe care l-ar \u00eent\u00e2lni \u00een turul al doilea: \u00eempotriva lui Jean-Luc M\u00e9lenchon cu 68%-32%, \u00eempotriva lui Gabriel Attal cu 57%-43% \u0219i chiar \u00eempotriva lui \u00c9douard Philippe cu 55%-45%. P\u00e2n\u0103 acum, primarul ora\u0219ului Le Havre era considerat candidatul cel mai bine pozi\u021bionat pentru a o \u00eenvinge pe Marine Le Pen.<\/p>\n<p>Sondajul a fost realizat online \u00een perioada 18-19 august, pe un e\u0219antion de 1.764 de persoane, reprezentativ pentru popula\u021bia francez\u0103 cu v\u00e2rsta de cel pu\u021bin 18 ani, potrivit metodei cotelor. Marja de eroare este cuprins\u0103 \u00eentre 1,4 \u0219i 3,1 puncte procentuale.<\/p>\n<p><em><strong>surs\u0103: <a href=\"https:\/\/www.lefigaro.fr\/politique\/presidentielle-melenchon-en-position-de-se-qualifier-pour-le-second-tour-selon-un-sondage-20260824\" target=\"_blank\" rel=\"noreferrer noopener\">Le Figaro<\/a><\/strong><\/em><\/p>\n<div class=\"tagcloud qt-spacer-m\"><span class=\"qt-title\">Tagged as <\/span><a href=\"https:\/\/radiogoldfm.ro\/tag\/alegeri\/\" rel=\"tag\">alegeri<\/a><a href=\"https:\/\/radiogoldfm.ro\/tag\/alegeri-prezidentiale\/\" rel=\"tag\">alegeri prezidentiale<\/a><a href=\"https:\/\/radiogoldfm.ro\/tag\/gold-fm\/\" rel=\"tag\">GOLD FM<\/a><a href=\"https:\/\/radiogoldfm.ro\/tag\/marine-le-pen\/\" rel=\"tag\">marine le pen<\/a><a href=\"https:\/\/radiogoldfm.ro\/tag\/romania\/\" rel=\"tag\">romania<\/a><\/div>\n<div class=\"qt-post-author qt-card\">\n<div class=\"row\">\n<div class=\"qt-post-author-data col s10 m7 l7\">\n<h6>Profil<\/h6>\n<h4><a href=\"https:\/\/radiogoldfm.ro\/alegeri-prezidentiale-in-franta-marine-le-pen-conduce-detasat-iar-jean-luc-melenchon-duce-extrema-stanga-in-turul-al-doilea-al-alegerilor-din-2027\/#author_page\">Gold FM Radio<\/a><\/h4>\n<\/div>\n<div class=\"qt-post-author-link col s12 m3 l4 \"><a href=\"https:\/\/radiogoldfm.ro\/author\/gold-fm\/\" class=\"qt-btn qt-btn-large qt-btn-primary aligncenter\">Arhiva postari<\/a><\/div>\n<\/div>\n<\/div>\n<\/div>\n<p>[analyse_source url=&#8221;https:\/\/radiogoldfm.ro\/alegeri-prezidentiale-in-franta-marine-le-pen-conduce-detasat-iar-jean-luc-melenchon-duce-extrema-stanga-in-turul-al-doilea-al-alegerilor-din-2027\/&#8221;]<\/p>\n","protected":false},"excerpt":{"rendered":"<p>[analyse_image type=&#8221;featured&#8221; src=&#8221;https:\/\/radiogoldfm.ro\/wp-content\/uploads\/2026\/08\/franta-marine-le-pen-conduce-detasat-iar-jean-luc-melenchon-duce-extrema-stanga-in-turul-al-doilea-al-alegerilor-prezidentiale-din-2027-84274.jpghttps:\/\/radiogoldfm.ro\/wp-content\/uploads\/2026\/08\/franta-marine-le-pen-conduce-detasat-iar-jean-luc-melenchon-duce-extrema-stanga-in-turul-al-doilea-al-alegerilor-prezidentiale-din-2027-84274.jpg&#8221;] Liderul forma\u021biunii de extrema stanga La France Insoumise (LFI), Jean-Luc M\u00e9lenchon, \u00eenregistreaz\u0103 o cre\u0219tere semnificativ\u0103 \u00een inten\u021biile de vot \u0219i se plaseaz\u0103 \u00een pozi\u021bie favorabil\u0103 pentru calificarea \u00een turul al doilea al alegerilor preziden\u021biale din 2027, potrivit unui sondaj recent realizat de Toluna Harris Interactive pentru M6 \u0219i RTL. Progresul s\u0103u \u00eel [&hellip;]<\/p>\n","protected":false},"author":1,"featured_media":0,"comment_status":"open","ping_status":"","sticky":false,"template":"","format":"standard","meta":{"footnotes":""},"categories":[89],"tags":[226,96],"class_list":["post-2114241","post","type-post","status-publish","format-standard","hentry","category-romania","tag-crawlmanager","tag-radiogoldfm-ro"],"_links":{"self":[{"href":"https:\/\/analyse.optim.biz\/index.php?rest_route=\/wp\/v2\/posts\/2114241","targetHints":{"allow":["GET"]}}],"collection":[{"href":"https:\/\/analyse.optim.biz\/index.php?rest_route=\/wp\/v2\/posts"}],"about":[{"href":"https:\/\/analyse.optim.biz\/index.php?rest_route=\/wp\/v2\/types\/post"}],"author":[{"embeddable":true,"href":"https:\/\/analyse.optim.biz\/index.php?rest_route=\/wp\/v2\/users\/1"}],"replies":[{"embeddable":true,"href":"https:\/\/analyse.optim.biz\/index.php?rest_route=%2Fwp%2Fv2%2Fcomments&post=2114241"}],"version-history":[{"count":0,"href":"https:\/\/analyse.optim.biz\/index.php?rest_route=\/wp\/v2\/posts\/2114241\/revisions"}],"wp:attachment":[{"href":"https:\/\/analyse.optim.biz\/index.php?rest_route=%2Fwp%2Fv2%2Fmedia&parent=2114241"}],"wp:term":[{"taxonomy":"category","embeddable":true,"href":"https:\/\/analyse.optim.biz\/index.php?rest_route=%2Fwp%2Fv2%2Fcategories&post=2114241"},{"taxonomy":"post_tag","embeddable":true,"href":"https:\/\/analyse.optim.biz\/index.php?rest_route=%2Fwp%2Fv2%2Ftags&post=2114241"}],"curies":[{"name":"wp","href":"https:\/\/api.w.org\/{rel}","templated":true}]}}