{"id":2114237,"date":"2026-08-27T10:41:04","date_gmt":"2026-08-27T07:41:04","guid":{"rendered":"https:\/\/analyse.optim.biz\/?p=2114237"},"modified":"2026-08-27T10:41:04","modified_gmt":"2026-08-27T07:41:04","slug":"afd-atinge-un-nivel-istoric-de-43-in-germania-de-est-friedrich-merz-se-prabuseste-in-sondaje","status":"publish","type":"post","link":"https:\/\/analyse.optim.biz\/?p=2114237","title":{"rendered":"AfD atinge un nivel istoric de 43% \u00een Germania de Est, Friedrich Merz se pr\u0103bu\u0219e\u0219te \u00een sondaje"},"content":{"rendered":"<p>[analyse_image type=&#8221;featured&#8221; src=&#8221;https:\/\/radiogoldfm.ro\/wp-content\/uploads\/2026\/08\/afd-atinge-un-nivel-istoric-de-43-in-germania-de-est-friedrich-merz-se-prabuseste-in-sondaje-84307.jpghttps:\/\/radiogoldfm.ro\/wp-content\/uploads\/2026\/08\/afd-atinge-un-nivel-istoric-de-43-in-germania-de-est-friedrich-merz-se-prabuseste-in-sondaje-84307.jpg&#8221;]<\/p>\n<div class=\"qt-the-content\">\n<p><strong>Marea majoritate a aleg\u0103torilor din estul Germaniei \u00ee\u0219i reorienteaz\u0103 op\u021biunile politice, propuls\u00e2nd Alternativa pentru Germania (AfD) spre cote istorice. Potrivit sondajului publicat mar\u021bi de Institutul Forsa, AfD se afl\u0103 clar pe primul loc, cu 43%. Urmeaz\u0103, la o distan\u021b\u0103 considerabil\u0103, Die Linke, cu 16%. Partidul de opozi\u021bie devanseaz\u0103 categoric forma\u021biunile tradi\u021bionale, remodel\u00e2nd radical scena politic\u0103 regional\u0103 \u00eenainte de confrunt\u0103rile electorale din aceast\u0103 toamn\u0103, conform<a href=\"https:\/\/www.welt.de\/politik\/deutschland\/article6a8d9195511d4fd3bc4e368f\/trendbarometer-afd-und-linke-bei-den-ost-waehlern-auf-platz-eins-und-zwei.html\" target=\"_blank\" rel=\"noreferrer noopener\">\u00a0Die Welt\u00a0<\/a><\/strong><\/p>\n<p>\u00a0Conform celui mai recent \u201eTrendbarometer\u201d realizat de Forsa pentru televiziunile de \u0219tiri ntv \u0219i RTL, AfD ocup\u0103 primul loc cu un avans considerabil \u00een estul Germaniei (f\u0103r\u0103 Berlin). Potrivit sondajului publicat mar\u021bi de Institutul Forsa, AfD se afl\u0103 clar pe primul loc, cu 43%. Urmeaz\u0103, la o distan\u021b\u0103 considerabil\u0103, Die Linke, cu 16% \u0219i CDU cu 13%. Verzii \u0219i SPD se afl\u0103 la egalitate, cu c\u00e2te 9% fiecare. Toate celelalte partide r\u0103m\u00e2n sub pragul electoral de 5%, inclusiv FDP, care ob\u021bine 3%.<\/p>\n<p id=\"p-rc_089311b65969171a-25\">Pentru CDU sunt prognozate doar 13 procente \u00een est. Verzii \u0219i SPD se afl\u0103 la egalitate, cu c\u00e2te 9% fiecare. Toate celelalte partide r\u0103m\u00e2n sub pragul electoral de 5%, inclusiv FDP, cu 3%. Televiziunile nu au oferit valori comparative directe cu sondajele anterioare.<\/p>\n<p><strong>AfD conduce \u0219i \u00een tendin\u021ba la nivel na\u021bional<\/strong><\/p>\n<p id=\"p-rc_089311b65969171a-26\">Scorurile partidelor pentru \u00eentreaga Germanie au r\u0103mas neschimbate fa\u021b\u0103 de s\u0103pt\u0103m\u00e2na precedent\u0103. AfD continu\u0103 s\u0103 conduc\u0103 cu 28%, urmat\u0103 de CDU\/CSU cu 21% \u0219i de Verzi cu 16%. Pentru SPD \u0219i Die Linke sunt prognozate c\u00e2te 12 procente fiecare. Celelalte partide r\u0103m\u00e2n sub pragul de 5%.<\/p>\n<p id=\"p-rc_089311b65969171a-27\">Astfel, 56% dintre persoanele chestionate nu au \u00eencredere \u00een niciun partid c\u0103 ar putea rezolva cel mai bine problemele din Germania. Cea mai mare \u00eencredere o inspir\u0103 AfD, cu 13%, urmat\u0103 de Uniune (CDU\/CSU) cu 11% \u0219i de Verzi cu 8%. \u00cen cazul SPD \u0219i Die Linke, procentul este de 5% pentru fiecare<\/p>\n<p>Posturile TV nu au oferit valori comparative din sondajele anterioare. Cifrele sunt interesante \u00een perspectiva viitoarelor alegeri regionale din Saxonia-Anhalt (6 septembrie) \u0219i din Mecklenburg-Pomerania Inferioar\u0103, dou\u0103 s\u0103pt\u0103m\u00e2ni mai t\u00e2rziu.<\/p>\n<p>Gradul de satisfac\u021bie fa\u021b\u0103 de activitatea cancelarului federal \u0219i liderului CDU, Friedrich Merz, r\u0103m\u00e2ne \u00een continuare sc\u0103zut. La fel ca \u00een s\u0103pt\u0103m\u00e2na precedent\u0103, doar 13% dintre responden\u021bi s-au declarat mul\u021bumi\u021bi, \u00een timp ce 85% s-au ar\u0103tat nemul\u021bumi\u021bi. Valori similare au fost indicate \u0219i \u00eentr-un clasament realizat de \u201eInsa\u201d, despre care au relatat mar\u021bi publica\u021biile \u201eBild\u201d \u0219i WELT.<\/p>\n<figure class=\"wp-block-embed is-type-rich is-provider-x wp-block-embed-x\">\n<div class=\"wp-block-embed__wrapper\">\n<blockquote class=\"twitter-tweet\" data-width=\"550\" data-dnt=\"true\">\n<p lang=\"de\" dir=\"ltr\">Einer aktuellen Forsa-Umfrage nach liegt die AfD im gesamten Osten bei 43%, w\u00e4hrend die CDU auf nur noch 13% kommt. Die B\u00fcrger wollen die politische Wende!<a href=\"https:\/\/t.co\/c94bESp3Qu\">https:\/\/t.co\/c94bESp3Qu<\/a><a href=\"https:\/\/t.co\/lrKvllJCAa\">pic.twitter.com\/lrKvllJCAa<\/a><\/p>\n<p>\u2014 Alice Weidel (@Alice_Weidel) <a href=\"https:\/\/x.com\/Alice_Weidel\/status\/2092495854724640993?ref_src=twsrc%5Etfw\">August 26, 2026<\/a><\/p><\/blockquote>\n<\/div>\n<\/figure>\n<p><em><strong>surs\u0103: <a href=\"https:\/\/www.welt.de\/politik\/deutschland\/article6a8d9195511d4fd3bc4e368f\/trendbarometer-afd-und-linke-bei-den-ost-waehlern-auf-platz-eins-und-zwei.html\" target=\"_blank\" rel=\"noreferrer noopener\">Die Welt\u00a0<\/a><\/strong><\/em><\/p>\n<div class=\"tagcloud qt-spacer-m\"><span class=\"qt-title\">Tagged as <\/span><a href=\"https:\/\/radiogoldfm.ro\/tag\/cancelar\/\" rel=\"tag\">cancelar<\/a><a href=\"https:\/\/radiogoldfm.ro\/tag\/friedrich-merz\/\" rel=\"tag\">friedrich merz<\/a><a href=\"https:\/\/radiogoldfm.ro\/tag\/germania\/\" rel=\"tag\">Germania<\/a><a href=\"https:\/\/radiogoldfm.ro\/tag\/gold-fm\/\" rel=\"tag\">GOLD FM<\/a><a href=\"https:\/\/radiogoldfm.ro\/tag\/romania\/\" rel=\"tag\">romania<\/a><a href=\"https:\/\/radiogoldfm.ro\/tag\/scor\/\" rel=\"tag\">scor<\/a><a href=\"https:\/\/radiogoldfm.ro\/tag\/sondaje\/\" rel=\"tag\">sondaje<\/a><\/div>\n<div class=\"qt-post-author qt-card\">\n<div class=\"row\">\n<div class=\"qt-post-author-data col s10 m7 l7\">\n<h6>Profil<\/h6>\n<h4><a href=\"https:\/\/radiogoldfm.ro\/afd-atinge-un-nivel-istoric-de-43-in-germania-de-est-friedrich-merz-se-prabuseste-in-sondaje\/#author_page\">Gold FM Radio<\/a><\/h4>\n<\/div>\n<div class=\"qt-post-author-link col s12 m3 l4 \"><a href=\"https:\/\/radiogoldfm.ro\/author\/gold-fm\/\" class=\"qt-btn qt-btn-large qt-btn-primary aligncenter\">Arhiva postari<\/a><\/div>\n<\/div>\n<\/div>\n<\/div>\n<p>[analyse_source url=&#8221;https:\/\/radiogoldfm.ro\/afd-atinge-un-nivel-istoric-de-43-in-germania-de-est-friedrich-merz-se-prabuseste-in-sondaje\/&#8221;]<\/p>\n","protected":false},"excerpt":{"rendered":"<p>[analyse_image type=&#8221;featured&#8221; src=&#8221;https:\/\/radiogoldfm.ro\/wp-content\/uploads\/2026\/08\/afd-atinge-un-nivel-istoric-de-43-in-germania-de-est-friedrich-merz-se-prabuseste-in-sondaje-84307.jpghttps:\/\/radiogoldfm.ro\/wp-content\/uploads\/2026\/08\/afd-atinge-un-nivel-istoric-de-43-in-germania-de-est-friedrich-merz-se-prabuseste-in-sondaje-84307.jpg&#8221;] Marea majoritate a aleg\u0103torilor din estul Germaniei \u00ee\u0219i reorienteaz\u0103 op\u021biunile politice, propuls\u00e2nd Alternativa pentru Germania (AfD) spre cote istorice. Potrivit sondajului publicat mar\u021bi de Institutul Forsa, AfD se afl\u0103 clar pe primul loc, cu 43%. Urmeaz\u0103, la o distan\u021b\u0103 considerabil\u0103, Die Linke, cu 16%. Partidul de opozi\u021bie devanseaz\u0103 categoric forma\u021biunile tradi\u021bionale, remodel\u00e2nd [&hellip;]<\/p>\n","protected":false},"author":1,"featured_media":0,"comment_status":"open","ping_status":"","sticky":false,"template":"","format":"standard","meta":{"footnotes":""},"categories":[89],"tags":[226,96],"class_list":["post-2114237","post","type-post","status-publish","format-standard","hentry","category-romania","tag-crawlmanager","tag-radiogoldfm-ro"],"_links":{"self":[{"href":"https:\/\/analyse.optim.biz\/index.php?rest_route=\/wp\/v2\/posts\/2114237","targetHints":{"allow":["GET"]}}],"collection":[{"href":"https:\/\/analyse.optim.biz\/index.php?rest_route=\/wp\/v2\/posts"}],"about":[{"href":"https:\/\/analyse.optim.biz\/index.php?rest_route=\/wp\/v2\/types\/post"}],"author":[{"embeddable":true,"href":"https:\/\/analyse.optim.biz\/index.php?rest_route=\/wp\/v2\/users\/1"}],"replies":[{"embeddable":true,"href":"https:\/\/analyse.optim.biz\/index.php?rest_route=%2Fwp%2Fv2%2Fcomments&post=2114237"}],"version-history":[{"count":0,"href":"https:\/\/analyse.optim.biz\/index.php?rest_route=\/wp\/v2\/posts\/2114237\/revisions"}],"wp:attachment":[{"href":"https:\/\/analyse.optim.biz\/index.php?rest_route=%2Fwp%2Fv2%2Fmedia&parent=2114237"}],"wp:term":[{"taxonomy":"category","embeddable":true,"href":"https:\/\/analyse.optim.biz\/index.php?rest_route=%2Fwp%2Fv2%2Fcategories&post=2114237"},{"taxonomy":"post_tag","embeddable":true,"href":"https:\/\/analyse.optim.biz\/index.php?rest_route=%2Fwp%2Fv2%2Ftags&post=2114237"}],"curies":[{"name":"wp","href":"https:\/\/api.w.org\/{rel}","templated":true}]}}