{"id":2114220,"date":"2026-08-27T06:30:35","date_gmt":"2026-08-27T03:30:35","guid":{"rendered":"https:\/\/analyse.optim.biz\/?p=2114220"},"modified":"2026-08-27T06:30:35","modified_gmt":"2026-08-27T03:30:35","slug":"a-ajuns-pe-toate-cele-14-varfuri-de-peste-8-000-m-povestea-lui-adrian-laza-la-biaf","status":"publish","type":"post","link":"https:\/\/analyse.optim.biz\/?p=2114220","title":{"rendered":"A ajuns pe toate cele 14 v\u00e2rfuri de peste 8.000 m. Povestea lui Adrian Laza, la BIAF"},"content":{"rendered":"<p>[analyse_image type=&#8221;featured&#8221; src=&#8221;https:\/\/opiniabuzau.ro\/wp-content\/uploads\/2026\/08\/adrian-laza-2026-scaled.webp&#8221;]<\/p>\n<div class=\"entry-content entry clearfix\">\n<blockquote>\n<p class=\"isSelectedEnd\"><strong>Pe 29 august, de la ora 20.00, la Amfiteatrul din Parcul Tineretului va avea loc una dintre proiec\u021biile speciale incluse \u00een programul Buz\u0103u International Film Festival \u2013 BUZZ IFF 2026. Este vorba despre documentarul \u201eAd Astra per Aspera\u201d, care urm\u0103re\u0219te experien\u021ba alpinistului Adrian Laza, primul rom\u00e2n care a atins toate cele 14 v\u00e2rfuri de peste 8.000 de metri ale lumii.<\/strong><\/p>\n<\/blockquote>\n<p class=\"isSelectedEnd\">Evenimentul este construit \u00een jurul unei pove\u0219ti care \u00eencepe \u00een cele mai dificile zone montane ale planetei \u0219i merge dincolo de performan\u021ba sportiv\u0103. Organizatorii \u00eel prezint\u0103 drept <em>\u201eo poveste despre limite, curaj \u0219i perseveren\u021b\u0103\u201d<\/em>, iar filmul urm\u0103re\u0219te traseul lui Adrian Laza prin Nepal, Pakistan \u0219i Tibet, folosind experien\u021bele din expedi\u021bii pentru a vorbi despre deciziile, riscurile \u0219i costurile unei astfel de alegeri de via\u021b\u0103.<\/p>\n<p class=\"isSelectedEnd\">Documentarul porne\u0219te de la reu\u0219ita lui Adrian Laza de a atinge toate cele 14 v\u00e2rfuri de peste 8.000 de metri. Realizatorii\u00a0 urm\u0103resc experien\u021bele tr\u0103ite \u00een timpul expedi\u021biilor \u0219i momentele care au marcat acest parcurs. <em>\u201eAdrian Laza ne poart\u0103, prin imagini spectaculoase din Nepal, Pakistan \u0219i Tibet, dincolo de performan\u021ba sportiv\u0103, \u00eentr-o c\u0103l\u0103torie despre fric\u0103 \u0219i curaj, sacrificiu \u0219i solidaritate, pierdere, rena\u0219tere \u0219i puterea de a continua\u201d,<\/em> transmit organizatorii.<\/p>\n<p class=\"isSelectedEnd\">Prin imaginile din timpul expedi\u021biilor, filmul apropie publicul de realitatea din spatele celor 14 ascensiuni. Altitudinea, condi\u021biile dificile \u0219i riscurile \u00eent\u00e2lnite pe traseu fac parte din aceea\u0219i poveste \u00een care apar \u0219i momente de pierdere, solidaritate \u0219i revenire.<\/p>\n<p class=\"isSelectedEnd\">Dup\u0103 proiec\u021bie, publicul va putea continua discu\u021bia cu protagonistul documentarului \u0219i cu produc\u0103torul Dan Burlac. Cei doi vor participa la o sesiune de \u00eentreb\u0103ri \u0219i r\u0103spunsuri despre expedi\u021bii \u0219i despre realizarea filmului. <em>\u201eProiec\u021bia va fi urmat\u0103 de o sesiune special\u0103 de Q&amp;A cu Adrian Laza \u0219i produc\u0103torul Dan Burlac, o \u00eent\u00e2lnire \u00een care vom putea descoperi direct de la protagonist povestea din spatele expedi\u021biilor \u0219i al filmului\u201d<\/em>, se precizeaz\u0103 \u00een anun\u021bul evenimentului.<\/p>\n<div class=\"stream-item stream-item-in-post stream-item-inline-post aligncenter\"><a href=\"https:\/\/vreaulanova.ro\/?utm_source=opiniabuzau&amp;utm_medium=image\" title target=\"_blank\"><img loading=\"lazy\" decoding=\"async\" data-od-unknown-tag data-od-xpath=\"\/HTML\/BODY\/DIV[@class=&apos;background-overlay&apos;]\/*[1][self::DIV]\/*[1][self::DIV]\/*[4][self::DIV]\/*[1][self::DIV]\/*[1][self::DIV]\/*[2][self::ARTICLE]\/*[3][self::DIV]\/*[7][self::DIV]\/*[1][self::A]\/*[1][self::IMG]\" src=\"https:\/\/opiniabuzau.ro\/wp-content\/smush-webp\/2022\/02\/MicrosoftTeams-image-4-1.jpg.webp\" alt width=\"728\" height=\"91\" class=\"perfmatters-lazy\"><img loading=\"lazy\" decoding=\"async\" data-od-unknown-tag data-od-xpath=\"\/HTML\/BODY\/DIV[@class=&apos;background-overlay&apos;]\/*[1][self::DIV]\/*[1][self::DIV]\/*[4][self::DIV]\/*[1][self::DIV]\/*[1][self::DIV]\/*[2][self::ARTICLE]\/*[3][self::DIV]\/*[7][self::DIV]\/*[1][self::A]\/*[1][self::IMG]\" src=\"https:\/\/opiniabuzau.ro\/wp-content\/smush-webp\/2022\/02\/MicrosoftTeams-image-4-1.jpg.webp\" alt width=\"728\" height=\"91\"><\/a><\/div>\n<p class=\"isSelectedEnd\">Astfel, dup\u0103 imaginile de pe ecran, povestea va continua prin dialogul cu cel care a tr\u0103it expedi\u021biile. \u00centreb\u0103rile publicului vor deschide o discu\u021bie despre experien\u021bele care nu pot fi surprinse \u00een \u00eentregime \u00eentr-un documentar \u0219i despre traseul care a dus la atingerea celor 14 v\u00e2rfuri de peste 8.000 de metri.<\/p>\n<p>Accesul este liber, evenimentul fiind organizat de BUZZ IFF \u0219i Buz\u0103u International Arts Festival, \u00een cadrul BIAF.<\/p>\n<\/div>\n<p>[analyse_source url=&#8221;https:\/\/opiniabuzau.ro\/a-ajuns-pe-toate-cele-14-varfuri-de-peste-8-000-m-povestea-lui-adrian-laza-la-biaf\/&#8221;]<\/p>\n","protected":false},"excerpt":{"rendered":"<p>[analyse_image type=&#8221;featured&#8221; src=&#8221;https:\/\/opiniabuzau.ro\/wp-content\/uploads\/2026\/08\/adrian-laza-2026-scaled.webp&#8221;] Pe 29 august, de la ora 20.00, la Amfiteatrul din Parcul Tineretului va avea loc una dintre proiec\u021biile speciale incluse \u00een programul Buz\u0103u International Film Festival \u2013 BUZZ IFF 2026. Este vorba despre documentarul \u201eAd Astra per Aspera\u201d, care urm\u0103re\u0219te experien\u021ba alpinistului Adrian Laza, primul rom\u00e2n care a atins toate cele 14 [&hellip;]<\/p>\n","protected":false},"author":1,"featured_media":0,"comment_status":"open","ping_status":"","sticky":false,"template":"","format":"standard","meta":{"footnotes":""},"categories":[2],"tags":[226,44],"class_list":["post-2114220","post","type-post","status-publish","format-standard","hentry","category-politics","tag-crawlmanager","tag-opiniabuzau-ro"],"_links":{"self":[{"href":"https:\/\/analyse.optim.biz\/index.php?rest_route=\/wp\/v2\/posts\/2114220","targetHints":{"allow":["GET"]}}],"collection":[{"href":"https:\/\/analyse.optim.biz\/index.php?rest_route=\/wp\/v2\/posts"}],"about":[{"href":"https:\/\/analyse.optim.biz\/index.php?rest_route=\/wp\/v2\/types\/post"}],"author":[{"embeddable":true,"href":"https:\/\/analyse.optim.biz\/index.php?rest_route=\/wp\/v2\/users\/1"}],"replies":[{"embeddable":true,"href":"https:\/\/analyse.optim.biz\/index.php?rest_route=%2Fwp%2Fv2%2Fcomments&post=2114220"}],"version-history":[{"count":0,"href":"https:\/\/analyse.optim.biz\/index.php?rest_route=\/wp\/v2\/posts\/2114220\/revisions"}],"wp:attachment":[{"href":"https:\/\/analyse.optim.biz\/index.php?rest_route=%2Fwp%2Fv2%2Fmedia&parent=2114220"}],"wp:term":[{"taxonomy":"category","embeddable":true,"href":"https:\/\/analyse.optim.biz\/index.php?rest_route=%2Fwp%2Fv2%2Fcategories&post=2114220"},{"taxonomy":"post_tag","embeddable":true,"href":"https:\/\/analyse.optim.biz\/index.php?rest_route=%2Fwp%2Fv2%2Ftags&post=2114220"}],"curies":[{"name":"wp","href":"https:\/\/api.w.org\/{rel}","templated":true}]}}