{"id":2114217,"date":"2026-08-27T03:45:20","date_gmt":"2026-08-27T00:45:20","guid":{"rendered":"https:\/\/analyse.optim.biz\/?p=2114217"},"modified":"2026-08-27T03:45:20","modified_gmt":"2026-08-27T00:45:20","slug":"video-incendiu-la-o-hala-de-stocare-a-energiei-electrice-in-baterii-in-stalpu","status":"publish","type":"post","link":"https:\/\/analyse.optim.biz\/?p=2114217","title":{"rendered":"VIDEO \/ Incendiu la o hal\u0103 de stocare a energiei electrice \u00een baterii, \u00een St\u00e2lpu"},"content":{"rendered":"<p>[analyse_image type=&#8221;featured&#8221; src=&#8221;https:\/\/opiniabuzau.ro\/wp-content\/uploads\/2026\/08\/65e38e7e-87c9-4754-9edc-d07ea4bdebc0-scaled.webp&#8221;]<\/p>\n<div class=\"entry-content entry clearfix\">\n<blockquote>\n<p><strong>Miercuri noapte, \u00een jurul orei 23.00, pompierii buzoieni au fost solicita\u021bi s\u0103 intervin\u0103 pentru stingerea unui incendiu izbucnit la o hal\u0103 destinat\u0103 stoc\u0103rii energiei electrice \u00een baterii, din St\u00e2lpu.<\/strong><\/p>\n<\/blockquote>\n<p>Update: Incendiul a fost lichidat \u00een jurul orei 08.00. La fa\u021ba locului r\u0103m\u00e2n dou\u0103 autospeciale de stingere de la ISU Buz\u0103u pentru supravegherea zonei, identificarea eventualelor focare \u0219i asigurarea interven\u021biei imediate, dac\u0103 situa\u021bia o va impune.<\/p>\n<p>Misiunea a fost una dificil\u0103 \u0219i de durat\u0103, f\u0103r\u0103 a fi \u00eenregistrate victime.<\/p>\n<p>Hala are o suprafa\u021b\u0103 de aproximativ 500 de metri, iar incendiul se manifesta cu flac\u0103r\u0103 deschis\u0103. Incinta face parte dintr-un ansamblu format din dou\u0103 hale, ambele prev\u0103zute cu instala\u021bii de detectare \u0219i stingere a incendiilor. \u00cen cea de-a doua hal\u0103, care este neocupat\u0103, s-a acumulat fum.<br \/>\nAv\u00e2nd \u00een vedere specificul materialelor implicate \u0219i evolu\u021bia temperaturii \u00een interiorul construc\u021biei, for\u021bele de interven\u021bie au ac\u021bionat defensiv, de la o distan\u021b\u0103 de aproximativ 200 de metri.<\/p>\n<p>\u00cen sprijinul pompierilor buzoieni au fost mobilizate for\u021be \u0219i mijloace din cadrul ISU Prahova \u0219i ISU Bucure\u0219ti-Ilfov. \u00cen total, la locul interven\u021biei ac\u021bioneaz\u0103 \u0219ase autospeciale de stingere din cadrul ISU Buz\u0103u, o autospecial\u0103 de descarcerare \u0219i o ambulan\u021b\u0103 SMURD, o autospecial\u0103 de stingere cu pulbere \u0219i azot \u0219i alte dou\u0103 autospeciale de stingere cadrul ISU Prahova, precum \u0219i o autospecial\u0103 de transport robo\u021bi \u0219i un container cu pulbere din cadrul ISU Bucure\u0219ti-Ilfov.<\/p>\n<div class=\"stream-item stream-item-in-post stream-item-inline-post aligncenter\"><a href=\"https:\/\/vreaulanova.ro\/?utm_source=opiniabuzau&amp;utm_medium=image\" title target=\"_blank\"><img loading=\"lazy\" decoding=\"async\" data-od-unknown-tag data-od-xpath=\"\/HTML\/BODY\/DIV[@class=&apos;background-overlay&apos;]\/*[1][self::DIV]\/*[1][self::DIV]\/*[4][self::DIV]\/*[1][self::DIV]\/*[1][self::DIV]\/*[2][self::ARTICLE]\/*[3][self::DIV]\/*[7][self::DIV]\/*[1][self::A]\/*[1][self::IMG]\" src=\"https:\/\/opiniabuzau.ro\/wp-content\/smush-webp\/2022\/02\/MicrosoftTeams-image-4-1.jpg.webp\" alt width=\"728\" height=\"91\" class=\"perfmatters-lazy\"><img loading=\"lazy\" decoding=\"async\" data-od-unknown-tag data-od-xpath=\"\/HTML\/BODY\/DIV[@class=&apos;background-overlay&apos;]\/*[1][self::DIV]\/*[1][self::DIV]\/*[4][self::DIV]\/*[1][self::DIV]\/*[1][self::DIV]\/*[2][self::ARTICLE]\/*[3][self::DIV]\/*[7][self::DIV]\/*[1][self::A]\/*[1][self::IMG]\" src=\"https:\/\/opiniabuzau.ro\/wp-content\/smush-webp\/2022\/02\/MicrosoftTeams-image-4-1.jpg.webp\" alt width=\"728\" height=\"91\"><\/a><\/div>\n<div class=\"wp-video\"><video data-od-xpath=\"\/HTML\/BODY\/DIV[@class=&apos;background-overlay&apos;]\/*[1][self::DIV]\/*[1][self::DIV]\/*[4][self::DIV]\/*[1][self::DIV]\/*[1][self::DIV]\/*[2][self::ARTICLE]\/*[3][self::DIV]\/*[8][self::DIV]\/*[1][self::VIDEO]\" class=\"wp-video-shortcode\" id=\"video-478588-1\" width=\"780\" height=\"440\" preload=\"metadata\" controls=\"controls\"><source type=\"video\/mp4\" src=\"https:\/\/opiniabuzau.ro\/wp-content\/uploads\/2026\/08\/Incendiu-Stalpu.mp4?_=1\" \/><\/video><\/div>\n<\/div>\n<p>[analyse_source url=&#8221;https:\/\/opiniabuzau.ro\/incendiu-la-o-hala-de-stocare-a-energiei-electrice-in-baterii-in-stalpu\/&#8221;]<\/p>\n","protected":false},"excerpt":{"rendered":"<p>[analyse_image type=&#8221;featured&#8221; src=&#8221;https:\/\/opiniabuzau.ro\/wp-content\/uploads\/2026\/08\/65e38e7e-87c9-4754-9edc-d07ea4bdebc0-scaled.webp&#8221;] Miercuri noapte, \u00een jurul orei 23.00, pompierii buzoieni au fost solicita\u021bi s\u0103 intervin\u0103 pentru stingerea unui incendiu izbucnit la o hal\u0103 destinat\u0103 stoc\u0103rii energiei electrice \u00een baterii, din St\u00e2lpu. Update: Incendiul a fost lichidat \u00een jurul orei 08.00. La fa\u021ba locului r\u0103m\u00e2n dou\u0103 autospeciale de stingere de la ISU Buz\u0103u pentru supravegherea [&hellip;]<\/p>\n","protected":false},"author":1,"featured_media":0,"comment_status":"open","ping_status":"","sticky":false,"template":"","format":"standard","meta":{"footnotes":""},"categories":[2],"tags":[226,44],"class_list":["post-2114217","post","type-post","status-publish","format-standard","hentry","category-politics","tag-crawlmanager","tag-opiniabuzau-ro"],"_links":{"self":[{"href":"https:\/\/analyse.optim.biz\/index.php?rest_route=\/wp\/v2\/posts\/2114217","targetHints":{"allow":["GET"]}}],"collection":[{"href":"https:\/\/analyse.optim.biz\/index.php?rest_route=\/wp\/v2\/posts"}],"about":[{"href":"https:\/\/analyse.optim.biz\/index.php?rest_route=\/wp\/v2\/types\/post"}],"author":[{"embeddable":true,"href":"https:\/\/analyse.optim.biz\/index.php?rest_route=\/wp\/v2\/users\/1"}],"replies":[{"embeddable":true,"href":"https:\/\/analyse.optim.biz\/index.php?rest_route=%2Fwp%2Fv2%2Fcomments&post=2114217"}],"version-history":[{"count":0,"href":"https:\/\/analyse.optim.biz\/index.php?rest_route=\/wp\/v2\/posts\/2114217\/revisions"}],"wp:attachment":[{"href":"https:\/\/analyse.optim.biz\/index.php?rest_route=%2Fwp%2Fv2%2Fmedia&parent=2114217"}],"wp:term":[{"taxonomy":"category","embeddable":true,"href":"https:\/\/analyse.optim.biz\/index.php?rest_route=%2Fwp%2Fv2%2Fcategories&post=2114217"},{"taxonomy":"post_tag","embeddable":true,"href":"https:\/\/analyse.optim.biz\/index.php?rest_route=%2Fwp%2Fv2%2Ftags&post=2114217"}],"curies":[{"name":"wp","href":"https:\/\/api.w.org\/{rel}","templated":true}]}}