{"id":2114214,"date":"2026-08-26T21:11:14","date_gmt":"2026-08-26T18:11:14","guid":{"rendered":"https:\/\/analyse.optim.biz\/?p=2114214"},"modified":"2026-08-26T21:11:14","modified_gmt":"2026-08-26T18:11:14","slug":"de-ce-urmatorul-david-popovici-nu-va-fi-buzoian","status":"publish","type":"post","link":"https:\/\/analyse.optim.biz\/?p=2114214","title":{"rendered":"De ce urm\u0103torul David Popovici nu va fi buzoian"},"content":{"rendered":"<p>[analyse_image type=&#8221;featured&#8221; src=&#8221;https:\/\/opiniabuzau.ro\/wp-content\/uploads\/2026\/08\/bazin-inot.webp&#8221;]<\/p>\n<div class=\"entry-content entry clearfix\">\n<blockquote>\n<p><strong>Buz\u0103ul e alb la competi\u021biile de nata\u021bie: niciun copil la na\u021bionale \u00een datele ultimului deceniu \u0219i niciun club afiliat federa\u021biei. Apa \u00eens\u0103 a \u00eenceput s\u0103 vin\u0103: Consiliul Jude\u021bean a inaugurat \u00een 2024 primul bazin didactic al jude\u021bului, la S\u0103rata-Monteoru, iar prin Compania Na\u021bional\u0103 de Investi\u021bii se construiesc altele dou\u0103, la R\u00e2mnicu S\u0103rat \u0219i \u00een comuna Berca.<\/strong><\/p>\n<\/blockquote>\n<p>\u00cen 2022, anul \u00een care David Popovici a c\u00e2\u0219tigat titlurile mondiale la 100 \u0219i 200 de metri liber, niciun sportiv sau sportiv\u0103 din Buz\u0103u cu v\u00e2rsta sub 18 ani nu a luat startul la vreo competi\u021bie na\u021bional\u0103 de \u00eenot. Nici \u00een 2023, nici \u00een 2024, nici \u00een 2025, nici anul acesta, potrivit unei analize realizate de retailerul de echipamente sportive SportGuru folosind \u0219i date extrase din eviden\u021bele Federa\u021biei Rom\u00e2ne de Nata\u021bie \u0219i Pentatlon Modern. De fapt, \u00een cele 12 sezoane acoperite de datele federa\u021biei, din 2014 \u00eencoace, niciun copil buzoian nu apare la start.<\/p>\n<p>De asemenea, Buz\u0103ul nu are niciun club afiliat Federa\u021biei Rom\u00e2ne de Nata\u021bie \u0219i Pentatlon Modern, fiind unul dintre cele \u0219apte jude\u021be ale \u021b\u0103rii \u00een aceast\u0103 situa\u021bie, \u0219i nu are nici vreun bazin de \u00eenot \u00een unit\u0103\u021bile sale de \u00eenv\u0103\u021b\u0103m\u00e2nt, potrivit datelor Institutului Na\u021bional de Statistic\u0103.<\/p>\n<p>Apa abia acum vine, pe dou\u0103 canale. Consiliul Jude\u021bean a inaugurat pe 20 iunie 2024, la S\u0103rata-Monteoru, primul bazin didactic de \u00eenot al jude\u021bului, o investi\u021bie de 450.000 de euro, anun\u021bat\u0103 ca \u00eenceput al unui program jude\u021bean de zece asemenea bazine. Prin Compania Na\u021bional\u0103 de Investi\u021bii, care nu a finalizat \u00eenc\u0103 nimic \u00een jude\u021b, dou\u0103 bazine sunt \u00een lucru: la R\u00e2mnicu S\u0103rat, unde prim\u0103ria a anun\u021bat demararea lucr\u0103rilor la bazinul didactic \u0219i de agrement de pe strada Foc\u0219ani, cu autoriza\u021bia de construire emis\u0103 pe 28 iulie 2025, \u0219i \u00een satul S\u0103tuc din comuna Berca, un proiect-tip cu termen de execu\u021bie de 15 luni, aflat la \u00eenceput.<\/p>\n<p>Cu alte cuvinte, Buz\u0103ul nu a pierdut \u00eenotul, ca alte jude\u021be, pentru c\u0103 nu l-a avut niciodat\u0103 \u00een datele ultimului deceniu; abia acum, cu primul bazin didactic deschis \u0219i \u00eenc\u0103 dou\u0103 pe \u0219antier, are din ce s\u0103 \u0219i-l construiasc\u0103.<\/p>\n<div class=\"stream-item stream-item-in-post stream-item-inline-post aligncenter\"><a href=\"https:\/\/vreaulanova.ro\/?utm_source=opiniabuzau&amp;utm_medium=image\" title target=\"_blank\"><img loading=\"lazy\" decoding=\"async\" data-od-unknown-tag data-od-xpath=\"\/HTML\/BODY\/DIV[@class=&apos;background-overlay&apos;]\/*[1][self::DIV]\/*[1][self::DIV]\/*[4][self::DIV]\/*[1][self::DIV]\/*[1][self::DIV]\/*[2][self::ARTICLE]\/*[3][self::DIV]\/*[7][self::DIV]\/*[1][self::A]\/*[1][self::IMG]\" src=\"https:\/\/opiniabuzau.ro\/wp-content\/smush-webp\/2022\/02\/MicrosoftTeams-image-4-1.jpg.webp\" alt width=\"728\" height=\"91\" class=\"perfmatters-lazy\"><img loading=\"lazy\" decoding=\"async\" data-od-unknown-tag data-od-xpath=\"\/HTML\/BODY\/DIV[@class=&apos;background-overlay&apos;]\/*[1][self::DIV]\/*[1][self::DIV]\/*[4][self::DIV]\/*[1][self::DIV]\/*[1][self::DIV]\/*[2][self::ARTICLE]\/*[3][self::DIV]\/*[7][self::DIV]\/*[1][self::A]\/*[1][self::IMG]\" src=\"https:\/\/opiniabuzau.ro\/wp-content\/smush-webp\/2022\/02\/MicrosoftTeams-image-4-1.jpg.webp\" alt width=\"728\" height=\"91\"><\/a><\/div>\n<h3><strong>Care este situa\u021bia la nivel na\u021bional<\/strong><\/h3>\n<p>La nivel na\u021bional, Compania Na\u021bional\u0103 de Investi\u021bii a finalizat \u0219i predat autorit\u0103\u021bilor locale 57 de bazine de \u00eenot din 2011 p\u00e2n\u0103 \u00een prezent, dintre care 27 din 2022 \u00eencoace, iar alte 44 sunt \u00een construc\u021bie, potrivit datelor publicate de companie. Dup\u0103 recep\u021bie, responsabilitatea trece la prim\u0103rii, care de multe ori nu au resursele necesare pentru operare \u0219i \u00eentre\u021binere, iar o parte dintre bazine stau \u00eenchise.<\/p>\n<p>La nivelul \u00eentregii \u021b\u0103ri, num\u0103rul copiilor sub 18 ani care au concurat la competi\u021biile na\u021bionale de \u00eenot a urcat de la 1.659 (\u00een 2022) la 2.021 anul acesta, o cre\u0219tere de aproape 22%, de\u0219i anul nu este \u00eencheiat. \u00cenainte de 2022, cifra oscilase timp de un deceniu f\u0103r\u0103 nicio direc\u021bie clar\u0103. De atunci, a crescut \u00een fiecare an. Buz\u0103ul este unul dintre cele 11 jude\u021be din care niciun copil nu a ajuns anul acesta la competi\u021biile na\u021bionale de \u00eenot. C\u0103 lucrurile se pot schimba repede o arat\u0103 jude\u021bele care au plecat de la zero \u00een ace\u0219ti ani: \u00een Vrancea, C\u0103l\u0103ra\u0219i, S\u0103laj, V\u00e2lcea \u0219i Dolj, startul a fost dat de c\u00e2te un singur club, iar Vrancea a ajuns deja la 14 copii.<\/p>\n<p>Reperul care a declan\u0219at toat\u0103 aceast\u0103 mi\u0219care a r\u0103mas acela\u0219i. \u00cen 2022, la 17 ani, David Popovici a c\u00e2\u0219tigat titlurile mondiale la 100 \u0219i 200 de metri liber la Budapesta \u0219i a stabilit, la Europenele de la Roma, recordul mondial de la acel moment la 100 de metri liber, 46,86 secunde. \u00cen 2024 a devenit campion olimpic la Paris, \u00een proba de 200 de metri liber, iar \u00een 2025 a cucerit din nou ambele titluri mondiale, la 100 \u0219i 200 de metri liber, la Singapore. \u00cen august 2026 a c\u00e2\u0219tigat \u00eenc\u0103 dou\u0103 titluri europene la Paris, devenind primul \u00eenot\u0103tor din istorie care reu\u0219e\u0219te dubla 100 \u0219i 200 de metri liber la trei campionate europene consecutive.<\/p>\n<p>Interesul rom\u00e2nilor pentru \u00eenot a crescut de la un an la altul, potrivit datelor sportguru.ro, cel mai mare distribuitor \u0219i retailer de echipamente sportive specializate din Rom\u00e2nia.<\/p>\n<h3>Copii sub 18 ani la competi\u021biile na\u021bionale de \u00eenot, pe jude\u021be<\/h3>\n<table>\n<thead>\n<tr>\n<td>Jude\u021b<\/td>\n<td>2022<\/td>\n<td>2023<\/td>\n<td>2024<\/td>\n<td>2025<\/td>\n<td>2026<\/td>\n<\/tr>\n<\/thead>\n<tbody>\n<tr>\n<td>Alba<\/td>\n<td>39<\/td>\n<td>45<\/td>\n<td>41<\/td>\n<td>34<\/td>\n<td>32<\/td>\n<\/tr>\n<tr>\n<td>Arad<\/td>\n<td>42<\/td>\n<td>38<\/td>\n<td>51<\/td>\n<td>80<\/td>\n<td>85<\/td>\n<\/tr>\n<tr>\n<td>Arge\u0219<\/td>\n<td>106<\/td>\n<td>105<\/td>\n<td>116<\/td>\n<td>124<\/td>\n<td>138<\/td>\n<\/tr>\n<tr>\n<td>Bac\u0103u<\/td>\n<td>91<\/td>\n<td>91<\/td>\n<td>77<\/td>\n<td>80<\/td>\n<td>85<\/td>\n<\/tr>\n<tr>\n<td>Bihor<\/td>\n<td>27<\/td>\n<td>29<\/td>\n<td>47<\/td>\n<td>37<\/td>\n<td>41<\/td>\n<\/tr>\n<tr>\n<td>Bistri\u021ba-N\u0103s\u0103ud<\/td>\n<td>1<\/td>\n<td>0<\/td>\n<td>0<\/td>\n<td>0<\/td>\n<td>0<\/td>\n<\/tr>\n<tr>\n<td>Boto\u0219ani<\/td>\n<td>0<\/td>\n<td>0<\/td>\n<td>0<\/td>\n<td>0<\/td>\n<td>0<\/td>\n<\/tr>\n<tr>\n<td>Bra\u0219ov<\/td>\n<td>57<\/td>\n<td>62<\/td>\n<td>57<\/td>\n<td>68<\/td>\n<td>64<\/td>\n<\/tr>\n<tr>\n<td>Br\u0103ila<\/td>\n<td>18<\/td>\n<td>16<\/td>\n<td>18<\/td>\n<td>21<\/td>\n<td>20<\/td>\n<\/tr>\n<tr>\n<td>Bucure\u0219ti<\/td>\n<td>643<\/td>\n<td>653<\/td>\n<td>691<\/td>\n<td>743<\/td>\n<td>750<\/td>\n<\/tr>\n<tr>\n<td><strong>Buz\u0103u<\/strong><\/td>\n<td><strong>0<\/strong><\/td>\n<td><strong>0<\/strong><\/td>\n<td><strong>0<\/strong><\/td>\n<td><strong>0<\/strong><\/td>\n<td><strong>0<\/strong><\/td>\n<\/tr>\n<tr>\n<td>Cara\u0219-Severin<\/td>\n<td>32<\/td>\n<td>20<\/td>\n<td>33<\/td>\n<td>29<\/td>\n<td>29<\/td>\n<\/tr>\n<tr>\n<td>Cluj<\/td>\n<td>39<\/td>\n<td>47<\/td>\n<td>72<\/td>\n<td>89<\/td>\n<td>71<\/td>\n<\/tr>\n<tr>\n<td>Constan\u021ba<\/td>\n<td>85<\/td>\n<td>100<\/td>\n<td>102<\/td>\n<td>105<\/td>\n<td>120<\/td>\n<\/tr>\n<tr>\n<td>Covasna<\/td>\n<td>0<\/td>\n<td>0<\/td>\n<td>0<\/td>\n<td>0<\/td>\n<td>0<\/td>\n<\/tr>\n<tr>\n<td>C\u0103l\u0103ra\u0219i<\/td>\n<td>0<\/td>\n<td>0<\/td>\n<td>0<\/td>\n<td>0<\/td>\n<td>9<\/td>\n<\/tr>\n<tr>\n<td>Dolj<\/td>\n<td>0<\/td>\n<td>0<\/td>\n<td>4<\/td>\n<td>6<\/td>\n<td>2<\/td>\n<\/tr>\n<tr>\n<td>D\u00e2mbovi\u021ba<\/td>\n<td>20<\/td>\n<td>15<\/td>\n<td>18<\/td>\n<td>23<\/td>\n<td>20<\/td>\n<\/tr>\n<tr>\n<td>Gala\u021bi<\/td>\n<td>26<\/td>\n<td>42<\/td>\n<td>27<\/td>\n<td>20<\/td>\n<td>14<\/td>\n<\/tr>\n<tr>\n<td>Giurgiu<\/td>\n<td>0<\/td>\n<td>0<\/td>\n<td>0<\/td>\n<td>0<\/td>\n<td>0<\/td>\n<\/tr>\n<tr>\n<td>Gorj<\/td>\n<td>0<\/td>\n<td>0<\/td>\n<td>0<\/td>\n<td>0<\/td>\n<td>0<\/td>\n<\/tr>\n<tr>\n<td>Harghita<\/td>\n<td>2<\/td>\n<td>19<\/td>\n<td>22<\/td>\n<td>23<\/td>\n<td>25<\/td>\n<\/tr>\n<tr>\n<td>Hunedoara<\/td>\n<td>35<\/td>\n<td>42<\/td>\n<td>30<\/td>\n<td>46<\/td>\n<td>39<\/td>\n<\/tr>\n<tr>\n<td>Ialomi\u021ba<\/td>\n<td>0<\/td>\n<td>0<\/td>\n<td>0<\/td>\n<td>0<\/td>\n<td>0<\/td>\n<\/tr>\n<tr>\n<td>Ia\u0219i<\/td>\n<td>13<\/td>\n<td>15<\/td>\n<td>14<\/td>\n<td>17<\/td>\n<td>19<\/td>\n<\/tr>\n<tr>\n<td>Ilfov<\/td>\n<td>6<\/td>\n<td>6<\/td>\n<td>2<\/td>\n<td>3<\/td>\n<td>17<\/td>\n<\/tr>\n<tr>\n<td>Maramure\u0219<\/td>\n<td>68<\/td>\n<td>95<\/td>\n<td>80<\/td>\n<td>94<\/td>\n<td>84<\/td>\n<\/tr>\n<tr>\n<td>Mehedin\u021bi<\/td>\n<td>0<\/td>\n<td>1<\/td>\n<td>1<\/td>\n<td>1<\/td>\n<td>0<\/td>\n<\/tr>\n<tr>\n<td>Mure\u0219<\/td>\n<td>45<\/td>\n<td>63<\/td>\n<td>60<\/td>\n<td>68<\/td>\n<td>71<\/td>\n<\/tr>\n<tr>\n<td>Neam\u021b<\/td>\n<td>16<\/td>\n<td>20<\/td>\n<td>15<\/td>\n<td>9<\/td>\n<td>10<\/td>\n<\/tr>\n<tr>\n<td>Olt<\/td>\n<td>9<\/td>\n<td>0<\/td>\n<td>3<\/td>\n<td>11<\/td>\n<td>17<\/td>\n<\/tr>\n<tr>\n<td>Prahova<\/td>\n<td>88<\/td>\n<td>69<\/td>\n<td>47<\/td>\n<td>35<\/td>\n<td>32<\/td>\n<\/tr>\n<tr>\n<td>Satu Mare<\/td>\n<td>0<\/td>\n<td>0<\/td>\n<td>0<\/td>\n<td>0<\/td>\n<td>0<\/td>\n<\/tr>\n<tr>\n<td>Sibiu<\/td>\n<td>37<\/td>\n<td>40<\/td>\n<td>49<\/td>\n<td>61<\/td>\n<td>66<\/td>\n<\/tr>\n<tr>\n<td>Suceava<\/td>\n<td>50<\/td>\n<td>36<\/td>\n<td>40<\/td>\n<td>49<\/td>\n<td>52<\/td>\n<\/tr>\n<tr>\n<td>S\u0103laj<\/td>\n<td>0<\/td>\n<td>0<\/td>\n<td>0<\/td>\n<td>5<\/td>\n<td>3<\/td>\n<\/tr>\n<tr>\n<td>Teleorman<\/td>\n<td>0<\/td>\n<td>0<\/td>\n<td>0<\/td>\n<td>0<\/td>\n<td>0<\/td>\n<\/tr>\n<tr>\n<td>Timi\u0219<\/td>\n<td>60<\/td>\n<td>58<\/td>\n<td>59<\/td>\n<td>73<\/td>\n<td>75<\/td>\n<\/tr>\n<tr>\n<td>Tulcea<\/td>\n<td>4<\/td>\n<td>4<\/td>\n<td>6<\/td>\n<td>17<\/td>\n<td>13<\/td>\n<\/tr>\n<tr>\n<td>Vaslui<\/td>\n<td>0<\/td>\n<td>0<\/td>\n<td>0<\/td>\n<td>0<\/td>\n<td>0<\/td>\n<\/tr>\n<tr>\n<td>Vrancea<\/td>\n<td>0<\/td>\n<td>0<\/td>\n<td>0<\/td>\n<td>2<\/td>\n<td>14<\/td>\n<\/tr>\n<tr>\n<td>V\u00e2lcea<\/td>\n<td>0<\/td>\n<td>0<\/td>\n<td>0<\/td>\n<td>0<\/td>\n<td>4<\/td>\n<\/tr>\n<tr>\n<td><strong>ROM\u00c2NIA<\/strong><\/td>\n<td><strong>1.659<\/strong><\/td>\n<td><strong>1.731<\/strong><\/td>\n<td><strong>1.782<\/strong><\/td>\n<td><strong>1.973<\/strong><\/td>\n<td><strong>2.021<\/strong><\/td>\n<\/tr>\n<\/tbody>\n<\/table>\n<p><em>Datele acoper\u0103 toate competi\u021biile na\u021bionale de \u00eenot \u00een bazin organizate de Federa\u021bia Rom\u00e2n\u0103 de Nata\u021bie \u0219i Pentatlon Modern \u00een fiecare an. Coloana 2026 cuprinde competi\u021biile desf\u0103\u0219urate p\u00e2n\u0103 \u00een data de 21 august 2026; cele cinci campionate na\u021bionale din noiembrie \u0219i decembrie nu sunt incluse. Au fost num\u0103ra\u021bi sportivii \u0219i sportivele care nu \u00eempliniser\u0103 18 ani la 31 decembrie \u00een anul competi\u021biei, criteriul folosit de federa\u021bie pentru categoriile de v\u00e2rst\u0103, fiecare o singur\u0103 dat\u0103 pe an, indiferent la c\u00e2te concursuri a participat. Sportivii au fost repartiza\u021bi pe jude\u021be dup\u0103 clubul la care sunt legitima\u021bi. Cifrele se refer\u0103 la copiii care au concurat efectiv la competi\u021biile na\u021bionale, nu la to\u021bi cei care practic\u0103 \u00eenotul. Campionatul na\u021bional de Masters \u0219i competi\u021biile de \u00eenot \u00een ape deschise nu au fost incluse.<\/em><\/p>\n<p>\u00a0<\/p>\n<\/div>\n<p>[analyse_source url=&#8221;https:\/\/opiniabuzau.ro\/de-ce-nu-va-fi-buzoian-urmatorul-david-popovici\/&#8221;]<\/p>\n","protected":false},"excerpt":{"rendered":"<p>[analyse_image type=&#8221;featured&#8221; src=&#8221;https:\/\/opiniabuzau.ro\/wp-content\/uploads\/2026\/08\/bazin-inot.webp&#8221;] Buz\u0103ul e alb la competi\u021biile de nata\u021bie: niciun copil la na\u021bionale \u00een datele ultimului deceniu \u0219i niciun club afiliat federa\u021biei. Apa \u00eens\u0103 a \u00eenceput s\u0103 vin\u0103: Consiliul Jude\u021bean a inaugurat \u00een 2024 primul bazin didactic al jude\u021bului, la S\u0103rata-Monteoru, iar prin Compania Na\u021bional\u0103 de Investi\u021bii se construiesc altele dou\u0103, la R\u00e2mnicu S\u0103rat [&hellip;]<\/p>\n","protected":false},"author":1,"featured_media":0,"comment_status":"open","ping_status":"","sticky":false,"template":"","format":"standard","meta":{"footnotes":""},"categories":[2],"tags":[226,44],"class_list":["post-2114214","post","type-post","status-publish","format-standard","hentry","category-politics","tag-crawlmanager","tag-opiniabuzau-ro"],"_links":{"self":[{"href":"https:\/\/analyse.optim.biz\/index.php?rest_route=\/wp\/v2\/posts\/2114214","targetHints":{"allow":["GET"]}}],"collection":[{"href":"https:\/\/analyse.optim.biz\/index.php?rest_route=\/wp\/v2\/posts"}],"about":[{"href":"https:\/\/analyse.optim.biz\/index.php?rest_route=\/wp\/v2\/types\/post"}],"author":[{"embeddable":true,"href":"https:\/\/analyse.optim.biz\/index.php?rest_route=\/wp\/v2\/users\/1"}],"replies":[{"embeddable":true,"href":"https:\/\/analyse.optim.biz\/index.php?rest_route=%2Fwp%2Fv2%2Fcomments&post=2114214"}],"version-history":[{"count":0,"href":"https:\/\/analyse.optim.biz\/index.php?rest_route=\/wp\/v2\/posts\/2114214\/revisions"}],"wp:attachment":[{"href":"https:\/\/analyse.optim.biz\/index.php?rest_route=%2Fwp%2Fv2%2Fmedia&parent=2114214"}],"wp:term":[{"taxonomy":"category","embeddable":true,"href":"https:\/\/analyse.optim.biz\/index.php?rest_route=%2Fwp%2Fv2%2Fcategories&post=2114214"},{"taxonomy":"post_tag","embeddable":true,"href":"https:\/\/analyse.optim.biz\/index.php?rest_route=%2Fwp%2Fv2%2Ftags&post=2114214"}],"curies":[{"name":"wp","href":"https:\/\/api.w.org\/{rel}","templated":true}]}}