{"id":2114206,"date":"2026-08-26T21:09:02","date_gmt":"2026-08-26T18:09:02","guid":{"rendered":"https:\/\/analyse.optim.biz\/?p=2114206"},"modified":"2026-08-26T21:09:02","modified_gmt":"2026-08-26T18:09:02","slug":"buzaul-gazda-finalei-nationale-de-navomodelism","status":"publish","type":"post","link":"https:\/\/analyse.optim.biz\/?p=2114206","title":{"rendered":"Buz\u0103ul, gazda finalei na\u021bionale de navomodelism"},"content":{"rendered":"<p>[analyse_image type=&#8221;featured&#8221; src=&#8221;https:\/\/opiniabuzau.ro\/wp-content\/uploads\/2026\/08\/navomodelism-1.webp&#8221;]<\/p>\n<div class=\"entry-content entry clearfix\">\n<blockquote>\n<p><strong>Timp de trei zile, Buz\u0103ul devine punctul de \u00eent\u00e2lnire al celor mai buni navomodeli\u0219ti din \u021bar\u0103. Lacul din Parcul Tineretului g\u0103zduie\u0219te, \u00een perioada 28-30 august, etapa final\u0103 a Campionatului Na\u021bional de navomodelism, rund\u0103 care va decide at\u00e2t ierarhia concursului din acest weekend, c\u00e2t \u0219i clasamentul general al sezonului.<\/strong><\/p>\n<\/blockquote>\n<p>Competi\u021bia \u00eencepe vineri, 28 august, la ora 10.00, cu o rund\u0103 preliminar\u0103 de trei ore. Dup\u0103-amiaz\u0103, de la ora 15.00, intr\u0103 \u00een concurs \u0219i velierele de dimensiuni mai mari, unele dintre ele ajung\u00e2nd la aproximativ doi metri.<\/p>\n<p><img loading=\"lazy\" decoding=\"async\" data-od-unknown-tag data-od-xpath=\"\/HTML\/BODY\/DIV[@class=&apos;background-overlay&apos;]\/*[1][self::DIV]\/*[1][self::DIV]\/*[4][self::DIV]\/*[1][self::DIV]\/*[1][self::DIV]\/*[2][self::ARTICLE]\/*[3][self::DIV]\/*[4][self::P]\/*[1][self::IMG]\" class=\"alignright wp-image-478475 size-medium perfmatters-lazy\" src=\"https:\/\/opiniabuzau.ro\/wp-content\/uploads\/2026\/08\/navomodelism-2-293x220.webp\" alt width=\"293\" height=\"220\"><\/p>\n<p><img loading=\"lazy\" decoding=\"async\" data-od-unknown-tag data-od-xpath=\"\/HTML\/BODY\/DIV[@class=&apos;background-overlay&apos;]\/*[1][self::DIV]\/*[1][self::DIV]\/*[4][self::DIV]\/*[1][self::DIV]\/*[1][self::DIV]\/*[2][self::ARTICLE]\/*[3][self::DIV]\/*[4][self::P]\/*[1][self::IMG]\" class=\"alignright wp-image-478475 size-medium\" src=\"https:\/\/opiniabuzau.ro\/wp-content\/uploads\/2026\/08\/navomodelism-2-293x220.webp\" alt width=\"293\" height=\"220\">La etapa de la Buz\u0103u sunt a\u0219teptate echipe din Gala\u021bi, ora\u0219 reprezentat de dou\u0103 cluburi, Bucure\u0219ti, Suceava \u0219i Buz\u0103u. Constan\u021ba ar fi trebuit s\u0103 aib\u0103, la r\u00e2ndul s\u0103u, un reprezentant, \u00eens\u0103 acesta a declarat forfait.<\/p>\n<p>Pentru Buz\u0103u, competi\u021bia are o importan\u021b\u0103 aparte. Ora\u0219ul a mai g\u0103zduit etape de Campionat Na\u021bional \u0219i de Cupa Rom\u00e2niei, \u00eens\u0103 este pentru prima dat\u0103 c\u00e2nd aici se desf\u0103\u0219oar\u0103 runda final\u0103, cea \u00een urma c\u0103reia se stabilesc \u0219i rezultatele definitive ale clasamentului general.<\/p>\n<p>Gazdele vor fi reprezentate de CSM Buz\u0103u, sec\u021bia de modelism fiind condus\u0103 de Lucian \u0218erc\u0103ianu, poate cel mai cunoscut nume al modelismului buzoian.<\/p>\n<div class=\"stream-item stream-item-in-post stream-item-inline-post aligncenter\"><a href=\"https:\/\/vreaulanova.ro\/?utm_source=opiniabuzau&amp;utm_medium=image\" title target=\"_blank\"><img loading=\"lazy\" decoding=\"async\" data-od-unknown-tag data-od-xpath=\"\/HTML\/BODY\/DIV[@class=&apos;background-overlay&apos;]\/*[1][self::DIV]\/*[1][self::DIV]\/*[4][self::DIV]\/*[1][self::DIV]\/*[1][self::DIV]\/*[2][self::ARTICLE]\/*[3][self::DIV]\/*[7][self::DIV]\/*[1][self::A]\/*[1][self::IMG]\" src=\"https:\/\/opiniabuzau.ro\/wp-content\/smush-webp\/2022\/02\/MicrosoftTeams-image-4-1.jpg.webp\" alt width=\"728\" height=\"91\" class=\"perfmatters-lazy\"><img loading=\"lazy\" decoding=\"async\" data-od-unknown-tag data-od-xpath=\"\/HTML\/BODY\/DIV[@class=&apos;background-overlay&apos;]\/*[1][self::DIV]\/*[1][self::DIV]\/*[4][self::DIV]\/*[1][self::DIV]\/*[1][self::DIV]\/*[2][self::ARTICLE]\/*[3][self::DIV]\/*[7][self::DIV]\/*[1][self::A]\/*[1][self::IMG]\" src=\"https:\/\/opiniabuzau.ro\/wp-content\/smush-webp\/2022\/02\/MicrosoftTeams-image-4-1.jpg.webp\" alt width=\"728\" height=\"91\"><\/a><\/div>\n<h3>Programul competi\u021biei<\/h3>\n<p><u>28 august:<\/u><\/p>\n<ul>\n<li>10.00-13.00 \u2013 concurs<\/li>\n<li>15.00-18.00 \u2013 concurs<\/li>\n<\/ul>\n<p><u>29<\/u><u> august: <\/u><\/p>\n<ul>\n<li>10.00-13.00 \u2013 concurs<\/li>\n<li>15.00-18.00 \u2013 concurs<\/li>\n<\/ul>\n<p><u>30 august:<\/u><\/p>\n<ul>\n<li>10.00 \u2013 festivitatea de premiere<\/li>\n<\/ul>\n<p>Pentru cei care nu sunt familiariza\u021bi cu navomodelismul, competi\u021bia poate fi o ocazie bun\u0103 de a vedea de aproape veliere de dimensiuni \u0219i niveluri de execu\u021bie greu de \u00eent\u00e2lnit \u00een mod obi\u0219nuit. Iar pentru pasiona\u021bi, miza este una important\u0103: la Buz\u0103u se poate decide campionul na\u021bional al sezonului.<\/p>\n<p>Accesul publicului este gratuit.<\/p>\n<p><img loading=\"lazy\" decoding=\"async\" data-od-unknown-tag data-od-xpath=\"\/HTML\/BODY\/DIV[@class=&apos;background-overlay&apos;]\/*[1][self::DIV]\/*[1][self::DIV]\/*[4][self::DIV]\/*[1][self::DIV]\/*[1][self::DIV]\/*[2][self::ARTICLE]\/*[3][self::DIV]\/*[19][self::P]\/*[1][self::IMG]\" class=\"aligncenter size-large wp-image-478478 perfmatters-lazy\" src=\"https:\/\/opiniabuzau.ro\/wp-content\/uploads\/2026\/08\/afis-navomodelism-683x1024.webp\" alt width=\"683\" height=\"1024\"><\/p>\n<p><img loading=\"lazy\" decoding=\"async\" data-od-unknown-tag data-od-xpath=\"\/HTML\/BODY\/DIV[@class=&apos;background-overlay&apos;]\/*[1][self::DIV]\/*[1][self::DIV]\/*[4][self::DIV]\/*[1][self::DIV]\/*[1][self::DIV]\/*[2][self::ARTICLE]\/*[3][self::DIV]\/*[19][self::P]\/*[1][self::IMG]\" class=\"aligncenter size-large wp-image-478478\" src=\"https:\/\/opiniabuzau.ro\/wp-content\/uploads\/2026\/08\/afis-navomodelism-683x1024.webp\" alt width=\"683\" height=\"1024\"><\/div>\n<p>[analyse_source url=&#8221;https:\/\/opiniabuzau.ro\/buzaul-gazda-finalei-nationale-de-navomodelism\/&#8221;]<\/p>\n","protected":false},"excerpt":{"rendered":"<p>[analyse_image type=&#8221;featured&#8221; src=&#8221;https:\/\/opiniabuzau.ro\/wp-content\/uploads\/2026\/08\/navomodelism-1.webp&#8221;] Timp de trei zile, Buz\u0103ul devine punctul de \u00eent\u00e2lnire al celor mai buni navomodeli\u0219ti din \u021bar\u0103. Lacul din Parcul Tineretului g\u0103zduie\u0219te, \u00een perioada 28-30 august, etapa final\u0103 a Campionatului Na\u021bional de navomodelism, rund\u0103 care va decide at\u00e2t ierarhia concursului din acest weekend, c\u00e2t \u0219i clasamentul general al sezonului. Competi\u021bia \u00eencepe vineri, 28 [&hellip;]<\/p>\n","protected":false},"author":1,"featured_media":0,"comment_status":"open","ping_status":"","sticky":false,"template":"","format":"standard","meta":{"footnotes":""},"categories":[2],"tags":[226,44],"class_list":["post-2114206","post","type-post","status-publish","format-standard","hentry","category-politics","tag-crawlmanager","tag-opiniabuzau-ro"],"_links":{"self":[{"href":"https:\/\/analyse.optim.biz\/index.php?rest_route=\/wp\/v2\/posts\/2114206","targetHints":{"allow":["GET"]}}],"collection":[{"href":"https:\/\/analyse.optim.biz\/index.php?rest_route=\/wp\/v2\/posts"}],"about":[{"href":"https:\/\/analyse.optim.biz\/index.php?rest_route=\/wp\/v2\/types\/post"}],"author":[{"embeddable":true,"href":"https:\/\/analyse.optim.biz\/index.php?rest_route=\/wp\/v2\/users\/1"}],"replies":[{"embeddable":true,"href":"https:\/\/analyse.optim.biz\/index.php?rest_route=%2Fwp%2Fv2%2Fcomments&post=2114206"}],"version-history":[{"count":0,"href":"https:\/\/analyse.optim.biz\/index.php?rest_route=\/wp\/v2\/posts\/2114206\/revisions"}],"wp:attachment":[{"href":"https:\/\/analyse.optim.biz\/index.php?rest_route=%2Fwp%2Fv2%2Fmedia&parent=2114206"}],"wp:term":[{"taxonomy":"category","embeddable":true,"href":"https:\/\/analyse.optim.biz\/index.php?rest_route=%2Fwp%2Fv2%2Fcategories&post=2114206"},{"taxonomy":"post_tag","embeddable":true,"href":"https:\/\/analyse.optim.biz\/index.php?rest_route=%2Fwp%2Fv2%2Ftags&post=2114206"}],"curies":[{"name":"wp","href":"https:\/\/api.w.org\/{rel}","templated":true}]}}