{"id":2114203,"date":"2026-08-26T19:48:29","date_gmt":"2026-08-26T16:48:29","guid":{"rendered":"https:\/\/analyse.optim.biz\/?p=2114203"},"modified":"2026-08-26T19:48:29","modified_gmt":"2026-08-26T16:48:29","slug":"cat-de-sigur-este-buzaul","status":"publish","type":"post","link":"https:\/\/analyse.optim.biz\/?p=2114203","title":{"rendered":"C\u00e2t de sigur este Buz\u0103ul?"},"content":{"rendered":"<p>[analyse_image type=&#8221;featured&#8221; src=&#8221;https:\/\/www.tvbuzau.ro\/wp-content\/uploads\/2026\/08\/hqdefault-31.jpghttps:\/\/www.tvbuzau.ro\/wp-content\/uploads\/2026\/08\/hqdefault-31.jpg&#8221;]<\/p>\n<div class=\"td-ss-main-content\">\n<article id=\"post-120157\" class=\"post-120157 post type-post status-publish format-video has-post-thumbnail hentry category-actualitate post_format-post-format-video\">\n<div class=\"td-post-header\">\n<ul class=\"td-category\">\n<li class=\"entry-category\"><a href=\"https:\/\/www.tvbuzau.ro\/category\/actualitate\/\">Actualitate<\/a><\/li>\n<\/ul>\n<header class=\"td-post-title\">\n<h1 class=\"entry-title\">C\u00e2t de sigur este Buz\u0103ul?<\/h1>\n<div class=\"td-module-meta-info\">\n<div class=\"td-post-author-name\">De c\u0103tre <a href=\"https:\/\/www.tvbuzau.ro\/author\/mihai-vasilescu\/\">TV Buz\u0103u<\/a> &#8211; <\/div>\n<p><span class=\"td-post-date\"><time class=\"entry-date updated td-module-date\" datetime=\"2026-08-26T19:48:29+00:00\">august 26, 2026<\/time><\/span><\/p>\n<div class=\"td-post-comments\"><a href=\"https:\/\/www.tvbuzau.ro\/cat-de-sigur-este-buzaul\/#respond\">0<\/a><\/div>\n<div class=\"td-post-views\"><span class=\"td-nr-views-120157\">13<\/span><\/div>\n<\/div>\n<\/header>\n<\/div>\n<div class=\"td-post-sharing td-post-sharing-top td-with-like\">\n<div class=\"td-default-sharing\"><a class=\"td-social-sharing-buttons td-social-facebook\" href=\"http:\/\/www.facebook.com\/sharer.php?u=https%3A%2F%2Fwww.tvbuzau.ro%2Fcat-de-sigur-este-buzaul%2F\"><\/p>\n<div class=\"td-social-but-text\">Distribui\u021bi pe Facebook<\/div>\n<p><\/a><a class=\"td-social-sharing-buttons td-social-twitter\" href=\"https:\/\/twitter.com\/intent\/tweet?text=C%C3%A2t+de+sigur+este+Buz%C4%83ul%3F&amp;url=https%3A%2F%2Fwww.tvbuzau.ro%2Fcat-de-sigur-este-buzaul%2F&amp;via=TV+Buz%C4%83u\"><\/p>\n<div class=\"td-social-but-text\">Distribui\u021bi pe Twitter<\/div>\n<p><\/a><\/div>\n<div class=\"td-classic-sharing\">\n<ul>\n<li class=\"td-classic-facebook\"><iframe frameborder src=\"https:\/\/www.facebook.com\/plugins\/like.php?href=https:\/\/www.tvbuzau.ro\/cat-de-sigur-este-buzaul\/&amp;layout=button_count&amp;show_faces=false&amp;width=105&amp;action=like&amp;colorscheme=light&amp;height=21\"><\/iframe><\/li>\n<li class=\"td-classic-twitter\"><a href=\"https:\/\/twitter.com\/share\" class=\"twitter-share-button\" data-url=\"https:\/\/www.tvbuzau.ro\/cat-de-sigur-este-buzaul\/\" data-text=\"C\u00e2t de sigur este Buz\u0103ul?\" data-via data-lang=\"en\">tweet<\/a><\/li>\n<\/ul>\n<\/div>\n<\/div>\n<div class=\"td-post-content\">\n<div class=\"td-featured-image-rec\">\n<div class=\"wpb_video_wrapper\">\n                    <iframe loading=\"lazy\" id=\"td_youtube_player\" width=\"600\" height=\"560\" src=\"https:\/\/www.youtube.com\/embed\/T_A0nR36CmM?enablejsapi=1&amp;feature=oembed&amp;wmode=opaque&amp;vq=hd720\" frameborder allowfullscreen><\/iframe><\/p><\/div>\n<\/div>\n<p>Peste 7.300 de interven\u0163ii ale poli\u0163i\u015ftilor \u00een primele 6 luni<br \/>\n\u00cen primele 6 luni, activitatea poli\u0163i\u015ftilor din cadrul Inspectoratul de Poli\u0163ie Jude\u0163ean Buz\u0103u a fost caracterizat\u0103 de desf\u0103\u015furarea unei game extinse de activit\u0103\u0163i specifice, axate pe asigurarea unui serviciu poli\u0163ienesc, profesional \u015fi de calitate, a anun\u0163at in-stitu\u0163ia. Oamenii legii au organizat aproximativ 800 de activit\u0103\u0163i cu caracter preventiv cu diferite grupuri \u021bint\u0103, \u00een cadrul c\u0103rora au fost informa\u0163i peste 40.000 de cet\u0103\u0163eni cu privire la m\u0103surile minime de protec\u0163ie pe care le pot adopta, fiindu-le distribuite \u0219i materiale cu recomand\u0103ri preventive.<br \/>\nAu fost desf\u0103\u015furate totodat\u0103 activit\u0103\u021bi specifice \u00een cadrul a dou\u0103sprezece campanii \u015fi proiecte na\u021bionale de prevenire referitoare la siguran\u021ba minorilor, prevenirea violen\u021bei domestice \u0219i a infrac\u021biunilor la via\u021ba sexual\u0103, siguran\u021ba \u00een mediul digital \u0219i cre\u0219terea gradului de siguran\u021b\u0103 rutier\u0103 la nivelul jude\u021bului Buz\u0103u.<br \/>\n\u00cen paralel, au fost derulate proiecte educa\u0163ionale \u00eencheiate cu unit\u0103\u0163i de \u00eenv\u0103\u0163\u0103m\u00e2nt, \u00een cadrul c\u0103rora au fost desf\u0103\u0219urate activit\u0103\u021bi pe linia prevenirii delincven\u021bei juvenile, a victimiz\u0103rii minorilor \u015fi pentru reducerea riscului rutier.<br \/>\n\u201e\u00cen primele 6 luni, poli\u0163i\u015ftii Inspectoratului de Poli\u021bie Jude\u021bean Buz\u0103u au intervenit la 7.322 de sesiz\u0103ri primite prin Sistemul Na\u021bional Unic pentru Apeluri de Urgen\u021b\u0103 112, dintre acestea 2.716 fiind \u00een mediul urban, f\u0103r\u0103 a fi \u00eenregistrate evenimente deosebite de natur\u0103 a afecta grav ordinea \u0219i siguran\u021ba public\u0103\u201d, a anun\u0163at IPJ Buz\u0103u.<br \/>\n\u00cen urma ac\u021biunilor derulate de poli\u021bi\u0219ti, sute de persoane au fost re\u0163inute, arestate sau au primit alte m\u0103suri preventive, ca urmare a infrac\u0163iunilor comise.<br \/>\n\u201ePoli\u021bi\u0219tii au intervenit cu fermitate ori de c\u00e2te ori situa\u021bia a impus \u0219i, \u00een urma materi-alului probator administrat \u00een cadrul dosarelor penale instrumentate, au fost dispuse 595 de m\u0103suri preventive fa\u021b\u0103 de persoanele care s-au ab\u0103tut de la lege. (o cre\u0219tere de aproximativ 37% fa\u021b\u0103 de anul precedent \u0219i de aproximativ 58% fa\u021b\u0103 de anul 2024.)\u201d, atrage aten\u0163ia IPJ Buz\u0103u.<br \/>\nAstfel, au fost \u00eenregistrate interven\u021bii operative la peste 7.300 de evenimente sesizate \u0219i aprox-imativ 600 de m\u0103suri preventive dispuse fa\u021b\u0103 de persoanele care s-au ab\u0103tut de la lege.<\/p>\n<div class=\"post-views post-120157 entry-meta\"><span class=\"post-views-label\">Post Views: <\/span><span class=\"post-views-count\">150<\/span><\/div>\n<\/div>\n<footer>\n<div class=\"td-post-sharing td-post-sharing-bottom td-with-like\"><span class=\"td-post-share-title\">DISTRIBUI\u021aI<\/span><\/p>\n<div class=\"td-default-sharing\"><a class=\"td-social-sharing-buttons td-social-facebook\" href=\"http:\/\/www.facebook.com\/sharer.php?u=https%3A%2F%2Fwww.tvbuzau.ro%2Fcat-de-sigur-este-buzaul%2F\"><\/p>\n<div class=\"td-social-but-text\">Facebook<\/div>\n<p><\/a><a class=\"td-social-sharing-buttons td-social-twitter\" href=\"https:\/\/twitter.com\/intent\/tweet?text=C%C3%A2t+de+sigur+este+Buz%C4%83ul%3F&amp;url=https%3A%2F%2Fwww.tvbuzau.ro%2Fcat-de-sigur-este-buzaul%2F&amp;via=TV+Buz%C4%83u\"><\/p>\n<div class=\"td-social-but-text\">Twitter<\/div>\n<p><\/a><\/div>\n<div class=\"td-classic-sharing\">\n<ul>\n<li class=\"td-classic-facebook\"><iframe frameborder src=\"https:\/\/www.facebook.com\/plugins\/like.php?href=https:\/\/www.tvbuzau.ro\/cat-de-sigur-este-buzaul\/&amp;layout=button_count&amp;show_faces=false&amp;width=105&amp;action=like&amp;colorscheme=light&amp;height=21\"><\/iframe><\/li>\n<li class=\"td-classic-twitter\"><a href=\"https:\/\/twitter.com\/share\" class=\"twitter-share-button\" data-url=\"https:\/\/www.tvbuzau.ro\/cat-de-sigur-este-buzaul\/\" data-text=\"C\u00e2t de sigur este Buz\u0103ul?\" data-via data-lang=\"en\">tweet<\/a><\/li>\n<\/ul>\n<\/div>\n<\/div>\n<div class=\"td-author-name vcard author\"><span class=\"fn\"><a href=\"https:\/\/www.tvbuzau.ro\/author\/mihai-vasilescu\/\">TV Buz\u0103u<\/a><\/span><\/div>\n<p><span><\/span><span><span><\/span><\/span><span><\/span><\/footer>\n<\/article>\n<div class=\"td_block_wrap td_block_related_posts td_uid_1_6a90149deb5a0_rand td_with_ajax_pagination td-pb-border-top\" data-td-block-uid=\"td_uid_1_6a90149deb5a0\">\n<h4 class=\"td-related-title\"><a id=\"td_uid_2_6a90149df3a68\" class=\"td-related-left td-cur-simple-item\" data-td_filter_value data-td_block_id=\"td_uid_1_6a90149deb5a0\" href=\"https:\/\/www.tvbuzau.ro\/cat-de-sigur-este-buzaul\/\">ARTICOLE SIMILARE<\/a><a id=\"td_uid_3_6a90149df3aa8\" class=\"td-related-right\" data-td_filter_value=\"td_related_more_from_author\" data-td_block_id=\"td_uid_1_6a90149deb5a0\" href=\"https:\/\/www.tvbuzau.ro\/cat-de-sigur-este-buzaul\/\">DE LA ACELA\u0218I AUTOR<\/a><\/h4>\n<div id=\"td_uid_1_6a90149deb5a0\" class=\"td_block_inner\">\n<div class=\"td-related-row\">\n<div class=\"td-related-span4\">\n<div class=\"td_module_related_posts td-animation-stack td_mod_related_posts\">\n<div class=\"td-module-image\">\n<div class=\"td-module-thumb\"><a href=\"https:\/\/www.tvbuzau.ro\/ce-spune-marcel-ciolacu-despre-decizia-primarului-c-toma\/\" rel=\"bookmark\" title=\"Ce spune Marcel Ciolacu, despre decizia primarului C.Toma\"><img loading=\"lazy\" decoding=\"async\" width=\"218\" height=\"150\" class=\"entry-thumb\" src=\"https:\/\/www.tvbuzau.ro\/wp-content\/uploads\/2026\/08\/sddefault-55-218x150.jpg\" alt title=\"Ce spune Marcel Ciolacu, despre decizia primarului C.Toma\"><span class=\"td-video-play-ico\"><img loading=\"lazy\" decoding=\"async\" width=\"40\" height=\"40\" class=\"td-retina\" src=\"https:\/\/www.tvbuzau.ro\/wp-content\/themes\/Newspaper\/images\/icons\/ico-video-large.png\" alt=\"video\"><\/span><\/a><\/div>\n<p><a href=\"https:\/\/www.tvbuzau.ro\/category\/actualitate\/\" class=\"td-post-category\">Actualitate<\/a><\/div>\n<div class=\"item-details\">\n<h3 class=\"entry-title td-module-title\"><a href=\"https:\/\/www.tvbuzau.ro\/ce-spune-marcel-ciolacu-despre-decizia-primarului-c-toma\/\" rel=\"bookmark\" title=\"Ce spune Marcel Ciolacu, despre decizia primarului C.Toma\">Ce spune Marcel Ciolacu, despre decizia primarului C.Toma<\/a><\/h3>\n<\/div>\n<\/div>\n<\/div>\n<div class=\"td-related-span4\">\n<div class=\"td_module_related_posts td-animation-stack td_mod_related_posts\">\n<div class=\"td-module-image\">\n<div class=\"td-module-thumb\"><a href=\"https:\/\/www.tvbuzau.ro\/lucarile-la-noua-cladire-administrata-de-cj-buzau-nu-s-au-finalizat\/\" rel=\"bookmark\" title=\"Luc\u0103rile la noua cl\u0103dire administrat\u0103 de CJ Buz\u0103u nu s-au finalizat\"><img loading=\"lazy\" decoding=\"async\" width=\"218\" height=\"150\" class=\"entry-thumb\" src=\"https:\/\/www.tvbuzau.ro\/wp-content\/uploads\/2026\/08\/hqdefault-32-218x150.jpg\" alt title=\"Luc\u0103rile la noua cl\u0103dire administrat\u0103 de CJ Buz\u0103u nu s-au finalizat\"><span class=\"td-video-play-ico\"><img loading=\"lazy\" decoding=\"async\" width=\"40\" height=\"40\" class=\"td-retina\" src=\"https:\/\/www.tvbuzau.ro\/wp-content\/themes\/Newspaper\/images\/icons\/ico-video-large.png\" alt=\"video\"><\/span><\/a><\/div>\n<p><a href=\"https:\/\/www.tvbuzau.ro\/category\/actualitate\/\" class=\"td-post-category\">Actualitate<\/a><\/div>\n<div class=\"item-details\">\n<h3 class=\"entry-title td-module-title\"><a href=\"https:\/\/www.tvbuzau.ro\/lucarile-la-noua-cladire-administrata-de-cj-buzau-nu-s-au-finalizat\/\" rel=\"bookmark\" title=\"Luc\u0103rile la noua cl\u0103dire administrat\u0103 de CJ Buz\u0103u nu s-au finalizat\">Luc\u0103rile la noua cl\u0103dire administrat\u0103 de CJ Buz\u0103u nu s-au finalizat<\/a><\/h3>\n<\/div>\n<\/div>\n<\/div>\n<div class=\"td-related-span4\">\n<div class=\"td_module_related_posts td-animation-stack td_mod_related_posts\">\n<div class=\"td-module-image\">\n<div class=\"td-module-thumb\"><a href=\"https:\/\/www.tvbuzau.ro\/ce-se-mai-stie-despre-drona-cazuta-la-buzau\/\" rel=\"bookmark\" title=\"Ce se mai \u015ftie despre drona c\u0103zut\u0103 la Buz\u0103u?\"><img loading=\"lazy\" decoding=\"async\" width=\"218\" height=\"150\" class=\"entry-thumb\" src=\"https:\/\/www.tvbuzau.ro\/wp-content\/uploads\/2026\/08\/sddefault-54-218x150.jpg\" alt title=\"Ce se mai \u015ftie despre drona c\u0103zut\u0103 la Buz\u0103u?\"><span class=\"td-video-play-ico\"><img loading=\"lazy\" decoding=\"async\" width=\"40\" height=\"40\" class=\"td-retina\" src=\"https:\/\/www.tvbuzau.ro\/wp-content\/themes\/Newspaper\/images\/icons\/ico-video-large.png\" alt=\"video\"><\/span><\/a><\/div>\n<p><a href=\"https:\/\/www.tvbuzau.ro\/category\/actualitate\/\" class=\"td-post-category\">Actualitate<\/a><\/div>\n<div class=\"item-details\">\n<h3 class=\"entry-title td-module-title\"><a href=\"https:\/\/www.tvbuzau.ro\/ce-se-mai-stie-despre-drona-cazuta-la-buzau\/\" rel=\"bookmark\" title=\"Ce se mai \u015ftie despre drona c\u0103zut\u0103 la Buz\u0103u?\">Ce se mai \u015ftie despre drona c\u0103zut\u0103 la Buz\u0103u?<\/a><\/h3>\n<\/div>\n<\/div>\n<\/div>\n<\/div>\n<div class=\"td-related-row\">\n<div class=\"td-related-span4\">\n<div class=\"td_module_related_posts td-animation-stack td_mod_related_posts\">\n<div class=\"td-module-image\">\n<div class=\"td-module-thumb\"><a href=\"https:\/\/www.tvbuzau.ro\/va-fi-exclus-din-psd-primarul-constantin-toma\/\" rel=\"bookmark\" title=\"Va fi exclus din PSD, primarul Constantin Toma?\"><img loading=\"lazy\" decoding=\"async\" width=\"218\" height=\"150\" class=\"entry-thumb\" src=\"https:\/\/www.tvbuzau.ro\/wp-content\/uploads\/2026\/08\/sddefault-53-218x150.jpg\" alt title=\"Va fi exclus din PSD, primarul Constantin Toma?\"><span class=\"td-video-play-ico\"><img loading=\"lazy\" decoding=\"async\" width=\"40\" height=\"40\" class=\"td-retina\" src=\"https:\/\/www.tvbuzau.ro\/wp-content\/themes\/Newspaper\/images\/icons\/ico-video-large.png\" alt=\"video\"><\/span><\/a><\/div>\n<p><a href=\"https:\/\/www.tvbuzau.ro\/category\/actualitate\/\" class=\"td-post-category\">Actualitate<\/a><\/div>\n<div class=\"item-details\">\n<h3 class=\"entry-title td-module-title\"><a href=\"https:\/\/www.tvbuzau.ro\/va-fi-exclus-din-psd-primarul-constantin-toma\/\" rel=\"bookmark\" title=\"Va fi exclus din PSD, primarul Constantin Toma?\">Va fi exclus din PSD, primarul Constantin Toma?<\/a><\/h3>\n<\/div>\n<\/div>\n<\/div>\n<div class=\"td-related-span4\">\n<div class=\"td_module_related_posts td-animation-stack td_mod_related_posts\">\n<div class=\"td-module-image\">\n<div class=\"td-module-thumb\"><a href=\"https:\/\/www.tvbuzau.ro\/peste-3-3-milioane-de-tigari-confiscate-de-politisti\/\" rel=\"bookmark\" title=\"Peste 3.3 milioane de \u0163ig\u0103ri confiscate de poli\u0163i\u015fti\"><img loading=\"lazy\" decoding=\"async\" width=\"218\" height=\"150\" class=\"entry-thumb\" src=\"https:\/\/www.tvbuzau.ro\/wp-content\/uploads\/2026\/08\/hqdefault-30-218x150.jpg\" alt title=\"Peste 3.3 milioane de \u0163ig\u0103ri confiscate de poli\u0163i\u015fti\"><span class=\"td-video-play-ico\"><img loading=\"lazy\" decoding=\"async\" width=\"40\" height=\"40\" class=\"td-retina\" src=\"https:\/\/www.tvbuzau.ro\/wp-content\/themes\/Newspaper\/images\/icons\/ico-video-large.png\" alt=\"video\"><\/span><\/a><\/div>\n<p><a href=\"https:\/\/www.tvbuzau.ro\/category\/actualitate\/\" class=\"td-post-category\">Actualitate<\/a><\/div>\n<div class=\"item-details\">\n<h3 class=\"entry-title td-module-title\"><a href=\"https:\/\/www.tvbuzau.ro\/peste-3-3-milioane-de-tigari-confiscate-de-politisti\/\" rel=\"bookmark\" title=\"Peste 3.3 milioane de \u0163ig\u0103ri confiscate de poli\u0163i\u015fti\">Peste 3.3 milioane de \u0163ig\u0103ri confiscate de poli\u0163i\u015fti<\/a><\/h3>\n<\/div>\n<\/div>\n<\/div>\n<div class=\"td-related-span4\">\n<div class=\"td_module_related_posts td-animation-stack td_mod_related_posts\">\n<div class=\"td-module-image\">\n<div class=\"td-module-thumb\"><a href=\"https:\/\/www.tvbuzau.ro\/buzaul-ar-putea-deveni-capitala-culturala\/\" rel=\"bookmark\" title=\"Buz\u0103ul ar putea deveni capital\u0103 cultural\u0103\"><img loading=\"lazy\" decoding=\"async\" width=\"218\" height=\"150\" class=\"entry-thumb\" src=\"https:\/\/www.tvbuzau.ro\/wp-content\/uploads\/2026\/08\/hqdefault-29-218x150.jpg\" alt title=\"Buz\u0103ul ar putea deveni capital\u0103 cultural\u0103\"><span class=\"td-video-play-ico\"><img loading=\"lazy\" decoding=\"async\" width=\"40\" height=\"40\" class=\"td-retina\" src=\"https:\/\/www.tvbuzau.ro\/wp-content\/themes\/Newspaper\/images\/icons\/ico-video-large.png\" alt=\"video\"><\/span><\/a><\/div>\n<p><a href=\"https:\/\/www.tvbuzau.ro\/category\/actualitate\/\" class=\"td-post-category\">Actualitate<\/a><\/div>\n<div class=\"item-details\">\n<h3 class=\"entry-title td-module-title\"><a href=\"https:\/\/www.tvbuzau.ro\/buzaul-ar-putea-deveni-capitala-culturala\/\" rel=\"bookmark\" title=\"Buz\u0103ul ar putea deveni capital\u0103 cultural\u0103\">Buz\u0103ul ar putea deveni capital\u0103 cultural\u0103<\/a><\/h3>\n<\/div>\n<\/div>\n<\/div>\n<\/div>\n<\/div>\n<\/div>\n<div class=\"comments\" id=\"comments\">\n<div id=\"respond\" class=\"comment-respond\">\n<h3 id=\"reply-title\" class=\"comment-reply-title\">L\u0102SA\u021aI UN MESAJ <small><a rel=\"nofollow\" id=\"cancel-comment-reply-link\" href=\"https:\/\/www.tvbuzau.ro\/cat-de-sigur-este-buzaul\/#respond\">Renun\u021ba\u021bi la r\u0103spuns<\/a><\/small><\/h3>\n<\/div>\n<\/div>\n<\/div>\n<div class=\"td-post-content\">\n<div class=\"td-featured-image-rec\">\n<div class=\"wpb_video_wrapper\">\n                    <iframe loading=\"lazy\" id=\"td_youtube_player\" width=\"600\" height=\"560\" src=\"https:\/\/www.youtube.com\/embed\/T_A0nR36CmM?enablejsapi=1&amp;feature=oembed&amp;wmode=opaque&amp;vq=hd720\" frameborder allowfullscreen><\/iframe><\/p><\/div>\n<\/div>\n<p>Peste 7.300 de interven\u0163ii ale poli\u0163i\u015ftilor \u00een primele 6 luni<br \/>\n\u00cen primele 6 luni, activitatea poli\u0163i\u015ftilor din cadrul Inspectoratul de Poli\u0163ie Jude\u0163ean Buz\u0103u a fost caracterizat\u0103 de desf\u0103\u015furarea unei game extinse de activit\u0103\u0163i specifice, axate pe asigurarea unui serviciu poli\u0163ienesc, profesional \u015fi de calitate, a anun\u0163at in-stitu\u0163ia. Oamenii legii au organizat aproximativ 800 de activit\u0103\u0163i cu caracter preventiv cu diferite grupuri \u021bint\u0103, \u00een cadrul c\u0103rora au fost informa\u0163i peste 40.000 de cet\u0103\u0163eni cu privire la m\u0103surile minime de protec\u0163ie pe care le pot adopta, fiindu-le distribuite \u0219i materiale cu recomand\u0103ri preventive.<br \/>\nAu fost desf\u0103\u015furate totodat\u0103 activit\u0103\u021bi specifice \u00een cadrul a dou\u0103sprezece campanii \u015fi proiecte na\u021bionale de prevenire referitoare la siguran\u021ba minorilor, prevenirea violen\u021bei domestice \u0219i a infrac\u021biunilor la via\u021ba sexual\u0103, siguran\u021ba \u00een mediul digital \u0219i cre\u0219terea gradului de siguran\u021b\u0103 rutier\u0103 la nivelul jude\u021bului Buz\u0103u.<br \/>\n\u00cen paralel, au fost derulate proiecte educa\u0163ionale \u00eencheiate cu unit\u0103\u0163i de \u00eenv\u0103\u0163\u0103m\u00e2nt, \u00een cadrul c\u0103rora au fost desf\u0103\u0219urate activit\u0103\u021bi pe linia prevenirii delincven\u021bei juvenile, a victimiz\u0103rii minorilor \u015fi pentru reducerea riscului rutier.<br \/>\n\u201e\u00cen primele 6 luni, poli\u0163i\u015ftii Inspectoratului de Poli\u021bie Jude\u021bean Buz\u0103u au intervenit la 7.322 de sesiz\u0103ri primite prin Sistemul Na\u021bional Unic pentru Apeluri de Urgen\u021b\u0103 112, dintre acestea 2.716 fiind \u00een mediul urban, f\u0103r\u0103 a fi \u00eenregistrate evenimente deosebite de natur\u0103 a afecta grav ordinea \u0219i siguran\u021ba public\u0103\u201d, a anun\u0163at IPJ Buz\u0103u.<br \/>\n\u00cen urma ac\u021biunilor derulate de poli\u021bi\u0219ti, sute de persoane au fost re\u0163inute, arestate sau au primit alte m\u0103suri preventive, ca urmare a infrac\u0163iunilor comise.<br \/>\n\u201ePoli\u021bi\u0219tii au intervenit cu fermitate ori de c\u00e2te ori situa\u021bia a impus \u0219i, \u00een urma materi-alului probator administrat \u00een cadrul dosarelor penale instrumentate, au fost dispuse 595 de m\u0103suri preventive fa\u021b\u0103 de persoanele care s-au ab\u0103tut de la lege. (o cre\u0219tere de aproximativ 37% fa\u021b\u0103 de anul precedent \u0219i de aproximativ 58% fa\u021b\u0103 de anul 2024.)\u201d, atrage aten\u0163ia IPJ Buz\u0103u.<br \/>\nAstfel, au fost \u00eenregistrate interven\u021bii operative la peste 7.300 de evenimente sesizate \u0219i aprox-imativ 600 de m\u0103suri preventive dispuse fa\u021b\u0103 de persoanele care s-au ab\u0103tut de la lege.<\/p>\n<div class=\"post-views post-120157 entry-meta\"><span class=\"post-views-label\">Post Views: <\/span><span class=\"post-views-count\">150<\/span><\/div>\n<\/div>\n<p>[analyse_source url=&#8221;https:\/\/www.tvbuzau.ro\/cat-de-sigur-este-buzaul\/&#8221;]<\/p>\n","protected":false},"excerpt":{"rendered":"<p>[analyse_image type=&#8221;featured&#8221; src=&#8221;https:\/\/www.tvbuzau.ro\/wp-content\/uploads\/2026\/08\/hqdefault-31.jpghttps:\/\/www.tvbuzau.ro\/wp-content\/uploads\/2026\/08\/hqdefault-31.jpg&#8221;] Actualitate C\u00e2t de sigur este Buz\u0103ul? De c\u0103tre TV Buz\u0103u &#8211; august 26, 2026 0 13 Distribui\u021bi pe Facebook Distribui\u021bi pe Twitter tweet Peste 7.300 de interven\u0163ii ale poli\u0163i\u015ftilor \u00een primele 6 luni \u00cen primele 6 luni, activitatea poli\u0163i\u015ftilor din cadrul Inspectoratul de Poli\u0163ie Jude\u0163ean Buz\u0103u a fost caracterizat\u0103 de desf\u0103\u015furarea unei [&hellip;]<\/p>\n","protected":false},"author":1,"featured_media":0,"comment_status":"open","ping_status":"","sticky":false,"template":"","format":"standard","meta":{"footnotes":""},"categories":[2],"tags":[226,116],"class_list":["post-2114203","post","type-post","status-publish","format-standard","hentry","category-politics","tag-crawlmanager","tag-tvbuzau-ro"],"_links":{"self":[{"href":"https:\/\/analyse.optim.biz\/index.php?rest_route=\/wp\/v2\/posts\/2114203","targetHints":{"allow":["GET"]}}],"collection":[{"href":"https:\/\/analyse.optim.biz\/index.php?rest_route=\/wp\/v2\/posts"}],"about":[{"href":"https:\/\/analyse.optim.biz\/index.php?rest_route=\/wp\/v2\/types\/post"}],"author":[{"embeddable":true,"href":"https:\/\/analyse.optim.biz\/index.php?rest_route=\/wp\/v2\/users\/1"}],"replies":[{"embeddable":true,"href":"https:\/\/analyse.optim.biz\/index.php?rest_route=%2Fwp%2Fv2%2Fcomments&post=2114203"}],"version-history":[{"count":0,"href":"https:\/\/analyse.optim.biz\/index.php?rest_route=\/wp\/v2\/posts\/2114203\/revisions"}],"wp:attachment":[{"href":"https:\/\/analyse.optim.biz\/index.php?rest_route=%2Fwp%2Fv2%2Fmedia&parent=2114203"}],"wp:term":[{"taxonomy":"category","embeddable":true,"href":"https:\/\/analyse.optim.biz\/index.php?rest_route=%2Fwp%2Fv2%2Fcategories&post=2114203"},{"taxonomy":"post_tag","embeddable":true,"href":"https:\/\/analyse.optim.biz\/index.php?rest_route=%2Fwp%2Fv2%2Ftags&post=2114203"}],"curies":[{"name":"wp","href":"https:\/\/api.w.org\/{rel}","templated":true}]}}