{"id":2114199,"date":"2026-08-26T19:54:13","date_gmt":"2026-08-26T16:54:13","guid":{"rendered":"https:\/\/analyse.optim.biz\/?p=2114199"},"modified":"2026-08-26T19:54:13","modified_gmt":"2026-08-26T16:54:13","slug":"ce-spune-marcel-ciolacu-despre-decizia-primarului-c-toma","status":"publish","type":"post","link":"https:\/\/analyse.optim.biz\/?p=2114199","title":{"rendered":"Ce spune Marcel Ciolacu, despre decizia primarului C.Toma"},"content":{"rendered":"<p>[analyse_image type=&#8221;featured&#8221; src=&#8221;https:\/\/www.tvbuzau.ro\/wp-content\/uploads\/2026\/08\/sddefault-55.jpghttps:\/\/www.tvbuzau.ro\/wp-content\/uploads\/2026\/08\/sddefault-55.jpg&#8221;]<\/p>\n<div class=\"td-ss-main-content\">\n<article id=\"post-120166\" class=\"post-120166 post type-post status-publish format-video has-post-thumbnail hentry category-actualitate post_format-post-format-video\">\n<div class=\"td-post-header\">\n<ul class=\"td-category\">\n<li class=\"entry-category\"><a href=\"https:\/\/www.tvbuzau.ro\/category\/actualitate\/\">Actualitate<\/a><\/li>\n<\/ul>\n<header class=\"td-post-title\">\n<h1 class=\"entry-title\">Ce spune Marcel Ciolacu, despre decizia primarului C.Toma<\/h1>\n<div class=\"td-module-meta-info\">\n<div class=\"td-post-author-name\">De c\u0103tre <a href=\"https:\/\/www.tvbuzau.ro\/author\/mihai-vasilescu\/\">TV Buz\u0103u<\/a> &#8211; <\/div>\n<p><span class=\"td-post-date\"><time class=\"entry-date updated td-module-date\" datetime=\"2026-08-26T19:54:13+00:00\">august 26, 2026<\/time><\/span><\/p>\n<div class=\"td-post-comments\"><a href=\"https:\/\/www.tvbuzau.ro\/ce-spune-marcel-ciolacu-despre-decizia-primarului-c-toma\/#respond\">0<\/a><\/div>\n<div class=\"td-post-views\"><span class=\"td-nr-views-120166\">38<\/span><\/div>\n<\/div>\n<\/header>\n<\/div>\n<div class=\"td-post-sharing td-post-sharing-top td-with-like\">\n<div class=\"td-default-sharing\"><a class=\"td-social-sharing-buttons td-social-facebook\" href=\"http:\/\/www.facebook.com\/sharer.php?u=https%3A%2F%2Fwww.tvbuzau.ro%2Fce-spune-marcel-ciolacu-despre-decizia-primarului-c-toma%2F\"><\/p>\n<div class=\"td-social-but-text\">Distribui\u021bi pe Facebook<\/div>\n<p><\/a><a class=\"td-social-sharing-buttons td-social-twitter\" href=\"https:\/\/twitter.com\/intent\/tweet?text=Ce+spune+Marcel+Ciolacu%2C+despre+decizia+primarului+C.Toma&amp;url=https%3A%2F%2Fwww.tvbuzau.ro%2Fce-spune-marcel-ciolacu-despre-decizia-primarului-c-toma%2F&amp;via=TV+Buz%C4%83u\"><\/p>\n<div class=\"td-social-but-text\">Distribui\u021bi pe Twitter<\/div>\n<p><\/a><\/div>\n<div class=\"td-classic-sharing\">\n<ul>\n<li class=\"td-classic-facebook\"><iframe frameborder src=\"https:\/\/www.facebook.com\/plugins\/like.php?href=https:\/\/www.tvbuzau.ro\/ce-spune-marcel-ciolacu-despre-decizia-primarului-c-toma\/&amp;layout=button_count&amp;show_faces=false&amp;width=105&amp;action=like&amp;colorscheme=light&amp;height=21\"><\/iframe><\/li>\n<li class=\"td-classic-twitter\"><a href=\"https:\/\/twitter.com\/share\" class=\"twitter-share-button\" data-url=\"https:\/\/www.tvbuzau.ro\/ce-spune-marcel-ciolacu-despre-decizia-primarului-c-toma\/\" data-text=\"Ce spune Marcel Ciolacu, despre decizia primarului C.Toma\" data-via data-lang=\"en\">tweet<\/a><\/li>\n<\/ul>\n<\/div>\n<\/div>\n<div class=\"td-post-content\">\n<div class=\"td-featured-image-rec\">\n<div class=\"wpb_video_wrapper\">\n                    <iframe loading=\"lazy\" id=\"td_youtube_player\" width=\"600\" height=\"560\" src=\"https:\/\/www.youtube.com\/embed\/UHOk081zi14?enablejsapi=1&amp;feature=oembed&amp;wmode=opaque&amp;vq=hd720\" frameborder allowfullscreen><\/iframe><\/p><\/div>\n<\/div>\n<p>\u201cA\u015ftept\u0103ri de obicei nu mai am\u201d<br \/>\nPre\u015fedintele Consiliului Jude\u0163ean Buz\u0103u, Marcel Ciolacu a declarat, dup\u0103 ce primarul municipiului Buz\u0103u, Constantin Toma a anun\u0163at c\u0103 nu va mai candida din partea PSD pentru un nou mandat, c\u0103 este obi\u015fnuit cu felul d\u00e2nsului de a fi.<br \/>\nLiderul PSD a subliniat c\u0103 a existat o colaborare bun\u0103 \u00eentre PSD \u015fi edilul or\u015fului Buz\u0103u din care fiecare parte a avut de c\u00e2\u015ftigat.<br \/>\n\u2018Dragi buzoieni, decizia mea este luat\u0103, nu voi mai candida din partea PSD pentru un nou mandat de primar al municipiului Buz\u0103u. Am renun\u021bat la toate func\u021biile de conducere pe care le-am de\u021binut \u00een partid \u0219i am explicat \u0219i de ce: s-au luat \u0219i din p\u0103cate se iau o mul\u021bime de decizii gre\u0219ite de c\u0103tre PSD, \u00eempotriva rom\u00e2nilor \u0219i implicit a comunit\u0103\u021bii buzoiene! Ce voi face \u00een 2028, la alegeri, voi decide la momentul potrivit! Cert este c\u0103 nu voi mai cere votul buzoienilor \u00een calitate de membru PSD. P\u00e2n\u0103 atunci am un mandat de dus la cap\u0103t, multe proiecte de finalizat \u0219i o mare responsabilitate fa\u021b\u0103 de buzoieni\u2019, a scris mar\u0163i pe pagina sa de Facebook, Constantin Toma.<\/p>\n<div class=\"post-views post-120166 entry-meta\"><span class=\"post-views-label\">Post Views: <\/span><span class=\"post-views-count\">190<\/span><\/div>\n<\/div>\n<footer>\n<div class=\"td-post-sharing td-post-sharing-bottom td-with-like\"><span class=\"td-post-share-title\">DISTRIBUI\u021aI<\/span><\/p>\n<div class=\"td-default-sharing\"><a class=\"td-social-sharing-buttons td-social-facebook\" href=\"http:\/\/www.facebook.com\/sharer.php?u=https%3A%2F%2Fwww.tvbuzau.ro%2Fce-spune-marcel-ciolacu-despre-decizia-primarului-c-toma%2F\"><\/p>\n<div class=\"td-social-but-text\">Facebook<\/div>\n<p><\/a><a class=\"td-social-sharing-buttons td-social-twitter\" href=\"https:\/\/twitter.com\/intent\/tweet?text=Ce+spune+Marcel+Ciolacu%2C+despre+decizia+primarului+C.Toma&amp;url=https%3A%2F%2Fwww.tvbuzau.ro%2Fce-spune-marcel-ciolacu-despre-decizia-primarului-c-toma%2F&amp;via=TV+Buz%C4%83u\"><\/p>\n<div class=\"td-social-but-text\">Twitter<\/div>\n<p><\/a><\/div>\n<div class=\"td-classic-sharing\">\n<ul>\n<li class=\"td-classic-facebook\"><iframe frameborder src=\"https:\/\/www.facebook.com\/plugins\/like.php?href=https:\/\/www.tvbuzau.ro\/ce-spune-marcel-ciolacu-despre-decizia-primarului-c-toma\/&amp;layout=button_count&amp;show_faces=false&amp;width=105&amp;action=like&amp;colorscheme=light&amp;height=21\"><\/iframe><\/li>\n<li class=\"td-classic-twitter\"><a href=\"https:\/\/twitter.com\/share\" class=\"twitter-share-button\" data-url=\"https:\/\/www.tvbuzau.ro\/ce-spune-marcel-ciolacu-despre-decizia-primarului-c-toma\/\" data-text=\"Ce spune Marcel Ciolacu, despre decizia primarului C.Toma\" data-via data-lang=\"en\">tweet<\/a><\/li>\n<\/ul>\n<\/div>\n<\/div>\n<div class=\"td-author-name vcard author\"><span class=\"fn\"><a href=\"https:\/\/www.tvbuzau.ro\/author\/mihai-vasilescu\/\">TV Buz\u0103u<\/a><\/span><\/div>\n<p><span><\/span><span><span><\/span><\/span><span><\/span><\/footer>\n<\/article>\n<div class=\"td_block_wrap td_block_related_posts td_uid_1_6a901451eede7_rand td_with_ajax_pagination td-pb-border-top\" data-td-block-uid=\"td_uid_1_6a901451eede7\">\n<h4 class=\"td-related-title\"><a id=\"td_uid_2_6a901452011a6\" class=\"td-related-left td-cur-simple-item\" data-td_filter_value data-td_block_id=\"td_uid_1_6a901451eede7\" href=\"https:\/\/www.tvbuzau.ro\/ce-spune-marcel-ciolacu-despre-decizia-primarului-c-toma\/\">ARTICOLE SIMILARE<\/a><a id=\"td_uid_3_6a901452015c8\" class=\"td-related-right\" data-td_filter_value=\"td_related_more_from_author\" data-td_block_id=\"td_uid_1_6a901451eede7\" href=\"https:\/\/www.tvbuzau.ro\/ce-spune-marcel-ciolacu-despre-decizia-primarului-c-toma\/\">DE LA ACELA\u0218I AUTOR<\/a><\/h4>\n<div id=\"td_uid_1_6a901451eede7\" class=\"td_block_inner\">\n<div class=\"td-related-row\">\n<div class=\"td-related-span4\">\n<div class=\"td_module_related_posts td-animation-stack td_mod_related_posts\">\n<div class=\"td-module-image\">\n<div class=\"td-module-thumb\"><a href=\"https:\/\/www.tvbuzau.ro\/lucarile-la-noua-cladire-administrata-de-cj-buzau-nu-s-au-finalizat\/\" rel=\"bookmark\" title=\"Luc\u0103rile la noua cl\u0103dire administrat\u0103 de CJ Buz\u0103u nu s-au finalizat\"><img loading=\"lazy\" decoding=\"async\" width=\"218\" height=\"150\" class=\"entry-thumb\" src=\"https:\/\/www.tvbuzau.ro\/wp-content\/uploads\/2026\/08\/hqdefault-32-218x150.jpg\" alt title=\"Luc\u0103rile la noua cl\u0103dire administrat\u0103 de CJ Buz\u0103u nu s-au finalizat\"><span class=\"td-video-play-ico\"><img loading=\"lazy\" decoding=\"async\" width=\"40\" height=\"40\" class=\"td-retina\" src=\"https:\/\/www.tvbuzau.ro\/wp-content\/themes\/Newspaper\/images\/icons\/ico-video-large.png\" alt=\"video\"><\/span><\/a><\/div>\n<p><a href=\"https:\/\/www.tvbuzau.ro\/category\/actualitate\/\" class=\"td-post-category\">Actualitate<\/a><\/div>\n<div class=\"item-details\">\n<h3 class=\"entry-title td-module-title\"><a href=\"https:\/\/www.tvbuzau.ro\/lucarile-la-noua-cladire-administrata-de-cj-buzau-nu-s-au-finalizat\/\" rel=\"bookmark\" title=\"Luc\u0103rile la noua cl\u0103dire administrat\u0103 de CJ Buz\u0103u nu s-au finalizat\">Luc\u0103rile la noua cl\u0103dire administrat\u0103 de CJ Buz\u0103u nu s-au finalizat<\/a><\/h3>\n<\/div>\n<\/div>\n<\/div>\n<div class=\"td-related-span4\">\n<div class=\"td_module_related_posts td-animation-stack td_mod_related_posts\">\n<div class=\"td-module-image\">\n<div class=\"td-module-thumb\"><a href=\"https:\/\/www.tvbuzau.ro\/ce-se-mai-stie-despre-drona-cazuta-la-buzau\/\" rel=\"bookmark\" title=\"Ce se mai \u015ftie despre drona c\u0103zut\u0103 la Buz\u0103u?\"><img loading=\"lazy\" decoding=\"async\" width=\"218\" height=\"150\" class=\"entry-thumb\" src=\"https:\/\/www.tvbuzau.ro\/wp-content\/uploads\/2026\/08\/sddefault-54-218x150.jpg\" alt title=\"Ce se mai \u015ftie despre drona c\u0103zut\u0103 la Buz\u0103u?\"><span class=\"td-video-play-ico\"><img loading=\"lazy\" decoding=\"async\" width=\"40\" height=\"40\" class=\"td-retina\" src=\"https:\/\/www.tvbuzau.ro\/wp-content\/themes\/Newspaper\/images\/icons\/ico-video-large.png\" alt=\"video\"><\/span><\/a><\/div>\n<p><a href=\"https:\/\/www.tvbuzau.ro\/category\/actualitate\/\" class=\"td-post-category\">Actualitate<\/a><\/div>\n<div class=\"item-details\">\n<h3 class=\"entry-title td-module-title\"><a href=\"https:\/\/www.tvbuzau.ro\/ce-se-mai-stie-despre-drona-cazuta-la-buzau\/\" rel=\"bookmark\" title=\"Ce se mai \u015ftie despre drona c\u0103zut\u0103 la Buz\u0103u?\">Ce se mai \u015ftie despre drona c\u0103zut\u0103 la Buz\u0103u?<\/a><\/h3>\n<\/div>\n<\/div>\n<\/div>\n<div class=\"td-related-span4\">\n<div class=\"td_module_related_posts td-animation-stack td_mod_related_posts\">\n<div class=\"td-module-image\">\n<div class=\"td-module-thumb\"><a href=\"https:\/\/www.tvbuzau.ro\/cat-de-sigur-este-buzaul\/\" rel=\"bookmark\" title=\"C\u00e2t de sigur este Buz\u0103ul?\"><img loading=\"lazy\" decoding=\"async\" width=\"218\" height=\"150\" class=\"entry-thumb\" src=\"https:\/\/www.tvbuzau.ro\/wp-content\/uploads\/2026\/08\/hqdefault-31-218x150.jpg\" alt title=\"C\u00e2t de sigur este Buz\u0103ul?\"><span class=\"td-video-play-ico\"><img loading=\"lazy\" decoding=\"async\" width=\"40\" height=\"40\" class=\"td-retina\" src=\"https:\/\/www.tvbuzau.ro\/wp-content\/themes\/Newspaper\/images\/icons\/ico-video-large.png\" alt=\"video\"><\/span><\/a><\/div>\n<p><a href=\"https:\/\/www.tvbuzau.ro\/category\/actualitate\/\" class=\"td-post-category\">Actualitate<\/a><\/div>\n<div class=\"item-details\">\n<h3 class=\"entry-title td-module-title\"><a href=\"https:\/\/www.tvbuzau.ro\/cat-de-sigur-este-buzaul\/\" rel=\"bookmark\" title=\"C\u00e2t de sigur este Buz\u0103ul?\">C\u00e2t de sigur este Buz\u0103ul?<\/a><\/h3>\n<\/div>\n<\/div>\n<\/div>\n<\/div>\n<div class=\"td-related-row\">\n<div class=\"td-related-span4\">\n<div class=\"td_module_related_posts td-animation-stack td_mod_related_posts\">\n<div class=\"td-module-image\">\n<div class=\"td-module-thumb\"><a href=\"https:\/\/www.tvbuzau.ro\/va-fi-exclus-din-psd-primarul-constantin-toma\/\" rel=\"bookmark\" title=\"Va fi exclus din PSD, primarul Constantin Toma?\"><img loading=\"lazy\" decoding=\"async\" width=\"218\" height=\"150\" class=\"entry-thumb\" src=\"https:\/\/www.tvbuzau.ro\/wp-content\/uploads\/2026\/08\/sddefault-53-218x150.jpg\" alt title=\"Va fi exclus din PSD, primarul Constantin Toma?\"><span class=\"td-video-play-ico\"><img loading=\"lazy\" decoding=\"async\" width=\"40\" height=\"40\" class=\"td-retina\" src=\"https:\/\/www.tvbuzau.ro\/wp-content\/themes\/Newspaper\/images\/icons\/ico-video-large.png\" alt=\"video\"><\/span><\/a><\/div>\n<p><a href=\"https:\/\/www.tvbuzau.ro\/category\/actualitate\/\" class=\"td-post-category\">Actualitate<\/a><\/div>\n<div class=\"item-details\">\n<h3 class=\"entry-title td-module-title\"><a href=\"https:\/\/www.tvbuzau.ro\/va-fi-exclus-din-psd-primarul-constantin-toma\/\" rel=\"bookmark\" title=\"Va fi exclus din PSD, primarul Constantin Toma?\">Va fi exclus din PSD, primarul Constantin Toma?<\/a><\/h3>\n<\/div>\n<\/div>\n<\/div>\n<div class=\"td-related-span4\">\n<div class=\"td_module_related_posts td-animation-stack td_mod_related_posts\">\n<div class=\"td-module-image\">\n<div class=\"td-module-thumb\"><a href=\"https:\/\/www.tvbuzau.ro\/peste-3-3-milioane-de-tigari-confiscate-de-politisti\/\" rel=\"bookmark\" title=\"Peste 3.3 milioane de \u0163ig\u0103ri confiscate de poli\u0163i\u015fti\"><img loading=\"lazy\" decoding=\"async\" width=\"218\" height=\"150\" class=\"entry-thumb\" src=\"https:\/\/www.tvbuzau.ro\/wp-content\/uploads\/2026\/08\/hqdefault-30-218x150.jpg\" alt title=\"Peste 3.3 milioane de \u0163ig\u0103ri confiscate de poli\u0163i\u015fti\"><span class=\"td-video-play-ico\"><img loading=\"lazy\" decoding=\"async\" width=\"40\" height=\"40\" class=\"td-retina\" src=\"https:\/\/www.tvbuzau.ro\/wp-content\/themes\/Newspaper\/images\/icons\/ico-video-large.png\" alt=\"video\"><\/span><\/a><\/div>\n<p><a href=\"https:\/\/www.tvbuzau.ro\/category\/actualitate\/\" class=\"td-post-category\">Actualitate<\/a><\/div>\n<div class=\"item-details\">\n<h3 class=\"entry-title td-module-title\"><a href=\"https:\/\/www.tvbuzau.ro\/peste-3-3-milioane-de-tigari-confiscate-de-politisti\/\" rel=\"bookmark\" title=\"Peste 3.3 milioane de \u0163ig\u0103ri confiscate de poli\u0163i\u015fti\">Peste 3.3 milioane de \u0163ig\u0103ri confiscate de poli\u0163i\u015fti<\/a><\/h3>\n<\/div>\n<\/div>\n<\/div>\n<div class=\"td-related-span4\">\n<div class=\"td_module_related_posts td-animation-stack td_mod_related_posts\">\n<div class=\"td-module-image\">\n<div class=\"td-module-thumb\"><a href=\"https:\/\/www.tvbuzau.ro\/buzaul-ar-putea-deveni-capitala-culturala\/\" rel=\"bookmark\" title=\"Buz\u0103ul ar putea deveni capital\u0103 cultural\u0103\"><img loading=\"lazy\" decoding=\"async\" width=\"218\" height=\"150\" class=\"entry-thumb\" src=\"https:\/\/www.tvbuzau.ro\/wp-content\/uploads\/2026\/08\/hqdefault-29-218x150.jpg\" alt title=\"Buz\u0103ul ar putea deveni capital\u0103 cultural\u0103\"><span class=\"td-video-play-ico\"><img loading=\"lazy\" decoding=\"async\" width=\"40\" height=\"40\" class=\"td-retina\" src=\"https:\/\/www.tvbuzau.ro\/wp-content\/themes\/Newspaper\/images\/icons\/ico-video-large.png\" alt=\"video\"><\/span><\/a><\/div>\n<p><a href=\"https:\/\/www.tvbuzau.ro\/category\/actualitate\/\" class=\"td-post-category\">Actualitate<\/a><\/div>\n<div class=\"item-details\">\n<h3 class=\"entry-title td-module-title\"><a href=\"https:\/\/www.tvbuzau.ro\/buzaul-ar-putea-deveni-capitala-culturala\/\" rel=\"bookmark\" title=\"Buz\u0103ul ar putea deveni capital\u0103 cultural\u0103\">Buz\u0103ul ar putea deveni capital\u0103 cultural\u0103<\/a><\/h3>\n<\/div>\n<\/div>\n<\/div>\n<\/div>\n<\/div>\n<\/div>\n<div class=\"comments\" id=\"comments\">\n<div id=\"respond\" class=\"comment-respond\">\n<h3 id=\"reply-title\" class=\"comment-reply-title\">L\u0102SA\u021aI UN MESAJ <small><a rel=\"nofollow\" id=\"cancel-comment-reply-link\" href=\"https:\/\/www.tvbuzau.ro\/ce-spune-marcel-ciolacu-despre-decizia-primarului-c-toma\/#respond\">Renun\u021ba\u021bi la r\u0103spuns<\/a><\/small><\/h3>\n<\/div>\n<\/div>\n<\/div>\n<div class=\"td-post-content\">\n<div class=\"td-featured-image-rec\">\n<div class=\"wpb_video_wrapper\">\n                    <iframe loading=\"lazy\" id=\"td_youtube_player\" width=\"600\" height=\"560\" src=\"https:\/\/www.youtube.com\/embed\/UHOk081zi14?enablejsapi=1&amp;feature=oembed&amp;wmode=opaque&amp;vq=hd720\" frameborder allowfullscreen><\/iframe><\/p><\/div>\n<\/div>\n<p>\u201cA\u015ftept\u0103ri de obicei nu mai am\u201d<br \/>\nPre\u015fedintele Consiliului Jude\u0163ean Buz\u0103u, Marcel Ciolacu a declarat, dup\u0103 ce primarul municipiului Buz\u0103u, Constantin Toma a anun\u0163at c\u0103 nu va mai candida din partea PSD pentru un nou mandat, c\u0103 este obi\u015fnuit cu felul d\u00e2nsului de a fi.<br \/>\nLiderul PSD a subliniat c\u0103 a existat o colaborare bun\u0103 \u00eentre PSD \u015fi edilul or\u015fului Buz\u0103u din care fiecare parte a avut de c\u00e2\u015ftigat.<br \/>\n\u2018Dragi buzoieni, decizia mea este luat\u0103, nu voi mai candida din partea PSD pentru un nou mandat de primar al municipiului Buz\u0103u. Am renun\u021bat la toate func\u021biile de conducere pe care le-am de\u021binut \u00een partid \u0219i am explicat \u0219i de ce: s-au luat \u0219i din p\u0103cate se iau o mul\u021bime de decizii gre\u0219ite de c\u0103tre PSD, \u00eempotriva rom\u00e2nilor \u0219i implicit a comunit\u0103\u021bii buzoiene! Ce voi face \u00een 2028, la alegeri, voi decide la momentul potrivit! Cert este c\u0103 nu voi mai cere votul buzoienilor \u00een calitate de membru PSD. P\u00e2n\u0103 atunci am un mandat de dus la cap\u0103t, multe proiecte de finalizat \u0219i o mare responsabilitate fa\u021b\u0103 de buzoieni\u2019, a scris mar\u0163i pe pagina sa de Facebook, Constantin Toma.<\/p>\n<div class=\"post-views post-120166 entry-meta\"><span class=\"post-views-label\">Post Views: <\/span><span class=\"post-views-count\">190<\/span><\/div>\n<\/div>\n<p>[analyse_source url=&#8221;https:\/\/www.tvbuzau.ro\/ce-spune-marcel-ciolacu-despre-decizia-primarului-c-toma\/&#8221;]<\/p>\n","protected":false},"excerpt":{"rendered":"<p>[analyse_image type=&#8221;featured&#8221; src=&#8221;https:\/\/www.tvbuzau.ro\/wp-content\/uploads\/2026\/08\/sddefault-55.jpghttps:\/\/www.tvbuzau.ro\/wp-content\/uploads\/2026\/08\/sddefault-55.jpg&#8221;] Actualitate Ce spune Marcel Ciolacu, despre decizia primarului C.Toma De c\u0103tre TV Buz\u0103u &#8211; august 26, 2026 0 38 Distribui\u021bi pe Facebook Distribui\u021bi pe Twitter tweet \u201cA\u015ftept\u0103ri de obicei nu mai am\u201d Pre\u015fedintele Consiliului Jude\u0163ean Buz\u0103u, Marcel Ciolacu a declarat, dup\u0103 ce primarul municipiului Buz\u0103u, Constantin Toma a anun\u0163at c\u0103 nu va [&hellip;]<\/p>\n","protected":false},"author":1,"featured_media":0,"comment_status":"open","ping_status":"","sticky":false,"template":"","format":"standard","meta":{"footnotes":""},"categories":[2],"tags":[226,116],"class_list":["post-2114199","post","type-post","status-publish","format-standard","hentry","category-politics","tag-crawlmanager","tag-tvbuzau-ro"],"_links":{"self":[{"href":"https:\/\/analyse.optim.biz\/index.php?rest_route=\/wp\/v2\/posts\/2114199","targetHints":{"allow":["GET"]}}],"collection":[{"href":"https:\/\/analyse.optim.biz\/index.php?rest_route=\/wp\/v2\/posts"}],"about":[{"href":"https:\/\/analyse.optim.biz\/index.php?rest_route=\/wp\/v2\/types\/post"}],"author":[{"embeddable":true,"href":"https:\/\/analyse.optim.biz\/index.php?rest_route=\/wp\/v2\/users\/1"}],"replies":[{"embeddable":true,"href":"https:\/\/analyse.optim.biz\/index.php?rest_route=%2Fwp%2Fv2%2Fcomments&post=2114199"}],"version-history":[{"count":0,"href":"https:\/\/analyse.optim.biz\/index.php?rest_route=\/wp\/v2\/posts\/2114199\/revisions"}],"wp:attachment":[{"href":"https:\/\/analyse.optim.biz\/index.php?rest_route=%2Fwp%2Fv2%2Fmedia&parent=2114199"}],"wp:term":[{"taxonomy":"category","embeddable":true,"href":"https:\/\/analyse.optim.biz\/index.php?rest_route=%2Fwp%2Fv2%2Fcategories&post=2114199"},{"taxonomy":"post_tag","embeddable":true,"href":"https:\/\/analyse.optim.biz\/index.php?rest_route=%2Fwp%2Fv2%2Ftags&post=2114199"}],"curies":[{"name":"wp","href":"https:\/\/api.w.org\/{rel}","templated":true}]}}