{"id":2114195,"date":"2026-08-26T21:06:04","date_gmt":"2026-08-26T18:06:04","guid":{"rendered":"https:\/\/analyse.optim.biz\/?p=2114195"},"modified":"2026-08-26T21:06:04","modified_gmt":"2026-08-26T18:06:04","slug":"grebanu-investitiile-noi-conditionate-de-inchiderea-santierelor-companiei-de-apa","status":"publish","type":"post","link":"https:\/\/analyse.optim.biz\/?p=2114195","title":{"rendered":"Greb\u0103nu: Investi\u021biile noi, condi\u021bionate de \u00eenchiderea \u0219antierelor Companiei de Ap\u0103"},"content":{"rendered":"<p>[analyse_image type=&#8221;featured&#8221; src=&#8221;https:\/\/opiniabuzau.ro\/wp-content\/uploads\/2026\/08\/lucrari-grebanu.webp&#8221;]<\/p>\n<div class=\"entry-content entry clearfix\">\n<blockquote>\n<p><strong>Vasile Iftinoiu, primarul comunei Greb\u0103nu, se afl\u0103 \u00een situa\u021bia \u00een care poate raporta, \u00een plin\u0103 criz\u0103 financiar\u0103, \u00eenchiderea unei investi\u021bii de interes locale, care a presupus asfaltarea principalului drum comunal, DC 113, care asigur\u0103 leg\u0103tura \u00eentre toate satele din comun\u0103, inclusiv satul Z\u0103plazi, ultima a\u0219ezare spre comuna Murge\u0219ti. <\/strong><\/p>\n<\/blockquote>\n<p>Proiectul a fost considerat unul dintre cele mai importante programe de asfaltare care au fost implementate la nivelul comunei, fiind vorba despre amenajarea de covoare asfaltice pe o lungime de 6,5 kilometri. Investi\u021bia a fost atras\u0103 prin Programul Na\u021bional \u201eAnghel Saligny\u201d, contractul de execu\u021bie fiind semnat \u00eenc\u0103 din anul 2023; de aceea finalizarea lucr\u0103rilor \u0219i \u00eenchiderea \u0219antierului constituie este, \u00een aprecierea primarului Iftinoiu, un real succes, av\u00e2nd \u00een vedere c\u0103 proiectul a trecut de restric\u021biile impuse de Ministerul Dezvolt\u0103rii \u00een planul major de restric\u021bii impus de fostul Guvern Bolojan, prin care cele mai multe dintre investi\u021biile derulate prin acest program au fost fie anulate, fie sistate.<\/p>\n<p>Primarul Iftinoiu spune c\u0103 \u00een aceast\u0103 perioad\u0103 lucreaz\u0103 cu echipa din Prim\u0103rie la \u00eentocmirea unei documenta\u021bii tehnice pentru atragerea unei finan\u021b\u0103ri prin care s\u0103 fie asfaltat\u0103 cea mai mare parte dintre drumurile de interes local. \u0218eful administra\u021biei locale spune c\u0103 ritmul de lucru la \u00eentocmirea documenta\u021biilor va trebui s\u0103 fie, oricum, ponderat, pentru c\u0103 pe teritoriul comunei Greb\u0103nu \u00eenc\u0103 sunt active \u0219antiere pentru amenajarea de re\u021bele pentru distribu\u021bia apei potabile dar \u0219i pentru preluarea apelor reziduale (canalizare), o investi\u021bie major\u0103 derulat\u0103 prin operatorul regional Compania de Ap\u0103 Buz\u0103u.<\/p>\n<p>\u00cen documenta\u0163iile tehnice au fost prev\u0103zute 14 foraje pentru captarea apei potabile. De asemenea, au fost construite dou\u0103 bazine, fiecare cu o capacitate de 350 de metri cubi, de unde apa potabil\u0103 va fi \u00eempins\u0103 pe re\u0163ea c\u0103tre beneficiari, \u00een fiecare sat al comunei. Au fost amenajate re\u0163ele noi, iar cele vechi \u00eenlocuite. \u00cen paralel, s-a lucrat \u0219i la componenta canalizare. Astfel, au fost \u00eenfiin\u0163ate re\u021bele de canalizare \u00een satele Plevna, Greb\u0103nu \u015fi Home\u015fti, urm\u00e2nd ca \u00eentr-un proiect viitor, pentru celelalte dou\u0103 sate, Livada Mare \u015fi Livada Mic\u0103, investi\u021bia s\u0103 fie asumat\u0103 de administra\u021bia local\u0103.<\/p>\n<p>Operatorul regional a anun\u021bat c\u0103 \u0219antierele vor func\u021biona cel pu\u021bin p\u00e2n\u0103 la sf\u00e2r\u0219itul acestui an, lungimea total\u0103 a re\u021belelor de ap\u0103 \u0219i canalizare fiind de 93 de kilometri.<\/p>\n<div class=\"stream-item stream-item-in-post stream-item-inline-post aligncenter\"><a href=\"https:\/\/vreaulanova.ro\/?utm_source=opiniabuzau&amp;utm_medium=image\" title target=\"_blank\"><img loading=\"lazy\" decoding=\"async\" data-od-unknown-tag data-od-xpath=\"\/HTML\/BODY\/DIV[@class=&apos;background-overlay&apos;]\/*[1][self::DIV]\/*[1][self::DIV]\/*[4][self::DIV]\/*[1][self::DIV]\/*[1][self::DIV]\/*[2][self::ARTICLE]\/*[3][self::DIV]\/*[7][self::DIV]\/*[1][self::A]\/*[1][self::IMG]\" src=\"https:\/\/opiniabuzau.ro\/wp-content\/smush-webp\/2022\/02\/MicrosoftTeams-image-4-1.jpg.webp\" alt width=\"728\" height=\"91\" class=\"perfmatters-lazy\"><img loading=\"lazy\" decoding=\"async\" data-od-unknown-tag data-od-xpath=\"\/HTML\/BODY\/DIV[@class=&apos;background-overlay&apos;]\/*[1][self::DIV]\/*[1][self::DIV]\/*[4][self::DIV]\/*[1][self::DIV]\/*[1][self::DIV]\/*[2][self::ARTICLE]\/*[3][self::DIV]\/*[7][self::DIV]\/*[1][self::A]\/*[1][self::IMG]\" src=\"https:\/\/opiniabuzau.ro\/wp-content\/smush-webp\/2022\/02\/MicrosoftTeams-image-4-1.jpg.webp\" alt width=\"728\" height=\"91\"><\/a><\/div>\n<\/div>\n<p>[analyse_source url=&#8221;https:\/\/opiniabuzau.ro\/grebanu-investitiile-noi-conditionate-de-inchiderea-santierelor-companiei-de-apa\/&#8221;]<\/p>\n","protected":false},"excerpt":{"rendered":"<p>[analyse_image type=&#8221;featured&#8221; src=&#8221;https:\/\/opiniabuzau.ro\/wp-content\/uploads\/2026\/08\/lucrari-grebanu.webp&#8221;] Vasile Iftinoiu, primarul comunei Greb\u0103nu, se afl\u0103 \u00een situa\u021bia \u00een care poate raporta, \u00een plin\u0103 criz\u0103 financiar\u0103, \u00eenchiderea unei investi\u021bii de interes locale, care a presupus asfaltarea principalului drum comunal, DC 113, care asigur\u0103 leg\u0103tura \u00eentre toate satele din comun\u0103, inclusiv satul Z\u0103plazi, ultima a\u0219ezare spre comuna Murge\u0219ti. Proiectul a fost considerat [&hellip;]<\/p>\n","protected":false},"author":1,"featured_media":0,"comment_status":"open","ping_status":"","sticky":false,"template":"","format":"standard","meta":{"footnotes":""},"categories":[2],"tags":[226,44],"class_list":["post-2114195","post","type-post","status-publish","format-standard","hentry","category-politics","tag-crawlmanager","tag-opiniabuzau-ro"],"_links":{"self":[{"href":"https:\/\/analyse.optim.biz\/index.php?rest_route=\/wp\/v2\/posts\/2114195","targetHints":{"allow":["GET"]}}],"collection":[{"href":"https:\/\/analyse.optim.biz\/index.php?rest_route=\/wp\/v2\/posts"}],"about":[{"href":"https:\/\/analyse.optim.biz\/index.php?rest_route=\/wp\/v2\/types\/post"}],"author":[{"embeddable":true,"href":"https:\/\/analyse.optim.biz\/index.php?rest_route=\/wp\/v2\/users\/1"}],"replies":[{"embeddable":true,"href":"https:\/\/analyse.optim.biz\/index.php?rest_route=%2Fwp%2Fv2%2Fcomments&post=2114195"}],"version-history":[{"count":0,"href":"https:\/\/analyse.optim.biz\/index.php?rest_route=\/wp\/v2\/posts\/2114195\/revisions"}],"wp:attachment":[{"href":"https:\/\/analyse.optim.biz\/index.php?rest_route=%2Fwp%2Fv2%2Fmedia&parent=2114195"}],"wp:term":[{"taxonomy":"category","embeddable":true,"href":"https:\/\/analyse.optim.biz\/index.php?rest_route=%2Fwp%2Fv2%2Fcategories&post=2114195"},{"taxonomy":"post_tag","embeddable":true,"href":"https:\/\/analyse.optim.biz\/index.php?rest_route=%2Fwp%2Fv2%2Ftags&post=2114195"}],"curies":[{"name":"wp","href":"https:\/\/api.w.org\/{rel}","templated":true}]}}