{"id":2114174,"date":"2026-08-27T07:30:02","date_gmt":"2026-08-27T04:30:02","guid":{"rendered":"https:\/\/analyse.optim.biz\/?p=2114174"},"modified":"2026-08-27T07:30:02","modified_gmt":"2026-08-27T04:30:02","slug":"laboratorul-de-povesti-cu-laura-pascu-la-biaf","status":"publish","type":"post","link":"https:\/\/analyse.optim.biz\/?p=2114174","title":{"rendered":"\u201eLaboratorul de Pove\u0219ti cu Laura Pascu\u201d, la BIAF"},"content":{"rendered":"<p>[analyse_image type=&#8221;featured&#8221; src=&#8221;https:\/\/opiniabuzau.ro\/wp-content\/uploads\/2026\/08\/LAURA-PASCU-1-scaled.webp&#8221;]<\/p>\n<div class=\"entry-content entry clearfix\">\n<blockquote>\n<p class=\"PDq2pG_selectionAnchorContainer\" data-start=\"585\" data-end=\"748\"><strong>Cum transformi o idee, un proiect, un brand sau chiar o experien\u021b\u0103 \u00eentr-o poveste care \u00eei face pe oameni s\u0103 se opreasc\u0103 din scroll \u0219i s\u0103 vrea s\u0103 afle mai mult? Aceasta este una dintre \u00eentreb\u0103rile la care \u00ee\u0219i propune s\u0103 r\u0103spund\u0103 \u201eLaboratorul de Pove\u0219ti cu Laura Pascu\u201d, eveniment organizat \u00een cadrul BIAF 2026, care va avea loc \u00een zilele de 31 august \u0219i 1 septembrie, la Centrul Cultural \u201eI.C. Br\u0103tianu\u201d din Buz\u0103u.<\/strong><\/p>\n<\/blockquote>\n<p class=\"isSelectedEnd\">Conceptul porne\u0219te de la o idee simpl\u0103, dar esen\u021bial\u0103 pentru comunicare: nu \u00eentotdeauna produsul sau ideea \u00een sine sunt suficiente pentru a atrage aten\u021bia publicului. Uneori, diferen\u021ba este f\u0103cut\u0103 de felul \u00een care acea idee este transformat\u0103 \u00eentr-o poveste.<\/p>\n<p class=\"isSelectedEnd\">Organizatorii folosesc chiar exemplul Cenu\u0219\u0103resei pentru a explica mecanismul din spatele unei pove\u0219ti memorabile.<em> \u201eCenu\u0219\u0103reasa n-a c\u00e2\u0219tigat pentru c\u0103 era frumoas\u0103. \u0218i, dac\u0103 st\u0103m s\u0103 ne g\u00e2ndim bine, nici m\u0103car pantoful de sticl\u0103 n-a fost partea cea mai important\u0103 din poveste. A fost doar un prop foarte bun\u201d<\/em>, se arat\u0103 \u00een prezentarea evenimentului.<\/p>\n<p class=\"isSelectedEnd\">Dincolo de celebrul pantof, ceea ce a f\u0103cut povestea s\u0103 reziste \u00een timp a fost construc\u021bia sa narativ\u0103. <em>\u201eAvea un protagonist \u00een care puteai s\u0103 te recuno\u0219ti, un conflict clar, ceva important de pierdut \u0219i, mai ales, o transformare\u201d<\/em>, explic\u0103 organizatorii. Cenu\u0219\u0103reasa nu urm\u0103rea un succes spectaculos \u00een sensul contemporan al cuv\u00e2ntului, ci o dorin\u021b\u0103 simpl\u0103: <em>\u201eVoia, foarte simplu, o sear\u0103 \u00een ora\u0219. Restul e storytelling\u201d.<\/em><\/p>\n<p class=\"isSelectedEnd\">Pornind de la acest exemplu, Laboratorul de Pove\u0219ti propune participan\u021bilor dou\u0103 zile de lucru aplicat, \u00een care pove\u0219ti, idei, proiecte, branduri \u0219i experien\u021be vor fi analizate \u0219i reconstruite din perspectiva storytellingului.<\/p>\n<div class=\"stream-item stream-item-in-post stream-item-inline-post aligncenter\"><a href=\"https:\/\/vreaulanova.ro\/?utm_source=opiniabuzau&amp;utm_medium=image\" title target=\"_blank\"><img loading=\"lazy\" decoding=\"async\" data-od-unknown-tag data-od-xpath=\"\/HTML\/BODY\/DIV[@class=&apos;background-overlay&apos;]\/*[1][self::DIV]\/*[1][self::DIV]\/*[4][self::DIV]\/*[1][self::DIV]\/*[1][self::DIV]\/*[2][self::ARTICLE]\/*[3][self::DIV]\/*[7][self::DIV]\/*[1][self::A]\/*[1][self::IMG]\" src=\"https:\/\/opiniabuzau.ro\/wp-content\/smush-webp\/2022\/02\/MicrosoftTeams-image-4-1.jpg.webp\" alt width=\"728\" height=\"91\" class=\"perfmatters-lazy\"><img loading=\"lazy\" decoding=\"async\" data-od-unknown-tag data-od-xpath=\"\/HTML\/BODY\/DIV[@class=&apos;background-overlay&apos;]\/*[1][self::DIV]\/*[1][self::DIV]\/*[4][self::DIV]\/*[1][self::DIV]\/*[1][self::DIV]\/*[2][self::ARTICLE]\/*[3][self::DIV]\/*[7][self::DIV]\/*[1][self::A]\/*[1][self::IMG]\" src=\"https:\/\/opiniabuzau.ro\/wp-content\/smush-webp\/2022\/02\/MicrosoftTeams-image-4-1.jpg.webp\" alt width=\"728\" height=\"91\"><\/a><\/div>\n<p class=\"isSelectedEnd\">Participan\u021bii vor avea ocazia s\u0103 urm\u0103reasc\u0103 elementele care dau for\u021b\u0103 unei nara\u021biuni: protagonistul, conflictul, miza, tensiunea \u0219i transformarea. Obiectivul nu este doar de a \u00eenv\u0103\u021ba s\u0103 inventezi o poveste, ci de a descoperi povestea care exist\u0103 deja \u00een spatele unei idei sau al unei experien\u021be.<\/p>\n<p class=\"isSelectedEnd\"><em>\u201eVom c\u0103uta protagonistul, conflictul, miza, tensiunea \u0219i transformarea\u201d<\/em>, este mesajul central al atelierului, care \u00ee\u0219i propune s\u0103 explice \u0219i de ce unele pove\u0219ti reu\u0219esc s\u0103 capteze aten\u021bia publicului, \u00een timp ce altele sunt abandonate \u00eenainte de final.<\/p>\n<p class=\"isSelectedEnd\">\u00centr-o perioad\u0103 \u00een care aten\u021bia publicului este disputat\u0103 permanent de sute de mesaje, post\u0103ri \u0219i reclame, storytellingul poate deveni un instrument important pentru comunicarea unui brand sau a unui proiect.<em> \u201eVom vedea de ce unele pove\u0219ti ne fac s\u0103 ne oprim din scroll, de ce altele dispar \u00eenainte s\u0103 ajung\u0103 la final \u0219i, mai ales, cum g\u0103se\u0219ti povestea care era deja acolo\u201d,<\/em> precizeaz\u0103 organizatorii.<\/p>\n<p class=\"isSelectedEnd\">Mesajul evenimentului este unul direct: valoarea unei idei nu garanteaz\u0103 automat interesul publicului: <em>\u201ePo\u021bi s\u0103 ai un produs extraordinar \u0219i s\u0103 nu intereseze pe nimeni. Po\u021bi avea o idee genial\u0103 \u0219i s\u0103 fie uitat\u0103 p\u00e2n\u0103 m\u00e2ine\u201d.<\/em> \u00cen schimb, chiar \u0219i un element aparent banal poate deveni memorabil dac\u0103 este integrat \u00eentr-o poveste relevant\u0103: <em>\u201eSau po\u021bi avea o merdenea \u0219i s\u0103 devii povestea altcuiva\u201d.<\/em><\/p>\n<p class=\"isSelectedEnd\">Astfel, atelierul propune o abordare practic\u0103 a comunic\u0103rii, \u00een care participan\u021bii sunt invita\u021bi s\u0103 priveasc\u0103 diferit propriile proiecte \u0219i experien\u021be \u0219i s\u0103 identifice elementele narative care le pot face mai u\u0219or de \u00een\u021beles \u0219i de re\u021binut.<\/p>\n<p class=\"isSelectedEnd\"><em>\u201eDiferen\u021ba este, uneori, povestea\u201d<\/em>, sintetizeaz\u0103 organizatorii, invit\u00e2ndu-i pe cei interesa\u021bi s\u0103 descopere cum poate fi identificat\u0103 \u0219i construit\u0103 propria poveste.<\/p>\n<p class=\"isSelectedEnd\">Atelierul va fi sus\u021binut de Laura Pascu, PR Strategist la PRCafe Akadeemia Estonia. Evenimentul se desf\u0103\u0219oar\u0103 \u00een cadrul BIAF 2026, \u00een intervalul 31 august \u2013 1 septembrie 2026, \u00eentre orele 10.00 \u0219i 16.00, la Centrul Cultural \u201eI.C. Br\u0103tianu\u201d din Buz\u0103u.<\/p>\n<p class=\"isSelectedEnd\">La finalul programului, participan\u021bii vor primi \u0219i o diplom\u0103 recunoscut\u0103 \u00een Uniunea European\u0103. Locurile sunt limitate, iar \u00eenscrierile se fac online, prin formularul pus la dispozi\u021bie de organizatori.<\/p>\n<p class=\"isSelectedEnd\"><em>\u201eTe a\u0219tept la Laborator\u201d<\/em>, este invita\u021bia adresat\u0103 celor care vor s\u0103 \u00een\u021beleag\u0103 nu doar cum se spune o poveste, ci mai ales cum poate fi g\u0103sit\u0103 povestea care exist\u0103 deja \u00een spatele unui produs, al unei idei sau al unui proiect.<\/p>\n<p>Iar concluzia evenimentului p\u0103streaz\u0103 aceea\u0219i logic\u0103 de la care porne\u0219te \u00eentregul atelier: \u201eLocurile sunt limitate. Pove\u0219tile, nu.\u201d<\/p>\n<\/div>\n<p>[analyse_source url=&#8221;https:\/\/opiniabuzau.ro\/laboratorul-de-povesti-cu-laura-pascu-la-biaf\/&#8221;]<\/p>\n","protected":false},"excerpt":{"rendered":"<p>[analyse_image type=&#8221;featured&#8221; src=&#8221;https:\/\/opiniabuzau.ro\/wp-content\/uploads\/2026\/08\/LAURA-PASCU-1-scaled.webp&#8221;] Cum transformi o idee, un proiect, un brand sau chiar o experien\u021b\u0103 \u00eentr-o poveste care \u00eei face pe oameni s\u0103 se opreasc\u0103 din scroll \u0219i s\u0103 vrea s\u0103 afle mai mult? Aceasta este una dintre \u00eentreb\u0103rile la care \u00ee\u0219i propune s\u0103 r\u0103spund\u0103 \u201eLaboratorul de Pove\u0219ti cu Laura Pascu\u201d, eveniment organizat \u00een cadrul [&hellip;]<\/p>\n","protected":false},"author":1,"featured_media":0,"comment_status":"open","ping_status":"","sticky":false,"template":"","format":"standard","meta":{"footnotes":""},"categories":[2],"tags":[226,44],"class_list":["post-2114174","post","type-post","status-publish","format-standard","hentry","category-politics","tag-crawlmanager","tag-opiniabuzau-ro"],"_links":{"self":[{"href":"https:\/\/analyse.optim.biz\/index.php?rest_route=\/wp\/v2\/posts\/2114174","targetHints":{"allow":["GET"]}}],"collection":[{"href":"https:\/\/analyse.optim.biz\/index.php?rest_route=\/wp\/v2\/posts"}],"about":[{"href":"https:\/\/analyse.optim.biz\/index.php?rest_route=\/wp\/v2\/types\/post"}],"author":[{"embeddable":true,"href":"https:\/\/analyse.optim.biz\/index.php?rest_route=\/wp\/v2\/users\/1"}],"replies":[{"embeddable":true,"href":"https:\/\/analyse.optim.biz\/index.php?rest_route=%2Fwp%2Fv2%2Fcomments&post=2114174"}],"version-history":[{"count":0,"href":"https:\/\/analyse.optim.biz\/index.php?rest_route=\/wp\/v2\/posts\/2114174\/revisions"}],"wp:attachment":[{"href":"https:\/\/analyse.optim.biz\/index.php?rest_route=%2Fwp%2Fv2%2Fmedia&parent=2114174"}],"wp:term":[{"taxonomy":"category","embeddable":true,"href":"https:\/\/analyse.optim.biz\/index.php?rest_route=%2Fwp%2Fv2%2Fcategories&post=2114174"},{"taxonomy":"post_tag","embeddable":true,"href":"https:\/\/analyse.optim.biz\/index.php?rest_route=%2Fwp%2Fv2%2Ftags&post=2114174"}],"curies":[{"name":"wp","href":"https:\/\/api.w.org\/{rel}","templated":true}]}}