{"id":2113998,"date":"2026-08-26T12:29:13","date_gmt":"2026-08-26T09:29:13","guid":{"rendered":"https:\/\/analyse.optim.biz\/?p=2113998"},"modified":"2026-08-26T12:29:13","modified_gmt":"2026-08-26T09:29:13","slug":"senatul-a-adoptat-amendamentul-fritz-dominic-fritz-isi-va-pierde-mandatul-de-primar-al-timisoarei","status":"publish","type":"post","link":"https:\/\/analyse.optim.biz\/?p=2113998","title":{"rendered":"Senatul a adoptat \u201eamendamentul Fritz\u201d. Dominic Fritz \u00ee\u0219i va pierde mandatul de primar al Timi\u0219oarei"},"content":{"rendered":"<p>[analyse_image type=&#8221;featured&#8221; src=&#8221;https:\/\/orasul-timisoara.ro\/wp-content\/uploads\/2026\/01\/dominic-fritz-stadion.jpg&#8221;]<\/p>\n<article id=\"post-40518\" class=\"td-post-template-7 post-40518 post type-post status-publish format-standard has-post-thumbnail category-featured category-politic category-stiri-timisoara category-stiri-nationale-si-internationale tag-amendamentul-fritz tag-ani tag-aur tag-ccr tag-cedo tag-dominic-fritz tag-ilie-bolojan tag-legea-integritatii tag-nicusor-dan-2 tag-pnl tag-pnrr tag-primaria-timisoara-2 tag-psd tag-senatul-romaniei-2 tag-sorin-sipos-2 tag-timisoara-2 tag-usr td-container-wrap\">\n<div class=\"td-full-screen-header-image-wrap\">\n<div class=\"td-container td-post-header\">\n<div class=\"td-crumb-container\">\n<div class=\"entry-crumbs\"><span><a title=\"Vede\u021bi toate articolele \u00een Politic\" class=\"entry-crumb\" href=\"https:\/\/orasul-timisoara.ro\/local-category\/politic\/\">Politic<\/a><\/span><span class=\"td-bred-no-url-last\">Senatul a adoptat \u201eamendamentul Fritz\u201d. Dominic Fritz \u00ee\u0219i va pierde mandatul de&#8230;<\/span><\/div>\n<\/div>\n<div class=\"td-post-header-holder\">\n<div class=\"td-parallax-header\">\n<header class=\"td-post-title\">\n<ul class=\"td-category\">\n<li class=\"entry-category\"><a href=\"https:\/\/orasul-timisoara.ro\/local-category\/politic\/\">Politic<\/a><\/li>\n<li class=\"entry-category\"><a href=\"https:\/\/orasul-timisoara.ro\/local-category\/stiri-timisoara\/\">\u0218tiri Locale<\/a><\/li>\n<li class=\"entry-category\"><a href=\"https:\/\/orasul-timisoara.ro\/local-category\/stiri-nationale-si-internationale\/\">\u0218tiri na\u021bionale \u0219i interna\u021bionale<\/a><\/li>\n<\/ul>\n<h1 class=\"entry-title\">Senatul a adoptat \u201eamendamentul Fritz\u201d. Dominic Fritz \u00ee\u0219i va pierde mandatul de primar al Timi\u0219oarei<\/h1>\n<div class=\"td-module-meta-info\">\n<div class=\"td-post-author-name\">\n<div class=\"td-author-by\">De c\u0103tre<\/div>\n<p><a href=\"https:\/\/orasul-timisoara.ro\/author\/timisoara\/\">redactia<\/a><\/p>\n<div class=\"td-author-line\"> &#8211; <\/div>\n<\/div>\n<p><span class=\"td-post-date\"><time class=\"entry-date updated td-module-date\" datetime=\"2026-08-26T15:29:13+03:00\">26\/08\/2026<\/time><\/span><\/div>\n<\/header>\n<\/div>\n<\/div>\n<\/div>\n<div id=\"td-full-screen-header-image\" class=\"td-image-gradient-style7\"><img decoding=\"async\" class=\"td-backstretch\" src=\"https:\/\/orasul-timisoara.ro\/wp-content\/uploads\/2026\/01\/dominic-fritz-stadion.jpg\"><\/div>\n<\/div>\n<div class=\"td-container\">\n<div class=\"td-pb-row\">\n<div class=\"td-pb-span8 td-main-content\" role=\"main\">\n<div class=\"td-ss-main-content\">\n<div class=\"td-post-sharing-top\">\n<div class=\"td-post-sharing-classic\"><iframe title=\"topFacebookLike\" frameborder src=\"https:\/\/www.facebook.com\/plugins\/like.php?href=https:\/\/orasul-timisoara.ro\/local-40518\/&amp;layout=button_count&amp;show_faces=false&amp;width=105&amp;action=like&amp;colorscheme=light&amp;height=21\"><\/iframe><\/div>\n<div id=\"td_social_sharing_article_top\" class=\"td-post-sharing td-ps-bg td-ps-notext td-post-sharing-style1 \">\n<div class=\"td-post-sharing-visible\"><a class=\"td-social-sharing-button td-social-sharing-button-js td-social-network td-social-facebook\" href=\"https:\/\/www.facebook.com\/sharer.php?u=https%3A%2F%2Forasul-timisoara.ro%2Flocal-40518%2F\" title=\"Facebook\"><\/p>\n<div class=\"td-social-but-text\">Facebook<\/div>\n<p><\/a><a class=\"td-social-sharing-button td-social-sharing-button-js td-social-network td-social-twitter\" href=\"https:\/\/twitter.com\/intent\/tweet?text=Senatul+a+adoptat+%E2%80%9Eamendamentul+Fritz%E2%80%9D.+Dominic+Fritz+%C3%AE%C8%99i+va+pierde+mandatul+de+primar+al+Timi%C8%99oarei&amp;url=https%3A%2F%2Forasul-timisoara.ro%2Flocal-40518%2F&amp;via=orasultm\" title=\"Twitter\"><\/p>\n<div class=\"td-social-but-text\">Twitter<\/div>\n<p><\/a><a class=\"td-social-sharing-button td-social-sharing-button-js td-social-network td-social-whatsapp\" href=\"https:\/\/api.whatsapp.com\/send?text=Senatul+a+adoptat+%E2%80%9Eamendamentul+Fritz%E2%80%9D.+Dominic+Fritz+%C3%AE%C8%99i+va+pierde+mandatul+de+primar+al+Timi%C8%99oarei%20%0A%0A%20https:\/\/orasul-timisoara.ro\/local-40518\/\" title=\"WhatsApp\"><\/p>\n<div class=\"td-social-but-text\">WhatsApp<\/div>\n<p><\/a><a class=\"td-social-sharing-button td-social-sharing-button-js td-social-network td-social-linkedin\" href=\"https:\/\/www.linkedin.com\/shareArticle?mini=true&amp;url=https:\/\/orasul-timisoara.ro\/local-40518\/&amp;title=Senatul+a+adoptat+%E2%80%9Eamendamentul+Fritz%E2%80%9D.+Dominic+Fritz+%C3%AE%C8%99i+va+pierde+mandatul+de+primar+al+Timi%C8%99oarei\" title=\"Linkedin\"><\/p>\n<div class=\"td-social-but-text\">Linkedin<\/div>\n<p><\/a><a class=\"td-social-sharing-button td-social-sharing-button-js td-social-network td-social-reddit\" href=\"https:\/\/reddit.com\/submit?url=https:\/\/orasul-timisoara.ro\/local-40518\/&amp;title=Senatul+a+adoptat+%E2%80%9Eamendamentul+Fritz%E2%80%9D.+Dominic+Fritz+%C3%AE%C8%99i+va+pierde+mandatul+de+primar+al+Timi%C8%99oarei\" title=\"ReddIt\"><\/p>\n<div class=\"td-social-but-text\">ReddIt<\/div>\n<p><\/a><a class=\"td-social-sharing-button td-social-sharing-button-js td-social-network td-social-mail\" href=\"mailto:?subject=Senatul%20a%20adoptat%20%E2%80%9Eamendamentul%20Fritz%E2%80%9D.%20Dominic%20Fritz%20%C3%AE%C8%99i%20va%20pierde%20mandatul%20de%20primar%20al%20Timi%C8%99oarei&amp;body=https:\/\/orasul-timisoara.ro\/local-40518\/\" title=\"Email\"><\/p>\n<div class=\"td-social-but-text\">Email<\/div>\n<p><\/a><a class=\"td-social-sharing-button td-social-sharing-button-js td-social-network td-social-print\" href=\"https:\/\/orasul-timisoara.ro\/local-40518\/\" title=\"Imprimare\"><\/p>\n<div class=\"td-social-but-text\">Imprimare<\/div>\n<p><\/a><\/div>\n<\/div>\n<\/div>\n<div class=\"td-post-content tagdiv-type\">\n<p class=\"wp-block-paragraph\">Senatul a adoptat miercuri Legea integrit\u0103\u021bii, care include controversatul \u201eamendament Fritz\u201d, \u00een pofida apelurilor venite din partea USR, dar \u0219i a unor lideri europeni. Actul normativ a fost votat cu 106 voturi \u201epentru\u201d \u0219i 19 \u201e\u00eempotriv\u0103\u201d \u0219i urmeaz\u0103 s\u0103 fie transmis pre\u0219edintelui Nicu\u0219or Dan pentru promulgare.<\/p>\n<p class=\"wp-block-paragraph\">Adoptarea legii pune din nou \u00een centrul dezbaterii politice situa\u021bia primarului Timi\u0219oarei, Dominic Fritz, al c\u0103rui mandat ar putea fi afectat de prevederile amendamentului. Pre\u0219edintele Rom\u00e2niei poate promulga legea sau poate solicita Parlamentului reexaminarea acesteia.<\/p>\n<h2 class=\"wp-block-heading\">PNL a votat legea invoc\u00e2nd banii din PNRR<\/h2>\n<p class=\"wp-block-paragraph\">Premierul interimar Ilie Bolojan a justificat votul parlamentarilor PNL prin necesitatea \u00eendeplinirii jaloanelor asumate de Rom\u00e2nia prin PNRR p\u00e2n\u0103 la sf\u00e2r\u0219itul acestei luni.<\/p>\n<p class=\"wp-block-paragraph\">Bolojan a sus\u021binut c\u0103 interesul Rom\u00e2niei de a \u00eendeplini aceste jaloane este superior oric\u0103rei alte discu\u021bii \u0219i a promis c\u0103 PNL va sus\u021bine ulterior corectarea legii.<\/p>\n<p class=\"wp-block-paragraph\">Miza financiar\u0103 invocat\u0103 \u00een dezbaterea parlamentar\u0103 este de aproximativ 770 de milioane de euro din fondurile PNRR.<\/p>\n<p class=\"wp-block-paragraph\">Legea a fost adoptat\u0103 dup\u0103 ce proiectul care men\u021bine \u201eamendamentul Fritz\u201d fusese aprobat \u0219i \u00een comisiile parlamentare. Comisia de constitu\u021bionalitate a votat cu 8 voturi \u201epentru\u201d \u0219i 2 \u201e\u00eempotriv\u0103\u201d, iar Comisia juridic\u0103 a dat un vot favorabil cu 20 de voturi \u201epentru\u201d \u0219i 4 \u201e\u00eempotriv\u0103\u201d.<\/p>\n<h2 class=\"wp-block-heading\">USR acuz\u0103 PSD de folosirea PNRR pentru adoptarea amendamentului<\/h2>\n<p class=\"wp-block-paragraph\">Liderul senatorilor USR, Sorin \u0218ipo\u0219, a criticat dur votul \u0219i a sus\u021binut c\u0103 PSD a legat amendamentul de un jalon european pentru a transforma votul asupra legii \u00eentr-o alegere \u00eentre adoptarea actului normativ \u0219i riscul pierderii fondurilor europene.<\/p>\n<p class=\"wp-block-paragraph\">\u201ePSD a legat cu bun\u0103 \u0219tiin\u021b\u0103 un amendament cu dedica\u021bie, introdus prin fals \u00een acte publice \u00een Camera Deputa\u021bilor, de un jalon european, ca s\u0103 transforme fiecare vot \u00eentr-un vot \u00eempotriva banilor\u201d, a declarat Sorin \u0218ipo\u0219.<\/p>\n<p class=\"wp-block-paragraph\">USR a sus\u021binut \u00een repetate r\u00e2nduri eliminarea prevederii care \u00eel vizeaz\u0103 pe Dominic Fritz.<\/p>\n<h2 class=\"wp-block-heading\">Apel din partea Renew Europe<\/h2>\n<p class=\"wp-block-paragraph\">\u00cenaintea votului, Val\u00e9rie Hayer, pre\u0219edinta Renew Europe, a cerut Senatului Rom\u00e2niei s\u0103 resping\u0103 legea ANI \u00een forma care con\u021bine amendamentul referitor la primarul Timi\u0219oarei.<\/p>\n<p class=\"wp-block-paragraph\">Hayer a sus\u021binut c\u0103 amendamentul este antidemocratic \u0219i a avertizat c\u0103, \u00een cazul adopt\u0103rii lui, fondurile aferente din PNRR nu ar trebui virate.<\/p>\n<p class=\"wp-block-paragraph\">\u00cen ciuda acestor apeluri, senatorii au adoptat legea.<\/p>\n<h2 class=\"wp-block-heading\">Ce prevede situa\u021bia lui Dominic Fritz<\/h2>\n<p class=\"wp-block-paragraph\">Controversa are la origine situa\u021bia de incompatibilitate constatat\u0103 de Agen\u021bia Na\u021bional\u0103 de Integritate \u00een cazul lui Dominic Fritz.<\/p>\n<p class=\"wp-block-paragraph\">Primarul Timi\u0219oarei nu a fost condamnat penal \u00een aceast\u0103 spe\u021b\u0103. Situa\u021bia sa este legat\u0103 de o decizie ANI privind incompatibilitatea, \u00een urma semn\u0103rii unui act administrativ \u00een prima perioad\u0103 a mandatului s\u0103u din 2020.<\/p>\n<p class=\"wp-block-paragraph\">Actul respectiv viza un plan urbanistic zonal, iar ANI a considerat c\u0103 semnarea documentului a generat o situa\u021bie de incompatibilitate \u00een raport cu leg\u0103turile dintre beneficiarul proiectului \u0219i o persoan\u0103 care contribuise la campania electoral\u0103 a lui Dominic Fritz.<\/p>\n<p class=\"wp-block-paragraph\">\u201eAmendamentul Fritz\u201d a fost introdus ulterior \u00een legisla\u021bie pentru a reglementa efectele juridice asupra mandatului \u00een cazul unei astfel de situa\u021bii.<\/p>\n<h2 class=\"wp-block-heading\">CCR a motivat legalitatea prevederii<\/h2>\n<p class=\"wp-block-paragraph\">S\u0103pt\u0103m\u00e2na trecut\u0103, Curtea Constitu\u021bional\u0103 a publicat motivarea deciziei referitoare la lege. \u00cen interpretarea prezentat\u0103 \u00een motivare, prevederea se refer\u0103 la mandatul care a fost viciat \u0219i nu stabile\u0219te o sanc\u021biune direct\u0103 aplicat\u0103 persoanei care ocup\u0103 func\u021bia.<\/p>\n<p class=\"wp-block-paragraph\">Interpretarea CCR este \u00eens\u0103 contestat\u0103 de cei care consider\u0103 c\u0103 modificarea legislativ\u0103 este construit\u0103 \u00een mod evident pentru situa\u021bia primarului Timi\u0219oarei \u0219i c\u0103 prevederea poate conduce la \u00eencetarea mandatului acestuia.<\/p>\n<h2 class=\"wp-block-heading\">Ce urmeaz\u0103 pentru mandatul lui Dominic Fritz<\/h2>\n<p class=\"wp-block-paragraph\">Dup\u0103 adoptarea de c\u0103tre Senat, legea urmeaz\u0103 s\u0103 ajung\u0103 la promulgare. Pre\u0219edintele Nicu\u0219or Dan poate s\u0103 o promulge sau s\u0103 solicite Parlamentului reexaminarea.<\/p>\n<p class=\"wp-block-paragraph\">Timpul r\u0103mas este \u00eens\u0103 unul foarte scurt, \u00een condi\u021biile \u00een care Rom\u00e2nia trebuie s\u0103 \u00eendeplineasc\u0103 jaloanele PNRR pentru deblocarea fondurilor europene.<\/p>\n<p class=\"wp-block-paragraph\">\u00cen scenariul \u00een care legea intr\u0103 \u00een vigoare \u00een forma adoptat\u0103 de Parlament, situa\u021bia mandatului lui Dominic Fritz va deveni una dintre principalele mize politice \u0219i juridice de la Timi\u0219oara.<\/p>\n<p class=\"wp-block-paragraph\">Primarul Timi\u0219oarei a anun\u021bat anterior c\u0103 este preg\u0103tit s\u0103 conteste situa\u021bia inclusiv la Curtea European\u0103 a Drepturilor Omului, dac\u0103 procedurile interne nu vor conduce la \u00eenl\u0103turarea efectelor pe care le consider\u0103 nedrepte.<\/p>\n<p class=\"wp-block-paragraph\">Deocamdat\u0103, legea merge la promulgare, iar urm\u0103toarea decizie important\u0103 \u00eei apar\u021bine pre\u0219edintelui Rom\u00e2niei.<\/p>\n<h2 class=\"wp-block-heading\">PNL a ales banii europeni \u00een locul confrunt\u0103rii cu \u201eamendamentul Fritz\u201d<\/h2>\n<p class=\"wp-block-paragraph\">Votul din Senat arat\u0103 \u0219i o realitate politic\u0103 dificil\u0103 pentru USR. PNL, partener tradi\u021bional al forma\u021biunii \u00een anumite formule politice, a sus\u021binut adoptarea legii, consider\u00e2nd prioritar\u0103 \u00eendeplinirea jalonului PNRR \u0219i evitarea riscului pierderii celor 770 de milioane de euro.<\/p>\n<p class=\"wp-block-paragraph\">\u00cen aceast\u0103 logic\u0103, mandatul unui primar poate fi ulterior contestat sau corectat pe cale juridic\u0103, \u00een timp ce pierderea fondurilor europene ar avea consecin\u021be asupra \u00eentregii \u021b\u0103ri.<\/p>\n<p class=\"wp-block-paragraph\">R\u0103m\u00e2ne \u00eens\u0103 \u00eentrebarea dac\u0103 o lege care poate afecta direct mandatul unui singur primar trebuia adoptat\u0103 \u00een aceast\u0103 form\u0103 \u0219i \u00een condi\u021biile unei presiuni at\u00e2t de mari legate de termenul PNRR.<\/p>\n<p class=\"wp-block-paragraph\">Pentru Timi\u0219oara, miza este una direct\u0103: dac\u0103 prevederile intr\u0103 \u00een vigoare \u0219i sunt aplicate \u00een cazul lui Dominic Fritz, mandatul primarului ar putea ajunge \u00een centrul unei noi dispute juridice \u0219i politice.<\/p>\n<\/div>\n<footer>\n<div class=\"td-post-source-tags\">\n<ul class=\"td-tags td-post-small-box clearfix\">\n<li><span>ETICHETE<\/span><\/li>\n<li><a href=\"https:\/\/orasul-timisoara.ro\/local-tag\/amendamentul-fritz\/\">amendamentul Fritz<\/a><\/li>\n<li><a href=\"https:\/\/orasul-timisoara.ro\/local-tag\/ani\/\">ani<\/a><\/li>\n<li><a href=\"https:\/\/orasul-timisoara.ro\/local-tag\/aur\/\">aur<\/a><\/li>\n<li><a href=\"https:\/\/orasul-timisoara.ro\/local-tag\/ccr\/\">ccr<\/a><\/li>\n<li><a href=\"https:\/\/orasul-timisoara.ro\/local-tag\/cedo\/\">cedo<\/a><\/li>\n<li><a href=\"https:\/\/orasul-timisoara.ro\/local-tag\/dominic-fritz\/\">dominic fritz<\/a><\/li>\n<li><a href=\"https:\/\/orasul-timisoara.ro\/local-tag\/ilie-bolojan\/\">ilie bolojan<\/a><\/li>\n<li><a href=\"https:\/\/orasul-timisoara.ro\/local-tag\/legea-integritatii\/\">Legea Integrit\u0103\u021bii<\/a><\/li>\n<li><a href=\"https:\/\/orasul-timisoara.ro\/local-tag\/nicusor-dan-2\/\">Nicu\u0219or Dan<\/a><\/li>\n<li><a href=\"https:\/\/orasul-timisoara.ro\/local-tag\/pnl\/\">pnl<\/a><\/li>\n<li><a href=\"https:\/\/orasul-timisoara.ro\/local-tag\/pnrr\/\">pnrr<\/a><\/li>\n<li><a href=\"https:\/\/orasul-timisoara.ro\/local-tag\/primaria-timisoara-2\/\">Prim\u0103ria Timi\u0219oara<\/a><\/li>\n<li><a href=\"https:\/\/orasul-timisoara.ro\/local-tag\/psd\/\">psd<\/a><\/li>\n<li><a href=\"https:\/\/orasul-timisoara.ro\/local-tag\/senatul-romaniei-2\/\">Senatul Rom\u00e2niei<\/a><\/li>\n<li><a href=\"https:\/\/orasul-timisoara.ro\/local-tag\/sorin-sipos-2\/\">Sorin \u0218ipo\u0219<\/a><\/li>\n<li><a href=\"https:\/\/orasul-timisoara.ro\/local-tag\/timisoara-2\/\">timi\u0219oara<\/a><\/li>\n<li><a href=\"https:\/\/orasul-timisoara.ro\/local-tag\/usr\/\">usr<\/a><\/li>\n<\/ul>\n<\/div>\n<div class=\"td-post-sharing-bottom\">\n<div class=\"td-post-sharing-classic\"><iframe title=\"bottomFacebookLike\" frameborder src=\"https:\/\/www.facebook.com\/plugins\/like.php?href=https:\/\/orasul-timisoara.ro\/local-40518\/&amp;layout=button_count&amp;show_faces=false&amp;width=105&amp;action=like&amp;colorscheme=light&amp;height=21\"><\/iframe><\/div>\n<div id=\"td_social_sharing_article_bottom\" class=\"td-post-sharing td-ps-bg td-ps-notext td-post-sharing-style1 \">\n<div class=\"td-post-sharing-visible\"><a class=\"td-social-sharing-button td-social-sharing-button-js td-social-network td-social-facebook\" href=\"https:\/\/www.facebook.com\/sharer.php?u=https%3A%2F%2Forasul-timisoara.ro%2Flocal-40518%2F\" title=\"Facebook\"><\/p>\n<div class=\"td-social-but-text\">Facebook<\/div>\n<p><\/a><a class=\"td-social-sharing-button td-social-sharing-button-js td-social-network td-social-twitter\" href=\"https:\/\/twitter.com\/intent\/tweet?text=Senatul+a+adoptat+%E2%80%9Eamendamentul+Fritz%E2%80%9D.+Dominic+Fritz+%C3%AE%C8%99i+va+pierde+mandatul+de+primar+al+Timi%C8%99oarei&amp;url=https%3A%2F%2Forasul-timisoara.ro%2Flocal-40518%2F&amp;via=orasultm\" title=\"Twitter\"><\/p>\n<div class=\"td-social-but-text\">Twitter<\/div>\n<p><\/a><a class=\"td-social-sharing-button td-social-sharing-button-js td-social-network td-social-whatsapp\" href=\"https:\/\/api.whatsapp.com\/send?text=Senatul+a+adoptat+%E2%80%9Eamendamentul+Fritz%E2%80%9D.+Dominic+Fritz+%C3%AE%C8%99i+va+pierde+mandatul+de+primar+al+Timi%C8%99oarei%20%0A%0A%20https:\/\/orasul-timisoara.ro\/local-40518\/\" title=\"WhatsApp\"><\/p>\n<div class=\"td-social-but-text\">WhatsApp<\/div>\n<p><\/a><a class=\"td-social-sharing-button td-social-sharing-button-js td-social-network td-social-linkedin\" href=\"https:\/\/www.linkedin.com\/shareArticle?mini=true&amp;url=https:\/\/orasul-timisoara.ro\/local-40518\/&amp;title=Senatul+a+adoptat+%E2%80%9Eamendamentul+Fritz%E2%80%9D.+Dominic+Fritz+%C3%AE%C8%99i+va+pierde+mandatul+de+primar+al+Timi%C8%99oarei\" title=\"Linkedin\"><\/p>\n<div class=\"td-social-but-text\">Linkedin<\/div>\n<p><\/a><a class=\"td-social-sharing-button td-social-sharing-button-js td-social-network td-social-reddit\" href=\"https:\/\/reddit.com\/submit?url=https:\/\/orasul-timisoara.ro\/local-40518\/&amp;title=Senatul+a+adoptat+%E2%80%9Eamendamentul+Fritz%E2%80%9D.+Dominic+Fritz+%C3%AE%C8%99i+va+pierde+mandatul+de+primar+al+Timi%C8%99oarei\" title=\"ReddIt\"><\/p>\n<div class=\"td-social-but-text\">ReddIt<\/div>\n<p><\/a><a class=\"td-social-sharing-button td-social-sharing-button-js td-social-network td-social-mail\" href=\"mailto:?subject=Senatul%20a%20adoptat%20%E2%80%9Eamendamentul%20Fritz%E2%80%9D.%20Dominic%20Fritz%20%C3%AE%C8%99i%20va%20pierde%20mandatul%20de%20primar%20al%20Timi%C8%99oarei&amp;body=https:\/\/orasul-timisoara.ro\/local-40518\/\" title=\"Email\"><\/p>\n<div class=\"td-social-but-text\">Email<\/div>\n<p><\/a><a class=\"td-social-sharing-button td-social-sharing-button-js td-social-network td-social-print\" href=\"https:\/\/orasul-timisoara.ro\/local-40518\/\" title=\"Imprimare\"><\/p>\n<div class=\"td-social-but-text\">Imprimare<\/div>\n<p><\/a><\/div>\n<\/div>\n<\/div>\n<div class=\"td-block-row td-post-next-prev\">\n<div class=\"td-block-span6 td-post-prev-post\">\n<div class=\"td-post-next-prev-content\"><span>Articolul precedent<\/span><a href=\"https:\/\/orasul-timisoara.ro\/local-40516\/\">Cu toate c\u0103 acciza s-a redus, pre\u021bul la motorin\u0103 a \u00eenceput din nou s\u0103 creasc\u0103<\/a><\/div>\n<\/div>\n<div class=\"td-block-span6 td-post-next-post\">\n<div class=\"td-post-next-prev-content\"><span>Articolul urm\u0103tor<\/span><a href=\"https:\/\/orasul-timisoara.ro\/local-40521\/\">Peste 200 de copii cu cerin\u021be educative speciale vor \u00eenv\u0103\u021ba \u00eentr-o \u0219coal\u0103 nou\u0103 construit\u0103 de CJ Timi\u0219<\/a><\/div>\n<\/div>\n<\/div>\n<div class=\"td-author-name vcard author\"><span class=\"fn\"><a href=\"https:\/\/orasul-timisoara.ro\/author\/timisoara\/\">redactia<\/a><\/span><\/div>\n<p><span class=\"td-page-meta\"><\/span><span class=\"td-page-meta\"><span class=\"td-page-meta\"><\/span><\/span><span class=\"td-page-meta\"><\/span><\/footer>\n<div class=\"td_block_wrap td_block_related_posts tdi_3 td_with_ajax_pagination td-pb-border-top td_block_template_8\" data-td-block-uid=\"tdi_3\">\n<h4 class=\"td-related-title td-block-title\"><a id=\"tdi_4\" class=\"td-related-left td-cur-simple-item\" data-td_filter_value data-td_block_id=\"tdi_3\" href=\"https:\/\/orasul-timisoara.ro\/local-40518\/\">ARTICOLE SIMILARE<\/a><a id=\"tdi_5\" class=\"td-related-right\" data-td_filter_value=\"td_related_more_from_author\" data-td_block_id=\"tdi_3\" href=\"https:\/\/orasul-timisoara.ro\/local-40518\/\">DE LA ACELA\u0218I AUTOR<\/a><\/h4>\n<div id=\"tdi_3\" class=\"td_block_inner\">\n<div class=\"td-related-row\">\n<div class=\"td-related-span4\">\n<div class=\"td_module_related_posts td-animation-stack td_mod_related_posts\">\n<div class=\"td-module-image\">\n<div class=\"td-module-thumb\"><a href=\"https:\/\/orasul-timisoara.ro\/local-40441\/\" rel=\"bookmark\" class=\"td-image-wrap \" title=\"\u201eCe \u0219tia Grindeanu?\u201d Dominic Fritz lanseaz\u0103 acuza\u021bii grave \u00een scandalul \u201eamendamentului Fritz\u201d\"><img loading=\"lazy\" decoding=\"async\" class=\"entry-thumb\" src=\"https:\/\/orasul-timisoara.ro\/wp-content\/uploads\/2025\/06\/Dominic_Samuel_Fritz-copy-436x300.jpg\" alt title=\"\u201eCe \u0219tia Grindeanu?\u201d Dominic Fritz lanseaz\u0103 acuza\u021bii grave \u00een scandalul \u201eamendamentului Fritz\u201d\" width=\"218\" height=\"150\"><\/a><\/div>\n<\/div>\n<div class=\"item-details\">\n<h3 class=\"entry-title td-module-title\"><a href=\"https:\/\/orasul-timisoara.ro\/local-40441\/\" rel=\"bookmark\" title=\"\u201eCe \u0219tia Grindeanu?\u201d Dominic Fritz lanseaz\u0103 acuza\u021bii grave \u00een scandalul \u201eamendamentului Fritz\u201d\">\u201eCe \u0219tia Grindeanu?\u201d Dominic Fritz lanseaz\u0103 acuza\u021bii grave \u00een scandalul \u201eamendamentului Fritz\u201d<\/a><\/h3>\n<\/div>\n<\/div>\n<\/div>\n<div class=\"td-related-span4\">\n<div class=\"td_module_related_posts td-animation-stack td_mod_related_posts\">\n<div class=\"td-module-image\">\n<div class=\"td-module-thumb\"><a href=\"https:\/\/orasul-timisoara.ro\/local-40328\/\" rel=\"bookmark\" class=\"td-image-wrap \" title=\"Protest civic la Timi\u0219oara \u00eempotriva efectelor noii Legi a Integrit\u0103\u021bii\"><img loading=\"lazy\" decoding=\"async\" class=\"entry-thumb\" src=\"https:\/\/orasul-timisoara.ro\/wp-content\/uploads\/2026\/08\/protest-436x300.jpg\" alt title=\"Protest civic la Timi\u0219oara \u00eempotriva efectelor noii Legi a Integrit\u0103\u021bii\" width=\"218\" height=\"150\"><\/a><\/div>\n<\/div>\n<div class=\"item-details\">\n<h3 class=\"entry-title td-module-title\"><a href=\"https:\/\/orasul-timisoara.ro\/local-40328\/\" rel=\"bookmark\" title=\"Protest civic la Timi\u0219oara \u00eempotriva efectelor noii Legi a Integrit\u0103\u021bii\">Protest civic la Timi\u0219oara \u00eempotriva efectelor noii Legi a Integrit\u0103\u021bii<\/a><\/h3>\n<\/div>\n<\/div>\n<\/div>\n<div class=\"td-related-span4\">\n<div class=\"td_module_related_posts td-animation-stack td_mod_related_posts\">\n<div class=\"td-module-image\">\n<div class=\"td-module-thumb\"><a href=\"https:\/\/orasul-timisoara.ro\/local-40308\/\" rel=\"bookmark\" class=\"td-image-wrap \" title=\"Dominic Fritz, mesaj dur dup\u0103 decizia CCR: \u201eNu voi pleca nic\u0103ieri. Timi\u0219oara r\u0103m\u00e2ne casa mea\u201d\"><img loading=\"lazy\" decoding=\"async\" class=\"entry-thumb\" src=\"https:\/\/orasul-timisoara.ro\/wp-content\/uploads\/2026\/03\/dominic-fritz-usr-01-436x300.jpg\" alt title=\"Dominic Fritz, mesaj dur dup\u0103 decizia CCR: \u201eNu voi pleca nic\u0103ieri. Timi\u0219oara r\u0103m\u00e2ne casa mea\u201d\" width=\"218\" height=\"150\"><\/a><\/div>\n<\/div>\n<div class=\"item-details\">\n<h3 class=\"entry-title td-module-title\"><a href=\"https:\/\/orasul-timisoara.ro\/local-40308\/\" rel=\"bookmark\" title=\"Dominic Fritz, mesaj dur dup\u0103 decizia CCR: \u201eNu voi pleca nic\u0103ieri. Timi\u0219oara r\u0103m\u00e2ne casa mea\u201d\">Dominic Fritz, mesaj dur dup\u0103 decizia CCR: \u201eNu voi pleca nic\u0103ieri. Timi\u0219oara r\u0103m\u00e2ne casa mea\u201d<\/a><\/h3>\n<\/div>\n<\/div>\n<\/div>\n<\/div>\n<\/div>\n<\/div>\n<div class=\"comments\" id=\"comments\">\n<div id=\"respond\" class=\"comment-respond\">\n<h3 id=\"reply-title\" class=\"comment-reply-title\">L\u0102SA\u021aI UN MESAJ<\/h3>\n<div class=\"comment-form-input-wrap td-form-comment\">\n<div class=\"td-warning-comment\">V\u0103 rug\u0103m s\u0103 introduce\u021bi comentariul dvs.!<\/div>\n<\/div>\n<div class=\"comment-form-input-wrap td-form-author\">\n<div class=\"td-warning-author\">Introduce\u021bi aici numele dvs.<\/div>\n<\/div>\n<div class=\"comment-form-input-wrap td-form-email\">\n<div class=\"td-warning-email-error\">A\u021bi introdus o adres\u0103 de e-mail incorect\u0103!<\/div>\n<div class=\"td-warning-email\">V\u0103 rug\u0103m s\u0103 introduce\u021bi adresa dvs. de e-mail aici<\/div>\n<\/div>\n<\/div>\n<p class=\"akismet_comment_form_privacy_notice\">Acest site folose\u0219te Akismet pentru a reduce spamul. <a href=\"https:\/\/akismet.com\/privacy\/\" target=\"_blank\" rel=\"nofollow noopener\">Afl\u0103 cum sunt procesate datele comentariilor tale<\/a>.<\/p>\n<\/div>\n<\/div>\n<\/div>\n<div class=\"td-pb-span4 td-main-sidebar\" role=\"complementary\">\n<div class=\"td-ss-main-sidebar\">\n<aside id=\"block-4\" class=\"td_block_template_8 widget block-4 widget_block widget_media_image\">\n<figure class=\"wp-block-image size-full\"><img loading=\"lazy\" decoding=\"async\" width=\"336\" height=\"280\" src=\"https:\/\/orasul-timisoara.ro\/wp-content\/uploads\/2024\/11\/ReTIM-Abonamentul-Verde-Google-Ads-336x280px.gif\" alt class=\"wp-image-29257\"><\/figure>\n<\/aside>\n<div class=\"td_block_wrap td_block_social_counter td_block_widget tdi_6 td-social-style5 td-social-boxed td-pb-border-top td_block_template_8\">\n<div class=\"td-block-title-wrap\">\n<h4 class=\"td-block-title\"><span>Urm\u0103re\u0219te-ne pe Social Media<\/span><\/h4>\n<\/div>\n<div class=\"td-social-list\">\n<div class=\"td_social_type td-pb-margin-side td_social_facebook\">\n<div class=\"td-social-box\"><span class=\"td_social_info td_social_info_counter\">344,595<\/span><span class=\"td_social_info td_social_info_name\">Fani<\/span><span class=\"td_social_button\"><a href=\"https:\/\/www.facebook.com\/247timisoara\" target=\"_blank\" rel=\"nofollow\">\u00cemi place<\/a><\/span><\/div>\n<\/div>\n<div class=\"td_social_type td-pb-margin-side td_social_instagram\">\n<div class=\"td-social-box\"><span class=\"td_social_info td_social_info_counter\">4,416<\/span><span class=\"td_social_info td_social_info_name\">Cititori<\/span><span class=\"td_social_button\"><a href=\"https:\/\/instagram.com\/orasultimisoararo\/\" target=\"_blank\" rel=\"nofollow\">Conecta\u021bi-v\u0103<\/a><\/span><\/div>\n<\/div>\n<div class=\"td_social_type td-pb-margin-side td_social_rss\">\n<div class=\"td-social-box\"><span class=\"td_social_info td_social_info_counter\">12,506<\/span><span class=\"td_social_info td_social_info_name\">Cititori<\/span><span class=\"td_social_button\"><a href=\"https:\/\/orasul-timisoara.ro\/feed\/\" target=\"_blank\" rel=\"nofollow\">Conecta\u021bi-v\u0103<\/a><\/span><\/div>\n<\/div>\n<div class=\"td_social_type td-pb-margin-side td_social_tiktok\">\n<div class=\"td-social-box\"><span class=\"td_social_info td_social_info_counter\">1,500<\/span><span class=\"td_social_info td_social_info_name\">Cititori<\/span><span class=\"td_social_button\"><a href=\"https:\/\/www.tiktok.com\/@orasultimisoara\" target=\"_blank\" rel=\"nofollow\">Conecta\u021bi-v\u0103<\/a><\/span><\/div>\n<\/div>\n<div class=\"td_social_type td-pb-margin-side td_social_twitter\">\n<div class=\"td-social-box\"><span class=\"td_social_info td_social_info_counter\">1,595<\/span><span class=\"td_social_info td_social_info_name\">Cititori<\/span><span class=\"td_social_button\"><a href=\"https:\/\/twitter.com\/orasultm\" target=\"_blank\" rel=\"nofollow\">Conecta\u021bi-v\u0103<\/a><\/span><\/div>\n<\/div>\n<div class=\"td_social_type td-pb-margin-side td_social_youtube\">\n<div class=\"td-social-box\"><span class=\"td_social_info td_social_info_counter\">3,506<\/span><span class=\"td_social_info td_social_info_name\">Abona\u021bi<\/span><span class=\"td_social_button\"><a href=\"https:\/\/www.youtube.com\/channel\/UCQNsQvs2XCSIm1Z-AHRturw?sub_confirmation=1\" target=\"_blank\" rel=\"nofollow\">Abona\u021bi-v\u0103<\/a><\/span><\/div>\n<\/div>\n<\/div>\n<\/div>\n<aside id=\"text-7\" class=\"td_block_template_8 widget text-7 widget_text\">\n<h4 class=\"td-block-title\"><span>C\u0103ut\u0103ri populare pe OTM<\/span><\/h4>\n<div class=\"textwidget\"><a href=\"https:\/\/orasul-timisoara.ro\/?s=timisoara\"><span>Timisoara<\/span><\/a><a href=\"https:\/\/orasul-timisoara.ro\/?s=calin+dobra\"><span>Calin Dobra<\/span><\/a><a href=\"https:\/\/orasul-timisoara.ro\/?s=primaria+timisoara\"><span>Primaria Timisoara<\/span><\/a><a href=\"https:\/\/orasul-timisoara.ro\/?s=dominic+fritz\"><span>Dominic Fritz<\/span><\/a><a href=\"https:\/\/orasul-timisoara.ro\/?s=nicolae+robu\"><span>Nicolae Robu<\/span><\/a><a href=\"https:\/\/orasul-timisoara.ro\/?s=consiliul+local+timisoara\">Consiliul Local Timisoara<\/a><a href=\"https:\/\/orasul-timisoara.ro\/?s=consiliul+judetean+timis\"><span>Consiliul Judetean Timis<\/span><\/a><a href=\"https:\/\/orasul-timisoara.ro\/?s=cjt\"><span>CJT<\/span><\/a><a href=\"https:\/\/orasul-timisoara.ro\/?s=Alfred+Simonis\"><span>Alfred Simonis<\/span><\/a><a href=\"https:\/\/orasul-timisoara.ro\/?s=PNL\"><span>PNL<\/span><\/a><a href=\"https:\/\/orasul-timisoara.ro\/?s=coronavirus\"><span>coronavirus<\/span><\/a><a href=\"https:\/\/orasul-timisoara.ro\/?s=teatru+timisoara\">teatru Timisoara<\/a><a href=\"https:\/\/orasul-timisoara.ro\/?s=restaurante\"><span>restaurante Timisoara<\/span><\/a><a href=\"https:\/\/orasul-timisoara.ro\/?s=diskoteka\"><span>Diskoteka<\/span><\/a><a href=\"https:\/\/orasul-timisoara.ro\/?s=iulius+town\"><span>Iulius Town<\/span><\/a><a href=\"https:\/\/orasul-timisoara.ro\/?s=iulius+mall\"><span>Iulius Mall<\/span><\/a><a href=\"https:\/\/orasul-timisoara.ro\/?s=stpt\"><span>STPT<\/span><\/a><a href=\"https:\/\/orasul-timisoara.ro\/?s=alin+nica\"><span>Alin Nica<\/span><\/a><a href=\"https:\/\/orasul-timisoara.ro\/?s=psd\"><span>PSD<\/span><\/a><a href=\"https:\/\/orasul-timisoara.ro\/?s=aeroport\"><span>Aeroportul International Timisoara<\/span><\/a><a href=\"https:\/\/orasul-timisoara.ro\/?s=babes\"><span>Spitalul Victor Babes Timisoara<\/span><\/a><a href=\"https:\/\/orasul-timisoara.ro\/?s=poli\"><span>Poli Timi\u0219oara<\/span><\/a><a href=\"https:\/\/orasul-timisoara.ro\/?s=carantina\"><span>carantina<\/span><\/a><a href=\"https:\/\/orasul-timisoara.ro\/?s=aquatim\"><span>Aquatim<\/span><\/a><a href=\"https:\/\/orasul-timisoara.ro\/local-category\/stiri-timisoara\/\"><span>Stiri Timisoara<\/span><\/a><a href=\"https:\/\/orasul-timisoara.ro\/local-category\/investitii-in-timisoara\/\"><span>Investi\u021bii in Timi\u0219oara<\/span><\/a><a href=\"https:\/\/orasul-timisoara.ro\/local-9463\/\"><span>shaorma<\/span><\/a><a href=\"https:\/\/orasul-timisoara.ro\/?s=trafic\"><span>trafic rutier<\/span><\/a><a href=\"https:\/\/orasul-timisoara.ro\/?s=politia\"><span>politia locala timisoara<\/span><\/a><a href=\"https:\/\/orasul-timisoara.ro\/?s=roxana\"><span>Roxana Iliescu<\/span><\/a><a href=\"https:\/\/orasul-timisoara.ro\/?s=colterm\"><span>Colterm<\/span><\/a><a href=\"https:\/\/orasul-timisoara.ro\/?s=latcau\"><span>Ruben La\u021bc\u0103u<\/span><\/a><a href=\"https:\/\/orasul-timisoara.ro\/?s=timis\"><span>\u0218tiri din Timi\u0219<\/span><\/a><a href=\"https:\/\/orasul-timisoara.ro\/?s=spital\"><span>Spitale din Timi\u0219oara<\/span><\/a><a href=\"https:\/\/orasul-timisoara.ro\/?s=tabara\"><span>Cosmin Tab\u0103r\u0103<\/span><\/a><\/div>\n<\/aside>\n<aside id=\"rss-2\" class=\"td_block_template_8 widget rss-2 widget_rss\">\n<h4 class=\"td-block-title\"><span><a class=\"rsswidget rss-widget-feed\" href=\"https:\/\/fashionfridays.ro\/feed\"><img decoding=\"async\" class=\"rss-widget-icon\" width=\"14\" height=\"14\" src=\"https:\/\/orasul-timisoara.ro\/wp-includes\/images\/rss.png\" alt=\"Flux RSS: Fashion Fridays\" loading=\"lazy\"><\/a><a class=\"rsswidget rss-widget-title\" href=\"https:\/\/fashionfridays.ro\/\">Fashion Fridays<\/a><\/span><\/h4>\n<ul>\n<li><a class=\"rsswidget\" href=\"https:\/\/fashionfridays.ro\/romania-devine-a-29-a-piata-vogue-o-noua-era-pentru-industria-locala-de-moda\/\">Rom\u00e2nia devine a 29-a pia\u021b\u0103 Vogue: o nou\u0103 er\u0103 pentru industria local\u0103 de mod\u0103<\/a>\n<div class=\"rssSummary\">Revista Vogue \u00ee\u0219i extinde prezen\u021ba global\u0103 \u0219i va fi lansat\u0103 oficial \u00een Rom\u00e2nia \u00een prim\u0103vara anului 2027, marc\u00e2nd intrarea pe cea de-a 29-a pia\u021b\u0103 interna\u021bional\u0103. Proiectul este realizat \u00een parteneriat cu AEMME Publishing, o companie media recent \u00eenfiin\u021bat\u0103, care va publica edi\u021bia local\u0103 sub licen\u021b\u0103. Noua edi\u021bie, Vogue Rom\u00e2nia, \u00ee\u0219i propune s\u0103 combine autoritatea global\u0103 [\u2026]<\/div>\n<\/li>\n<\/ul>\n<\/aside>\n<aside id=\"rss-4\" class=\"td_block_template_8 widget rss-4 widget_rss\">\n<h4 class=\"td-block-title\"><span><a class=\"rsswidget rss-widget-feed\" href=\"https:\/\/emasini.ro\/feed\"><img decoding=\"async\" class=\"rss-widget-icon\" width=\"14\" height=\"14\" src=\"https:\/\/orasul-timisoara.ro\/wp-includes\/images\/rss.png\" alt=\"Flux RSS: eMasini\" loading=\"lazy\"><\/a><a class=\"rsswidget rss-widget-title\" href=\"https:\/\/emasini.ro\/\">eMasini<\/a><\/span><\/h4>\n<ul>\n<li><a class=\"rsswidget\" href=\"https:\/\/emasini.ro\/adio-bordurilor-pline-de-ecrane-mercedes-benz-readuce-butoanele-in-noile-masini-produse\/\">Adio bordurilor pline de ecrane? Mercedes-Benz readuce butoanele \u00een noile ma\u0219ini produse<\/a>\n<div class=\"rssSummary\">Mercedes-Benz \u00ee\u0219i schimb\u0103 direc\u021bia \u00een ceea ce prive\u0219te designul interioarelor \u0219i va readuce comenzile fizice pentru anumite func\u021bii importante. Constructorul german nu renun\u021b\u0103 la ecranele mari \u0219i la tehnologiile digitale, dar recunoa\u0219te c\u0103 a mers prea departe prin eliminarea unor butoane \u0219i comenzi tactile. Ola K\u00e4llenius, pre\u0219edintele Consiliului de Administra\u021bie al Mercedes-Benz Group \u0219i CEO [\u2026]<\/div>\n<\/li>\n<\/ul>\n<\/aside>\n<\/div>\n<\/div>\n<\/div>\n<\/div>\n<\/article>\n<div class=\"td-post-content tagdiv-type\">\n<p class=\"wp-block-paragraph\">Senatul a adoptat miercuri Legea integrit\u0103\u021bii, care include controversatul \u201eamendament Fritz\u201d, \u00een pofida apelurilor venite din partea USR, dar \u0219i a unor lideri europeni. Actul normativ a fost votat cu 106 voturi \u201epentru\u201d \u0219i 19 \u201e\u00eempotriv\u0103\u201d \u0219i urmeaz\u0103 s\u0103 fie transmis pre\u0219edintelui Nicu\u0219or Dan pentru promulgare.<\/p>\n<p class=\"wp-block-paragraph\">Adoptarea legii pune din nou \u00een centrul dezbaterii politice situa\u021bia primarului Timi\u0219oarei, Dominic Fritz, al c\u0103rui mandat ar putea fi afectat de prevederile amendamentului. Pre\u0219edintele Rom\u00e2niei poate promulga legea sau poate solicita Parlamentului reexaminarea acesteia.<\/p>\n<h2 class=\"wp-block-heading\">PNL a votat legea invoc\u00e2nd banii din PNRR<\/h2>\n<p class=\"wp-block-paragraph\">Premierul interimar Ilie Bolojan a justificat votul parlamentarilor PNL prin necesitatea \u00eendeplinirii jaloanelor asumate de Rom\u00e2nia prin PNRR p\u00e2n\u0103 la sf\u00e2r\u0219itul acestei luni.<\/p>\n<p class=\"wp-block-paragraph\">Bolojan a sus\u021binut c\u0103 interesul Rom\u00e2niei de a \u00eendeplini aceste jaloane este superior oric\u0103rei alte discu\u021bii \u0219i a promis c\u0103 PNL va sus\u021bine ulterior corectarea legii.<\/p>\n<p class=\"wp-block-paragraph\">Miza financiar\u0103 invocat\u0103 \u00een dezbaterea parlamentar\u0103 este de aproximativ 770 de milioane de euro din fondurile PNRR.<\/p>\n<p class=\"wp-block-paragraph\">Legea a fost adoptat\u0103 dup\u0103 ce proiectul care men\u021bine \u201eamendamentul Fritz\u201d fusese aprobat \u0219i \u00een comisiile parlamentare. Comisia de constitu\u021bionalitate a votat cu 8 voturi \u201epentru\u201d \u0219i 2 \u201e\u00eempotriv\u0103\u201d, iar Comisia juridic\u0103 a dat un vot favorabil cu 20 de voturi \u201epentru\u201d \u0219i 4 \u201e\u00eempotriv\u0103\u201d.<\/p>\n<h2 class=\"wp-block-heading\">USR acuz\u0103 PSD de folosirea PNRR pentru adoptarea amendamentului<\/h2>\n<p class=\"wp-block-paragraph\">Liderul senatorilor USR, Sorin \u0218ipo\u0219, a criticat dur votul \u0219i a sus\u021binut c\u0103 PSD a legat amendamentul de un jalon european pentru a transforma votul asupra legii \u00eentr-o alegere \u00eentre adoptarea actului normativ \u0219i riscul pierderii fondurilor europene.<\/p>\n<p class=\"wp-block-paragraph\">\u201ePSD a legat cu bun\u0103 \u0219tiin\u021b\u0103 un amendament cu dedica\u021bie, introdus prin fals \u00een acte publice \u00een Camera Deputa\u021bilor, de un jalon european, ca s\u0103 transforme fiecare vot \u00eentr-un vot \u00eempotriva banilor\u201d, a declarat Sorin \u0218ipo\u0219.<\/p>\n<p class=\"wp-block-paragraph\">USR a sus\u021binut \u00een repetate r\u00e2nduri eliminarea prevederii care \u00eel vizeaz\u0103 pe Dominic Fritz.<\/p>\n<h2 class=\"wp-block-heading\">Apel din partea Renew Europe<\/h2>\n<p class=\"wp-block-paragraph\">\u00cenaintea votului, Val\u00e9rie Hayer, pre\u0219edinta Renew Europe, a cerut Senatului Rom\u00e2niei s\u0103 resping\u0103 legea ANI \u00een forma care con\u021bine amendamentul referitor la primarul Timi\u0219oarei.<\/p>\n<p class=\"wp-block-paragraph\">Hayer a sus\u021binut c\u0103 amendamentul este antidemocratic \u0219i a avertizat c\u0103, \u00een cazul adopt\u0103rii lui, fondurile aferente din PNRR nu ar trebui virate.<\/p>\n<p class=\"wp-block-paragraph\">\u00cen ciuda acestor apeluri, senatorii au adoptat legea.<\/p>\n<h2 class=\"wp-block-heading\">Ce prevede situa\u021bia lui Dominic Fritz<\/h2>\n<p class=\"wp-block-paragraph\">Controversa are la origine situa\u021bia de incompatibilitate constatat\u0103 de Agen\u021bia Na\u021bional\u0103 de Integritate \u00een cazul lui Dominic Fritz.<\/p>\n<p class=\"wp-block-paragraph\">Primarul Timi\u0219oarei nu a fost condamnat penal \u00een aceast\u0103 spe\u021b\u0103. Situa\u021bia sa este legat\u0103 de o decizie ANI privind incompatibilitatea, \u00een urma semn\u0103rii unui act administrativ \u00een prima perioad\u0103 a mandatului s\u0103u din 2020.<\/p>\n<p class=\"wp-block-paragraph\">Actul respectiv viza un plan urbanistic zonal, iar ANI a considerat c\u0103 semnarea documentului a generat o situa\u021bie de incompatibilitate \u00een raport cu leg\u0103turile dintre beneficiarul proiectului \u0219i o persoan\u0103 care contribuise la campania electoral\u0103 a lui Dominic Fritz.<\/p>\n<p class=\"wp-block-paragraph\">\u201eAmendamentul Fritz\u201d a fost introdus ulterior \u00een legisla\u021bie pentru a reglementa efectele juridice asupra mandatului \u00een cazul unei astfel de situa\u021bii.<\/p>\n<h2 class=\"wp-block-heading\">CCR a motivat legalitatea prevederii<\/h2>\n<p class=\"wp-block-paragraph\">S\u0103pt\u0103m\u00e2na trecut\u0103, Curtea Constitu\u021bional\u0103 a publicat motivarea deciziei referitoare la lege. \u00cen interpretarea prezentat\u0103 \u00een motivare, prevederea se refer\u0103 la mandatul care a fost viciat \u0219i nu stabile\u0219te o sanc\u021biune direct\u0103 aplicat\u0103 persoanei care ocup\u0103 func\u021bia.<\/p>\n<p class=\"wp-block-paragraph\">Interpretarea CCR este \u00eens\u0103 contestat\u0103 de cei care consider\u0103 c\u0103 modificarea legislativ\u0103 este construit\u0103 \u00een mod evident pentru situa\u021bia primarului Timi\u0219oarei \u0219i c\u0103 prevederea poate conduce la \u00eencetarea mandatului acestuia.<\/p>\n<h2 class=\"wp-block-heading\">Ce urmeaz\u0103 pentru mandatul lui Dominic Fritz<\/h2>\n<p class=\"wp-block-paragraph\">Dup\u0103 adoptarea de c\u0103tre Senat, legea urmeaz\u0103 s\u0103 ajung\u0103 la promulgare. Pre\u0219edintele Nicu\u0219or Dan poate s\u0103 o promulge sau s\u0103 solicite Parlamentului reexaminarea.<\/p>\n<p class=\"wp-block-paragraph\">Timpul r\u0103mas este \u00eens\u0103 unul foarte scurt, \u00een condi\u021biile \u00een care Rom\u00e2nia trebuie s\u0103 \u00eendeplineasc\u0103 jaloanele PNRR pentru deblocarea fondurilor europene.<\/p>\n<p class=\"wp-block-paragraph\">\u00cen scenariul \u00een care legea intr\u0103 \u00een vigoare \u00een forma adoptat\u0103 de Parlament, situa\u021bia mandatului lui Dominic Fritz va deveni una dintre principalele mize politice \u0219i juridice de la Timi\u0219oara.<\/p>\n<p class=\"wp-block-paragraph\">Primarul Timi\u0219oarei a anun\u021bat anterior c\u0103 este preg\u0103tit s\u0103 conteste situa\u021bia inclusiv la Curtea European\u0103 a Drepturilor Omului, dac\u0103 procedurile interne nu vor conduce la \u00eenl\u0103turarea efectelor pe care le consider\u0103 nedrepte.<\/p>\n<p class=\"wp-block-paragraph\">Deocamdat\u0103, legea merge la promulgare, iar urm\u0103toarea decizie important\u0103 \u00eei apar\u021bine pre\u0219edintelui Rom\u00e2niei.<\/p>\n<h2 class=\"wp-block-heading\">PNL a ales banii europeni \u00een locul confrunt\u0103rii cu \u201eamendamentul Fritz\u201d<\/h2>\n<p class=\"wp-block-paragraph\">Votul din Senat arat\u0103 \u0219i o realitate politic\u0103 dificil\u0103 pentru USR. PNL, partener tradi\u021bional al forma\u021biunii \u00een anumite formule politice, a sus\u021binut adoptarea legii, consider\u00e2nd prioritar\u0103 \u00eendeplinirea jalonului PNRR \u0219i evitarea riscului pierderii celor 770 de milioane de euro.<\/p>\n<p class=\"wp-block-paragraph\">\u00cen aceast\u0103 logic\u0103, mandatul unui primar poate fi ulterior contestat sau corectat pe cale juridic\u0103, \u00een timp ce pierderea fondurilor europene ar avea consecin\u021be asupra \u00eentregii \u021b\u0103ri.<\/p>\n<p class=\"wp-block-paragraph\">R\u0103m\u00e2ne \u00eens\u0103 \u00eentrebarea dac\u0103 o lege care poate afecta direct mandatul unui singur primar trebuia adoptat\u0103 \u00een aceast\u0103 form\u0103 \u0219i \u00een condi\u021biile unei presiuni at\u00e2t de mari legate de termenul PNRR.<\/p>\n<p class=\"wp-block-paragraph\">Pentru Timi\u0219oara, miza este una direct\u0103: dac\u0103 prevederile intr\u0103 \u00een vigoare \u0219i sunt aplicate \u00een cazul lui Dominic Fritz, mandatul primarului ar putea ajunge \u00een centrul unei noi dispute juridice \u0219i politice.<\/p>\n<\/div>\n<p>[analyse_source url=&#8221;https:\/\/orasul-timisoara.ro\/local-40518\/&#8221;]<\/p>\n","protected":false},"excerpt":{"rendered":"<p>[analyse_image type=&#8221;featured&#8221; src=&#8221;https:\/\/orasul-timisoara.ro\/wp-content\/uploads\/2026\/01\/dominic-fritz-stadion.jpg&#8221;] PoliticSenatul a adoptat \u201eamendamentul Fritz\u201d. Dominic Fritz \u00ee\u0219i va pierde mandatul de&#8230; Politic \u0218tiri Locale \u0218tiri na\u021bionale \u0219i interna\u021bionale Senatul a adoptat \u201eamendamentul Fritz\u201d. Dominic Fritz \u00ee\u0219i va pierde mandatul de primar al Timi\u0219oarei De c\u0103tre redactia &#8211; 26\/08\/2026 Facebook Twitter WhatsApp Linkedin ReddIt Email Imprimare Senatul a adoptat miercuri Legea integrit\u0103\u021bii, [&hellip;]<\/p>\n","protected":false},"author":1,"featured_media":0,"comment_status":"open","ping_status":"","sticky":false,"template":"","format":"standard","meta":{"footnotes":""},"categories":[89],"tags":[226,189],"class_list":["post-2113998","post","type-post","status-publish","format-standard","hentry","category-romania","tag-crawlmanager","tag-orasul-timisoara-ro"],"_links":{"self":[{"href":"https:\/\/analyse.optim.biz\/index.php?rest_route=\/wp\/v2\/posts\/2113998","targetHints":{"allow":["GET"]}}],"collection":[{"href":"https:\/\/analyse.optim.biz\/index.php?rest_route=\/wp\/v2\/posts"}],"about":[{"href":"https:\/\/analyse.optim.biz\/index.php?rest_route=\/wp\/v2\/types\/post"}],"author":[{"embeddable":true,"href":"https:\/\/analyse.optim.biz\/index.php?rest_route=\/wp\/v2\/users\/1"}],"replies":[{"embeddable":true,"href":"https:\/\/analyse.optim.biz\/index.php?rest_route=%2Fwp%2Fv2%2Fcomments&post=2113998"}],"version-history":[{"count":0,"href":"https:\/\/analyse.optim.biz\/index.php?rest_route=\/wp\/v2\/posts\/2113998\/revisions"}],"wp:attachment":[{"href":"https:\/\/analyse.optim.biz\/index.php?rest_route=%2Fwp%2Fv2%2Fmedia&parent=2113998"}],"wp:term":[{"taxonomy":"category","embeddable":true,"href":"https:\/\/analyse.optim.biz\/index.php?rest_route=%2Fwp%2Fv2%2Fcategories&post=2113998"},{"taxonomy":"post_tag","embeddable":true,"href":"https:\/\/analyse.optim.biz\/index.php?rest_route=%2Fwp%2Fv2%2Ftags&post=2113998"}],"curies":[{"name":"wp","href":"https:\/\/api.w.org\/{rel}","templated":true}]}}