{"id":2113970,"date":"2026-08-26T17:48:56","date_gmt":"2026-08-26T14:48:56","guid":{"rendered":"https:\/\/analyse.optim.biz\/?p=2113970"},"modified":"2026-08-26T17:48:56","modified_gmt":"2026-08-26T14:48:56","slug":"primele-reactii-dupa-articolul-gazetei-buzoiene-despre-framantarile-de-la-hasdeu","status":"publish","type":"post","link":"https:\/\/analyse.optim.biz\/?p=2113970","title":{"rendered":"Primele reac\u021bii dup\u0103 articolul Gazetei Buzoiene despre fr\u0103m\u00e2nt\u0103rile de la Hasdeu"},"content":{"rendered":"<p>[analyse_image type=&#8221;featured&#8221; src=&#8221;https:\/\/gazetabuzoiana.ro\/wp-content\/uploads\/2026\/06\/hasdeu.jpg&#8221;]<\/p>\n<div class=\"entry-content entry clearfix\">\n<p class=\"wp-block-paragraph\">La c\u00e2teva ore dup\u0103 publicarea articolului Gazetei Buzoiene despre memoriul semnat de aproximativ 40 de profesori ai Colegiului Na\u021bional \u201eB. P. Hasdeu\u201d, pe care \u00eel g\u0103si\u021bi<strong><a href=\"https:\/\/gazetabuzoiana.ro\/2026\/08\/26\/memoriul-care-nu-a-ajuns-in-presa-profesorii-din-hasdeu-au-cerut-ca-anca-florea-sa-nu-mai-fie-director-avem-documentul\/\"> AICI<\/a><\/strong> au ap\u0103rut \u0219i primele reac\u021bii. Fostul director adjunct al colegiului, Anca Florea, publica\u021bia <em>\u201eLa tabl\u0103\u201d<\/em> \u0219i consilierul municipal liberal Irinel C\u00e2rstea au comentat, \u00een moduri diferite, situa\u021bia care a ajuns \u00een ultimele zile \u00een aten\u021bia presei locale \u0219i na\u021bionale.<\/p>\n<h1 class=\"wp-block-heading\">Anca Florea, o reac\u021bie elegant\u0103, dar cu mesaj<\/h1>\n<p class=\"wp-block-paragraph\">Prima reac\u021bie a venit din partea Anc\u0103i Florea, care a publicat pe Facebook un mesaj \u00een care a vorbit despre adev\u0103r, dialog \u0219i despre necesitatea ca situa\u021bia de la Hasdeu s\u0103 fie analizat\u0103 de institu\u021biile competente: <\/p>\n<p class=\"wp-block-paragraph\">\u201e<em>\u201eAdev\u0103rul poate supravie\u021bui doar \u00een lupta liber\u0103 contra altor p\u0103reri.\u201d<\/em><\/p>\n<p class=\"wp-block-paragraph\"><em>Mul\u021bumesc tuturor celor care, \u00een timp, au fost \u0219i sunt cititorii paginii mele de Facebook! Cred \u00een puterea asum\u0103rii punctelor de vedere \u0219i, mai ales, \u00een for\u021ba argumentelor, f\u0103r\u0103 a avea niciodat\u0103 preten\u021bia infailibilit\u0103\u021bii ideilor mele. M-am format \u00eentr-o \u0219coal\u0103 a dialogului, a construirii \u00eentreb\u0103rii \u0219i, mai presus de orice, a respect\u0103rii adev\u0103rului, cel pu\u021bin \u00een accep\u021biunea lui Aristotel: o idee este adev\u0103rat\u0103 dac\u0103 ea corespunde st\u0103rii de fapt.<\/em><\/p>\n<p class=\"wp-block-paragraph\"><em>\u00cen m\u0103sura \u00een care comentariile dumneavoastr\u0103 la post\u0103rile mele au fost o invita\u021bie la dialog, am r\u0103spuns cu deschiderea pe care trebuie s\u0103 o aib\u0103 orice persoan\u0103 care se respect\u0103 pe sine. Din nefericire, \u00een ultimul timp au existat comentarii def\u0103im\u0103toare transmise de pe un cont fals. Unul dintre aceste comentarii, acum \u0219ters, con\u021binea un josnic atac la persoan\u0103. Dac\u0103 respectiva postare, realizat\u0103 \u00eentr-un limbaj care nu poate fi demn de condi\u021bia uman\u0103, nu primea o validare printr-un \u201elike\u201d dat de o coleg\u0103 de cancelarie, cu certitudine nu acordam niciun minut din timpul meu.<\/em><\/p>\n<p class=\"wp-block-paragraph\"><em>Ast\u0103zi, tabloul devine complet. Pentru c\u0103, a\u0219a cum am spus \u00een nenum\u0103rate r\u00e2nduri, adev\u0103rul are r\u0103bdare, iar noi trebuie s\u0103 avem maturitatea de a-l a\u0219tepta. Din respect pentru \u0219coala \u00een care lucrez, v\u0103 rog s\u0103 citi\u021bi articolul publicat de doamna jurnalist Florina Arghir Popescu, c\u0103reia \u00eei mul\u021bumesc pentru echilibrul profesional cu care a abordat acest subiect. Am speran\u021ba c\u0103 cei \u00een m\u0103sur\u0103 s\u0103 analizeze realitatea dintr-o institu\u021bie de \u00eenv\u0103\u021b\u0103m\u00e2nt vor cerceta cu celeritate acest subiect. Este vorba despre imaginea \u0219i faptele unor cadre didactice \u0219i, poate cel mai important, este vorba despre oameni care fac EDUCA\u021aIE, indiferent \u00een ce pozi\u021bie ierarhic\u0103 s-ar afla. Probabil c\u0103 este nevoie ca orice institu\u021bie s\u0103 ating\u0103 un punct terminus \u00eentr-un conflict, pentru ca ulterior s\u0103-\u0219i recapete echilibrul.<\/em><\/p>\n<p class=\"wp-block-paragraph\"><em>\u00cen nume personal, \u00eemi permit s\u0103 asigur hasdeienii, indiferent din ce genera\u021bie fac parte, c\u0103 liceul pe care l-au absolvit sau cel \u00een care \u00eenva\u021b\u0103 acum va avea capacitatea de a dep\u0103\u0219i acest moment.\u201d<\/em><\/p>\n<h1 class=\"wp-block-heading\">\u201eLa tabl\u0103\u201d, despre memoriul profesorilor \u0219i problemele din educa\u021bie<\/h1>\n<p class=\"wp-block-paragraph\">La scurt timp, publica\u021bia <em>\u201eLa tabl\u0103\u201d<\/em> a revenit pe Facebook asupra subiectului, de aceast\u0103 dat\u0103 dup\u0103 apari\u021bia informa\u021biilor despre memoriul profesorilor de la Hasdeu.<\/p>\n<p class=\"wp-block-paragraph\">Publica\u021bia a prezentat informa\u021bia potrivit c\u0103reia aproximativ 40 de cadre didactice au semnat un document transmis Inspectoratului \u0218colar Jude\u021bean Buz\u0103u \u00een perioada procedurilor pentru ocuparea func\u021biilor de conducere \u0219i c\u0103, potrivit informa\u021biilor publicate de <em>Gazeta Buzoian\u0103<\/em>, profesorii au solicitat ca Anca Florea s\u0103 nu mai fie numit\u0103 sau men\u021binut\u0103 \u00een func\u021bia de director adjunct.<\/p>\n<p class=\"wp-block-paragraph\"><em>\u201eLa tabl\u0103\u201d <\/em>a pus aceast\u0103 informa\u021bie \u00een paralel cu acuza\u021biile formulate de Anca Florea la adresa Inspectoratului \u0218colar Jude\u021bean Buz\u0103u \u0219i a preluat, \u00een postarea sa, \u0219i reac\u021bia acesteia. \u00cens\u0103 mesajul transmis nu s-a oprit la disputa dintre cele dou\u0103 p\u0103r\u021bi. \u201eLa tabl\u0103\u201d a atras aten\u021bia \u0219i asupra unei probleme mai largi, respectiv modul \u00een care sunt conduse \u0219colile, felul \u00een care sunt luate deciziile \u00een consiliile de administra\u021bie \u0219i la nivelul inspectoratelor \u0219colae \u0219i rela\u021biile de putere care se formeaz\u0103 \u00een jurul func\u021biilor de conducere. Toate acestea f\u0103r\u0103 s\u0103 pun\u0103 \u00een discu\u021bie cine are sau nu dreptate \u00een cazul de la Hasdeu, ci \u0219i felul \u00een care sunt gestionate astfel de conflicte \u00een sistemul de educa\u021bie. \u00cen aceea\u0219i postare,<em> \u201eLa tabl\u0103\u201d<\/em> a preluat \u0219i reac\u021bia profesorului Anc\u0103i Florea la articolul Gazetei Buzoiene<strong>.<\/strong><\/p>\n<h1 class=\"wp-block-heading\">Consilierul liberal Irinel C\u00e2rstea, despre conflictele din \u0219colile buzoiene<\/h1>\n<p class=\"wp-block-paragraph\">O reac\u021bie mai ampl\u0103 a venit din partea consilierului municipal liberal Irinel C\u00eerstea. Acesta nu s-a referit punctual doar la cazul de la Hasdeu, ci a vorbit \u00een general despre ceea ce consider\u0103 c\u0103 sunt probleme mai vechi ale sistemului educa\u021bional buzoian.<\/p>\n<p class=\"wp-block-paragraph\">C\u00eerstea a spus c\u0103, din 2020, a avut posibilitatea s\u0103 vad\u0103 \u0219coala \u0219i din perspectiva administra\u021biei, prin intermediul activit\u0103\u021bii consiliilor de administra\u021bie.<\/p>\n<p class=\"wp-block-paragraph\"><em>\u201eAm \u00eent\u00e2lnit orgolii p\u00e2n\u0103 la cer, conflicte personale care nu se mai termin\u0103, profesori \u00eemp\u0103r\u021bi\u021bi \u00een fac\u021biuni, reclama\u021bii \u0219i ac\u021biuni \u00een instan\u021b\u0103, marginalizarea unor cadre didactice\u201d<\/em>, a scris acesta.<\/p>\n<p class=\"wp-block-paragraph\">Consilierul liberal a spus c\u0103 astfel de confrunt\u0103ri consum\u0103 energie care ar trebui s\u0103 fie folosit\u0103 \u00een interesul elevilor: <em>\u201eUneori, privind din exterior aceste conflicte, am impresia unui adev\u0103rat r\u0103zboi civil.\u201d<\/em><\/p>\n<p class=\"wp-block-paragraph\">C\u00eerstea a criticat \u0219i modul \u00een care este exercitat\u0103 autoritatea \u00een sistemul de educa\u021bie, sus\u021bin\u00e2nd c\u0103 un inspector sau un director nu ar trebui s\u0103 fie \u201est\u0103p\u00e2nul\u201d unei institu\u021bii, ci administratorul acesteia pentru perioada \u00een care ocup\u0103 func\u021bia.<\/p>\n<p class=\"wp-block-paragraph\">\u00centr-un pasaj dur, acesta a vorbit despre \u201ev\u0103taf la I\u0218J\u201d, despre \u201eobedien\u021bi\u201d \u0219i despre \u201eboieri ce de\u021bin cancelariile din \u0219coli\u201d.<\/p>\n<p class=\"wp-block-paragraph\">A criticat \u0219i situa\u021biile \u00een care, \u00een opinia sa, profesorii care nu sunt de acord cu conducerea pot ajunge marginaliza\u021bi: <em>\u201eUn profesor trebuie s\u0103 poat\u0103 spune c\u0103 nu este de acord. Trebuie s\u0103 poat\u0103 semnala o problem\u0103, s\u0103 poat\u0103 adresa \u00eentreb\u0103ri sau s\u0103 solicite explica\u021bii, f\u0103r\u0103 teama c\u0103 va fi marginalizat\u201d<\/em>, a scris Irinel C\u00eerstea.<\/p>\n<p class=\"wp-block-paragraph\">El a vorbit \u0219i despre politizare, dar  a precizat c\u0103 nu sus\u021bine c\u0103 toate numirile din sistemul educa\u021bional buzoian s-ar face pe criterii politice: \u201e<em>Nu afirm c\u0103 fiecare numire din sistemul educa\u021bional buzoian se face astfel. O asemenea generalizare ar fi nedreapt\u0103 \u0219i ar necesita dovezi irefutabile\u201d<\/em>. C\u00eerstea a cerut \u00eens\u0103 transparen\u021b\u0103, criterii profesionale \u0219i proceduri clare.<\/p>\n<p class=\"wp-block-paragraph\">\u00cen final, acesta a transmis un mesaj profesorilor care \u00ee\u0219i fac meseria f\u0103r\u0103 s\u0103 intre \u00een conflicte \u0219i jocuri de putere:<\/p>\n<p class=\"wp-block-paragraph\"><em>\u201ePentru c\u0103 profesorul bun nu trebuie obligat s\u0103 supravie\u021buiasc\u0103 \u00eentr-un sistem dominat de conflictele altora.\u201d<\/em><\/p>\n<p class=\"wp-block-paragraph\">Iar ultima sa fraz\u0103 a mesajului s\u0103u a fost una c\u00e2t se poate de direct\u0103:  <em> \u201eNu ave\u021bi dreptul s\u0103 sacrifica\u021bi copiii \u00een luptele voastre.\u201d<\/em><\/p>\n<p class=\"wp-block-paragraph\">Pentru acurate\u021bea informa\u021biei, red\u0103m mai jos integral mesajul consilierului municipal Irinel C\u00e2rstea:<\/p>\n<p class=\"wp-block-paragraph\"><em>\u201eAm fost elev \u0219i, mult\u0103 vreme, am privit \u0219coala a\u0219a cum o prive\u0219te orice copil: de la nivelul b\u0103ncii, prin rela\u021bia direct\u0103 dintre elev \u0219i profesor. Am avut profesori pe care i-am respectat \u0219i care au r\u0103mas repere pentru mine. Am \u00eent\u00e2lnit \u0219i profesori care nu au reu\u0219it s\u0103-mi c\u00e2\u0219tige respectul.<\/em><\/p>\n<p class=\"wp-block-paragraph\"><em>Din 2020 am avut \u00eens\u0103 posibilitatea s\u0103 privesc \u0219coala \u0219i dintr-o alt\u0103 perspectiv\u0103. Am \u00eenceput s\u0103 \u00een\u021beleg ce se \u00eent\u00e2mpl\u0103 dincolo de catedr\u0103: cum este administrat\u0103 o unitate de \u00eenv\u0103\u021b\u0103m\u00e2nt, cum func\u021bioneaz\u0103 un Consiliu de Administra\u021bie, cum se iau deciziile \u0219i, mai ales, cum arat\u0103 uneori rela\u021biile dintre adul\u021bii care ne educ\u0103 urm\u0103toarele genera\u021bii.<\/em><\/p>\n<p class=\"wp-block-paragraph\"><em>Ceea ce am v\u0103zut \u00een ace\u0219ti ani m-a dezam\u0103git profund.<\/em><\/p>\n<p class=\"wp-block-paragraph\"><em>Am \u00eent\u00e2lnit orgolii p\u00e2n\u0103 la cer, conflicte personale care nu se mai termin\u0103, profesori \u00eemp\u0103r\u021bi\u021bi \u00een fac\u021biuni, reclama\u021bii \u0219i ac\u021biuni \u00een instan\u021b\u0103, marginalizarea unor cadre didactice. Confrunt\u0103ri care consum\u0103 o energie enorm\u0103. O energie care nu este consumat\u0103 \u00een interesul elevului ci al luptei de supravie\u021buire \u00een institu\u021bie.<\/em><\/p>\n<p class=\"wp-block-paragraph\"><em>Uneori, privind din exterior aceste conflicte, am impresia unui adev\u0103rat r\u0103zboi civil. Iar c\u00e2nd \u00eentr-o \u0219coal\u0103 adul\u021bii sunt preocupa\u021bi mai mult de cine controleaz\u0103 institu\u021bia dec\u00e2t de felul \u00een care aceasta \u00ee\u0219i \u00eendepline\u0219te misiunea, cel care pierde este, inevitabil, copilul\/societatea.<\/em><\/p>\n<p class=\"wp-block-paragraph\"><em>Func\u021biile nu sunt ve\u0219nice<\/em><\/p>\n<p class=\"wp-block-paragraph\"><em>Exist\u0103 o problem\u0103 pe care cred c\u0103 trebuie s\u0103 avem curajul s\u0103 o discut\u0103m deschis: modul \u00een care este exercitat\u0103 puterea \u00een sistemul educa\u021bional local.<\/em><\/p>\n<p class=\"wp-block-paragraph\"><em>Un inspector, un director sau un membru al conducerii unei institu\u021bii nu trebuie s\u0103 fie st\u0103p\u00e2nul acelei institu\u021bii, ci un administrator ce are o responsabilitate pe un anumit termen.<\/em><\/p>\n<p class=\"wp-block-paragraph\"><em>Avem v\u0103taf la I\u0218J ce se \u00eenconjoar\u0103 de caractere slabe, de obedien\u021bi, si nu de azi, ci de mul\u021bi ani, avem boieri ce de\u021bin cancelariile din \u0219coli ce dau cu biciul atunci c\u00e2nd un coleg profesor nu execut\u0103 ordinele. Avem directori ce exclud membrii Consiliului de Administra\u021bie din grupurile de comunicare \u0219i care \u00eentreab\u0103 \u00een ce calitate un membru al Consiliului de Administra\u021bie solicita documentele propuse spre a fi votate.<\/em><\/p>\n<p class=\"wp-block-paragraph\"><em>Un Consiliu de Administra\u021bie nu trebuie s\u0103 fie o formalitate care valideaz\u0103 decizii deja luate de c\u0103tre directori.<\/em><\/p>\n<p class=\"wp-block-paragraph\"><em>Expresia \u201einteresul copilului\u201d apare \u00een discursuri, strategii, \u0219edin\u021be \u0219i documente, dar mai pu\u021bin \u00een mod real<\/em>.<\/p>\n<p class=\"wp-block-paragraph\"><em>Acest slogan este izbitor de asem\u0103n\u0103tor cu \u201einteresul na\u021bional\u201d v\u00e2nturat prin campaniile electorale. Nimic diferit<\/em><\/p>\n<p class=\"wp-block-paragraph\"><em>Atunci c\u00e2nd energia unei institu\u021bii este consumat\u0103 de conflicte \u00eentre \u201eadul\u021bi\u201d, trebuie s\u0103 avem curajul s\u0103 \u00eentreb\u0103m: c\u00e2t\u0103 energie mai r\u0103m\u00e2ne pentru copii? C\u00e2t timp mai au ace\u0219ti oameni pentru ceea ce sunt pl\u0103ti\u021bi?<\/em><\/p>\n<p class=\"wp-block-paragraph\"><em>Mai exist\u0103 un lucru despre care se vorbe\u0219te prea pu\u021bin: climatul profesional din \u0219coli.<\/em><\/p>\n<p class=\"wp-block-paragraph\"><em>Un profesor trebuie s\u0103 poat\u0103 spune c\u0103 nu este de acord.<\/em><\/p>\n<p class=\"wp-block-paragraph\"><em>Trebuie s\u0103 poat\u0103 semnala o problem\u0103, s\u0103 poat\u0103 adresa \u00eentreb\u0103ri sau s\u0103 solicite explica\u021bii, f\u0103r\u0103 teama c\u0103 va fi marginalizat, sau considerat automat adversarul \u0219colii.<\/em><\/p>\n<p class=\"wp-block-paragraph\"><em>Un mediu s\u0103n\u0103tos nu este acela \u00een care toat\u0103 lumea tace \u0219i execut\u0103 ce spune \u201e\u0219eful\u201d<\/em><\/p>\n<p class=\"wp-block-paragraph\"><em>Autoritatea unui director nu ar trebui s\u0103 provin\u0103 din fric\u0103 \u0219i hartuire permanent\u0103 a colegilor. Ar trebui s\u0103 provin\u0103 din competen\u021b\u0103, echilibru, integritate \u0219i capacitatea de a construi o echip\u0103.<\/em><\/p>\n<p class=\"wp-block-paragraph\"><em>\u0218i noi, politicienii, trebuie s\u0103 ne asum\u0103m partea de responsabilitate sau de multe ori iresponsabilitate.<\/em><\/p>\n<p class=\"wp-block-paragraph\"><em>Atunci c\u00e2nd numirile sau sus\u021binerile pentru func\u021bii publice din inspectorat ajung s\u0103 fie doar \u00een baza carnetului de partid, sau a rela\u021biilor de natura personal\u0103, institu\u021bia este grav deturnat\u0103 de la rolulul ei firesc.<\/em><\/p>\n<p class=\"wp-block-paragraph\"><em>Nu afirm c\u0103 fiecare numire din sistemul educa\u021bional buzoian se face astfel. O asemenea generalizare ar fi nedreapt\u0103 \u0219i ar necesita dovezi irefutabile.<\/em><\/p>\n<p class=\"wp-block-paragraph\"><em>Spun \u00eens\u0103 foarte clar c\u0103 orice form\u0103 de politizare trebuie tratat\u0103 prin transparen\u021b\u0103, criterii profesionale \u0219i proceduri clare.<\/em><\/p>\n<p class=\"wp-block-paragraph\"><em>\u00cen \u0219colile din Buz\u0103u sunt foarte mul\u021bi profesori extraordinari. Sunt directori care \u00ee\u0219i fac meseria cu responsabilitate. Sunt oameni care muncesc enorm, de multe ori \u00een condi\u021bii dificile, f\u0103r\u0103 s\u0103 cear\u0103 recunoa\u0219tere \u0219i f\u0103r\u0103 s\u0103 intre \u00een jocuri de putere.<\/em><\/p>\n<p class=\"wp-block-paragraph\"><em>Tocmai pentru ace\u0219ti oameni trebuie discutate \u0219i solu\u021bionate problemele existente<\/em><\/p>\n<p class=\"wp-block-paragraph\"><em>Pentru c\u0103 profesorul bun nu trebuie obligat s\u0103 supravie\u021buiasc\u0103 \u00eentr-un sistem dominat de conflictele altora..<\/em><\/p>\n<p class=\"wp-block-paragraph\"><em>Mul\u021bumesc profesorilor care \u00ee\u0219i fac meseria cu demnitate \u0219i care nu vor s\u0103 participe la conflicte, tabere \u0219i jocuri de putere, celor care nu au uitat c\u0103 elevii lor au o singur\u0103 copil\u0103rie \u0219i un num\u0103r limitat de ani de \u0219coal\u0103.<\/em><\/p>\n<p class=\"wp-block-paragraph\"><em>Nu ave\u021bi dreptul s\u0103 sacrifica\u021bi copiii \u00een luptele voastre.<\/em><\/p>\n<h1 class=\"wp-block-heading\">De ce am publicat memoriul<\/h1>\n<p class=\"wp-block-paragraph\">Consider\u0103m necesar\u0103 o precizare \u00een leg\u0103tur\u0103 cu demersul nostru jurnalistic \u0219i cu motivul pentru care am ales s\u0103 facem public\u0103 existen\u021ba acestui memoriu. Nu am urm\u0103rit s\u0103 stabilim un vinovat \u00een situa\u021bia de la Hasdeu \u0219i nici s\u0103 ne pozi\u021bion\u0103m de partea uneia dintre tabere. Demersul nostru a avut un singur scop, acela de a completa informa\u021bia \u0219i de a prezenta \u0219i acea parte a situa\u021biei care lipsea din spa\u021biul public, dup\u0103 ce scrisoarea deschis\u0103 a fostei directoare adjuncte de la Hasdeu a ajuns \u00een spa\u021biul public. Nu ne consider\u0103m \u00een m\u0103sur\u0103 s\u0103 stabilim cine are dreptate \u00een acest conflict. Pentru asta exist\u0103 institu\u021bii abilitate s\u0103 verifice documentele, acuza\u021biile \u0219i \u00eemprejur\u0103rile prezentate de fiecare parte.<\/p>\n<p class=\"wp-block-paragraph\">Gazeta Buzoian\u0103 nu s-a pozi\u021bionat nici de partea Anc\u0103i Florea, nici de partea profesorilor care au semnat memoriul \u0219i nici de partea Inspectoratului \u0218colar Jude\u021bean. Am f\u0103cut acest demers doar pentru ca cititorii s\u0103 aib\u0103 toate informa\u021biile relevante \u00eenainte de a-\u0219i forma propria opinie.<\/p>\n<p class=\"wp-block-paragraph\">Acesta a fost motivul pentru care am publicat memoriul \u0219i aceasta r\u0103m\u00e2ne pozi\u021bia Gazetei Buzoiene. Nu am \u00eencercat s\u0103 g\u0103sim un vinovat, ci s\u0103 \u00eentregim un caz care fusese prezentat dintr-o singur\u0103 perspectiv\u0103.<\/p>\n<p class=\"wp-block-paragraph\">Restul r\u0103m\u00e2ne de l\u0103murit de c\u0103tre institu\u021biile care au competen\u021ba s\u0103 fac\u0103 acest lucru.<\/p>\n<div class=\"post-bottom-meta post-bottom-tags post-tags-modern\">\n<div class=\"post-bottom-meta-title\"> Etichete<\/div>\n<p><span class=\"tagcloud\"><a href=\"https:\/\/gazetabuzoiana.ro\/tag\/anca-florea\/\" rel=\"tag\">Anca Florea<\/a><a href=\"https:\/\/gazetabuzoiana.ro\/tag\/buzau-2\/\" rel=\"tag\">Buz\u0103u<\/a><a href=\"https:\/\/gazetabuzoiana.ro\/tag\/colegiul-hasdeu\/\" rel=\"tag\">Colegiul Hasdeu<\/a><a href=\"https:\/\/gazetabuzoiana.ro\/tag\/colegiul-national-b-p-hasdeu-2\/\" rel=\"tag\">Colegiul Na\u021bional B.P. Hasdeu<\/a><a href=\"https:\/\/gazetabuzoiana.ro\/tag\/conflicte-in-educatie\/\" rel=\"tag\">conflicte \u00een educa\u021bie<\/a><a href=\"https:\/\/gazetabuzoiana.ro\/tag\/consiliul-de-administratie\/\" rel=\"tag\">Consiliul de Administra\u021bie<\/a><a href=\"https:\/\/gazetabuzoiana.ro\/tag\/daniela-palcau\/\" rel=\"tag\">Daniela Palc\u0103u<\/a><a href=\"https:\/\/gazetabuzoiana.ro\/tag\/directori-scoli\/\" rel=\"tag\">directori \u0219coli<\/a><a href=\"https:\/\/gazetabuzoiana.ro\/tag\/educatie-buzau\/\" rel=\"tag\">Educa\u021bie Buz\u0103u<\/a><a href=\"https:\/\/gazetabuzoiana.ro\/tag\/inspectoratul-scolar-judetean-buzau\/\" rel=\"tag\">Inspectoratul \u0218colar Jude\u021bean Buz\u0103u<\/a><a href=\"https:\/\/gazetabuzoiana.ro\/tag\/invatamant-buzau\/\" rel=\"tag\">\u00eenv\u0103\u021b\u0103m\u00e2nt Buz\u0103u<\/a><a href=\"https:\/\/gazetabuzoiana.ro\/tag\/irinel-carstea\/\" rel=\"tag\">Irinel C\u00e2rstea<\/a><a href=\"https:\/\/gazetabuzoiana.ro\/tag\/isj-buzau-2\/\" rel=\"tag\">ISJ Buz\u0103u<\/a><a href=\"https:\/\/gazetabuzoiana.ro\/tag\/la-tabla\/\" rel=\"tag\">La Tabl\u0103<\/a><a href=\"https:\/\/gazetabuzoiana.ro\/tag\/memoriu-profesori\/\" rel=\"tag\">memoriu profesori<\/a><a href=\"https:\/\/gazetabuzoiana.ro\/tag\/ministerul-educatiei\/\" rel=\"tag\">Ministerul Educa\u021biei<\/a><a href=\"https:\/\/gazetabuzoiana.ro\/tag\/politizarea-educatiei\/\" rel=\"tag\">politizarea educa\u021biei<\/a><a href=\"https:\/\/gazetabuzoiana.ro\/tag\/profesori-hasdeu\/\" rel=\"tag\">profesori Hasdeu<\/a><\/span><\/div>\n<\/div>\n<p>[analyse_source url=&#8221;https:\/\/gazetabuzoiana.ro\/2026\/08\/26\/primele-reactii-dupa-articolul-gazetei-buzoiene-despre-framantarile-de-la-hasdeu\/&#8221;]<\/p>\n","protected":false},"excerpt":{"rendered":"<p>[analyse_image type=&#8221;featured&#8221; src=&#8221;https:\/\/gazetabuzoiana.ro\/wp-content\/uploads\/2026\/06\/hasdeu.jpg&#8221;] La c\u00e2teva ore dup\u0103 publicarea articolului Gazetei Buzoiene despre memoriul semnat de aproximativ 40 de profesori ai Colegiului Na\u021bional \u201eB. P. Hasdeu\u201d, pe care \u00eel g\u0103si\u021bi AICI au ap\u0103rut \u0219i primele reac\u021bii. Fostul director adjunct al colegiului, Anca Florea, publica\u021bia \u201eLa tabl\u0103\u201d \u0219i consilierul municipal liberal Irinel C\u00e2rstea au comentat, \u00een moduri [&hellip;]<\/p>\n","protected":false},"author":1,"featured_media":0,"comment_status":"open","ping_status":"","sticky":false,"template":"","format":"standard","meta":{"footnotes":""},"categories":[2],"tags":[226,38],"class_list":["post-2113970","post","type-post","status-publish","format-standard","hentry","category-politics","tag-crawlmanager","tag-gazetabuzoiana-ro"],"_links":{"self":[{"href":"https:\/\/analyse.optim.biz\/index.php?rest_route=\/wp\/v2\/posts\/2113970","targetHints":{"allow":["GET"]}}],"collection":[{"href":"https:\/\/analyse.optim.biz\/index.php?rest_route=\/wp\/v2\/posts"}],"about":[{"href":"https:\/\/analyse.optim.biz\/index.php?rest_route=\/wp\/v2\/types\/post"}],"author":[{"embeddable":true,"href":"https:\/\/analyse.optim.biz\/index.php?rest_route=\/wp\/v2\/users\/1"}],"replies":[{"embeddable":true,"href":"https:\/\/analyse.optim.biz\/index.php?rest_route=%2Fwp%2Fv2%2Fcomments&post=2113970"}],"version-history":[{"count":0,"href":"https:\/\/analyse.optim.biz\/index.php?rest_route=\/wp\/v2\/posts\/2113970\/revisions"}],"wp:attachment":[{"href":"https:\/\/analyse.optim.biz\/index.php?rest_route=%2Fwp%2Fv2%2Fmedia&parent=2113970"}],"wp:term":[{"taxonomy":"category","embeddable":true,"href":"https:\/\/analyse.optim.biz\/index.php?rest_route=%2Fwp%2Fv2%2Fcategories&post=2113970"},{"taxonomy":"post_tag","embeddable":true,"href":"https:\/\/analyse.optim.biz\/index.php?rest_route=%2Fwp%2Fv2%2Ftags&post=2113970"}],"curies":[{"name":"wp","href":"https:\/\/api.w.org\/{rel}","templated":true}]}}