{"id":2113964,"date":"2026-08-26T12:13:58","date_gmt":"2026-08-26T09:13:58","guid":{"rendered":"https:\/\/analyse.optim.biz\/?p=2113964"},"modified":"2026-08-26T12:13:58","modified_gmt":"2026-08-26T09:13:58","slug":"pepenele-rosu-are-un-rival-creat-la-buzau-pepenele-de-iarna","status":"publish","type":"post","link":"https:\/\/analyse.optim.biz\/?p=2113964","title":{"rendered":"Pepenele ro\u0219u are un rival creat la Buz\u0103u: pepenele de iarn\u0103!"},"content":{"rendered":"<p>[analyse_image type=&#8221;featured&#8221; src=&#8221;https:\/\/buzaumedia.ro\/wp-content\/uploads\/2026\/08\/pepene.jpghttps:\/\/buzaumedia.ro\/wp-content\/uploads\/2026\/08\/pepene.jpg&#8221;]<\/p>\n<div class=\"entry-content rbct clearfix is-highlight-shares\">\n<p>Pepenele ro\u0219u, vedeta verii, are un concurent serios, creat la Buz\u0103u.<br \/>\nEste vorba despre varianta de iarn\u0103 a pepenului arhicunoscut \u0219i, de\u0219i<br \/>\neste mai pu\u021bin dulce, are alte calit\u0103\u021bi care-l recomand\u0103 pentru<br \/>\nconsum.<br \/>\nPepenele alb sau de iarn\u0103 ori dovleacul de cear\u0103, cum mai este<br \/>\ncunoscut datorit\u0103 stratului care-i acoper\u0103 coaja, este o specie<br \/>\ncultivat\u0103 \u0219i studiat\u0103 la Sta\u021biunea de Cercetare Legumicol\u0103 Buz\u0103u de<br \/>\nani de zile \u0219i poate ajunge p\u00e2n\u0103 la 20 de kilograme. Nu doar greutatea<br \/>\nsa impresionant\u0103 uime\u0219te, \u00eens\u0103, ci \u0219i rezisten\u021ba deosebit\u0103 rezisten\u021ba<br \/>\ndup\u0103 recoltare. Potrivit cercet\u0103torilor buzoieni, pepenele de iarn\u0103<br \/>\npoate rezista c\u00e2teva luni f\u0103r\u0103 s\u0103 fie \u021binut la frigider.<br \/>\nDe asemenea, fructul constituie un adev\u0103rat deliciu culinar, fiind<br \/>\nfoarte s\u0103n\u0103tos. Are o pulp\u0103 alb\u0103, u\u015for verzuie, care este crocant\u0103 \u0219i<br \/>\npoate fi consumat\u0103 p\u00e2n\u0103 la maturitate \u00een diverse preparate, chiar \u015fi<br \/>\n\u00een bomboane, sucuri ori jeleuri. Gustul s\u0103u nu este dulce, este u\u015for<br \/>\nacri\u015for, u\u015for zemos \u0219i te duce cu g\u00e2ndul la un castravete crocant.<br \/>\nPotrivit speciali\u0219tilor, acest fruct reprezint\u0103, de asemenea, o surs\u0103<br \/>\nbogat\u0103 de fier \u0219i de vitamine \u0219i are propriet\u0103\u021bi medicinale speciale.<br \/>\nCercet\u0103torii de la Buz\u0103u au reu\u0219it s\u0103 ob\u021bin\u0103 trei specii distincte ale<br \/>\npepenului de iarn\u0103, dintre care un soi a fost omologat sub denumirea<br \/>\nde Zefir.<\/p>\n<div id=\"gallery-1\" class=\"gallery galleryid-189411 gallery-columns-3 gallery-size-thumbnail\">\n<figure class=\"gallery-item\">\n<div class=\"gallery-icon landscape\"><a href=\"https:\/\/buzaumedia.ro\/stiri-buzau\/fwd-pepenele-rosu-are-un-rival-creat-la-buzau-pepenele-de-iarna\/attachment\/pepene-2\/\"><img loading=\"lazy\" decoding=\"async\" width=\"128\" height=\"96\" src=\"https:\/\/buzaumedia.ro\/wp-content\/uploads\/2026\/08\/pepene.jpg\" class=\"attachment-thumbnail size-thumbnail\" alt><\/a><\/div>\n<\/figure>\n<\/div>\n<\/div>\n<p>[analyse_source url=&#8221;https:\/\/buzaumedia.ro\/stiri-buzau\/fwd-pepenele-rosu-are-un-rival-creat-la-buzau-pepenele-de-iarna\/&#8221;]<\/p>\n","protected":false},"excerpt":{"rendered":"<p>[analyse_image type=&#8221;featured&#8221; src=&#8221;https:\/\/buzaumedia.ro\/wp-content\/uploads\/2026\/08\/pepene.jpghttps:\/\/buzaumedia.ro\/wp-content\/uploads\/2026\/08\/pepene.jpg&#8221;] Pepenele ro\u0219u, vedeta verii, are un concurent serios, creat la Buz\u0103u. Este vorba despre varianta de iarn\u0103 a pepenului arhicunoscut \u0219i, de\u0219i este mai pu\u021bin dulce, are alte calit\u0103\u021bi care-l recomand\u0103 pentru consum. Pepenele alb sau de iarn\u0103 ori dovleacul de cear\u0103, cum mai este cunoscut datorit\u0103 stratului care-i acoper\u0103 coaja, este [&hellip;]<\/p>\n","protected":false},"author":1,"featured_media":0,"comment_status":"open","ping_status":"","sticky":false,"template":"","format":"standard","meta":{"footnotes":""},"categories":[2],"tags":[66,226],"class_list":["post-2113964","post","type-post","status-publish","format-standard","hentry","category-politics","tag-buzaumedia-ro","tag-crawlmanager"],"_links":{"self":[{"href":"https:\/\/analyse.optim.biz\/index.php?rest_route=\/wp\/v2\/posts\/2113964","targetHints":{"allow":["GET"]}}],"collection":[{"href":"https:\/\/analyse.optim.biz\/index.php?rest_route=\/wp\/v2\/posts"}],"about":[{"href":"https:\/\/analyse.optim.biz\/index.php?rest_route=\/wp\/v2\/types\/post"}],"author":[{"embeddable":true,"href":"https:\/\/analyse.optim.biz\/index.php?rest_route=\/wp\/v2\/users\/1"}],"replies":[{"embeddable":true,"href":"https:\/\/analyse.optim.biz\/index.php?rest_route=%2Fwp%2Fv2%2Fcomments&post=2113964"}],"version-history":[{"count":0,"href":"https:\/\/analyse.optim.biz\/index.php?rest_route=\/wp\/v2\/posts\/2113964\/revisions"}],"wp:attachment":[{"href":"https:\/\/analyse.optim.biz\/index.php?rest_route=%2Fwp%2Fv2%2Fmedia&parent=2113964"}],"wp:term":[{"taxonomy":"category","embeddable":true,"href":"https:\/\/analyse.optim.biz\/index.php?rest_route=%2Fwp%2Fv2%2Fcategories&post=2113964"},{"taxonomy":"post_tag","embeddable":true,"href":"https:\/\/analyse.optim.biz\/index.php?rest_route=%2Fwp%2Fv2%2Ftags&post=2113964"}],"curies":[{"name":"wp","href":"https:\/\/api.w.org\/{rel}","templated":true}]}}