{"id":2113962,"date":"2026-08-26T12:13:37","date_gmt":"2026-08-26T09:13:37","guid":{"rendered":"https:\/\/analyse.optim.biz\/?p=2113962"},"modified":"2026-08-26T12:13:37","modified_gmt":"2026-08-26T09:13:37","slug":"hidrocentrala-nehoiasu-ii-gata-in-2029","status":"publish","type":"post","link":"https:\/\/analyse.optim.biz\/?p=2113962","title":{"rendered":"Hidrocentrala Nehoia\u0219u II, gata \u00een 2029!"},"content":{"rendered":"<p>[analyse_image type=&#8221;featured&#8221; src=&#8221;https:\/\/buzaumedia.ro\/wp-content\/uploads\/2026\/08\/hidrocentrala.jpghttps:\/\/buzaumedia.ro\/wp-content\/uploads\/2026\/08\/hidrocentrala.jpg&#8221;]<\/p>\n<div class=\"entry-content rbct clearfix is-highlight-shares\">\n<p>Centrala Hidroelectric\u0103 Nehoia\u0219u II ar putea fi pus\u0103 \u00een func\u021biune \u00een<br \/>\nanul 2029. Anun\u021bul a fost f\u0103cut de Ministerul Mediului Apelor \u0219i<br \/>\nP\u0103durilor, care a emis, \u00een prim\u0103vara acestui an, acordul de mediu<br \/>\npentru amenajarea hidroenergetic\u0103 Surduc-Siriu, realizat\u0103 \u00een procent<br \/>\nde 78%.<br \/>\nPotrivit autorit\u0103\u021bilor, punerea \u00een func\u021biune a hidrocentralei de la<br \/>\nSurduc-Siriu, din jude\u021bul Buz\u0103u, va contribui la cre\u0219terea cantit\u0103\u021bii<br \/>\nde energie produs\u0103 \u00een sistemul na\u021bional cu 152 GWh\/an. Proiectul de<br \/>\nrealizare a Centralei Hidroelectrice Nehoia\u0219u II include elemente care<br \/>\nnu au fost finalizate ori care s-au degradat \u00een perioada de timp \u00een<br \/>\ncare au fost l\u0103sate nefinalizate.<br \/>\nProiectul hidrocentralei Surduc\u2013Siriu, intens contestat de localnicii<br \/>\ndin zona de nord a jude\u021bului Buz\u0103u, a primit acordul de mediu \u00een luna<br \/>\naprilie a acestui an. Acordul aduce reguli noi, astfel \u00eenc\u00e2t s\u0103 nu<br \/>\nexiste eventuale efecte negative asupra mediului \u0219i localnicilor din<br \/>\nzon\u0103. \u00cen primul r\u00e2nd, acordul de mediu impune condi\u021bii ferme \u0219i<br \/>\nobliga\u021bii clare pentru Hidroelectrica, cum ar fi m\u0103suri pentru<br \/>\nprotejarea speciilor din cursurile de ap\u0103 din zon\u0103. De asemenea,<br \/>\npotrivit proiectului, debitul apelor va fi monitorizat strict, datele<br \/>\nurm\u00e2nd a fi transmise \u00een timp real \u0219i f\u0103cute public pe site-ul<br \/>\nHidroelectrica.<br \/>\n\u00cenceput \u00een anul 1981 \u0219i aflat acum la un stadiu de execu\u021bie de 78%,<br \/>\nproiectul amenaj\u0103rii hidroenergetice Surduc-Siriu se desf\u0103\u0219oar\u0103 \u00een<br \/>\njude\u021bele Buz\u0103u, Covasna \u015fi Vrancea, pe r\u00e2urile Buz\u0103u, B\u00e2sca Mare,<br \/>\nB\u00e2sca Mic\u0103 \u015fi Z\u0103bala. Proiectul ini\u021bial prevedea realizarea unui baraj<br \/>\n\u00een amonte, la Cire\u0219u, care s\u0103 adune apa acestor r\u00e2uri.<\/p>\n<div id=\"gallery-1\" class=\"gallery galleryid-189409 gallery-columns-3 gallery-size-thumbnail\">\n<figure class=\"gallery-item\">\n<div class=\"gallery-icon landscape\"><a href=\"https:\/\/buzaumedia.ro\/stiri-buzau\/fwd-hidrocentrala-nehoiasu-ii-gata-in-2029\/attachment\/hidrocentrala\/\"><img loading=\"lazy\" decoding=\"async\" width=\"128\" height=\"96\" src=\"https:\/\/buzaumedia.ro\/wp-content\/uploads\/2026\/08\/hidrocentrala.jpg\" class=\"attachment-thumbnail size-thumbnail\" alt><\/a><\/div>\n<\/figure>\n<\/div>\n<\/div>\n<p>[analyse_source url=&#8221;https:\/\/buzaumedia.ro\/stiri-buzau\/fwd-hidrocentrala-nehoiasu-ii-gata-in-2029\/&#8221;]<\/p>\n","protected":false},"excerpt":{"rendered":"<p>[analyse_image type=&#8221;featured&#8221; src=&#8221;https:\/\/buzaumedia.ro\/wp-content\/uploads\/2026\/08\/hidrocentrala.jpghttps:\/\/buzaumedia.ro\/wp-content\/uploads\/2026\/08\/hidrocentrala.jpg&#8221;] Centrala Hidroelectric\u0103 Nehoia\u0219u II ar putea fi pus\u0103 \u00een func\u021biune \u00een anul 2029. Anun\u021bul a fost f\u0103cut de Ministerul Mediului Apelor \u0219i P\u0103durilor, care a emis, \u00een prim\u0103vara acestui an, acordul de mediu pentru amenajarea hidroenergetic\u0103 Surduc-Siriu, realizat\u0103 \u00een procent de 78%. Potrivit autorit\u0103\u021bilor, punerea \u00een func\u021biune a hidrocentralei de la Surduc-Siriu, [&hellip;]<\/p>\n","protected":false},"author":1,"featured_media":0,"comment_status":"open","ping_status":"","sticky":false,"template":"","format":"standard","meta":{"footnotes":""},"categories":[2],"tags":[66,226],"class_list":["post-2113962","post","type-post","status-publish","format-standard","hentry","category-politics","tag-buzaumedia-ro","tag-crawlmanager"],"_links":{"self":[{"href":"https:\/\/analyse.optim.biz\/index.php?rest_route=\/wp\/v2\/posts\/2113962","targetHints":{"allow":["GET"]}}],"collection":[{"href":"https:\/\/analyse.optim.biz\/index.php?rest_route=\/wp\/v2\/posts"}],"about":[{"href":"https:\/\/analyse.optim.biz\/index.php?rest_route=\/wp\/v2\/types\/post"}],"author":[{"embeddable":true,"href":"https:\/\/analyse.optim.biz\/index.php?rest_route=\/wp\/v2\/users\/1"}],"replies":[{"embeddable":true,"href":"https:\/\/analyse.optim.biz\/index.php?rest_route=%2Fwp%2Fv2%2Fcomments&post=2113962"}],"version-history":[{"count":0,"href":"https:\/\/analyse.optim.biz\/index.php?rest_route=\/wp\/v2\/posts\/2113962\/revisions"}],"wp:attachment":[{"href":"https:\/\/analyse.optim.biz\/index.php?rest_route=%2Fwp%2Fv2%2Fmedia&parent=2113962"}],"wp:term":[{"taxonomy":"category","embeddable":true,"href":"https:\/\/analyse.optim.biz\/index.php?rest_route=%2Fwp%2Fv2%2Fcategories&post=2113962"},{"taxonomy":"post_tag","embeddable":true,"href":"https:\/\/analyse.optim.biz\/index.php?rest_route=%2Fwp%2Fv2%2Ftags&post=2113962"}],"curies":[{"name":"wp","href":"https:\/\/api.w.org\/{rel}","templated":true}]}}