{"id":2113959,"date":"2026-08-26T16:29:00","date_gmt":"2026-08-26T13:29:00","guid":{"rendered":"https:\/\/analyse.optim.biz\/?p=2113959"},"modified":"2026-08-26T16:29:00","modified_gmt":"2026-08-26T13:29:00","slug":"buzaul-isi-face-brand-de-judet-cj-buzau-parteneriate-cu-uat-urile-biserica-si-armata","status":"publish","type":"post","link":"https:\/\/analyse.optim.biz\/?p=2113959","title":{"rendered":"Buz\u0103ul \u00ee\u0219i face brand de jude\u021b. CJ Buz\u0103u, parteneriate cu UAT-urile, Biserica \u0219i Armata"},"content":{"rendered":"<p>[analyse_image type=&#8221;featured&#8221; src=&#8221;https:\/\/www.campusbuzau.ro\/wp-content\/uploads\/2025\/12\/americani-tinutul-buzaului.jpghttps:\/\/www.campusbuzau.ro\/wp-content\/uploads\/2025\/12\/americani-tinutul-buzaului.jpg&#8221;]<\/p>\n<div class=\"entry-content\">\n<p><strong><em><mark class=\"has-inline-color has-maincolor-color\">Buz\u0103ul va avea un brand de jude\u021b. Anun\u021bul \u00een premier\u0103 a fost f\u0103cut ast\u0103zi de c\u0103tre Marcel Ciolacu, pre\u0219edintele Consiliului Jude\u021bean Buz\u0103u. \u0218eful CJ Buz\u0103u spune c\u0103 Armata \u0219i Biserica au fost invitate s\u0103 contribuie la conceperea brandului de jude\u021b.<\/mark><\/em><\/strong><\/p>\n<p>Chiar dac\u0103 are numeroase obiective turistice recunoscute la nivel na\u021bional, Buz\u0103ul nu se num\u0103r\u0103 printre destina\u021biile preferate de turi\u0219ti. Marcel Ciolacu, \u0219eful CJ Buz\u0103u, admite c\u0103 suntem mai degrab\u0103 un jude\u021b de tranzit, iar turi\u0219tii nu petrec \u00een jude\u021b, \u00een medie, mai mult de trei zile. <\/p>\n<figure class=\"wp-block-image size-full is-resized\"><img loading=\"lazy\" decoding=\"async\" width=\"870\" height=\"522\" src=\"https:\/\/www.campusbuzau.ro\/wp-content\/uploads\/2026\/08\/ciolacu-si-petre.jpg\" alt class=\"wp-image-156743\"><\/figure>\n<p>\u00cen acela\u0219i context, pre\u0219edintele Ciolacu a mai spus c\u0103, pentru atragerea turi\u0219tilor, nu este suficient s\u0103 ai doar o infrastructur\u0103 rutier\u0103 modern\u0103, ci sunt necesare \u0219i noi facilit\u0103\u021bi de cazare.<\/p>\n<p>Prin noul brand de jude\u021b vor fi promovate tradi\u021biile, istoria, peisajele naturale sau produsele tradi\u021bionale recunoscute. Brandul va avea un logo oficial \u0219i un slogan distinct.<\/p>\n<p>Vulcanii noroio\u0219i, domurile de sare, focurile vii, trovan\u021bii de la Ulmet, a\u0219ez\u0103rile rupestre sau chihlimbarul de la Col\u021bi sunt printre cele mai renumite atrac\u021bii ale Buz\u0103ului.<\/p>\n<figure class=\"wp-block-embed is-type-video is-provider-youtube wp-block-embed-youtube wp-embed-aspect-16-9 wp-has-aspect-ratio\">\n<div class=\"wp-block-embed__wrapper\">\n<iframe loading=\"lazy\" title=\"MARCEL CIOLACU: BUZ\u0102UL \u00ce\u015eI FACE BRAND DE JUDE\u0162\" width=\"500\" height=\"281\" src=\"https:\/\/www.youtube.com\/embed\/5zxLo0_VWR4?feature=oembed\" frameborder allow=\"accelerometer; autoplay; clipboard-write; encrypted-media; gyroscope; picture-in-picture; web-share\" referrerpolicy=\"strict-origin-when-cross-origin\" allowfullscreen><\/iframe>\n<\/div>\n<\/figure>\n<\/div>\n<p>[analyse_source url=&#8221;https:\/\/www.campusbuzau.ro\/buzaul-isi-face-brand-de-judet-cj-buzau-parteneriate-cu-uat-urile-biserica-si-armata\/&#8221;]<\/p>\n","protected":false},"excerpt":{"rendered":"<p>[analyse_image type=&#8221;featured&#8221; src=&#8221;https:\/\/www.campusbuzau.ro\/wp-content\/uploads\/2025\/12\/americani-tinutul-buzaului.jpghttps:\/\/www.campusbuzau.ro\/wp-content\/uploads\/2025\/12\/americani-tinutul-buzaului.jpg&#8221;] Buz\u0103ul va avea un brand de jude\u021b. Anun\u021bul \u00een premier\u0103 a fost f\u0103cut ast\u0103zi de c\u0103tre Marcel Ciolacu, pre\u0219edintele Consiliului Jude\u021bean Buz\u0103u. \u0218eful CJ Buz\u0103u spune c\u0103 Armata \u0219i Biserica au fost invitate s\u0103 contribuie la conceperea brandului de jude\u021b. Chiar dac\u0103 are numeroase obiective turistice recunoscute la nivel na\u021bional, Buz\u0103ul nu [&hellip;]<\/p>\n","protected":false},"author":1,"featured_media":0,"comment_status":"open","ping_status":"","sticky":false,"template":"","format":"standard","meta":{"footnotes":""},"categories":[2],"tags":[118,226],"class_list":["post-2113959","post","type-post","status-publish","format-standard","hentry","category-politics","tag-campusbuzau-ro","tag-crawlmanager"],"_links":{"self":[{"href":"https:\/\/analyse.optim.biz\/index.php?rest_route=\/wp\/v2\/posts\/2113959","targetHints":{"allow":["GET"]}}],"collection":[{"href":"https:\/\/analyse.optim.biz\/index.php?rest_route=\/wp\/v2\/posts"}],"about":[{"href":"https:\/\/analyse.optim.biz\/index.php?rest_route=\/wp\/v2\/types\/post"}],"author":[{"embeddable":true,"href":"https:\/\/analyse.optim.biz\/index.php?rest_route=\/wp\/v2\/users\/1"}],"replies":[{"embeddable":true,"href":"https:\/\/analyse.optim.biz\/index.php?rest_route=%2Fwp%2Fv2%2Fcomments&post=2113959"}],"version-history":[{"count":0,"href":"https:\/\/analyse.optim.biz\/index.php?rest_route=\/wp\/v2\/posts\/2113959\/revisions"}],"wp:attachment":[{"href":"https:\/\/analyse.optim.biz\/index.php?rest_route=%2Fwp%2Fv2%2Fmedia&parent=2113959"}],"wp:term":[{"taxonomy":"category","embeddable":true,"href":"https:\/\/analyse.optim.biz\/index.php?rest_route=%2Fwp%2Fv2%2Fcategories&post=2113959"},{"taxonomy":"post_tag","embeddable":true,"href":"https:\/\/analyse.optim.biz\/index.php?rest_route=%2Fwp%2Fv2%2Ftags&post=2113959"}],"curies":[{"name":"wp","href":"https:\/\/api.w.org\/{rel}","templated":true}]}}