{"id":2113884,"date":"2026-08-24T21:00:00","date_gmt":"2026-08-24T18:00:00","guid":{"rendered":"https:\/\/analyse.optim.biz\/?p=2113884"},"modified":"2026-08-24T21:00:00","modified_gmt":"2026-08-24T18:00:00","slug":"mama-si-fiica-ranite-dupa-ce-masina-in-care-se-aflau-a-acrosat-un-autoturism-stationat-si-a-intrat-intr-un-cap-de-pod","status":"publish","type":"post","link":"https:\/\/analyse.optim.biz\/?p=2113884","title":{"rendered":"Mam\u0103 \u0219i fiic\u0103, r\u0103nite dup\u0103 ce ma\u0219ina \u00een care se aflau a acro\u0219at un autoturism sta\u021bionat \u0219i a intrat \u00eentr-un cap de pod"},"content":{"rendered":"<p>[analyse_image type=&#8221;featured&#8221; src=&#8221;https:\/\/www.monitoruldevrancea.ro\/wp-content\/uploads\/2026\/08\/c3c57c53-bfd5-4b20-8a67-36ce29d795d8.jpg&#8221;]<\/p>\n<div class=\"td_block_wrap tdb_single_content tdi_123 td-pb-border-top td_block_template_1 td-post-content tagdiv-type\" data-td-block-uid=\"tdi_123\">\n<div class=\"tdb-block-inner td-fix-index\">\n<p><strong>Comunicat de pres\u0103, IPJ Vrancea:<\/strong><\/p>\n<p>EVENIMENT RUTIER PE DJ 205H, \u00ceN LOCALITATEA PANCIU<\/p>\n<p>La data de 25 august a.c., \u00een jurul orei 18:16, poli\u021bi\u0219tii din cadrul Inspectoratului de Poli\u021bie Jude\u021bean Vrancea au fost sesiza\u021bi cu privire la producerea unui accident rutier pe DJ 205H, \u00een localitatea Panciu.<\/p>\n<p>Din verific\u0103rile preliminare, s-a stabilit faptul c\u0103 o femeie, \u00een v\u00e2rst\u0103 de 39 de ani, din comuna Movili\u021ba, \u00een timp ce conducea un autoturism pe DJ 205H, \u00een localitatea Panciu, ar fi pierdut controlul asupra direc\u021biei de deplasare, ar fi acro\u0219at un autoturism sta\u021bionat, dup\u0103 care ar fi intrat \u00een coliziune cu un cap de pod.<\/p>\n<p>\u00cen urma evenimentului rutier, a rezultat r\u0103nirea conduc\u0103toarei auto \u0219i a pasagerei, o femeie \u00een v\u00e2rst\u0103 de 64 de ani, ambele fiind transportate la o unitate medical\u0103 pentru acordarea de \u00eengrijiri de specialitate.<\/p>\n<p>Cercet\u0103rile sunt continuate \u00een vederea stabilirii cu exactitate a tuturor \u00eemprejur\u0103rilor producerii accidentului rutier.<\/p>\n<p><strong>Comunicat de pres\u0103, SAJ Vrancea:<\/strong><\/p>\n<p><em>Mam\u0103 \u0219i fiic\u0103 r\u0103nite grav \u00een urma unui accident rutier la ie\u0219irea din localitatea Panciu spre Movili\u021ba<\/em><\/p>\n<p>Ast\u0103zi 25.08.2026, \u00een jurul orei 18:16, dispeceratul Serviciului de Ambulan\u021b\u0103 Jude\u021bean Vrancea a fost alertat cu privire la producerea unui accident rutier la ie\u0219irea din ora\u0219ul Panciu c\u0103tre localitatea Movili\u021ba.<br \/>Din primele informa\u021bii, un autoturism a p\u0103r\u0103sit partea carosabil\u0103 \u0219i a intrat \u00een coliziune cu un cap de pod.<br \/>\u00cen urma impactului violent, au rezultat dou\u0103 victime: o mam\u0103 \u0219i fiica acesteia.<br \/>La fa\u021ba locului au fost direc\u021bionate imediat o ambulan\u021b\u0103 din cadrul Substa\u021biei Panciu \u0219i modulul SMURD.<br \/>Una dintre victime a r\u0103mas \u00eencarcerat\u0103 \u00een caroseria deformat\u0103 a autoturismului, fiind necesar\u0103 interven\u021bia echipajului de descarcerare pentru extragerea acesteia. Echipajele medicale sosite la locul solicit\u0103rii au identificat dou\u0103 femei, mam\u0103 \u0219i fiic\u0103, ambele prezent\u00e2nd leziuni severe:<br \/>\u2013 femeie \u00een v\u00e2rst\u0103 de 64 de ani (mama), a fost extras\u0103 din autovehicul \u0219i prezenta un traumatism cranio-cerebral deschis \u0219i traumatism ocular.<br \/>\u2013 femeie \u00een v\u00e2rst\u0103 de 39 de ani (fiica), a fost g\u0103sit\u0103 con\u0219tient\u0103, prezent\u00e2nd un traumatism cranio-cerebral \u0219i un traumatism toracic.<br \/>Dup\u0103 acordarea primului ajutor calificat \u0219i stabilizarea func\u021biilor vitale la locul evenimentului, ambele victime au fost transportate de urgen\u021b\u0103, la Unitatea de Primiri Urgen\u021be Foc\u0219ani pentru investiga\u021bii medicale am\u0103nun\u021bite \u0219i tratament de specialitate.<\/p>\n<p><strong>Foto: Arhiv\u0103<\/strong><\/p>\n<\/div>\n<\/div>\n<p>[analyse_source url=&#8221;https:\/\/www.monitoruldevrancea.ro\/2026\/08\/25\/mama-si-fiica-ranite-dupa-ce-masina-in-care-se-aflau-a-acrosat-un-autoturism-stationat-si-a-intrat-intr-un-cap-de-pod\/&#8221;]<\/p>\n","protected":false},"excerpt":{"rendered":"<p>[analyse_image type=&#8221;featured&#8221; src=&#8221;https:\/\/www.monitoruldevrancea.ro\/wp-content\/uploads\/2026\/08\/c3c57c53-bfd5-4b20-8a67-36ce29d795d8.jpg&#8221;] Comunicat de pres\u0103, IPJ Vrancea: EVENIMENT RUTIER PE DJ 205H, \u00ceN LOCALITATEA PANCIU La data de 25 august a.c., \u00een jurul orei 18:16, poli\u021bi\u0219tii din cadrul Inspectoratului de Poli\u021bie Jude\u021bean Vrancea au fost sesiza\u021bi cu privire la producerea unui accident rutier pe DJ 205H, \u00een localitatea Panciu. Din verific\u0103rile preliminare, s-a stabilit [&hellip;]<\/p>\n","protected":false},"author":1,"featured_media":0,"comment_status":"open","ping_status":"","sticky":false,"template":"","format":"standard","meta":{"footnotes":""},"categories":[89],"tags":[226,209],"class_list":["post-2113884","post","type-post","status-publish","format-standard","hentry","category-romania","tag-crawlmanager","tag-monitoruldevrancea-ro"],"_links":{"self":[{"href":"https:\/\/analyse.optim.biz\/index.php?rest_route=\/wp\/v2\/posts\/2113884","targetHints":{"allow":["GET"]}}],"collection":[{"href":"https:\/\/analyse.optim.biz\/index.php?rest_route=\/wp\/v2\/posts"}],"about":[{"href":"https:\/\/analyse.optim.biz\/index.php?rest_route=\/wp\/v2\/types\/post"}],"author":[{"embeddable":true,"href":"https:\/\/analyse.optim.biz\/index.php?rest_route=\/wp\/v2\/users\/1"}],"replies":[{"embeddable":true,"href":"https:\/\/analyse.optim.biz\/index.php?rest_route=%2Fwp%2Fv2%2Fcomments&post=2113884"}],"version-history":[{"count":0,"href":"https:\/\/analyse.optim.biz\/index.php?rest_route=\/wp\/v2\/posts\/2113884\/revisions"}],"wp:attachment":[{"href":"https:\/\/analyse.optim.biz\/index.php?rest_route=%2Fwp%2Fv2%2Fmedia&parent=2113884"}],"wp:term":[{"taxonomy":"category","embeddable":true,"href":"https:\/\/analyse.optim.biz\/index.php?rest_route=%2Fwp%2Fv2%2Fcategories&post=2113884"},{"taxonomy":"post_tag","embeddable":true,"href":"https:\/\/analyse.optim.biz\/index.php?rest_route=%2Fwp%2Fv2%2Ftags&post=2113884"}],"curies":[{"name":"wp","href":"https:\/\/api.w.org\/{rel}","templated":true}]}}