{"id":2113876,"date":"2026-08-25T21:00:00","date_gmt":"2026-08-25T18:00:00","guid":{"rendered":"https:\/\/analyse.optim.biz\/?p=2113876"},"modified":"2026-08-25T21:00:00","modified_gmt":"2026-08-25T18:00:00","slug":"ultima-ora-doua-persoane-electrocutate-la-panciu","status":"publish","type":"post","link":"https:\/\/analyse.optim.biz\/?p=2113876","title":{"rendered":"ULTIMA OR\u0102! Dou\u0103 persoane ELECTROCUTATE, la Panciu"},"content":{"rendered":"<p>[analyse_image type=&#8221;featured&#8221; src=&#8221;https:\/\/www.monitoruldevrancea.ro\/wp-content\/uploads\/2026\/08\/IMG-20260826-WA0001.jpg&#8221;]<\/p>\n<div class=\"td_block_wrap tdb_single_content tdi_123 td-pb-border-top td_block_template_1 td-post-content tagdiv-type\" data-td-block-uid=\"tdi_123\">\n<div class=\"tdb-block-inner td-fix-index\">\n<p><strong>Comunicat al Serviciului de Ambulan\u021b\u0103 Jude\u021bean (SAJ) Vrancea:<\/strong><\/p>\n<p><em>Interven\u021bie de urgen\u021b\u0103 \u00een Panciu, dou\u0103 persoane electrocutate transportate la spital.<\/em><\/p>\n<p>\u00cen aceast\u0103 dup\u0103-amiaz\u0103, dispeceratul Serviciului de Ambulan\u021b\u0103 Jude\u021bean Vrancea a fost alertat prin num\u0103rul unic de urgen\u021b\u0103 112 cu privire la un incident grav produs pe raza localit\u0103\u021bii Panciu, pe drumul spre Movili\u021ba, unde dou\u0103 persoane s-au electrocutat.<br \/>La locul solicit\u0103rii au fost direc\u021bionate imediat dou\u0103 echipaje de urgen\u021b\u0103 cu asistent medical din cadrul Substa\u021biei Panciu.<br \/>Echipajele medicale sosite la fa\u021ba locului au identificat dou\u0103 victime de sex masculin:<\/p>\n<ul class=\"wp-block-list\">\n<li>\u2013 b\u0103rbat \u00een v\u00e2rst\u0103 de 59 de ani, g\u0103sit \u00een stare de incon\u0219tien\u021b\u0103 \u0219i stop cardio-respirator. Echipajul medical a \u00eenceput imediat manevrele avansate de resuscitare cardio-respiratorie. Pacientul a fost preluat \u0219i transportat de urgen\u021b\u0103 cu func\u021bii vitale, la Unitatea de Primiri Urgen\u021be Foc\u0219ani.<\/li>\n<li>\u2013 b\u0103rbat \u00een v\u00e2rst\u0103 de 55 de ani, con\u0219tient, care prezenta arsuri la nivelul membrelor superioare, provocate de electrocutare.<br \/>Dup\u0103 evaluare \u0219i acordarea primului ajutor calificat la fa\u021ba locului, acesta a fost transportat, de asemenea, la Unitatea de Primiri Urgen\u021be Foc\u0219ani pentru tratament de specialitate.<\/li>\n<\/ul>\n<p><strong>Comunicat de pres\u0103, IPJ Vrancea:<\/strong><\/p>\n<p>DOU\u0102 PERSOANE ELECTROCUTATE \u00ceN TIMPUL UNOR LUCR\u0102RI, \u00ceN ORA\u0218UL PANCIU<\/p>\n<p>La data de 26 august a.c., ora 12:52, poli\u021bi\u0219tii au fost sesiza\u021bi, prin SNUAU 112, cu privire la producerea unui incident \u00een ora\u0219ul Panciu, \u00een urma c\u0103ruia dou\u0103 persoane ar fi fost electrocutate.<\/p>\n<p>Din primele verific\u0103ri efectuate de poli\u021bi\u0219ti, a reie\u0219it faptul c\u0103, \u00een zona respectiv\u0103, un b\u0103rbat, \u00een v\u00e2rst\u0103 de 60 de ani, din municipiul Foc\u0219ani, \u0219i un b\u0103rbat, \u00een v\u00e2rst\u0103 de 55 de ani, din comuna Vulturu, ar fi efectuat lucr\u0103ri la un st\u00e2lp de electricitate.<\/p>\n<p>\u00cen timpul desf\u0103\u0219ur\u0103rii lucr\u0103rilor, cele dou\u0103 persoane ar fi fost electrocutate, \u00eemprejur\u0103rile exacte \u00een care s-a produs incidentul urm\u00e2nd a fi stabilite \u00een urma cercet\u0103rilor.<\/p>\n<p>Cei doi b\u0103rba\u021bi au fost prelua\u021bi de echipajele medicale \u0219i transporta\u021bi la unitatea medical\u0103, \u00een vederea acord\u0103rii de \u00eengrijiri medicale de specialitate.<\/p>\n<p>\u00cen cauz\u0103, poli\u021bi\u0219tii efectueaz\u0103 cercet\u0103ri, fiind \u00eentocmit dosar penal sub aspectul s\u0103v\u00e2r\u0219irii infrac\u021biunilor de neluarea \u0219i nerespectarea m\u0103surilor legale de securitate \u0219i s\u0103n\u0103tate \u00een munc\u0103 \u0219i v\u0103t\u0103mare corporal\u0103 din culp\u0103.<\/p>\n<p>Foto: SAJ Vrancea<\/p>\n<\/div>\n<\/div>\n<p>[analyse_source url=&#8221;https:\/\/www.monitoruldevrancea.ro\/2026\/08\/26\/ultima-ora-doua-persoane-electrocutate-in-apropiere-de-movilita\/&#8221;]<\/p>\n","protected":false},"excerpt":{"rendered":"<p>[analyse_image type=&#8221;featured&#8221; src=&#8221;https:\/\/www.monitoruldevrancea.ro\/wp-content\/uploads\/2026\/08\/IMG-20260826-WA0001.jpg&#8221;] Comunicat al Serviciului de Ambulan\u021b\u0103 Jude\u021bean (SAJ) Vrancea: Interven\u021bie de urgen\u021b\u0103 \u00een Panciu, dou\u0103 persoane electrocutate transportate la spital. \u00cen aceast\u0103 dup\u0103-amiaz\u0103, dispeceratul Serviciului de Ambulan\u021b\u0103 Jude\u021bean Vrancea a fost alertat prin num\u0103rul unic de urgen\u021b\u0103 112 cu privire la un incident grav produs pe raza localit\u0103\u021bii Panciu, pe drumul spre Movili\u021ba, [&hellip;]<\/p>\n","protected":false},"author":1,"featured_media":0,"comment_status":"open","ping_status":"","sticky":false,"template":"","format":"standard","meta":{"footnotes":""},"categories":[89],"tags":[226,209],"class_list":["post-2113876","post","type-post","status-publish","format-standard","hentry","category-romania","tag-crawlmanager","tag-monitoruldevrancea-ro"],"_links":{"self":[{"href":"https:\/\/analyse.optim.biz\/index.php?rest_route=\/wp\/v2\/posts\/2113876","targetHints":{"allow":["GET"]}}],"collection":[{"href":"https:\/\/analyse.optim.biz\/index.php?rest_route=\/wp\/v2\/posts"}],"about":[{"href":"https:\/\/analyse.optim.biz\/index.php?rest_route=\/wp\/v2\/types\/post"}],"author":[{"embeddable":true,"href":"https:\/\/analyse.optim.biz\/index.php?rest_route=\/wp\/v2\/users\/1"}],"replies":[{"embeddable":true,"href":"https:\/\/analyse.optim.biz\/index.php?rest_route=%2Fwp%2Fv2%2Fcomments&post=2113876"}],"version-history":[{"count":0,"href":"https:\/\/analyse.optim.biz\/index.php?rest_route=\/wp\/v2\/posts\/2113876\/revisions"}],"wp:attachment":[{"href":"https:\/\/analyse.optim.biz\/index.php?rest_route=%2Fwp%2Fv2%2Fmedia&parent=2113876"}],"wp:term":[{"taxonomy":"category","embeddable":true,"href":"https:\/\/analyse.optim.biz\/index.php?rest_route=%2Fwp%2Fv2%2Fcategories&post=2113876"},{"taxonomy":"post_tag","embeddable":true,"href":"https:\/\/analyse.optim.biz\/index.php?rest_route=%2Fwp%2Fv2%2Ftags&post=2113876"}],"curies":[{"name":"wp","href":"https:\/\/api.w.org\/{rel}","templated":true}]}}