{"id":2113794,"date":"2026-08-25T12:55:58","date_gmt":"2026-08-25T09:55:58","guid":{"rendered":"https:\/\/analyse.optim.biz\/?p=2113794"},"modified":"2026-08-25T12:55:58","modified_gmt":"2026-08-25T09:55:58","slug":"breaking-news-useristul-claudiu-nasui-numit-ministrul-dezvoltarii-in-guvernul-moldovei","status":"publish","type":"post","link":"https:\/\/analyse.optim.biz\/?p=2113794","title":{"rendered":"Breaking News: Useristul Claudiu N\u0103sui numit ministrul Dezvolt\u0103rii \u00een guvernul Moldovei"},"content":{"rendered":"<p>[analyse_image type=&#8221;featured&#8221; src=&#8221;https:\/\/radiogoldfm.ro\/wp-content\/uploads\/2026\/08\/207631.jpg-768&#215;512-1.webphttps:\/\/radiogoldfm.ro\/wp-content\/uploads\/2026\/08\/207631.jpg-768&#215;512-1.webp&#8221;]<\/p>\n<div class=\"qt-the-content\">\n<p><strong>Premierul guvernului Moldovei, Vasile Tofan, anun\u021b\u0103 o remaniere nea\u0219teptat\u0103 \u00eentr-un guvern care abia a intrat \u00een func\u021bie s\u0103pt\u0103m\u00eenile trecute; Eugeniu Osmochescu pleac\u0103 de la Ministerul Dezvolt\u0103rii Economice \u0219i al Digitaliz\u0103rii \u0219i va coordona portofoliul Agriculturii \u00een Guvern, iar \u00een locul s\u0103u va fi numit fostul ministru rom\u00e2n Claudiu Nasui.<\/strong><\/p>\n<p>Cu pu\u021bin timp \u00eenainte de anun\u021b, s-a aflat c\u0103 oficialul rom\u00e2n a primit cet\u0103\u021benia Republicii Moldova. \u201eClaudiu vine cu o combina\u021bie rar\u0103 de preg\u0103tire economic\u0103 solid\u0103, experien\u021b\u0103 \u00een sectorul privat, experien\u021b\u0103 politic\u0103 \u0219i implicare direct\u0103 \u00een realizarea reformelor guvernamentale\u201d, a declarat premierul. N\u0103sui a studiat economia la Universitatea Paris-Dauphine \u0219i finan\u021bele la Universitatea Bocconi \u0219i a activat \u00een sectorul financiar, inclusiv la PwC \u0219i BCR. El de\u021bine certificarea CFA. A devenit deputat \u00een Parlamentul Rom\u00e2niei \u00een 2016, iar \u00een perioada 2020\u20132021 a ocupat func\u021bia de ministru al Economiei.<\/p>\n<p>\u201dAm acceptat s\u0103 preiau portofoliul de ministru al Economiei \u00een Guvernul Republicii Moldova. Istoria ne-a ar\u0103tat \u00een repetate r\u00e2nduri c\u0103, acolo unde au predominat respectul pentru proprietatea privat\u0103 \u0219i ideile libert\u0103\u021bii economice, oamenii au prosperat. Am intrat \u00een politic\u0103 acum aproape 10 ani pentru a promova aceste principii ale liberalismului, care au scos din s\u0103r\u0103cie mai mul\u021bi oameni dec\u00e2t orice alte politici din lume\u201d a scris N\u0103sui pe Facebook.<\/p>\n<p>\u201dAm ales s\u0103 r\u0103spund invita\u021biei domnului Tofan de a m\u0103 al\u0103tura Guvernului Republicii Moldova, chiar dac\u0103 acest pas presupune s\u0103 renun\u021b la mandatul de deputat \u00een Parlamentul Rom\u00e2niei \u0219i s\u0103-mi dedic experien\u021ba unui nou efort reformator, menit s\u0103 duc\u0103 la cap\u0103t procesul de liberalizare \u0219i privatizare \u00eenceput dup\u0103 c\u0103derea comunismului. Premierul Tofan are misiunea grea, dar onorant\u0103, de a-\u0219i conduce \u021bara \u00een direc\u021bia potrivit\u0103: cea a libert\u0103\u021bii \u0219i a apropierii de Rom\u00e2nia \u0219i de Europa\u201d mai scrie el.\u00a0<\/p>\n<p><a href=\"http:\/\/inpolitics.ro\/breaking-news-useristul-claudiu-nasui-numit-ministrul-dezvoltarii-in-guvernul-moldovei_1860091419.html?fbclid=IwY2xjawT6NJtwZG9mBWV4dG4DYWVtAjEwAGJyaWQRMDlrSDVDNXpja3VqUDczVFdzcnRjBmFwcF9pZBAyMjIwMzkxNzg4MjAwODkyAAEePieHPPRpPophFiR3cYedrBsGhLGPQwYrcHoUF0UGmnldU1eqIi8FNp5aypA_aem__lVRgJOtqvvLEAaVW6pnjg\" target=\"_blank\" rel=\"noreferrer noopener\">InPolitics<\/a><\/p>\n<div class=\"tagcloud qt-spacer-m\"><span class=\"qt-title\">Tagged as <\/span><a href=\"https:\/\/radiogoldfm.ro\/tag\/claudiu-nasui\/\" rel=\"tag\">claudiu nasui<\/a><a href=\"https:\/\/radiogoldfm.ro\/tag\/gold-fm\/\" rel=\"tag\">GOLD FM<\/a><a href=\"https:\/\/radiogoldfm.ro\/tag\/guvern\/\" rel=\"tag\">guvern<\/a><a href=\"https:\/\/radiogoldfm.ro\/tag\/ministrul-dezvoltarii\/\" rel=\"tag\">ministrul dezvoltarii<\/a><a href=\"https:\/\/radiogoldfm.ro\/tag\/moldova\/\" rel=\"tag\">moldova<\/a><a href=\"https:\/\/radiogoldfm.ro\/tag\/romania\/\" rel=\"tag\">romania<\/a><a href=\"https:\/\/radiogoldfm.ro\/tag\/usr\/\" rel=\"tag\">usr<\/a><\/div>\n<div class=\"qt-post-author qt-card\">\n<div class=\"row\">\n<div class=\"qt-post-author-data col s10 m7 l7\">\n<h6>Profil<\/h6>\n<h4><a href=\"https:\/\/radiogoldfm.ro\/breaking-news-useristul-claudiu-nasui-numit-ministrul-dezvoltarii-in-guvernul-moldovei\/#author_page\">Gold FM Radio<\/a><\/h4>\n<\/div>\n<div class=\"qt-post-author-link col s12 m3 l4 \"><a href=\"https:\/\/radiogoldfm.ro\/author\/gold-fm\/\" class=\"qt-btn qt-btn-large qt-btn-primary aligncenter\">Arhiva postari<\/a><\/div>\n<\/div>\n<\/div>\n<\/div>\n<p>[analyse_source url=&#8221;https:\/\/radiogoldfm.ro\/breaking-news-useristul-claudiu-nasui-numit-ministrul-dezvoltarii-in-guvernul-moldovei\/&#8221;]<\/p>\n","protected":false},"excerpt":{"rendered":"<p>[analyse_image type=&#8221;featured&#8221; src=&#8221;https:\/\/radiogoldfm.ro\/wp-content\/uploads\/2026\/08\/207631.jpg-768&#215;512-1.webphttps:\/\/radiogoldfm.ro\/wp-content\/uploads\/2026\/08\/207631.jpg-768&#215;512-1.webp&#8221;] Premierul guvernului Moldovei, Vasile Tofan, anun\u021b\u0103 o remaniere nea\u0219teptat\u0103 \u00eentr-un guvern care abia a intrat \u00een func\u021bie s\u0103pt\u0103m\u00eenile trecute; Eugeniu Osmochescu pleac\u0103 de la Ministerul Dezvolt\u0103rii Economice \u0219i al Digitaliz\u0103rii \u0219i va coordona portofoliul Agriculturii \u00een Guvern, iar \u00een locul s\u0103u va fi numit fostul ministru rom\u00e2n Claudiu Nasui. Cu pu\u021bin timp [&hellip;]<\/p>\n","protected":false},"author":1,"featured_media":0,"comment_status":"open","ping_status":"","sticky":false,"template":"","format":"standard","meta":{"footnotes":""},"categories":[89],"tags":[226,96],"class_list":["post-2113794","post","type-post","status-publish","format-standard","hentry","category-romania","tag-crawlmanager","tag-radiogoldfm-ro"],"_links":{"self":[{"href":"https:\/\/analyse.optim.biz\/index.php?rest_route=\/wp\/v2\/posts\/2113794","targetHints":{"allow":["GET"]}}],"collection":[{"href":"https:\/\/analyse.optim.biz\/index.php?rest_route=\/wp\/v2\/posts"}],"about":[{"href":"https:\/\/analyse.optim.biz\/index.php?rest_route=\/wp\/v2\/types\/post"}],"author":[{"embeddable":true,"href":"https:\/\/analyse.optim.biz\/index.php?rest_route=\/wp\/v2\/users\/1"}],"replies":[{"embeddable":true,"href":"https:\/\/analyse.optim.biz\/index.php?rest_route=%2Fwp%2Fv2%2Fcomments&post=2113794"}],"version-history":[{"count":0,"href":"https:\/\/analyse.optim.biz\/index.php?rest_route=\/wp\/v2\/posts\/2113794\/revisions"}],"wp:attachment":[{"href":"https:\/\/analyse.optim.biz\/index.php?rest_route=%2Fwp%2Fv2%2Fmedia&parent=2113794"}],"wp:term":[{"taxonomy":"category","embeddable":true,"href":"https:\/\/analyse.optim.biz\/index.php?rest_route=%2Fwp%2Fv2%2Fcategories&post=2113794"},{"taxonomy":"post_tag","embeddable":true,"href":"https:\/\/analyse.optim.biz\/index.php?rest_route=%2Fwp%2Fv2%2Ftags&post=2113794"}],"curies":[{"name":"wp","href":"https:\/\/api.w.org\/{rel}","templated":true}]}}