{"id":2113772,"date":"2026-08-26T10:30:33","date_gmt":"2026-08-26T07:30:33","guid":{"rendered":"https:\/\/analyse.optim.biz\/?p=2113772"},"modified":"2026-08-26T10:30:33","modified_gmt":"2026-08-26T07:30:33","slug":"lungu-portet-robot-al-viitorului-inspector-general-sa-vina-cineva-care-este-intreg-la-cap","status":"publish","type":"post","link":"https:\/\/analyse.optim.biz\/?p=2113772","title":{"rendered":"Lungu, portet-robot al viitorului inspector general: S\u0103 vin\u0103 cineva care este \u00eentreg la cap"},"content":{"rendered":"<p>[analyse_image type=&#8221;featured&#8221; src=&#8221;https:\/\/opiniabuzau.ro\/wp-content\/uploads\/2026\/08\/romeo-lungu.webp&#8221;]<\/p>\n<div class=\"entry-content entry clearfix\">\n<blockquote>\n<p><strong>La jum\u0103tatea s\u0103pt\u0103m\u00e2nii \u00een care probabil se va decide oficial cine va fi noul \u201egeneral\u201d al \u00eenv\u0103\u021b\u0103m\u00e2ntului buzoian, singurul lucru cert este informa\u021bia venit\u0103 din tab\u0103ra social-democrat\u0103 care, prin vocea liderului Romeo Lungu, a transmis c\u0103 nu ar fi interesat de o eventual\u0103 lupt\u0103 pentru men\u021binerea \u00een prima func\u021bie a actualei de\u021bin\u0103toare a func\u021biei, Daniela Palc\u0103u, chiar dac\u0103 deputatul PSD a recunoscut, \u00een fa\u021ba presei, c\u0103 activitatea acesteia a fost \u201ebun\u0103\u201d. <\/strong><\/p>\n<\/blockquote>\n<p>Mai mult, pentru \u0219efia Inspectoratului \u0218colar Jude\u021bean Buz\u0103u se configureaz\u0103 dou\u0103 propuneri inedite: Gina Manea, care a coordonat \u00een institu\u021bie \u201eDepartamentul \u00cenv\u0103\u021b\u0103tori\u201d \u0219i Felicia Bo\u0219codeal\u0103, inspector pe Istorie, implicat\u0103 \u00een preg\u0103tirea elevilor pentru participarea la concursuri \u0219colare \u0219i olimpiade, o variant\u0103 care ar putea putea resuscita interesul taberei social-democrate pentru sus\u021binerea respectivei candidaturi.<\/p>\n<p>Cel de-al treilea nume vehiculat pentru \u0219efia ISJ Buz\u0103u este al actualului adjunct, r\u00e2mniceanul Ionel Meiro\u0219u, care \u0219i de data aceasta ar putea confirma adev\u0103rul sintagmei \u201ec\u00e2nd doi se ceart\u0103, al treilea c\u00e2\u0219tig\u0103\u201d. Variant\u0103 de rezerv\u0103 \u00een mai multe scenarii c\u00e2nd a fost vorba despre disputarea func\u021biilor pe deconcentrate \u00eentre forma\u021biunile politice, Meiro\u0219u sper\u0103 ca m\u0103car acum c\u0103r\u021bile s\u0103 fie f\u0103cute \u00een favoarea sa, mai ales c\u0103 cel care va decide numele inspectorului general, care va pleca spre confirmare, la ministrul liberal Damian, este prietenul s\u0103u, deputatul Adrian Mocanu. Liderul liberalilor buzoieni ar putea rezolva problema \u00een favoarea r\u00e2mniceanului invoc\u00e2nd teoria echilibrului, oferind prima func\u021bie unui r\u00e2mnicean, \u00een timp ce adjunctele pretendente ar reprezenta cealalt\u0103 zon\u0103 a jude\u021bului. \u00cens\u0103, dac\u0103 alegerea va fi Meiro\u0219u singurul criteriu de a\u0219a-zis\u0103 departajare va fi leg\u0103tura familiei deputatului Adrian Mocanu cu zona R\u00e2mnicului. Nu \u00een ultimul r\u00e2nd, actualul secund \u00een Inspectoratul \u0218colar pare s\u0103 fie tocmai pe calapodul liberalului Mocanu, tr\u0103s\u0103turi care i-au format o imagine nu tocmai aplaudat\u0103 de actualii colegi din institu\u021bie!<\/p>\n<p><em>\u201eI\u0218J este un colos foarte greu de condus. M\u0103car, dac\u0103 vor s\u0103 fac\u0103 vreo schimbare, s\u0103 vin\u0103 cineva care este \u00eentreg la cap, \u0219i care \u00eendepline\u0219te toate condi\u021biile s\u0103 poat\u0103 s\u0103 conduc\u0103 acest inspectorat, c\u0103 e destul de delicat acest domeniu al educa\u021biei\u201d<\/em>, a fost mesaul transmis mar\u021bi de liderul social-democra\u021bilor buzoieni, deputatul Romeo Lungu, la conferin\u021ba de pres\u0103 lunar\u0103, organizat\u0103 la sediul organiza\u021biei municipale.<\/p>\n<blockquote>\n<p><span><strong>\u00centre timp, actuala conducere a I\u0218J Buz\u0103u a transmis c\u0103tre Ministerul\u00a0 Educa\u021biei lista cu propunerile de inspectori care ar urma s\u0103 primeasc\u0103 o nou\u0103 delega\u021bie \u00eencep\u00e2nd cu data de 1 septembrie 2026. Organigrama a fost modificat\u0103 dup\u0103 ce institu\u021bia s-a v\u0103zut nevoit\u0103 s\u0103 opereze reducerea cu 10% a cheltuielilor de personal, conform legilor austerit\u0103\u021bii impuse de Ilie Bolojan. <\/strong><\/span><\/p>\n<div class=\"stream-item stream-item-in-post stream-item-inline-post aligncenter\"><a href=\"https:\/\/vreaulanova.ro\/?utm_source=opiniabuzau&amp;utm_medium=image\" title target=\"_blank\"><img loading=\"lazy\" decoding=\"async\" data-od-unknown-tag data-od-xpath=\"\/HTML\/BODY\/DIV[@class=&apos;background-overlay&apos;]\/*[1][self::DIV]\/*[1][self::DIV]\/*[4][self::DIV]\/*[1][self::DIV]\/*[1][self::DIV]\/*[2][self::ARTICLE]\/*[3][self::DIV]\/*[6][self::BLOCKQUOTE]\/*[2][self::DIV]\/*[1][self::A]\/*[1][self::IMG]\" src=\"https:\/\/opiniabuzau.ro\/wp-content\/smush-webp\/2022\/02\/MicrosoftTeams-image-4-1.jpg.webp\" alt width=\"728\" height=\"91\" class=\"perfmatters-lazy\"><img loading=\"lazy\" decoding=\"async\" data-od-unknown-tag data-od-xpath=\"\/HTML\/BODY\/DIV[@class=&apos;background-overlay&apos;]\/*[1][self::DIV]\/*[1][self::DIV]\/*[4][self::DIV]\/*[1][self::DIV]\/*[1][self::DIV]\/*[2][self::ARTICLE]\/*[3][self::DIV]\/*[6][self::BLOCKQUOTE]\/*[2][self::DIV]\/*[1][self::A]\/*[1][self::IMG]\" src=\"https:\/\/opiniabuzau.ro\/wp-content\/smush-webp\/2022\/02\/MicrosoftTeams-image-4-1.jpg.webp\" alt width=\"728\" height=\"91\"><\/a><\/div>\n<\/blockquote>\n<\/div>\n<p>[analyse_source url=&#8221;https:\/\/opiniabuzau.ro\/lungu-portet-robot-al-viitorului-inspector-general-sa-vina-cineva-care-este-intreg-la-cap\/&#8221;]<\/p>\n","protected":false},"excerpt":{"rendered":"<p>[analyse_image type=&#8221;featured&#8221; src=&#8221;https:\/\/opiniabuzau.ro\/wp-content\/uploads\/2026\/08\/romeo-lungu.webp&#8221;] La jum\u0103tatea s\u0103pt\u0103m\u00e2nii \u00een care probabil se va decide oficial cine va fi noul \u201egeneral\u201d al \u00eenv\u0103\u021b\u0103m\u00e2ntului buzoian, singurul lucru cert este informa\u021bia venit\u0103 din tab\u0103ra social-democrat\u0103 care, prin vocea liderului Romeo Lungu, a transmis c\u0103 nu ar fi interesat de o eventual\u0103 lupt\u0103 pentru men\u021binerea \u00een prima func\u021bie a actualei de\u021bin\u0103toare [&hellip;]<\/p>\n","protected":false},"author":1,"featured_media":0,"comment_status":"open","ping_status":"","sticky":false,"template":"","format":"standard","meta":{"footnotes":""},"categories":[2],"tags":[226,44],"class_list":["post-2113772","post","type-post","status-publish","format-standard","hentry","category-politics","tag-crawlmanager","tag-opiniabuzau-ro"],"_links":{"self":[{"href":"https:\/\/analyse.optim.biz\/index.php?rest_route=\/wp\/v2\/posts\/2113772","targetHints":{"allow":["GET"]}}],"collection":[{"href":"https:\/\/analyse.optim.biz\/index.php?rest_route=\/wp\/v2\/posts"}],"about":[{"href":"https:\/\/analyse.optim.biz\/index.php?rest_route=\/wp\/v2\/types\/post"}],"author":[{"embeddable":true,"href":"https:\/\/analyse.optim.biz\/index.php?rest_route=\/wp\/v2\/users\/1"}],"replies":[{"embeddable":true,"href":"https:\/\/analyse.optim.biz\/index.php?rest_route=%2Fwp%2Fv2%2Fcomments&post=2113772"}],"version-history":[{"count":0,"href":"https:\/\/analyse.optim.biz\/index.php?rest_route=\/wp\/v2\/posts\/2113772\/revisions"}],"wp:attachment":[{"href":"https:\/\/analyse.optim.biz\/index.php?rest_route=%2Fwp%2Fv2%2Fmedia&parent=2113772"}],"wp:term":[{"taxonomy":"category","embeddable":true,"href":"https:\/\/analyse.optim.biz\/index.php?rest_route=%2Fwp%2Fv2%2Fcategories&post=2113772"},{"taxonomy":"post_tag","embeddable":true,"href":"https:\/\/analyse.optim.biz\/index.php?rest_route=%2Fwp%2Fv2%2Ftags&post=2113772"}],"curies":[{"name":"wp","href":"https:\/\/api.w.org\/{rel}","templated":true}]}}