{"id":2113771,"date":"2026-08-26T09:41:21","date_gmt":"2026-08-26T06:41:21","guid":{"rendered":"https:\/\/analyse.optim.biz\/?p=2113771"},"modified":"2026-08-26T09:41:21","modified_gmt":"2026-08-26T06:41:21","slug":"profesorul-gheorghe-andronache-fost-director-al-palatului-copiilor-a-incetat-din-viata","status":"publish","type":"post","link":"https:\/\/analyse.optim.biz\/?p=2113771","title":{"rendered":"Profesorul Gheorghe Andronache, fost director al Palatului Copiilor, a \u00eencetat din via\u021b\u0103"},"content":{"rendered":"<p>[analyse_image type=&#8221;featured&#8221; src=&#8221;https:\/\/opiniabuzau.ro\/wp-content\/uploads\/2026\/08\/Gheorghe-Andronache-2026-scaled.webp&#8221;]<\/p>\n<div class=\"entry-content entry clearfix\">\n<blockquote>\n<p class=\"isSelectedEnd\"><strong>Comunitatea educa\u021bional\u0103 local\u0103 este \u00een doliu dup\u0103 dispari\u021bia profesorului Gheorghe Andronache, fost director al Palatului Copiilor \u0219i cadru didactic respectat de genera\u021bii de elevi \u0219i colegi. Vestea decesului s\u0103u a fost primit\u0103 cu triste\u021be de cei care l-au cunoscut \u0219i i-au apreciat activitatea desf\u0103\u0219urat\u0103 de-a lungul anilor \u00een slujba educa\u021biei.<\/strong><\/p>\n<\/blockquote>\n<p class=\"isSelectedEnd\">De-a lungul carierei sale, profesorul Gheorghe Andronache s-a remarcat prin seriozitate \u0219i implicare \u00een formarea tinerilor. Cei care au colaborat cu el \u00eel descriu ca pe un dasc\u0103l preocupat permanent de educa\u021bie \u0219i de dezvoltarea copiilor.<\/p>\n<p class=\"isSelectedEnd\">Activitatea sa a inclus \u0219i conducerea Palatului Copiilor, institu\u021bie \u00een cadrul c\u0103reia a contribuit la sus\u021binerea \u0219i dezvoltarea programelor educative \u0219i extra\u0219colare. Prin munca sa, a r\u0103mas \u00een memoria multor elevi \u0219i cadre didactice drept un profesionist care \u0219i-a exercitat voca\u021bia cu responsabilitate \u0219i devotament.<\/p>\n<p class=\"isSelectedEnd\">\u00centr-un mesaj public, colectivul \u0218colii Gimnaziale Nr. 11 \u0219i-a exprimat regretul profund fa\u021b\u0103 de trecerea la cele ve\u0219nice a fostului coleg. Reprezentan\u021bii unit\u0103\u021bii de \u00eenv\u0103\u021b\u0103m\u00e2nt au subliniat c\u0103 profesorul Gheorghe Andronache a l\u0103sat \u00een urm\u0103 respectul \u0219i pre\u021buirea celor care l-au cunoscut, prin contribu\u021bia sa la educa\u021bia \u0219i formarea genera\u021biilor de copii.<\/p>\n<p class=\"isSelectedEnd\">\u00cen aceste momente dificile, g\u00e2ndurile colegilor se \u00eendreapt\u0103 c\u0103tre profesoara Roxana Andronache \u0219i c\u0103tre \u00eentreaga familie \u00eendoliat\u0103. Mesajele de compasiune \u0219i solidaritate transmise de comunitatea \u0219colar\u0103 reflect\u0103 respectul de care profesorul Gheorghe Andronache s-a bucurat de-a lungul vie\u021bii \u0219i carierei sale.<\/p>\n<div class=\"stream-item stream-item-in-post stream-item-inline-post aligncenter\"><a href=\"https:\/\/vreaulanova.ro\/?utm_source=opiniabuzau&amp;utm_medium=image\" title target=\"_blank\"><img loading=\"lazy\" decoding=\"async\" data-od-unknown-tag data-od-xpath=\"\/HTML\/BODY\/DIV[@class=&apos;background-overlay&apos;]\/*[1][self::DIV]\/*[1][self::DIV]\/*[4][self::DIV]\/*[1][self::DIV]\/*[1][self::DIV]\/*[2][self::ARTICLE]\/*[3][self::DIV]\/*[7][self::DIV]\/*[1][self::A]\/*[1][self::IMG]\" src=\"https:\/\/opiniabuzau.ro\/wp-content\/smush-webp\/2022\/02\/MicrosoftTeams-image-4-1.jpg.webp\" alt width=\"728\" height=\"91\" class=\"perfmatters-lazy\"><img loading=\"lazy\" decoding=\"async\" data-od-unknown-tag data-od-xpath=\"\/HTML\/BODY\/DIV[@class=&apos;background-overlay&apos;]\/*[1][self::DIV]\/*[1][self::DIV]\/*[4][self::DIV]\/*[1][self::DIV]\/*[1][self::DIV]\/*[2][self::ARTICLE]\/*[3][self::DIV]\/*[7][self::DIV]\/*[1][self::A]\/*[1][self::IMG]\" src=\"https:\/\/opiniabuzau.ro\/wp-content\/smush-webp\/2022\/02\/MicrosoftTeams-image-4-1.jpg.webp\" alt width=\"728\" height=\"91\"><\/a><\/div>\n<p class=\"isSelectedEnd\">Prin activitatea desf\u0103\u0219urat\u0103 \u00een educa\u021bie \u0219i prin valorile pe care le-a promovat, profesorul Gheorghe Andronache las\u0103 \u00een urm\u0103 o mo\u0219tenire profesional\u0103 \u0219i uman\u0103 care va r\u0103m\u00e2ne vie \u00een amintirea celor care l-au cunoscut. Dumnezeu s\u0103-l odihneasc\u0103 \u00een pace!<\/p>\n<\/div>\n<p>[analyse_source url=&#8221;https:\/\/opiniabuzau.ro\/profesorul-gheorghe-andronache-fost-director-al-palatului-copiilor-a-incetat-din-viata\/&#8221;]<\/p>\n","protected":false},"excerpt":{"rendered":"<p>[analyse_image type=&#8221;featured&#8221; src=&#8221;https:\/\/opiniabuzau.ro\/wp-content\/uploads\/2026\/08\/Gheorghe-Andronache-2026-scaled.webp&#8221;] Comunitatea educa\u021bional\u0103 local\u0103 este \u00een doliu dup\u0103 dispari\u021bia profesorului Gheorghe Andronache, fost director al Palatului Copiilor \u0219i cadru didactic respectat de genera\u021bii de elevi \u0219i colegi. Vestea decesului s\u0103u a fost primit\u0103 cu triste\u021be de cei care l-au cunoscut \u0219i i-au apreciat activitatea desf\u0103\u0219urat\u0103 de-a lungul anilor \u00een slujba educa\u021biei. De-a lungul [&hellip;]<\/p>\n","protected":false},"author":1,"featured_media":0,"comment_status":"open","ping_status":"","sticky":false,"template":"","format":"standard","meta":{"footnotes":""},"categories":[2],"tags":[226,44],"class_list":["post-2113771","post","type-post","status-publish","format-standard","hentry","category-politics","tag-crawlmanager","tag-opiniabuzau-ro"],"_links":{"self":[{"href":"https:\/\/analyse.optim.biz\/index.php?rest_route=\/wp\/v2\/posts\/2113771","targetHints":{"allow":["GET"]}}],"collection":[{"href":"https:\/\/analyse.optim.biz\/index.php?rest_route=\/wp\/v2\/posts"}],"about":[{"href":"https:\/\/analyse.optim.biz\/index.php?rest_route=\/wp\/v2\/types\/post"}],"author":[{"embeddable":true,"href":"https:\/\/analyse.optim.biz\/index.php?rest_route=\/wp\/v2\/users\/1"}],"replies":[{"embeddable":true,"href":"https:\/\/analyse.optim.biz\/index.php?rest_route=%2Fwp%2Fv2%2Fcomments&post=2113771"}],"version-history":[{"count":0,"href":"https:\/\/analyse.optim.biz\/index.php?rest_route=\/wp\/v2\/posts\/2113771\/revisions"}],"wp:attachment":[{"href":"https:\/\/analyse.optim.biz\/index.php?rest_route=%2Fwp%2Fv2%2Fmedia&parent=2113771"}],"wp:term":[{"taxonomy":"category","embeddable":true,"href":"https:\/\/analyse.optim.biz\/index.php?rest_route=%2Fwp%2Fv2%2Fcategories&post=2113771"},{"taxonomy":"post_tag","embeddable":true,"href":"https:\/\/analyse.optim.biz\/index.php?rest_route=%2Fwp%2Fv2%2Ftags&post=2113771"}],"curies":[{"name":"wp","href":"https:\/\/api.w.org\/{rel}","templated":true}]}}