{"id":2113769,"date":"2026-08-26T06:00:37","date_gmt":"2026-08-26T03:00:37","guid":{"rendered":"https:\/\/analyse.optim.biz\/?p=2113769"},"modified":"2026-08-26T06:00:37","modified_gmt":"2026-08-26T03:00:37","slug":"anca-florea-scrisoare-deschisa-catre-ministrul-educatiei-acuzatii-la-adresa-conducerii-inspectoratului-scolar","status":"publish","type":"post","link":"https:\/\/analyse.optim.biz\/?p=2113769","title":{"rendered":"Anca Florea, scrisoare deschis\u0103 c\u0103tre ministrul Educa\u021biei: acuza\u021bii la adresa conducerii Inspectoratului \u0218colar"},"content":{"rendered":"<p>[analyse_image type=&#8221;featured&#8221; src=&#8221;https:\/\/opiniabuzau.ro\/wp-content\/uploads\/2026\/08\/ANCA-FLOREA-2026.webp&#8221;]<\/p>\n<div class=\"entry-content entry clearfix\">\n<blockquote>\n<p class=\"isSelectedEnd\"><strong>Profesoara Anca Florea, cadru didactic la Colegiul Na\u021bional \u201eB. P. Hasdeu\u201d din Buz\u0103u, \u00eei solicit\u0103 ministrului Educa\u021biei \u0219i Cercet\u0103rii s\u0103 analizeze situa\u021bia creat\u0103, \u00een opinia sa, \u00een rela\u021bia dintre colegiu \u0219i Inspectoratul \u0218colar Jude\u021bean Buz\u0103u. \u00centr-o scrisoare deschis\u0103 publicat\u0103 mar\u021bi, 25 august, profesoara formuleaz\u0103 acuza\u021bii la adresa inspectorului \u0219colar general Daniela Palc\u0103u \u0219i avertizeaz\u0103 asupra riscului ca tensiunile administrative s\u0103 afecteze inclusiv colectivul profesoral.<\/strong><\/p>\n<\/blockquote>\n<p class=\"isSelectedEnd\">Florea sus\u021bine c\u0103, \u00een ultimii aproape trei ani, Colegiul Na\u021bional \u201eB. P. Hasdeu\u201d s-ar fi confruntat cu decizii \u0219i interven\u021bii ale Inspectoratului pe care le consider\u0103 \u201eneprincipiale\u201d. Profesoara afirm\u0103 c\u0103 aceste situa\u021bii ar fi afectat principiile calit\u0103\u021bii \u0219i echit\u0103\u021bii \u00een educa\u021bie.<\/p>\n<p class=\"isSelectedEnd\">Unul dintre exemplele invocate prive\u0219te etapele de mobilitate a personalului didactic. Potrivit Anc\u0103i Florea, conducerea colegiului ar fi fost nevoit\u0103 s\u0103 fac\u0103 demersuri administrative \u0219i juridice pentru a putea men\u021bine anumite standarde privind preg\u0103tirea \u0219i activitatea cadrelor didactice. \u00cen acest context, ea men\u021bioneaz\u0103 \u0219i interven\u021biile f\u0103cute, \u00eempreun\u0103 cu departamentul juridic al sindicatului, pentru aprobarea unor condi\u021bii specifice aplicabile mobilit\u0103\u021bii personalului.<\/p>\n<p class=\"isSelectedEnd\">Un alt episod prezentat \u00een scrisoare dateaz\u0103 din decembrie 2025. Florea afirm\u0103 c\u0103 inspectorul \u0219colar general Daniela Palc\u0103u ar fi solicitat colegiului s\u0103 renun\u021be la una dintre cele zece clase a IX-a propuse pentru planul de \u0219colarizare 2026\u20132027, de\u0219i Consiliul de administra\u021bie al unit\u0103\u021bii aprobase fundamentarea proiectului. Profesoara consider\u0103 solicitarea abuziv\u0103 \u0219i spune c\u0103 a sus\u021binut redactarea unui memoriu c\u0103tre Inspectoratul \u0218colar Jude\u021bean.<\/p>\n<p class=\"isSelectedEnd\">Florea precizeaz\u0103 c\u0103 acestea reprezint\u0103 doar o parte dintre situa\u021biile pe care le consider\u0103 relevante. Ea anun\u021b\u0103 c\u0103 va transmite Ministerului Educa\u021biei o sesizare oficial\u0103, \u00eenso\u021bit\u0103 de documente, \u0219i cere analizarea modului \u00een care este administrat sistemul educa\u021bional la nivel jude\u021bean.<\/p>\n<div class=\"stream-item stream-item-in-post stream-item-inline-post aligncenter\"><a href=\"https:\/\/vreaulanova.ro\/?utm_source=opiniabuzau&amp;utm_medium=image\" title target=\"_blank\"><img loading=\"lazy\" decoding=\"async\" data-od-unknown-tag data-od-xpath=\"\/HTML\/BODY\/DIV[@class=&apos;background-overlay&apos;]\/*[1][self::DIV]\/*[1][self::DIV]\/*[4][self::DIV]\/*[1][self::DIV]\/*[1][self::DIV]\/*[2][self::ARTICLE]\/*[3][self::DIV]\/*[7][self::DIV]\/*[1][self::A]\/*[1][self::IMG]\" src=\"https:\/\/opiniabuzau.ro\/wp-content\/smush-webp\/2022\/02\/MicrosoftTeams-image-4-1.jpg.webp\" alt width=\"728\" height=\"91\" class=\"perfmatters-lazy\"><img loading=\"lazy\" decoding=\"async\" data-od-unknown-tag data-od-xpath=\"\/HTML\/BODY\/DIV[@class=&apos;background-overlay&apos;]\/*[1][self::DIV]\/*[1][self::DIV]\/*[4][self::DIV]\/*[1][self::DIV]\/*[1][self::DIV]\/*[2][self::ARTICLE]\/*[3][self::DIV]\/*[7][self::DIV]\/*[1][self::A]\/*[1][self::IMG]\" src=\"https:\/\/opiniabuzau.ro\/wp-content\/smush-webp\/2022\/02\/MicrosoftTeams-image-4-1.jpg.webp\" alt width=\"728\" height=\"91\"><\/a><\/div>\n<p class=\"isSelectedEnd\">\u00cen centrul mesajului s\u0103u se afl\u0103 \u00eens\u0103 efectul pe care conflictul institu\u021bional l-ar putea avea asupra \u0219colii. Profesoara avertizeaz\u0103 c\u0103, f\u0103r\u0103 o interven\u021bie pe care o consider\u0103 necesar\u0103, colectivul profesoral ar putea ajunge s\u0103 se \u00eempart\u0103 \u00een func\u021bie de rezilien\u021b\u0103,\u00a0 \u201egradul de obedien\u021b\u0103\u201d sau de interese care, \u00een opinia sa, nu au leg\u0103tur\u0103 cu educa\u021bia.<\/p>\n<p class=\"isSelectedEnd\">Scrisoarea se \u00eencheie cu o pledoarie pentru protejarea autonomiei profesionale \u0219i a performan\u021bei Colegiului Na\u021bional \u201eB. P. Hasdeu\u201d, pe care Anca Florea o atribuie \u00een primul r\u00e2nd elevilor, profesorilor \u0219i p\u0103rin\u021bilor. Ea sus\u021bine c\u0103 rezultatele ob\u021binute de elevii colegiului, inclusiv \u00een competi\u021bii interna\u021bionale, sunt rezultatul unei comunit\u0103\u021bi \u0219colare construite \u00een timp.<\/p>\n<\/div>\n<p>[analyse_source url=&#8221;https:\/\/opiniabuzau.ro\/anca-florea-scrisoare-deschisa-catre-ministrul-educatiei-acuzatii-la-adresa-conducerii-inspectoratului-scolar\/&#8221;]<\/p>\n","protected":false},"excerpt":{"rendered":"<p>[analyse_image type=&#8221;featured&#8221; src=&#8221;https:\/\/opiniabuzau.ro\/wp-content\/uploads\/2026\/08\/ANCA-FLOREA-2026.webp&#8221;] Profesoara Anca Florea, cadru didactic la Colegiul Na\u021bional \u201eB. P. Hasdeu\u201d din Buz\u0103u, \u00eei solicit\u0103 ministrului Educa\u021biei \u0219i Cercet\u0103rii s\u0103 analizeze situa\u021bia creat\u0103, \u00een opinia sa, \u00een rela\u021bia dintre colegiu \u0219i Inspectoratul \u0218colar Jude\u021bean Buz\u0103u. \u00centr-o scrisoare deschis\u0103 publicat\u0103 mar\u021bi, 25 august, profesoara formuleaz\u0103 acuza\u021bii la adresa inspectorului \u0219colar general Daniela Palc\u0103u [&hellip;]<\/p>\n","protected":false},"author":1,"featured_media":0,"comment_status":"open","ping_status":"","sticky":false,"template":"","format":"standard","meta":{"footnotes":""},"categories":[2],"tags":[226,44],"class_list":["post-2113769","post","type-post","status-publish","format-standard","hentry","category-politics","tag-crawlmanager","tag-opiniabuzau-ro"],"_links":{"self":[{"href":"https:\/\/analyse.optim.biz\/index.php?rest_route=\/wp\/v2\/posts\/2113769","targetHints":{"allow":["GET"]}}],"collection":[{"href":"https:\/\/analyse.optim.biz\/index.php?rest_route=\/wp\/v2\/posts"}],"about":[{"href":"https:\/\/analyse.optim.biz\/index.php?rest_route=\/wp\/v2\/types\/post"}],"author":[{"embeddable":true,"href":"https:\/\/analyse.optim.biz\/index.php?rest_route=\/wp\/v2\/users\/1"}],"replies":[{"embeddable":true,"href":"https:\/\/analyse.optim.biz\/index.php?rest_route=%2Fwp%2Fv2%2Fcomments&post=2113769"}],"version-history":[{"count":0,"href":"https:\/\/analyse.optim.biz\/index.php?rest_route=\/wp\/v2\/posts\/2113769\/revisions"}],"wp:attachment":[{"href":"https:\/\/analyse.optim.biz\/index.php?rest_route=%2Fwp%2Fv2%2Fmedia&parent=2113769"}],"wp:term":[{"taxonomy":"category","embeddable":true,"href":"https:\/\/analyse.optim.biz\/index.php?rest_route=%2Fwp%2Fv2%2Fcategories&post=2113769"},{"taxonomy":"post_tag","embeddable":true,"href":"https:\/\/analyse.optim.biz\/index.php?rest_route=%2Fwp%2Fv2%2Ftags&post=2113769"}],"curies":[{"name":"wp","href":"https:\/\/api.w.org\/{rel}","templated":true}]}}