{"id":2113765,"date":"2026-08-26T21:04:31","date_gmt":"2026-08-26T18:04:31","guid":{"rendered":"https:\/\/analyse.optim.biz\/?p=2113765"},"modified":"2026-08-26T21:04:31","modified_gmt":"2026-08-26T18:04:31","slug":"foto-bunastarea-digitala-in-planurile-scolii-palade-pentru-anul-scolar-2026-2027","status":"publish","type":"post","link":"https:\/\/analyse.optim.biz\/?p=2113765","title":{"rendered":"FOTO \/ Bun\u0103starea digital\u0103, \u00een planurile \u0218colii \u201ePalade\u201d pentru anul \u0219colar 2026\u20132027"},"content":{"rendered":"<p>[analyse_image type=&#8221;featured&#8221; src=&#8221;https:\/\/opiniabuzau.ro\/wp-content\/uploads\/2026\/08\/bunastare-digitala-4-scaled.webp&#8221;]<\/p>\n<div class=\"entry-content entry clearfix\">\n<blockquote>\n<p><strong>Un curs op\u021bional dedicat bun\u0103st\u0103rii digitale, un proiect educativ care va aduce \u00eempreun\u0103 elevii, profesorii \u0219i p\u0103rin\u021bii, o resurs\u0103 educa\u021bional\u0103 pentru schimbul de bune practici \u0219i un ghid practic destinat comunit\u0103\u021bii \u0219colare se num\u0103r\u0103 printre proiectele\u00a0 preconizate pentru anul \u0219colar 2026\u20132027 la \u0218coala Gimnazial\u0103 \u201eGeorge Emil Palade\u201d. <\/strong><\/p>\n<\/blockquote>\n<p>Demersurile pornesc de la o \u00eentrebare tot mai prezent\u0103 \u00een educa\u021bie: cum pot fi preg\u0103ti\u021bi elevii s\u0103 foloseasc\u0103 tehnologia \u00een mod sigur \u0219i responsabil, f\u0103r\u0103 ca timpul petrecut \u00een mediul digital s\u0103 afecteze echilibrul dintre \u0219coal\u0103, via\u021ba personal\u0103 \u0219i rela\u021biile cu ceilal\u021bi?<\/p>\n<p>R\u0103spunsul va fi c\u0103utat mai \u00eent\u00e2i \u00een sala de clas\u0103. \u0218coala inten\u021bioneaz\u0103 s\u0103 introduc\u0103 \u00een oferta educa\u021bional\u0103 un curs op\u021bional dedicat bun\u0103st\u0103rii digitale, \u00een cadrul c\u0103ruia elevii vor discuta despre siguran\u021ba online, gestionarea emo\u021biilor \u00een mediul virtual, timpul petrecut \u00een fa\u021ba ecranelor \u0219i diferen\u021ba dintre utilizarea echilibrat\u0103 a tehnologiei \u0219i utilizarea excesiv\u0103 a acesteia. Activit\u0103\u021bile vor fi sus\u021binute de materiale digitale \u0219i resurse educa\u021bionale deschise, concepute \u00een func\u021bie de nivelul de v\u00e2rst\u0103 al copiilor.<\/p>\n<p>Tema va dep\u0103\u0219i \u00eens\u0103 rela\u021bia profesor\u2013elev. \u0218coala preg\u0103te\u0219te un proiect educativ \u00een care vor fi implica\u021bi \u0219i p\u0103rin\u021bii, prin ateliere, sesiuni de informare, campanii de con\u0219tientizare \u0219i activit\u0103\u021bi colaborative. Inten\u021bia este ca problemele legate de via\u021ba digital\u0103 a copiilor s\u0103 nu r\u0103m\u00e2n\u0103 doar \u00een zona recomand\u0103rilor generale, ci s\u0103 fie discutate pornind de la situa\u021bii concrete \u0219i de la solu\u021bii pe care familia \u0219i \u0219coala le pot aplica \u00eempreun\u0103.<\/p>\n<p>Pentru profesori, una dintre componentele proiectului va consta \u00een realizarea unei resurse educa\u021bionale dedicate schimbului de bune practici. Aceasta va cuprinde scenarii de lec\u021bie, materiale vizuale, exerci\u021bii interactive \u0219i resurse multimedia, astfel \u00eenc\u00e2t experien\u021bele acumulate s\u0103 poat\u0103 fi transferate \u0219i \u00een activitatea altor cadre didactice. Resursa urmeaz\u0103 s\u0103 fie prezentat\u0103 \u00een cadrul comisiei metodice \u0219i utilizat\u0103 ulterior la clas\u0103.<\/p>\n<div class=\"stream-item stream-item-in-post stream-item-inline-post aligncenter\"><a href=\"https:\/\/vreaulanova.ro\/?utm_source=opiniabuzau&amp;utm_medium=image\" title target=\"_blank\"><img loading=\"lazy\" decoding=\"async\" data-od-unknown-tag data-od-xpath=\"\/HTML\/BODY\/DIV[@class=&apos;background-overlay&apos;]\/*[1][self::DIV]\/*[1][self::DIV]\/*[4][self::DIV]\/*[1][self::DIV]\/*[1][self::DIV]\/*[2][self::ARTICLE]\/*[3][self::DIV]\/*[7][self::DIV]\/*[1][self::A]\/*[1][self::IMG]\" src=\"https:\/\/opiniabuzau.ro\/wp-content\/smush-webp\/2022\/02\/MicrosoftTeams-image-4-1.jpg.webp\" alt width=\"728\" height=\"91\" class=\"perfmatters-lazy\"><img loading=\"lazy\" decoding=\"async\" data-od-unknown-tag data-od-xpath=\"\/HTML\/BODY\/DIV[@class=&apos;background-overlay&apos;]\/*[1][self::DIV]\/*[1][self::DIV]\/*[4][self::DIV]\/*[1][self::DIV]\/*[1][self::DIV]\/*[2][self::ARTICLE]\/*[3][self::DIV]\/*[7][self::DIV]\/*[1][self::A]\/*[1][self::IMG]\" src=\"https:\/\/opiniabuzau.ro\/wp-content\/smush-webp\/2022\/02\/MicrosoftTeams-image-4-1.jpg.webp\" alt width=\"728\" height=\"91\"><\/a><\/div>\n<div id=\"gallery-1\" class=\"gallery galleryid-478482 gallery-columns-3 gallery-size-thumbnail\">\n<figure class=\"gallery-item\">\n<div class=\"gallery-icon landscape\"><a href=\"https:\/\/opiniabuzau.ro\/wp-content\/uploads\/2026\/08\/bunastare-digitala-4-scaled.webp\"><img loading=\"lazy\" decoding=\"async\" data-od-unknown-tag data-od-xpath=\"\/HTML\/BODY\/DIV[@class=&apos;background-overlay&apos;]\/*[1][self::DIV]\/*[1][self::DIV]\/*[4][self::DIV]\/*[1][self::DIV]\/*[1][self::DIV]\/*[2][self::ARTICLE]\/*[3][self::DIV]\/*[8][self::DIV]\/*[1][self::FIGURE]\/*[1][self::DIV]\/*[1][self::A]\/*[1][self::IMG]\" width=\"220\" height=\"150\" src=\"https:\/\/opiniabuzau.ro\/wp-content\/uploads\/2026\/08\/bunastare-digitala-4-220x150.webp\" class=\"attachment-thumbnail size-thumbnail perfmatters-lazy\" alt><img loading=\"lazy\" decoding=\"async\" data-od-unknown-tag data-od-xpath=\"\/HTML\/BODY\/DIV[@class=&apos;background-overlay&apos;]\/*[1][self::DIV]\/*[1][self::DIV]\/*[4][self::DIV]\/*[1][self::DIV]\/*[1][self::DIV]\/*[2][self::ARTICLE]\/*[3][self::DIV]\/*[8][self::DIV]\/*[1][self::FIGURE]\/*[1][self::DIV]\/*[1][self::A]\/*[1][self::IMG]\" width=\"220\" height=\"150\" src=\"https:\/\/opiniabuzau.ro\/wp-content\/uploads\/2026\/08\/bunastare-digitala-4-220x150.webp\" class=\"attachment-thumbnail size-thumbnail\" alt><\/a><\/div>\n<\/figure>\n<figure class=\"gallery-item\">\n<div class=\"gallery-icon landscape\"><a href=\"https:\/\/opiniabuzau.ro\/wp-content\/uploads\/2026\/08\/bunastare-digitala-2-scaled.webp\"><img loading=\"lazy\" decoding=\"async\" data-od-unknown-tag data-od-xpath=\"\/HTML\/BODY\/DIV[@class=&apos;background-overlay&apos;]\/*[1][self::DIV]\/*[1][self::DIV]\/*[4][self::DIV]\/*[1][self::DIV]\/*[1][self::DIV]\/*[2][self::ARTICLE]\/*[3][self::DIV]\/*[8][self::DIV]\/*[2][self::FIGURE]\/*[1][self::DIV]\/*[1][self::A]\/*[1][self::IMG]\" width=\"220\" height=\"150\" src=\"https:\/\/opiniabuzau.ro\/wp-content\/uploads\/2026\/08\/bunastare-digitala-2-220x150.webp\" class=\"attachment-thumbnail size-thumbnail perfmatters-lazy\" alt><img loading=\"lazy\" decoding=\"async\" data-od-unknown-tag data-od-xpath=\"\/HTML\/BODY\/DIV[@class=&apos;background-overlay&apos;]\/*[1][self::DIV]\/*[1][self::DIV]\/*[4][self::DIV]\/*[1][self::DIV]\/*[1][self::DIV]\/*[2][self::ARTICLE]\/*[3][self::DIV]\/*[8][self::DIV]\/*[2][self::FIGURE]\/*[1][self::DIV]\/*[1][self::A]\/*[1][self::IMG]\" width=\"220\" height=\"150\" src=\"https:\/\/opiniabuzau.ro\/wp-content\/uploads\/2026\/08\/bunastare-digitala-2-220x150.webp\" class=\"attachment-thumbnail size-thumbnail\" alt><\/a><\/div>\n<\/figure>\n<figure class=\"gallery-item\">\n<div class=\"gallery-icon landscape\"><a href=\"https:\/\/opiniabuzau.ro\/wp-content\/uploads\/2026\/08\/bunastare-digitala-3-scaled.webp\"><img loading=\"lazy\" decoding=\"async\" data-od-unknown-tag data-od-xpath=\"\/HTML\/BODY\/DIV[@class=&apos;background-overlay&apos;]\/*[1][self::DIV]\/*[1][self::DIV]\/*[4][self::DIV]\/*[1][self::DIV]\/*[1][self::DIV]\/*[2][self::ARTICLE]\/*[3][self::DIV]\/*[8][self::DIV]\/*[3][self::FIGURE]\/*[1][self::DIV]\/*[1][self::A]\/*[1][self::IMG]\" width=\"220\" height=\"150\" src=\"https:\/\/opiniabuzau.ro\/wp-content\/uploads\/2026\/08\/bunastare-digitala-3-220x150.webp\" class=\"attachment-thumbnail size-thumbnail perfmatters-lazy\" alt><img loading=\"lazy\" decoding=\"async\" data-od-unknown-tag data-od-xpath=\"\/HTML\/BODY\/DIV[@class=&apos;background-overlay&apos;]\/*[1][self::DIV]\/*[1][self::DIV]\/*[4][self::DIV]\/*[1][self::DIV]\/*[1][self::DIV]\/*[2][self::ARTICLE]\/*[3][self::DIV]\/*[8][self::DIV]\/*[3][self::FIGURE]\/*[1][self::DIV]\/*[1][self::A]\/*[1][self::IMG]\" width=\"220\" height=\"150\" src=\"https:\/\/opiniabuzau.ro\/wp-content\/uploads\/2026\/08\/bunastare-digitala-3-220x150.webp\" class=\"attachment-thumbnail size-thumbnail\" alt><\/a><\/div>\n<\/figure>\n<\/div>\n<p>\u00a0<\/p>\n<p>O component\u0103 distinct\u0103 va fi reprezentat\u0103 de un ghid practic de bun\u0103stare digital\u0103 destinat profesorilor \u0219i p\u0103rin\u021bilor. Acesta va reuni recomand\u0103ri, exemple de activit\u0103\u021bi, situa\u021bii concrete \u0219i solu\u021bii pentru provoc\u0103rile pe care utilizarea tehnologiei le poate genera \u00een r\u00e2ndul elevilor. Materialul va fi diseminat \u00een \u0219coal\u0103 \u0219i \u00een comunitatea local\u0103, inclusiv prin intermediul structurilor \u0219i comisiilor jude\u021bene.<\/p>\n<p>Toate aceste demersuri au \u00eens\u0103 un punct de plecare precis: mobilitatea Erasmus+ la care au participat dou\u0103 cadre didactice ale \u0218colii Gimnaziale \u201eGeorge Emil Palade\u201d. \u00cen perioada 30 martie \u2013 3 aprilie 2026, la Roma, Italia, cadrele didactice Elena Laura Gheorghe \u0219i Daniela Florentina Grigore au urmat cursul de formare \u201eDigital Wellbeing: A New Challenge For Teachers and Students\u201d, desf\u0103\u0219urat \u00een cadrul unui proiect Erasmus+.<\/p>\n<p>Formarea a urm\u0103rit aprofundarea conceptului de bun\u0103stare digital\u0103 \u0219i dezvoltarea competen\u021belor necesare integr\u0103rii responsabile a tehnologiei \u00een activitatea didactic\u0103. Profesorii participan\u021bi au lucrat cu metode \u0219i instrumente pentru crearea de resurse educa\u021bionale, proiectarea unor activit\u0103\u021bi digitale interactive \u0219i integrarea responsabil\u0103 a tehnologiei \u00een procesul de \u00eenv\u0103\u021bare.<\/p>\n<p>Experien\u021ba dob\u00e2ndit\u0103 la Roma nu r\u0103m\u00e2ne, astfel, o activitate separat\u0103 de parcursul \u0219colii. Ea este transformat\u0103 \u00eentr-un set de m\u0103suri care urmeaz\u0103 s\u0103 fie aplicate \u00een anul \u0219colar 2026\u20132027: un curs op\u021bional pentru elevi, activit\u0103\u021bi pentru p\u0103rin\u021bi \u0219i profesori, resurse educa\u021bionale \u0219i un ghid practic.<\/p>\n<p>Mobilitatea Erasmus+ a creat cadrul pentru ca experien\u021ba celor dou\u0103 cadre didactice s\u0103 fie transferat\u0103 c\u0103tre \u00eentreaga comunitate \u0219colar\u0103. \u00cen perioada urm\u0103toare, rezultatele form\u0103rii vor fi valorificate \u00een clas\u0103, \u00een activit\u0103\u021bile metodice \u0219i \u00een rela\u021bia cu p\u0103rin\u021bii, cu obiectivul de a construi o abordare coerent\u0103 a folosirii tehnologiei \u00een educa\u021bie \u2013 una \u00een care competen\u021ba digital\u0103 este \u00eenso\u021bit\u0103 de siguran\u021b\u0103, echilibru \u0219i responsabilitate.<\/p>\n<\/div>\n<p>[analyse_source url=&#8221;https:\/\/opiniabuzau.ro\/foto-bunastarea-digitala-in-planurile-scolii-palade-pentru-anul-scolar-2026-2027\/&#8221;]<\/p>\n","protected":false},"excerpt":{"rendered":"<p>[analyse_image type=&#8221;featured&#8221; src=&#8221;https:\/\/opiniabuzau.ro\/wp-content\/uploads\/2026\/08\/bunastare-digitala-4-scaled.webp&#8221;] Un curs op\u021bional dedicat bun\u0103st\u0103rii digitale, un proiect educativ care va aduce \u00eempreun\u0103 elevii, profesorii \u0219i p\u0103rin\u021bii, o resurs\u0103 educa\u021bional\u0103 pentru schimbul de bune practici \u0219i un ghid practic destinat comunit\u0103\u021bii \u0219colare se num\u0103r\u0103 printre proiectele\u00a0 preconizate pentru anul \u0219colar 2026\u20132027 la \u0218coala Gimnazial\u0103 \u201eGeorge Emil Palade\u201d. Demersurile pornesc de la o [&hellip;]<\/p>\n","protected":false},"author":1,"featured_media":0,"comment_status":"open","ping_status":"","sticky":false,"template":"","format":"standard","meta":{"footnotes":""},"categories":[2],"tags":[226,44],"class_list":["post-2113765","post","type-post","status-publish","format-standard","hentry","category-politics","tag-crawlmanager","tag-opiniabuzau-ro"],"_links":{"self":[{"href":"https:\/\/analyse.optim.biz\/index.php?rest_route=\/wp\/v2\/posts\/2113765","targetHints":{"allow":["GET"]}}],"collection":[{"href":"https:\/\/analyse.optim.biz\/index.php?rest_route=\/wp\/v2\/posts"}],"about":[{"href":"https:\/\/analyse.optim.biz\/index.php?rest_route=\/wp\/v2\/types\/post"}],"author":[{"embeddable":true,"href":"https:\/\/analyse.optim.biz\/index.php?rest_route=\/wp\/v2\/users\/1"}],"replies":[{"embeddable":true,"href":"https:\/\/analyse.optim.biz\/index.php?rest_route=%2Fwp%2Fv2%2Fcomments&post=2113765"}],"version-history":[{"count":0,"href":"https:\/\/analyse.optim.biz\/index.php?rest_route=\/wp\/v2\/posts\/2113765\/revisions"}],"wp:attachment":[{"href":"https:\/\/analyse.optim.biz\/index.php?rest_route=%2Fwp%2Fv2%2Fmedia&parent=2113765"}],"wp:term":[{"taxonomy":"category","embeddable":true,"href":"https:\/\/analyse.optim.biz\/index.php?rest_route=%2Fwp%2Fv2%2Fcategories&post=2113765"},{"taxonomy":"post_tag","embeddable":true,"href":"https:\/\/analyse.optim.biz\/index.php?rest_route=%2Fwp%2Fv2%2Ftags&post=2113765"}],"curies":[{"name":"wp","href":"https:\/\/api.w.org\/{rel}","templated":true}]}}