{"id":2113710,"date":"2026-08-26T21:00:00","date_gmt":"2026-08-26T18:00:00","guid":{"rendered":"https:\/\/analyse.optim.biz\/?p=2113710"},"modified":"2026-08-26T21:00:00","modified_gmt":"2026-08-26T18:00:00","slug":"consiliul-local-adjud-se-reuneste-astazi-in-sedinta-ordinara","status":"publish","type":"post","link":"https:\/\/analyse.optim.biz\/?p=2113710","title":{"rendered":"Consiliul Local Adjud se reune\u0219te ast\u0103zi \u00een \u0219edin\u021b\u0103 ordinar\u0103"},"content":{"rendered":"<p>[analyse_image type=&#8221;featured&#8221; src=&#8221;https:\/\/www.monitoruldevrancea.ro\/wp-content\/uploads\/2026\/08\/sedinta-cl-adjud.jpg&#8221;]<\/p>\n<div class=\"td_block_wrap tdb_single_content tdi_123 td-pb-border-top td_block_template_1 td-post-content tagdiv-type\" data-td-block-uid=\"tdi_123\">\n<div class=\"tdb-block-inner td-fix-index\">\n<p>Consiliul Local al Municipiului Adjud se reune\u0219te joi, 27 august 2026, de la ora 15:00, \u00een \u0219edin\u021b\u0103 ordinar\u0103, convocat\u0103 de primarul George Nica. \u0218edin\u021ba va avea loc cu participarea fizic\u0103 a consilierilor locali, \u00een sala de \u0219edin\u021be a Casei de Cultur\u0103 \u201eTudor Vornicu\u201d. Pe ordinea de zi se afl\u0103 10 proiecte de hot\u0103r\u00e2re, care vizeaz\u0103, printre altele, investi\u021bii \u00een infrastructura rutier\u0103 din municipiu \u0219i localit\u0103\u021bile componente, serviciile de utilit\u0103\u021bi publice, transportul local, sportul \u0219i acordarea de stimulente pentru elevii cu rezultate deosebite.<\/p>\n<p>Primul proiect se refer\u0103 la aprobarea documenta\u021biei tehnico-economice, \u00een faza proiect tehnic de execu\u021bie, a indicatorilor tehnico-economici \u0219i a devizului general pentru proiectul \u201eModernizare infrastructur\u0103 stradal\u0103 Municipiul Adjud, jude\u021bul Vrancea \u2013 str\u0103zile Orizontului, Movilei, F\u00e2nt\u00e2nilor \u0219i Izvoarelor\u201d.<\/p>\n<p>Un alt proiect vizeaz\u0103 reabilitarea \u0219i modernizarea infrastructurii stradale pe strada Cop\u0103ce\u0219ti, tronson IV, Islaz \u0219i Islaz tronson II par\u021bial, \u00een Municipiul Adjud.<\/p>\n<p>Pe ordinea de zi se afl\u0103 \u0219i proiectele privind aprobarea documenta\u021biei tehnico-economice, a indicatorilor \u0219i a devizelor generale actualizate pentru lucr\u0103rile de reabilitare \u0219i modernizare a infrastructurii stradale din Burcioaia \u0219i \u0218i\u0219cani.<\/p>\n<p>Prin aceste proiecte, administra\u021bia local\u0103 urm\u0103re\u0219te continuarea investi\u021biilor \u00een infrastructura rutier\u0103 \u0219i \u00eembun\u0103t\u0103\u021birea condi\u021biilor de circula\u021bie \u00een municipiu \u0219i \u00een localit\u0103\u021bile componente.<\/p>\n<p><strong>Acord pentru accesul pe drumuri de exploatare<\/strong><\/p>\n<p>Consilierii locali vor avea de analizat \u0219i un proiect privind emiterea Acordului de reabilitare pentru accesul pe mai multe drumuri de exploatare, solicitat de societatea Industrial Trust SRL. Acordul este necesar \u00een rela\u021bia cu Agen\u021bia Na\u021bional\u0103 de Reglementare \u00een Domeniul Minier, Petrolier \u0219i al Stoc\u0103rii Geologice a Dioxidului de Carbon.<\/p>\n<p>Un alt punct important \u00eel reprezint\u0103 constituirea Comisiei de selec\u021bie \u0219i nominalizare pentru desemnarea membrilor Consiliului de Administra\u021bie al societ\u0103\u021bii APOTERM S.A. Adjud. Proiectul prevede \u0219i aprobarea Regulamentului de organizare \u0219i func\u021bionare al comisiei, \u00een condi\u021biile \u00een care Municipiul Adjud, prin Consiliul Local, are calitatea de autoritate public\u0103 tutelar\u0103 a societ\u0103\u021bii.<\/p>\n<p><strong>Tarife pentru serviciile de salubritate<\/strong><\/p>\n<p>Consiliul Local va dezbate \u0219i propunerea privind modificarea tarifelor pentru activit\u0103\u021bile de colectare, transport \u0219i depozitare a de\u0219eurilor vegetale, a de\u0219eurilor provenite din construc\u021bii \u0219i desfiin\u021b\u0103ri, precum \u0219i a de\u0219eurilor stradale provenite de pe domeniul public al municipiului. Proiectul vizeaz\u0103, de asemenea, tarifele pentru activit\u0103\u021bile de colectare separat\u0103 \u0219i transport separat al de\u0219eurilor municipale \u0219i similare provenite de la popula\u021bie \u0219i agen\u021bii economici, activit\u0103\u021bi prestate de Utilit\u0103\u021bi Publice Municipale Adjud S.R.L.<\/p>\n<p>Pe ordinea de zi se afl\u0103 \u0219i un proiect privind aprobarea unui parteneriat \u00eentre Municipiul Adjud \u0219i Asocia\u021bia Sportul S\u0103n\u0103tate Curat\u0103, pentru organizarea evenimentului sportiv \u201eGala Golden League \u2013 Lupta R\u0103ze\u0219ilor, edi\u021bia a IV-a\u201d, programat pentru 19 septembrie 2026, \u00een Sala de Sport a Stadionului Municipal Adjud. Proiectul prevede at\u00e2t aprobarea parteneriatului, c\u00e2t \u0219i cofinan\u021barea evenimentului sportiv.<\/p>\n<p>Totodat\u0103, ale\u0219ii locali vor analiza ajustarea tarifelor pentru cursele ocazionale ale serviciului public de transport local de persoane \u0219i subven\u021bionarea transportului elevilor c\u0103tre activit\u0103\u021bi culturale \u0219i educative incluse \u00een calendarul Ministerului Educa\u021biei.<\/p>\n<p>Unul dintre proiectele care pot avea un impact direct asupra elevilor din Adjud vizeaz\u0103 aprobarea unui regulament pentru acordarea de stimulente financiare elevilor care ob\u021bin rezultate deosebite la olimpiadele jude\u021bene \u0219i na\u021bionale \u0219colare. M\u0103sura vizeaz\u0103 \u0219i cadrele didactice care se ocup\u0103 de preg\u0103tirea elevilor performan\u021bi, fiind propus astfel un mecanism de recompensare at\u00e2t a rezultatelor ob\u021binute de elevi, c\u00e2t \u0219i a muncii profesorilor care \u00eei preg\u0103tesc.<\/p>\n<\/div>\n<\/div>\n<p>[analyse_source url=&#8221;https:\/\/www.monitoruldevrancea.ro\/2026\/08\/27\/consiliul-local-adjud-se-reuneste-astazi-in-sedinta-ordinara-2\/&#8221;]<\/p>\n","protected":false},"excerpt":{"rendered":"<p>[analyse_image type=&#8221;featured&#8221; src=&#8221;https:\/\/www.monitoruldevrancea.ro\/wp-content\/uploads\/2026\/08\/sedinta-cl-adjud.jpg&#8221;] Consiliul Local al Municipiului Adjud se reune\u0219te joi, 27 august 2026, de la ora 15:00, \u00een \u0219edin\u021b\u0103 ordinar\u0103, convocat\u0103 de primarul George Nica. \u0218edin\u021ba va avea loc cu participarea fizic\u0103 a consilierilor locali, \u00een sala de \u0219edin\u021be a Casei de Cultur\u0103 \u201eTudor Vornicu\u201d. Pe ordinea de zi se afl\u0103 10 proiecte de [&hellip;]<\/p>\n","protected":false},"author":1,"featured_media":0,"comment_status":"open","ping_status":"","sticky":false,"template":"","format":"standard","meta":{"footnotes":""},"categories":[89],"tags":[226,209],"class_list":["post-2113710","post","type-post","status-publish","format-standard","hentry","category-romania","tag-crawlmanager","tag-monitoruldevrancea-ro"],"_links":{"self":[{"href":"https:\/\/analyse.optim.biz\/index.php?rest_route=\/wp\/v2\/posts\/2113710","targetHints":{"allow":["GET"]}}],"collection":[{"href":"https:\/\/analyse.optim.biz\/index.php?rest_route=\/wp\/v2\/posts"}],"about":[{"href":"https:\/\/analyse.optim.biz\/index.php?rest_route=\/wp\/v2\/types\/post"}],"author":[{"embeddable":true,"href":"https:\/\/analyse.optim.biz\/index.php?rest_route=\/wp\/v2\/users\/1"}],"replies":[{"embeddable":true,"href":"https:\/\/analyse.optim.biz\/index.php?rest_route=%2Fwp%2Fv2%2Fcomments&post=2113710"}],"version-history":[{"count":0,"href":"https:\/\/analyse.optim.biz\/index.php?rest_route=\/wp\/v2\/posts\/2113710\/revisions"}],"wp:attachment":[{"href":"https:\/\/analyse.optim.biz\/index.php?rest_route=%2Fwp%2Fv2%2Fmedia&parent=2113710"}],"wp:term":[{"taxonomy":"category","embeddable":true,"href":"https:\/\/analyse.optim.biz\/index.php?rest_route=%2Fwp%2Fv2%2Fcategories&post=2113710"},{"taxonomy":"post_tag","embeddable":true,"href":"https:\/\/analyse.optim.biz\/index.php?rest_route=%2Fwp%2Fv2%2Ftags&post=2113710"}],"curies":[{"name":"wp","href":"https:\/\/api.w.org\/{rel}","templated":true}]}}