{"id":2113709,"date":"2026-08-26T21:00:00","date_gmt":"2026-08-26T18:00:00","guid":{"rendered":"https:\/\/analyse.optim.biz\/?p=2113709"},"modified":"2026-08-26T21:00:00","modified_gmt":"2026-08-26T18:00:00","slug":"balciul-de-toamna-revine-la-vintileasca","status":"publish","type":"post","link":"https:\/\/analyse.optim.biz\/?p=2113709","title":{"rendered":"B\u00e2lciul de Toamn\u0103 revine la Vintileasca"},"content":{"rendered":"<p>[analyse_image type=&#8221;featured&#8221; src=&#8221;https:\/\/www.monitoruldevrancea.ro\/wp-content\/uploads\/2026\/08\/Bilci-Vintileasca.jpg&#8221;]<\/p>\n<div class=\"td_block_wrap tdb_single_content tdi_123 td-pb-border-top td_block_template_1 td-post-content tagdiv-type\" data-td-block-uid=\"tdi_123\">\n<div class=\"tdb-block-inner td-fix-index\">\n<p>Locuitorii comunei Vintileasca \u0219i cei care iubesc tradi\u021biile \u0219i atmosfera de s\u0103rb\u0103toare sunt invita\u021bi la B\u00e2lciul de Toamn\u0103. Manifestarea va avea loc duminic\u0103, 30 august, \u00een satul Bahnele \u0219i \u00ee\u0219i propune s\u0103 aduc\u0103 \u00eempreun\u0103 \u00eentreaga comunitate \u00eentr-o zi dedicat\u0103 tradi\u021biei, bucuriei \u0219i bunei dispozi\u021bii.<\/p>\n<p>Decorul de toamn\u0103, atmosfera de b\u00e2lci \u0219i elementele tradi\u021bionale preg\u0103tite pentru eveniment vor transforma localitatea \u00eentr-un punct de atrac\u021bie pentru locuitorii comunei, dar \u0219i pentru oaspe\u021bii din localit\u0103\u021bile \u00eenvecinate. \u201eTradi\u021bie, bucurie \u0219i voie bun\u0103 pentru \u00eentreaga comunitate!\u201d este mesajul transmis de Prim\u0103ria Vintileasca, care \u00eei invit\u0103 pe localnici \u0219i pe to\u021bi cei care doresc s\u0103 participe s\u0103 se bucure \u00eempreun\u0103 de aceast\u0103 s\u0103rb\u0103toare.<\/p>\n<p>Evenimentul este organizat de Prim\u0103ria Vintileasca, iar organizatorii \u00eei a\u0219teapt\u0103 pe participan\u021bi cu drag la o zi de toamn\u0103 dedicat\u0103 comunit\u0103\u021bii \u0219i tradi\u021biilor locale.<\/p>\n<\/div>\n<\/div>\n<p>[analyse_source url=&#8221;https:\/\/www.monitoruldevrancea.ro\/2026\/08\/27\/balciul-de-toamna-revine-la-vintileasca\/&#8221;]<\/p>\n","protected":false},"excerpt":{"rendered":"<p>[analyse_image type=&#8221;featured&#8221; src=&#8221;https:\/\/www.monitoruldevrancea.ro\/wp-content\/uploads\/2026\/08\/Bilci-Vintileasca.jpg&#8221;] Locuitorii comunei Vintileasca \u0219i cei care iubesc tradi\u021biile \u0219i atmosfera de s\u0103rb\u0103toare sunt invita\u021bi la B\u00e2lciul de Toamn\u0103. Manifestarea va avea loc duminic\u0103, 30 august, \u00een satul Bahnele \u0219i \u00ee\u0219i propune s\u0103 aduc\u0103 \u00eempreun\u0103 \u00eentreaga comunitate \u00eentr-o zi dedicat\u0103 tradi\u021biei, bucuriei \u0219i bunei dispozi\u021bii. Decorul de toamn\u0103, atmosfera de b\u00e2lci \u0219i elementele [&hellip;]<\/p>\n","protected":false},"author":1,"featured_media":0,"comment_status":"open","ping_status":"","sticky":false,"template":"","format":"standard","meta":{"footnotes":""},"categories":[89],"tags":[226,209],"class_list":["post-2113709","post","type-post","status-publish","format-standard","hentry","category-romania","tag-crawlmanager","tag-monitoruldevrancea-ro"],"_links":{"self":[{"href":"https:\/\/analyse.optim.biz\/index.php?rest_route=\/wp\/v2\/posts\/2113709","targetHints":{"allow":["GET"]}}],"collection":[{"href":"https:\/\/analyse.optim.biz\/index.php?rest_route=\/wp\/v2\/posts"}],"about":[{"href":"https:\/\/analyse.optim.biz\/index.php?rest_route=\/wp\/v2\/types\/post"}],"author":[{"embeddable":true,"href":"https:\/\/analyse.optim.biz\/index.php?rest_route=\/wp\/v2\/users\/1"}],"replies":[{"embeddable":true,"href":"https:\/\/analyse.optim.biz\/index.php?rest_route=%2Fwp%2Fv2%2Fcomments&post=2113709"}],"version-history":[{"count":0,"href":"https:\/\/analyse.optim.biz\/index.php?rest_route=\/wp\/v2\/posts\/2113709\/revisions"}],"wp:attachment":[{"href":"https:\/\/analyse.optim.biz\/index.php?rest_route=%2Fwp%2Fv2%2Fmedia&parent=2113709"}],"wp:term":[{"taxonomy":"category","embeddable":true,"href":"https:\/\/analyse.optim.biz\/index.php?rest_route=%2Fwp%2Fv2%2Fcategories&post=2113709"},{"taxonomy":"post_tag","embeddable":true,"href":"https:\/\/analyse.optim.biz\/index.php?rest_route=%2Fwp%2Fv2%2Ftags&post=2113709"}],"curies":[{"name":"wp","href":"https:\/\/api.w.org\/{rel}","templated":true}]}}